{"id":56365,"date":"2024-04-14T22:26:52","date_gmt":"2024-04-14T22:26:52","guid":{"rendered":"https:\/\/permbledhja.com\/?p=56365"},"modified":"2024-04-14T22:26:52","modified_gmt":"2024-04-14T22:26:52","slug":"kurti-pret-qe-kosova-te-behet-anetare-e-kie-ne-maj-zotimet-tjera-duhet-te-permbushen-pas-anetaresimit","status":"publish","type":"post","link":"https:\/\/permbledhja.com\/sq\/kurti-pret-qe-kosova-te-behet-anetare-e-kie-ne-maj-zotimet-tjera-duhet-te-permbushen-pas-anetaresimit\/","title":{"rendered":"Kurti pret q\u00eb Kosova t\u00eb b\u00ebhet an\u00ebtare e KiE n\u00eb maj: Zotimet tjera duhet t\u00eb p\u00ebrmbushen pas an\u00ebtar\u00ebsimit"},"content":{"rendered":"<p><strong>Kryeministri i Kosov\u00ebs Albin Kurti ka folur sot para K\u00ebshillit t\u00eb P\u00ebrgjithsh\u00ebm t\u00eb Vet\u00ebvendosjes. Nj\u00eb pjes\u00eb t\u00eb fjalimit ia ka kushtuar an\u00ebtar\u00ebsimit t\u00eb Kosov\u00ebs n\u00eb K\u00ebshill t\u00eb Evrop\u00ebs duke e kujtuar vendimin e \u201cpaevitush\u00ebm\u201d t\u00eb 13 marsit p\u00ebr t\u2019ia regjistruar pron\u00ebn Manastirit t\u00eb De\u00e7anit.<\/strong><\/p>\n<p>\u201cN\u00eb kuad\u00ebr an\u00ebtar\u00ebsimit t\u00eb Kosov\u00ebs n\u00eb K\u00ebshillin e Evrop\u00ebs, procesi ishte bllokuar nga akter\u00ebt relevant t\u00eb Asambles\u00eb Parlamentare t\u00eb k\u00ebsaj organizate p\u00ebr shkak se Kosov\u00ebs i ishin v\u00ebn\u00eb tri parakushte t\u00eb cilat duhej t\u00eb plot\u00ebsoheshin para se procesi t\u00eb p\u00ebrparonte me tutje. Si rezultat i lobimit intensiv t\u00eb institucioneve tona, p\u00ebr \u00e7far\u00eb n\u00eb ve\u00e7anti e fal\u00ebnderoj Ministrin\u00eb e Pun\u00ebve t\u00eb Jashtme dhe Diaspor\u00ebs, u arrit q\u00eb nga k\u00ebto tri parakushte, p\u00ebrparimi i procesit t\u00eb an\u00ebtar\u00ebsimit t\u00eb sigurohej me vet\u00ebm nj\u00eb parakusht: zbatimin e aktvendimit t\u00eb Gjykat\u00ebs Kushtetuese n\u00eb lidhje me \u00e7\u00ebshtjen e Manastirit t\u00eb De\u00e7anit\u201d ka th\u00ebn\u00eb ai.<\/p>\n<p>\u201cSado q\u00eb kishim t\u00eb b\u00ebnim me nj\u00eb vendim t\u00eb padrejt\u00eb e t\u00eb \u00e7uditsh\u00ebm t\u00eb Gjykat\u00ebs Kushtetuese, dakordimi q\u00eb t\u00eb mbetej ky parakusht ishte arritur mes raportueseve politike dhe tri grupeve me t\u00eb m\u00ebdha politike n\u00eb Asamblen\u00eb Parlamentare. Pra, ishte parakusht i pakompromis dhe i pa kthyesh\u00ebm\u201d, ka shtuar ai.<\/p>\n<p>Kreu i qeveris\u00eb duke folur para bashk\u00ebpartiak\u00ebve ka th\u00ebn\u00eb se pret q\u00eb t\u00eb mart\u00ebn n\u00eb Asambleja Parlamentare e KiE ta miratoj\u00eb rekomandimin e raportueses p\u00ebr an\u00ebtar\u00ebsimin e Kosov\u00ebs.<\/p>\n<p>\u201cN\u00eb an\u00ebn tjet\u00ebr, pas shqyrtimeve t\u00eb gjata e t\u00eb detajuara juridike u siguruam q\u00eb ky rast nuk p\u00ebrben precedent dhe dihej tashm\u00eb q\u00eb nuk kishte asnj\u00eb mjet legal e juridik p\u00ebr ta kontestuar at\u00eb\u201d.<\/p>\n<p>\u201cPas dy dit\u00ebve, pra pasnes\u00ebr, m\u00eb 16 prill, do ta kemi votimin m\u00eb t\u00eb r\u00ebnd\u00ebsish\u00ebm deri m\u00eb sot n\u00eb k\u00ebt\u00eb proces, me \u00e7\u2019rast Asambleja Parlamentare pritet ta miratoj\u00eb Opinionin e znj. Bakoyannis i cili rekomandon an\u00ebtar\u00ebsimin e plot\u00eb t\u00eb Kosov\u00ebs, pa asnj\u00eb parakusht shtes\u00eb dhe pa fusnot\u00eb\u201d.<\/p>\n<p>Tutje, Kurti ka folur edhe p\u00ebr pritjet q\u00eb Kosova t\u00eb an\u00ebtar\u00ebsohet gjat\u00eb muajit maj kur Ministrat e vendeve an\u00ebtare t\u00eb mblidhen n\u00eb Reykjavik t\u00eb Island\u00ebs.<\/p>\n<p>\u201cBetej\u00ebn e radh\u00ebs e t\u00eb fundit p\u00ebr k\u00ebt\u00eb proces do ta kemi deri n\u00eb mesin e muajit maj, kur mbahet ministeriali i K\u00ebshillit t\u00eb Evrop\u00ebs i cili duhet ta ftoj Kosov\u00ebn q\u00eb t\u00eb b\u00ebhet an\u00ebtarja e 47 e organizat\u00ebs m\u00eb t\u00eb madhe dhe m\u00eb t\u00eb vjet\u00ebr t\u00eb kontinentin ton\u00eb. K\u00ebto jan\u00eb pritjet tona sepse raportet e Jurist\u00ebve Eminent dhe t\u00eb tri raportueseve politike kan\u00eb treguar q\u00eb Kosova plot\u00ebson standardet dhe ka p\u00ebrmbushur parakushtet. Prandaj, nuk ka arsye p\u00ebr hezitim, shtyrje e aq m\u00eb pak p\u00ebr kund\u00ebrshtim\u201d, ka theksuar Kurti.<\/p>\n<p>\u00c7\u00ebshtja e an\u00ebtar\u00ebsimit t\u00eb Kosov\u00ebs n\u00eb KiE \u00ebsht\u00eb diskutuar n\u00eb nj\u00eb takim mes QUINT\u2019it dhe tre krer\u00ebve t\u00eb institucioneve t\u00eb shtetit( Osmani, Kurti, Konjufca) dit\u00eb m\u00eb par\u00eb. Edhe pse s\u2019ka pasur ndonj\u00eb njoftim publik, pritjet jan\u00eb q\u00eb Qeveria ta d\u00ebrgoj\u00eb n\u00eb Gjykat\u00ebn Kushtetuese draft statutin e Asociacionit t\u00eb propozuar nga Bashkimi Evropian.<\/p>\n<p>P\u00ebr k\u00ebt\u00eb ka folur publikisht jav\u00ebn q\u00eb po e l\u00ebm\u00eb pas Ambasadori i Gjermanis\u00eb Jorn Rohde.<\/p>\n<p>\u201cQeveria nuk guxon t\u00eb rrezikoj\u00eb, sepse aty kemi, n\u00eb K\u00ebshillin e Ministrave, kemi t\u00eb b\u00ebjm\u00eb me secil\u00ebn vot\u00eb p\u00ebr ta \u00e7uar p\u00ebrpara aplikimin, p\u00ebr ta marr\u00eb Kosov\u00ebn n\u00eb K\u00ebshillin e Europ\u00ebs dhe secila vot\u00eb \u00ebsht\u00eb e r\u00ebnd\u00ebsishme, sepse aty ka edhe shtete an\u00ebtare q\u00eb nuk e kan\u00eb njohur Kosov\u00ebn dhe t\u00eb cilat, vota e tyre dihet se \u00e7far\u00eb mund t\u00eb jet\u00eb. Prandaj Kosova duhet t\u00eb l\u00ebviz\u00eb. Dua qartas ta them se nuk b\u00ebhet fjal\u00eb p\u00ebr realizimin e Asociacionit, por p\u00ebr t\u2019u b\u00ebr\u00eb hapa t\u00eb vazhduesh\u00ebm, p\u00ebr t\u00eb mos u ndalur\u201d, tha Rohde t\u00eb mart\u00ebn gjat\u00eb nj\u00eb interviste.<\/p>\n<p>Kryeministri Kurti sot para delegat\u00ebve dhe aktivist\u00ebve nuk dha ndonj\u00eb sinjal se \u00e7far\u00eb e ka nd\u00ebrmend t\u00eb b\u00ebj\u00eb.<\/p>\n<p>Ai ka p\u00ebrmendur se raporti i raportueses Bakoyannis thot\u00eb se zotimet tjera t\u00eb Kosov\u00ebs duhet t\u00eb p\u00ebrmbushen pas an\u00ebtar\u00ebsimit.<\/p>\n<p>P\u00ebr t\u00eb ecur tutje n\u00eb rrug\u00ebn drejt an\u00ebtar\u00ebsimit Kurti, Osmani e Konjufca i kishin d\u00ebrguar nj\u00eb let\u00ebr raportueses se do t\u2019i zbatojn\u00eb t\u00eb gjitha nenet e Marr\u00ebveshjes s\u00eb Brukselit e Ohrit ku p\u00ebrfshihet edhe Asociacioni.<\/p>\n","protected":false},"excerpt":{"rendered":"<p>Kryeministri i Kosov\u00ebs Albin Kurti ka folur sot para K\u00ebshillit t\u00eb P\u00ebrgjithsh\u00ebm t\u00eb Vet\u00ebvendosjes. Nj\u00eb pjes\u00eb t\u00eb fjalimit ia ka kushtuar an\u00ebtar\u00ebsimit t\u00eb Kosov\u00ebs n\u00eb K\u00ebshill t\u00eb Evrop\u00ebs duke e kujtuar vendimin e \u201cpaevitush\u00ebm\u201d t\u00eb 13 marsit p\u00ebr t\u2019ia regjistruar pron\u00ebn Manastirit t\u00eb De\u00e7anit. \u201cN\u00eb kuad\u00ebr an\u00ebtar\u00ebsimit t\u00eb Kosov\u00ebs n\u00eb K\u00ebshillin e Evrop\u00ebs, procesi ishte [&hellip;]<\/p>\n","protected":false},"author":1,"featured_media":54200,"comment_status":"closed","ping_status":"closed","sticky":false,"template":"","format":"standard","meta":{"_monsterinsights_skip_tracking":false,"_monsterinsights_sitenote_active":false,"_monsterinsights_sitenote_note":"","_monsterinsights_sitenote_category":0,"_uf_show_specific_survey":0,"_uf_disable_surveys":false,"footnotes":""},"categories":[1146],"tags":[86],"yoast_head":"<!-- This site is optimized with the Yoast SEO plugin v21.5 - https:\/\/yoast.com\/wordpress\/plugins\/seo\/ -->\n<title>Kurti pret q\u00eb Kosova t\u00eb b\u00ebhet an\u00ebtare e KiE n\u00eb maj: Zotimet tjera duhet t\u00eb p\u00ebrmbushen pas an\u00ebtar\u00ebsimit<\/title>\n<meta name=\"robots\" content=\"index, follow, max-snippet:-1, max-image-preview:large, max-video-preview:-1\" \/>\n<link rel=\"canonical\" href=\"https:\/\/permbledhja.com\/sq\/kurti-pret-qe-kosova-te-behet-anetare-e-kie-ne-maj-zotimet-tjera-duhet-te-permbushen-pas-anetaresimit\/\" \/>\n<meta property=\"og:locale\" content=\"sq_AL\" \/>\n<meta property=\"og:type\" content=\"article\" \/>\n<meta property=\"og:title\" content=\"Kurti pret q\u00eb Kosova t\u00eb b\u00ebhet an\u00ebtare e KiE n\u00eb maj: Zotimet tjera duhet t\u00eb p\u00ebrmbushen pas an\u00ebtar\u00ebsimit\" \/>\n<meta property=\"og:description\" content=\"Kryeministri i Kosov\u00ebs Albin Kurti ka folur sot para K\u00ebshillit t\u00eb P\u00ebrgjithsh\u00ebm t\u00eb Vet\u00ebvendosjes. Nj\u00eb pjes\u00eb t\u00eb fjalimit ia ka kushtuar an\u00ebtar\u00ebsimit t\u00eb Kosov\u00ebs n\u00eb K\u00ebshill t\u00eb Evrop\u00ebs duke e kujtuar vendimin e \u201cpaevitush\u00ebm\u201d t\u00eb 13 marsit p\u00ebr t\u2019ia regjistruar pron\u00ebn Manastirit t\u00eb De\u00e7anit. \u201cN\u00eb kuad\u00ebr an\u00ebtar\u00ebsimit t\u00eb Kosov\u00ebs n\u00eb K\u00ebshillin e Evrop\u00ebs, procesi ishte [&hellip;]\" \/>\n<meta property=\"og:url\" content=\"https:\/\/permbledhja.com\/sq\/kurti-pret-qe-kosova-te-behet-anetare-e-kie-ne-maj-zotimet-tjera-duhet-te-permbushen-pas-anetaresimit\/\" \/>\n<meta property=\"og:site_name\" content=\"Ve\u00e7 artikuj p\u00ebrmbledh\u00ebs\" \/>\n<meta property=\"article:publisher\" content=\"https:\/\/www.facebook.com\/press07\/\" \/>\n<meta property=\"article:author\" content=\"https:\/\/www.facebook.com\/kafexhiu.muharrem\/\" \/>\n<meta property=\"article:published_time\" content=\"2024-04-14T22:26:52+00:00\" \/>\n<meta property=\"og:image\" content=\"https:\/\/permbledhja.com\/wp-content\/uploads\/2024\/03\/albin-kurti-1-scaled-2.jpg\" \/>\n\t<meta property=\"og:image:width\" content=\"2560\" \/>\n\t<meta property=\"og:image:height\" content=\"1707\" \/>\n\t<meta property=\"og:image:type\" content=\"image\/jpeg\" \/>\n<meta name=\"author\" content=\"P\u00ebrmbledhja\" \/>\n<meta name=\"twitter:card\" content=\"summary_large_image\" \/>\n<meta name=\"twitter:label1\" content=\"Written by\" \/>\n\t<meta name=\"twitter:data1\" content=\"P\u00ebrmbledhja\" \/>\n\t<meta name=\"twitter:label2\" content=\"Est. reading time\" \/>\n\t<meta name=\"twitter:data2\" content=\"4 minuta\" \/>\n<script type=\"application\/ld+json\" class=\"yoast-schema-graph\">{\"@context\":\"https:\/\/schema.org\",\"@graph\":[{\"@type\":\"Article\",\"@id\":\"https:\/\/permbledhja.com\/sq\/kurti-pret-qe-kosova-te-behet-anetare-e-kie-ne-maj-zotimet-tjera-duhet-te-permbushen-pas-anetaresimit\/#article\",\"isPartOf\":{\"@id\":\"https:\/\/permbledhja.com\/sq\/kurti-pret-qe-kosova-te-behet-anetare-e-kie-ne-maj-zotimet-tjera-duhet-te-permbushen-pas-anetaresimit\/\"},\"author\":{\"name\":\"P\u00ebrmbledhja\",\"@id\":\"https:\/\/permbledhja.com\/#\/schema\/person\/0d064377258d3221e50693947b9eb4fe\"},\"headline\":\"Kurti pret q\u00eb Kosova t\u00eb b\u00ebhet an\u00ebtare e KiE n\u00eb maj: Zotimet tjera duhet t\u00eb p\u00ebrmbushen pas an\u00ebtar\u00ebsimit\",\"datePublished\":\"2024-04-14T22:26:52+00:00\",\"dateModified\":\"2024-04-14T22:26:52+00:00\",\"mainEntityOfPage\":{\"@id\":\"https:\/\/permbledhja.com\/sq\/kurti-pret-qe-kosova-te-behet-anetare-e-kie-ne-maj-zotimet-tjera-duhet-te-permbushen-pas-anetaresimit\/\"},\"wordCount\":813,\"publisher\":{\"@id\":\"https:\/\/permbledhja.com\/#organization\"},\"keywords\":[\"Albin Kurti\"],\"articleSection\":[\"Kryesoret\"],\"inLanguage\":\"sq\"},{\"@type\":\"WebPage\",\"@id\":\"https:\/\/permbledhja.com\/sq\/kurti-pret-qe-kosova-te-behet-anetare-e-kie-ne-maj-zotimet-tjera-duhet-te-permbushen-pas-anetaresimit\/\",\"url\":\"https:\/\/permbledhja.com\/sq\/kurti-pret-qe-kosova-te-behet-anetare-e-kie-ne-maj-zotimet-tjera-duhet-te-permbushen-pas-anetaresimit\/\",\"name\":\"Kurti pret q\u00eb Kosova t\u00eb b\u00ebhet an\u00ebtare e KiE n\u00eb maj: Zotimet tjera duhet t\u00eb p\u00ebrmbushen pas an\u00ebtar\u00ebsimit\",\"isPartOf\":{\"@id\":\"https:\/\/permbledhja.com\/#website\"},\"datePublished\":\"2024-04-14T22:26:52+00:00\",\"dateModified\":\"2024-04-14T22:26:52+00:00\",\"breadcrumb\":{\"@id\":\"https:\/\/permbledhja.com\/sq\/kurti-pret-qe-kosova-te-behet-anetare-e-kie-ne-maj-zotimet-tjera-duhet-te-permbushen-pas-anetaresimit\/#breadcrumb\"},\"inLanguage\":\"sq\",\"potentialAction\":[{\"@type\":\"ReadAction\",\"target\":[\"https:\/\/permbledhja.com\/sq\/kurti-pret-qe-kosova-te-behet-anetare-e-kie-ne-maj-zotimet-tjera-duhet-te-permbushen-pas-anetaresimit\/\"]}]},{\"@type\":\"BreadcrumbList\",\"@id\":\"https:\/\/permbledhja.com\/sq\/kurti-pret-qe-kosova-te-behet-anetare-e-kie-ne-maj-zotimet-tjera-duhet-te-permbushen-pas-anetaresimit\/#breadcrumb\",\"itemListElement\":[{\"@type\":\"ListItem\",\"position\":1,\"name\":\"Ballina\",\"item\":\"https:\/\/permbledhja.com\/sq\/\"},{\"@type\":\"ListItem\",\"position\":2,\"name\":\"Kurti pret q\u00eb Kosova t\u00eb b\u00ebhet an\u00ebtare e KiE n\u00eb maj: Zotimet tjera duhet t\u00eb p\u00ebrmbushen pas an\u00ebtar\u00ebsimit\"}]},{\"@type\":\"WebSite\",\"@id\":\"https:\/\/permbledhja.com\/#website\",\"url\":\"https:\/\/permbledhja.com\/\",\"name\":\"Ve\u00e7 artikuj p\u00ebrmbledh\u00ebs\",\"description\":\"\",\"publisher\":{\"@id\":\"https:\/\/permbledhja.com\/#organization\"},\"potentialAction\":[{\"@type\":\"SearchAction\",\"target\":{\"@type\":\"EntryPoint\",\"urlTemplate\":\"https:\/\/permbledhja.com\/?s={search_term_string}\"},\"query-input\":\"required name=search_term_string\"}],\"inLanguage\":\"sq\"},{\"@type\":\"Organization\",\"@id\":\"https:\/\/permbledhja.com\/#organization\",\"name\":\"MK Media & Pr\",\"url\":\"https:\/\/permbledhja.com\/\",\"logo\":{\"@type\":\"ImageObject\",\"inLanguage\":\"sq\",\"@id\":\"https:\/\/permbledhja.com\/#\/schema\/logo\/image\/\",\"url\":\"https:\/\/permbledhja.com\/wp-content\/uploads\/2021\/12\/07-Press-Logo.jpg\",\"contentUrl\":\"https:\/\/permbledhja.com\/wp-content\/uploads\/2021\/12\/07-Press-Logo.jpg\",\"width\":512,\"height\":512,\"caption\":\"MK Media & Pr\"},\"image\":{\"@id\":\"https:\/\/permbledhja.com\/#\/schema\/logo\/image\/\"},\"sameAs\":[\"https:\/\/www.facebook.com\/press07\/\"]},{\"@type\":\"Person\",\"@id\":\"https:\/\/permbledhja.com\/#\/schema\/person\/0d064377258d3221e50693947b9eb4fe\",\"name\":\"P\u00ebrmbledhja\",\"image\":{\"@type\":\"ImageObject\",\"inLanguage\":\"sq\",\"@id\":\"https:\/\/permbledhja.com\/#\/schema\/person\/image\/\",\"url\":\"https:\/\/permbledhja.com\/wp-content\/uploads\/2026\/01\/452004717_1040944174702970_8932037511805513407_n-96x96.jpg\",\"contentUrl\":\"https:\/\/permbledhja.com\/wp-content\/uploads\/2026\/01\/452004717_1040944174702970_8932037511805513407_n-96x96.jpg\",\"caption\":\"P\u00ebrmbledhja\"},\"sameAs\":[\"https:\/\/www.facebook.com\/kafexhiu.muharrem\/\",\"https:\/\/www.instagram.com\/muharrem_kafexhiu\/\"],\"url\":\"https:\/\/permbledhja.com\/sq\/author\/admin\/\"}]}<\/script>\n<!-- \/ Yoast SEO plugin. -->","yoast_head_json":{"title":"Kurti pret q\u00eb Kosova t\u00eb b\u00ebhet an\u00ebtare e KiE n\u00eb maj: Zotimet tjera duhet t\u00eb p\u00ebrmbushen pas an\u00ebtar\u00ebsimit","robots":{"index":"index","follow":"follow","max-snippet":"max-snippet:-1","max-image-preview":"max-image-preview:large","max-video-preview":"max-video-preview:-1"},"canonical":"https:\/\/permbledhja.com\/sq\/kurti-pret-qe-kosova-te-behet-anetare-e-kie-ne-maj-zotimet-tjera-duhet-te-permbushen-pas-anetaresimit\/","og_locale":"sq_AL","og_type":"article","og_title":"Kurti pret q\u00eb Kosova t\u00eb b\u00ebhet an\u00ebtare e KiE n\u00eb maj: Zotimet tjera duhet t\u00eb p\u00ebrmbushen pas an\u00ebtar\u00ebsimit","og_description":"Kryeministri i Kosov\u00ebs Albin Kurti ka folur sot para K\u00ebshillit t\u00eb P\u00ebrgjithsh\u00ebm t\u00eb Vet\u00ebvendosjes. Nj\u00eb pjes\u00eb t\u00eb fjalimit ia ka kushtuar an\u00ebtar\u00ebsimit t\u00eb Kosov\u00ebs n\u00eb K\u00ebshill t\u00eb Evrop\u00ebs duke e kujtuar vendimin e \u201cpaevitush\u00ebm\u201d t\u00eb 13 marsit p\u00ebr t\u2019ia regjistruar pron\u00ebn Manastirit t\u00eb De\u00e7anit. \u201cN\u00eb kuad\u00ebr an\u00ebtar\u00ebsimit t\u00eb Kosov\u00ebs n\u00eb K\u00ebshillin e Evrop\u00ebs, procesi ishte [&hellip;]","og_url":"https:\/\/permbledhja.com\/sq\/kurti-pret-qe-kosova-te-behet-anetare-e-kie-ne-maj-zotimet-tjera-duhet-te-permbushen-pas-anetaresimit\/","og_site_name":"Ve\u00e7 artikuj p\u00ebrmbledh\u00ebs","article_publisher":"https:\/\/www.facebook.com\/press07\/","article_author":"https:\/\/www.facebook.com\/kafexhiu.muharrem\/","article_published_time":"2024-04-14T22:26:52+00:00","og_image":[{"width":2560,"height":1707,"url":"https:\/\/permbledhja.com\/wp-content\/uploads\/2024\/03\/albin-kurti-1-scaled-2.jpg","type":"image\/jpeg"}],"author":"P\u00ebrmbledhja","twitter_card":"summary_large_image","twitter_misc":{"Written by":"P\u00ebrmbledhja","Est. reading time":"4 minuta"},"schema":{"@context":"https:\/\/schema.org","@graph":[{"@type":"Article","@id":"https:\/\/permbledhja.com\/sq\/kurti-pret-qe-kosova-te-behet-anetare-e-kie-ne-maj-zotimet-tjera-duhet-te-permbushen-pas-anetaresimit\/#article","isPartOf":{"@id":"https:\/\/permbledhja.com\/sq\/kurti-pret-qe-kosova-te-behet-anetare-e-kie-ne-maj-zotimet-tjera-duhet-te-permbushen-pas-anetaresimit\/"},"author":{"name":"P\u00ebrmbledhja","@id":"https:\/\/permbledhja.com\/#\/schema\/person\/0d064377258d3221e50693947b9eb4fe"},"headline":"Kurti pret q\u00eb Kosova t\u00eb b\u00ebhet an\u00ebtare e KiE n\u00eb maj: Zotimet tjera duhet t\u00eb p\u00ebrmbushen pas an\u00ebtar\u00ebsimit","datePublished":"2024-04-14T22:26:52+00:00","dateModified":"2024-04-14T22:26:52+00:00","mainEntityOfPage":{"@id":"https:\/\/permbledhja.com\/sq\/kurti-pret-qe-kosova-te-behet-anetare-e-kie-ne-maj-zotimet-tjera-duhet-te-permbushen-pas-anetaresimit\/"},"wordCount":813,"publisher":{"@id":"https:\/\/permbledhja.com\/#organization"},"keywords":["Albin Kurti"],"articleSection":["Kryesoret"],"inLanguage":"sq"},{"@type":"WebPage","@id":"https:\/\/permbledhja.com\/sq\/kurti-pret-qe-kosova-te-behet-anetare-e-kie-ne-maj-zotimet-tjera-duhet-te-permbushen-pas-anetaresimit\/","url":"https:\/\/permbledhja.com\/sq\/kurti-pret-qe-kosova-te-behet-anetare-e-kie-ne-maj-zotimet-tjera-duhet-te-permbushen-pas-anetaresimit\/","name":"Kurti pret q\u00eb Kosova t\u00eb b\u00ebhet an\u00ebtare e KiE n\u00eb maj: Zotimet tjera duhet t\u00eb p\u00ebrmbushen pas an\u00ebtar\u00ebsimit","isPartOf":{"@id":"https:\/\/permbledhja.com\/#website"},"datePublished":"2024-04-14T22:26:52+00:00","dateModified":"2024-04-14T22:26:52+00:00","breadcrumb":{"@id":"https:\/\/permbledhja.com\/sq\/kurti-pret-qe-kosova-te-behet-anetare-e-kie-ne-maj-zotimet-tjera-duhet-te-permbushen-pas-anetaresimit\/#breadcrumb"},"inLanguage":"sq","potentialAction":[{"@type":"ReadAction","target":["https:\/\/permbledhja.com\/sq\/kurti-pret-qe-kosova-te-behet-anetare-e-kie-ne-maj-zotimet-tjera-duhet-te-permbushen-pas-anetaresimit\/"]}]},{"@type":"BreadcrumbList","@id":"https:\/\/permbledhja.com\/sq\/kurti-pret-qe-kosova-te-behet-anetare-e-kie-ne-maj-zotimet-tjera-duhet-te-permbushen-pas-anetaresimit\/#breadcrumb","itemListElement":[{"@type":"ListItem","position":1,"name":"Ballina","item":"https:\/\/permbledhja.com\/sq\/"},{"@type":"ListItem","position":2,"name":"Kurti pret q\u00eb Kosova t\u00eb b\u00ebhet an\u00ebtare e KiE n\u00eb maj: Zotimet tjera duhet t\u00eb p\u00ebrmbushen pas an\u00ebtar\u00ebsimit"}]},{"@type":"WebSite","@id":"https:\/\/permbledhja.com\/#website","url":"https:\/\/permbledhja.com\/","name":"Ve\u00e7 artikuj p\u00ebrmbledh\u00ebs","description":"","publisher":{"@id":"https:\/\/permbledhja.com\/#organization"},"potentialAction":[{"@type":"SearchAction","target":{"@type":"EntryPoint","urlTemplate":"https:\/\/permbledhja.com\/?s={search_term_string}"},"query-input":"required name=search_term_string"}],"inLanguage":"sq"},{"@type":"Organization","@id":"https:\/\/permbledhja.com\/#organization","name":"MK Media & Pr","url":"https:\/\/permbledhja.com\/","logo":{"@type":"ImageObject","inLanguage":"sq","@id":"https:\/\/permbledhja.com\/#\/schema\/logo\/image\/","url":"https:\/\/permbledhja.com\/wp-content\/uploads\/2021\/12\/07-Press-Logo.jpg","contentUrl":"https:\/\/permbledhja.com\/wp-content\/uploads\/2021\/12\/07-Press-Logo.jpg","width":512,"height":512,"caption":"MK Media & Pr"},"image":{"@id":"https:\/\/permbledhja.com\/#\/schema\/logo\/image\/"},"sameAs":["https:\/\/www.facebook.com\/press07\/"]},{"@type":"Person","@id":"https:\/\/permbledhja.com\/#\/schema\/person\/0d064377258d3221e50693947b9eb4fe","name":"P\u00ebrmbledhja","image":{"@type":"ImageObject","inLanguage":"sq","@id":"https:\/\/permbledhja.com\/#\/schema\/person\/image\/","url":"https:\/\/permbledhja.com\/wp-content\/uploads\/2026\/01\/452004717_1040944174702970_8932037511805513407_n-96x96.jpg","contentUrl":"https:\/\/permbledhja.com\/wp-content\/uploads\/2026\/01\/452004717_1040944174702970_8932037511805513407_n-96x96.jpg","caption":"P\u00ebrmbledhja"},"sameAs":["https:\/\/www.facebook.com\/kafexhiu.muharrem\/","https:\/\/www.instagram.com\/muharrem_kafexhiu\/"],"url":"https:\/\/permbledhja.com\/sq\/author\/admin\/"}]}},"_links":{"self":[{"href":"https:\/\/permbledhja.com\/sq\/wp-json\/wp\/v2\/posts\/56365"}],"collection":[{"href":"https:\/\/permbledhja.com\/sq\/wp-json\/wp\/v2\/posts"}],"about":[{"href":"https:\/\/permbledhja.com\/sq\/wp-json\/wp\/v2\/types\/post"}],"author":[{"embeddable":true,"href":"https:\/\/permbledhja.com\/sq\/wp-json\/wp\/v2\/users\/1"}],"replies":[{"embeddable":true,"href":"https:\/\/permbledhja.com\/sq\/wp-json\/wp\/v2\/comments?post=56365"}],"version-history":[{"count":1,"href":"https:\/\/permbledhja.com\/sq\/wp-json\/wp\/v2\/posts\/56365\/revisions"}],"predecessor-version":[{"id":56366,"href":"https:\/\/permbledhja.com\/sq\/wp-json\/wp\/v2\/posts\/56365\/revisions\/56366"}],"wp:featuredmedia":[{"embeddable":true,"href":"https:\/\/permbledhja.com\/sq\/wp-json\/wp\/v2\/media\/54200"}],"wp:attachment":[{"href":"https:\/\/permbledhja.com\/sq\/wp-json\/wp\/v2\/media?parent=56365"}],"wp:term":[{"taxonomy":"category","embeddable":true,"href":"https:\/\/permbledhja.com\/sq\/wp-json\/wp\/v2\/categories?post=56365"},{"taxonomy":"post_tag","embeddable":true,"href":"https:\/\/permbledhja.com\/sq\/wp-json\/wp\/v2\/tags?post=56365"}],"curies":[{"name":"wp","href":"https:\/\/api.w.org\/{rel}","templated":true}]}}