{"id":56266,"date":"2024-04-14T14:51:45","date_gmt":"2024-04-14T14:51:45","guid":{"rendered":"https:\/\/permbledhja.com\/?p=56266"},"modified":"2024-04-14T14:51:45","modified_gmt":"2024-04-14T14:51:45","slug":"policia-njofton-per-bllokime-te-perkohshme-te-rrugeve-ne-prishtine-per-disa-dite","status":"publish","type":"post","link":"https:\/\/permbledhja.com\/sq\/policia-njofton-per-bllokime-te-perkohshme-te-rrugeve-ne-prishtine-per-disa-dite\/","title":{"rendered":"Policia njofton p\u00ebr bllokime t\u00eb p\u00ebrkohshme t\u00eb rrug\u00ebve n\u00eb Prishtin\u00eb p\u00ebr disa dit\u00eb"},"content":{"rendered":"<h3>Policia e Kosov\u00ebs ka njoftuar se nga 14 e deri m\u00eb 17 prill do t\u00eb ket\u00eb bllokime t\u00eb p\u00ebrkohshme apo riorientim n\u00eb disa segmente rrugore.<\/h3>\n<p>Policia ka b\u00ebr\u00eb t\u00eb ditur se kjo do t\u00eb b\u00ebhet p\u00ebr shkak t\u00eb konferenc\u00ebs Grat\u00eb Paqja dhe Siguria\u2019 t\u00eb organizuar nga Presidenca e Republik\u00ebs s\u00eb Kosov\u00ebs, ku do t\u00eb marrin pjes\u00eb personalitete t\u00eb ndryshme t\u00eb r\u00ebnd\u00ebsishme nga rajoni dhe bota.<\/p>\n<p>\u201cPolicia e Kosov\u00ebs, gjat\u00eb k\u00ebsaj kohe do t\u00eb kujdeset p\u00ebr ofrimin e siguris\u00eb, mir\u00ebmbajtjen e rendit e qet\u00ebsis\u00eb publike dhe menaxhimin e trafikut gjat\u00eb koh\u00ebs s\u00eb l\u00ebvizjes s\u00eb personaliteteve si dhe q\u00ebndrimit t\u00eb tyre n\u00eb Republik\u00ebn e Kosov\u00ebs.<\/p>\n<p>P\u00ebr t\u00eb mund\u00ebsuar qarkullim t\u00eb lir\u00eb t\u00eb delegacioneve sipas itinerarit t\u00eb l\u00ebvizjes si dhe zhvillimin e aktiviteteve, Policia e Kosov\u00ebs do t\u00eb b\u00ebj\u00eb nd\u00ebrprerje t\u00eb p\u00ebrkohshme t\u00eb qarkullimit t\u00eb trafikut (n\u00eb intervale t\u00eb shkurta kohore) t\u00eb disa segmenteve rrugore (ku pritet t\u00eb kalojn\u00eb personalitetet\/delegacionet e ftuara) , ku do t\u00eb ket\u00eb riorientim t\u00eb trafikut n\u00eb rrug\u00eb alternative, andaj Policia e Kosov\u00ebs k\u00ebrkon mir\u00ebkuptim t\u00eb plot\u00eb nga ana e qytetar\u00ebve dhe pjes\u00ebmarr\u00ebsve n\u00eb trafik\u201d, thuhet n\u00eb njoftim.<\/p>\n","protected":false},"excerpt":{"rendered":"<p>Policia e Kosov\u00ebs ka njoftuar se nga 14 e deri m\u00eb 17 prill do t\u00eb ket\u00eb bllokime t\u00eb p\u00ebrkohshme apo riorientim n\u00eb disa segmente rrugore. Policia ka b\u00ebr\u00eb t\u00eb ditur se kjo do t\u00eb b\u00ebhet p\u00ebr shkak t\u00eb konferenc\u00ebs Grat\u00eb Paqja dhe Siguria\u2019 t\u00eb organizuar nga Presidenca e Republik\u00ebs s\u00eb Kosov\u00ebs, ku do t\u00eb marrin [&hellip;]<\/p>\n","protected":false},"author":2,"featured_media":56267,"comment_status":"closed","ping_status":"closed","sticky":false,"template":"","format":"standard","meta":{"_monsterinsights_skip_tracking":false,"_monsterinsights_sitenote_active":false,"_monsterinsights_sitenote_note":"","_monsterinsights_sitenote_category":0,"_uf_show_specific_survey":0,"_uf_disable_surveys":false,"footnotes":""},"categories":[2645],"tags":[102],"yoast_head":"<!-- This site is optimized with the Yoast SEO plugin v21.5 - https:\/\/yoast.com\/wordpress\/plugins\/seo\/ -->\n<title>Policia njofton p\u00ebr bllokime t\u00eb p\u00ebrkohshme t\u00eb rrug\u00ebve n\u00eb Prishtin\u00eb p\u00ebr disa dit\u00eb<\/title>\n<meta name=\"robots\" content=\"index, follow, max-snippet:-1, max-image-preview:large, max-video-preview:-1\" \/>\n<link rel=\"canonical\" href=\"https:\/\/permbledhja.com\/sq\/policia-njofton-per-bllokime-te-perkohshme-te-rrugeve-ne-prishtine-per-disa-dite\/\" \/>\n<meta property=\"og:locale\" content=\"sq_AL\" \/>\n<meta property=\"og:type\" content=\"article\" \/>\n<meta property=\"og:title\" content=\"Policia njofton p\u00ebr bllokime t\u00eb p\u00ebrkohshme t\u00eb rrug\u00ebve n\u00eb Prishtin\u00eb p\u00ebr disa dit\u00eb\" \/>\n<meta property=\"og:description\" content=\"Policia e Kosov\u00ebs ka njoftuar se nga 14 e deri m\u00eb 17 prill do t\u00eb ket\u00eb bllokime t\u00eb p\u00ebrkohshme apo riorientim n\u00eb disa segmente rrugore. Policia ka b\u00ebr\u00eb t\u00eb ditur se kjo do t\u00eb b\u00ebhet p\u00ebr shkak t\u00eb konferenc\u00ebs Grat\u00eb Paqja dhe Siguria\u2019 t\u00eb organizuar nga Presidenca e Republik\u00ebs s\u00eb Kosov\u00ebs, ku do t\u00eb marrin [&hellip;]\" \/>\n<meta property=\"og:url\" content=\"https:\/\/permbledhja.com\/sq\/policia-njofton-per-bllokime-te-perkohshme-te-rrugeve-ne-prishtine-per-disa-dite\/\" \/>\n<meta property=\"og:site_name\" content=\"Ve\u00e7 artikuj p\u00ebrmbledh\u00ebs\" \/>\n<meta property=\"article:publisher\" content=\"https:\/\/www.facebook.com\/press07\/\" \/>\n<meta property=\"article:published_time\" content=\"2024-04-14T14:51:45+00:00\" \/>\n<meta property=\"og:image\" content=\"https:\/\/permbledhja.com\/wp-content\/uploads\/2024\/04\/Policia-e-Trafikut-foto-KALLXOcom-1.jpg\" \/>\n\t<meta property=\"og:image:width\" content=\"1920\" \/>\n\t<meta property=\"og:image:height\" content=\"1080\" \/>\n\t<meta property=\"og:image:type\" content=\"image\/jpeg\" \/>\n<meta name=\"author\" content=\"M M\" \/>\n<meta name=\"twitter:card\" content=\"summary_large_image\" \/>\n<meta name=\"twitter:label1\" content=\"Written by\" \/>\n\t<meta name=\"twitter:data1\" content=\"M M\" \/>\n\t<meta name=\"twitter:label2\" content=\"Est. reading time\" \/>\n\t<meta name=\"twitter:data2\" content=\"1 minut\u00eb\" \/>\n<script type=\"application\/ld+json\" class=\"yoast-schema-graph\">{\"@context\":\"https:\/\/schema.org\",\"@graph\":[{\"@type\":\"Article\",\"@id\":\"https:\/\/permbledhja.com\/policia-njofton-per-bllokime-te-perkohshme-te-rrugeve-ne-prishtine-per-disa-dite\/#article\",\"isPartOf\":{\"@id\":\"https:\/\/permbledhja.com\/policia-njofton-per-bllokime-te-perkohshme-te-rrugeve-ne-prishtine-per-disa-dite\/\"},\"author\":{\"name\":\"M M\",\"@id\":\"https:\/\/permbledhja.com\/#\/schema\/person\/d23f13f59b5722643933d6780783acf3\"},\"headline\":\"Policia njofton p\u00ebr bllokime t\u00eb p\u00ebrkohshme t\u00eb rrug\u00ebve n\u00eb Prishtin\u00eb p\u00ebr disa dit\u00eb\",\"datePublished\":\"2024-04-14T14:51:45+00:00\",\"dateModified\":\"2024-04-14T14:51:45+00:00\",\"mainEntityOfPage\":{\"@id\":\"https:\/\/permbledhja.com\/policia-njofton-per-bllokime-te-perkohshme-te-rrugeve-ne-prishtine-per-disa-dite\/\"},\"wordCount\":227,\"publisher\":{\"@id\":\"https:\/\/permbledhja.com\/#organization\"},\"keywords\":[\"Policia e Kosov\u00ebs\"],\"articleSection\":[\"T\u00eb r\u00ebnd\u00ebsishme\"],\"inLanguage\":\"sq\"},{\"@type\":\"WebPage\",\"@id\":\"https:\/\/permbledhja.com\/policia-njofton-per-bllokime-te-perkohshme-te-rrugeve-ne-prishtine-per-disa-dite\/\",\"url\":\"https:\/\/permbledhja.com\/policia-njofton-per-bllokime-te-perkohshme-te-rrugeve-ne-prishtine-per-disa-dite\/\",\"name\":\"Policia njofton p\u00ebr bllokime t\u00eb p\u00ebrkohshme t\u00eb rrug\u00ebve n\u00eb Prishtin\u00eb p\u00ebr disa dit\u00eb\",\"isPartOf\":{\"@id\":\"https:\/\/permbledhja.com\/#website\"},\"datePublished\":\"2024-04-14T14:51:45+00:00\",\"dateModified\":\"2024-04-14T14:51:45+00:00\",\"breadcrumb\":{\"@id\":\"https:\/\/permbledhja.com\/policia-njofton-per-bllokime-te-perkohshme-te-rrugeve-ne-prishtine-per-disa-dite\/#breadcrumb\"},\"inLanguage\":\"sq\",\"potentialAction\":[{\"@type\":\"ReadAction\",\"target\":[\"https:\/\/permbledhja.com\/policia-njofton-per-bllokime-te-perkohshme-te-rrugeve-ne-prishtine-per-disa-dite\/\"]}]},{\"@type\":\"BreadcrumbList\",\"@id\":\"https:\/\/permbledhja.com\/policia-njofton-per-bllokime-te-perkohshme-te-rrugeve-ne-prishtine-per-disa-dite\/#breadcrumb\",\"itemListElement\":[{\"@type\":\"ListItem\",\"position\":1,\"name\":\"Ballina\",\"item\":\"https:\/\/permbledhja.com\/sq\/\"},{\"@type\":\"ListItem\",\"position\":2,\"name\":\"Policia njofton p\u00ebr bllokime t\u00eb p\u00ebrkohshme t\u00eb rrug\u00ebve n\u00eb Prishtin\u00eb p\u00ebr disa dit\u00eb\"}]},{\"@type\":\"WebSite\",\"@id\":\"https:\/\/permbledhja.com\/#website\",\"url\":\"https:\/\/permbledhja.com\/\",\"name\":\"Ve\u00e7 artikuj p\u00ebrmbledh\u00ebs\",\"description\":\"\",\"publisher\":{\"@id\":\"https:\/\/permbledhja.com\/#organization\"},\"potentialAction\":[{\"@type\":\"SearchAction\",\"target\":{\"@type\":\"EntryPoint\",\"urlTemplate\":\"https:\/\/permbledhja.com\/?s={search_term_string}\"},\"query-input\":\"required name=search_term_string\"}],\"inLanguage\":\"sq\"},{\"@type\":\"Organization\",\"@id\":\"https:\/\/permbledhja.com\/#organization\",\"name\":\"MK Media & Pr\",\"url\":\"https:\/\/permbledhja.com\/\",\"logo\":{\"@type\":\"ImageObject\",\"inLanguage\":\"sq\",\"@id\":\"https:\/\/permbledhja.com\/#\/schema\/logo\/image\/\",\"url\":\"https:\/\/permbledhja.com\/wp-content\/uploads\/2021\/12\/07-Press-Logo.jpg\",\"contentUrl\":\"https:\/\/permbledhja.com\/wp-content\/uploads\/2021\/12\/07-Press-Logo.jpg\",\"width\":512,\"height\":512,\"caption\":\"MK Media & Pr\"},\"image\":{\"@id\":\"https:\/\/permbledhja.com\/#\/schema\/logo\/image\/\"},\"sameAs\":[\"https:\/\/www.facebook.com\/press07\/\"]},{\"@type\":\"Person\",\"@id\":\"https:\/\/permbledhja.com\/#\/schema\/person\/d23f13f59b5722643933d6780783acf3\",\"name\":\"M M\",\"image\":{\"@type\":\"ImageObject\",\"inLanguage\":\"sq\",\"@id\":\"https:\/\/permbledhja.com\/#\/schema\/person\/image\/\",\"url\":\"https:\/\/secure.gravatar.com\/avatar\/e2835a76ca7c31a2416b2d51c4ec9a8f?s=96&d=mm&r=g\",\"contentUrl\":\"https:\/\/secure.gravatar.com\/avatar\/e2835a76ca7c31a2416b2d51c4ec9a8f?s=96&d=mm&r=g\",\"caption\":\"M M\"},\"sameAs\":[\"http:\/\/MM\"],\"url\":\"https:\/\/permbledhja.com\/sq\/author\/muhamet\/\"}]}<\/script>\n<!-- \/ Yoast SEO plugin. -->","yoast_head_json":{"title":"Policia njofton p\u00ebr bllokime t\u00eb p\u00ebrkohshme t\u00eb rrug\u00ebve n\u00eb Prishtin\u00eb p\u00ebr disa dit\u00eb","robots":{"index":"index","follow":"follow","max-snippet":"max-snippet:-1","max-image-preview":"max-image-preview:large","max-video-preview":"max-video-preview:-1"},"canonical":"https:\/\/permbledhja.com\/sq\/policia-njofton-per-bllokime-te-perkohshme-te-rrugeve-ne-prishtine-per-disa-dite\/","og_locale":"sq_AL","og_type":"article","og_title":"Policia njofton p\u00ebr bllokime t\u00eb p\u00ebrkohshme t\u00eb rrug\u00ebve n\u00eb Prishtin\u00eb p\u00ebr disa dit\u00eb","og_description":"Policia e Kosov\u00ebs ka njoftuar se nga 14 e deri m\u00eb 17 prill do t\u00eb ket\u00eb bllokime t\u00eb p\u00ebrkohshme apo riorientim n\u00eb disa segmente rrugore. Policia ka b\u00ebr\u00eb t\u00eb ditur se kjo do t\u00eb b\u00ebhet p\u00ebr shkak t\u00eb konferenc\u00ebs Grat\u00eb Paqja dhe Siguria\u2019 t\u00eb organizuar nga Presidenca e Republik\u00ebs s\u00eb Kosov\u00ebs, ku do t\u00eb marrin [&hellip;]","og_url":"https:\/\/permbledhja.com\/sq\/policia-njofton-per-bllokime-te-perkohshme-te-rrugeve-ne-prishtine-per-disa-dite\/","og_site_name":"Ve\u00e7 artikuj p\u00ebrmbledh\u00ebs","article_publisher":"https:\/\/www.facebook.com\/press07\/","article_published_time":"2024-04-14T14:51:45+00:00","og_image":[{"width":1920,"height":1080,"url":"https:\/\/permbledhja.com\/wp-content\/uploads\/2024\/04\/Policia-e-Trafikut-foto-KALLXOcom-1.jpg","type":"image\/jpeg"}],"author":"M M","twitter_card":"summary_large_image","twitter_misc":{"Written by":"M M","Est. reading time":"1 minut\u00eb"},"schema":{"@context":"https:\/\/schema.org","@graph":[{"@type":"Article","@id":"https:\/\/permbledhja.com\/policia-njofton-per-bllokime-te-perkohshme-te-rrugeve-ne-prishtine-per-disa-dite\/#article","isPartOf":{"@id":"https:\/\/permbledhja.com\/policia-njofton-per-bllokime-te-perkohshme-te-rrugeve-ne-prishtine-per-disa-dite\/"},"author":{"name":"M M","@id":"https:\/\/permbledhja.com\/#\/schema\/person\/d23f13f59b5722643933d6780783acf3"},"headline":"Policia njofton p\u00ebr bllokime t\u00eb p\u00ebrkohshme t\u00eb rrug\u00ebve n\u00eb Prishtin\u00eb p\u00ebr disa dit\u00eb","datePublished":"2024-04-14T14:51:45+00:00","dateModified":"2024-04-14T14:51:45+00:00","mainEntityOfPage":{"@id":"https:\/\/permbledhja.com\/policia-njofton-per-bllokime-te-perkohshme-te-rrugeve-ne-prishtine-per-disa-dite\/"},"wordCount":227,"publisher":{"@id":"https:\/\/permbledhja.com\/#organization"},"keywords":["Policia e Kosov\u00ebs"],"articleSection":["T\u00eb r\u00ebnd\u00ebsishme"],"inLanguage":"sq"},{"@type":"WebPage","@id":"https:\/\/permbledhja.com\/policia-njofton-per-bllokime-te-perkohshme-te-rrugeve-ne-prishtine-per-disa-dite\/","url":"https:\/\/permbledhja.com\/policia-njofton-per-bllokime-te-perkohshme-te-rrugeve-ne-prishtine-per-disa-dite\/","name":"Policia njofton p\u00ebr bllokime t\u00eb p\u00ebrkohshme t\u00eb rrug\u00ebve n\u00eb Prishtin\u00eb p\u00ebr disa dit\u00eb","isPartOf":{"@id":"https:\/\/permbledhja.com\/#website"},"datePublished":"2024-04-14T14:51:45+00:00","dateModified":"2024-04-14T14:51:45+00:00","breadcrumb":{"@id":"https:\/\/permbledhja.com\/policia-njofton-per-bllokime-te-perkohshme-te-rrugeve-ne-prishtine-per-disa-dite\/#breadcrumb"},"inLanguage":"sq","potentialAction":[{"@type":"ReadAction","target":["https:\/\/permbledhja.com\/policia-njofton-per-bllokime-te-perkohshme-te-rrugeve-ne-prishtine-per-disa-dite\/"]}]},{"@type":"BreadcrumbList","@id":"https:\/\/permbledhja.com\/policia-njofton-per-bllokime-te-perkohshme-te-rrugeve-ne-prishtine-per-disa-dite\/#breadcrumb","itemListElement":[{"@type":"ListItem","position":1,"name":"Ballina","item":"https:\/\/permbledhja.com\/sq\/"},{"@type":"ListItem","position":2,"name":"Policia njofton p\u00ebr bllokime t\u00eb p\u00ebrkohshme t\u00eb rrug\u00ebve n\u00eb Prishtin\u00eb p\u00ebr disa dit\u00eb"}]},{"@type":"WebSite","@id":"https:\/\/permbledhja.com\/#website","url":"https:\/\/permbledhja.com\/","name":"Ve\u00e7 artikuj p\u00ebrmbledh\u00ebs","description":"","publisher":{"@id":"https:\/\/permbledhja.com\/#organization"},"potentialAction":[{"@type":"SearchAction","target":{"@type":"EntryPoint","urlTemplate":"https:\/\/permbledhja.com\/?s={search_term_string}"},"query-input":"required name=search_term_string"}],"inLanguage":"sq"},{"@type":"Organization","@id":"https:\/\/permbledhja.com\/#organization","name":"MK Media & Pr","url":"https:\/\/permbledhja.com\/","logo":{"@type":"ImageObject","inLanguage":"sq","@id":"https:\/\/permbledhja.com\/#\/schema\/logo\/image\/","url":"https:\/\/permbledhja.com\/wp-content\/uploads\/2021\/12\/07-Press-Logo.jpg","contentUrl":"https:\/\/permbledhja.com\/wp-content\/uploads\/2021\/12\/07-Press-Logo.jpg","width":512,"height":512,"caption":"MK Media & Pr"},"image":{"@id":"https:\/\/permbledhja.com\/#\/schema\/logo\/image\/"},"sameAs":["https:\/\/www.facebook.com\/press07\/"]},{"@type":"Person","@id":"https:\/\/permbledhja.com\/#\/schema\/person\/d23f13f59b5722643933d6780783acf3","name":"M M","image":{"@type":"ImageObject","inLanguage":"sq","@id":"https:\/\/permbledhja.com\/#\/schema\/person\/image\/","url":"https:\/\/secure.gravatar.com\/avatar\/e2835a76ca7c31a2416b2d51c4ec9a8f?s=96&d=mm&r=g","contentUrl":"https:\/\/secure.gravatar.com\/avatar\/e2835a76ca7c31a2416b2d51c4ec9a8f?s=96&d=mm&r=g","caption":"M M"},"sameAs":["http:\/\/MM"],"url":"https:\/\/permbledhja.com\/sq\/author\/muhamet\/"}]}},"_links":{"self":[{"href":"https:\/\/permbledhja.com\/sq\/wp-json\/wp\/v2\/posts\/56266"}],"collection":[{"href":"https:\/\/permbledhja.com\/sq\/wp-json\/wp\/v2\/posts"}],"about":[{"href":"https:\/\/permbledhja.com\/sq\/wp-json\/wp\/v2\/types\/post"}],"author":[{"embeddable":true,"href":"https:\/\/permbledhja.com\/sq\/wp-json\/wp\/v2\/users\/2"}],"replies":[{"embeddable":true,"href":"https:\/\/permbledhja.com\/sq\/wp-json\/wp\/v2\/comments?post=56266"}],"version-history":[{"count":1,"href":"https:\/\/permbledhja.com\/sq\/wp-json\/wp\/v2\/posts\/56266\/revisions"}],"predecessor-version":[{"id":56268,"href":"https:\/\/permbledhja.com\/sq\/wp-json\/wp\/v2\/posts\/56266\/revisions\/56268"}],"wp:featuredmedia":[{"embeddable":true,"href":"https:\/\/permbledhja.com\/sq\/wp-json\/wp\/v2\/media\/56267"}],"wp:attachment":[{"href":"https:\/\/permbledhja.com\/sq\/wp-json\/wp\/v2\/media?parent=56266"}],"wp:term":[{"taxonomy":"category","embeddable":true,"href":"https:\/\/permbledhja.com\/sq\/wp-json\/wp\/v2\/categories?post=56266"},{"taxonomy":"post_tag","embeddable":true,"href":"https:\/\/permbledhja.com\/sq\/wp-json\/wp\/v2\/tags?post=56266"}],"curies":[{"name":"wp","href":"https:\/\/api.w.org\/{rel}","templated":true}]}}