{"id":56251,"date":"2024-04-14T13:59:46","date_gmt":"2024-04-14T13:59:46","guid":{"rendered":"https:\/\/permbledhja.com\/?p=56251"},"modified":"2024-04-14T13:59:46","modified_gmt":"2024-04-14T13:59:46","slug":"hoti-osmanit-e-kurtit-po-tregoni-mungese-respekti-ndaj-izraelit-duke-mos-emeruar-ambasador-atje","status":"publish","type":"post","link":"https:\/\/permbledhja.com\/sq\/hoti-osmanit-e-kurtit-po-tregoni-mungese-respekti-ndaj-izraelit-duke-mos-emeruar-ambasador-atje\/","title":{"rendered":"Hoti \u2013 Osmanit e Kurtit: Po tregoni munges\u00eb respekti ndaj Izraelit duke mos em\u00ebruar ambasador atje"},"content":{"rendered":"<h3>Deputeti i Lidhjes Demokratike t\u00eb Kosov\u00ebs, Avdullah Hoti ka marr\u00eb shkas nga deklaratat e presidentes Vjosa Osmani dhe kryeministrit Albin Kurti, t\u00eb cil\u00ebt e d\u00ebnuan sulmin e paprecedent\u00eb t\u00eb Iranit ndaj Izraelit mbr\u00ebm\u00eb, duke shkruar se \u00ebsht\u00eb munges\u00eb respekti nga Kosova ndaj k\u00ebtij vendi, fakti q\u00eb ende s\u2019ka ambasador atje.<\/h3>\n<p>Hoti shkroi n\u00eb nj\u00eb postim n\u00eb Facebook se po ndihet keq p\u00ebr faktin se qe 3 vjet prej kur Kosova mori njohjen nga Izraeli, atje p\u00ebrfaq\u00ebsohet me t\u00eb ngarkuar, dhe jo ambasador shteti.<\/p>\n<p>\u201cKrer\u00ebt e shtetit u kujdes\u00ebn sot t\u00eb d\u00ebnojn\u00eb sulmet ndaj Izraelit. Kjo \u00ebsht\u00eb me vend. K\u00ebt\u00eb e kam b\u00ebr\u00eb edhe vet\u00eb n\u00eb kontaktet e drejtp\u00ebrdrejta me bart\u00ebsit e institucioneve izraelite. Por ndihem keq p\u00ebr faktin se tri vite nga vendosja e marr\u00ebdh\u00ebnieve diplomatike, Kosova ende nuk e ka em\u00ebruar Ambasadorin\/en e Kosov\u00ebs n\u00eb Izrael. Kosova ende p\u00ebrfaq\u00ebsohet n\u00eb Izrael me \u201ct\u00eb ngarkuar me pun\u00eb\u201d\u201d, shkroi Hoti.<\/p>\n<p>Hoti, i cili kishte qen\u00eb n\u00eb Sht\u00ebpin\u00eb e Bardh\u00eb n\u00eb Washington kur Kosova e kishte marr\u00eb njohjen nga Izraelit me nd\u00ebrmjet\u00ebsim t\u00eb SHBA-s\u00eb, tha se fakti q\u00eb Kosova ende s\u2019ka ambasador atje, \u00ebsht\u00eb munges\u00eb respekti ndaj shtetit hebre. K\u00ebtu, ai kujtoi edhe kritikat q\u00eb i kishte marr\u00eb at\u00ebher\u00eb p\u00ebr marr\u00ebveshjen me Serbin\u00eb q\u00eb e p\u00ebrfshinte edhe njohjen nga Izraeli.<\/p>\n<p>\u201cKjo \u00ebsht\u00eb munges\u00eb respekti e krer\u00ebve t\u00eb shtetit t\u00eb Kosov\u00ebs ndaj njohjes q\u00eb na erdhi direkt nga Sht\u00ebpia e Bardh\u00eb pas vitesh mungese t\u00eb njohjeve. Kjo \u00ebsht\u00eb munges\u00eb respekti ndaj shum\u00eb marr\u00ebveshjeve q\u00eb Izraeli ka n\u00ebnshkruar me Kosov\u00ebn pas shk\u00ebmbimit t\u00eb misioneve diplomatike n\u00eb shkurt 2021\u201d, shkroi Hoti.<\/p>\n<p>\u201cK\u00ebta q\u00eb m\u00eb shanin n\u00eb Kuvend p\u00ebr nj\u00eb marr\u00ebveshje t\u00eb n\u00ebnshkruar n\u00eb Sht\u00ebpin\u00eb e Bardh\u00eb, e hidhnin dyshime p\u00ebr validitetin e k\u00ebsaj njohjeje q\u00eb erdhi direkt nga Sht\u00ebpia e Bardh\u00eb, duhet t\u00eb tregojn\u00eb respekt e mir\u00ebnjohje p\u00eb aleat\u00ebt e Kosov\u00ebs. Pa ta Kosova mbetet e izoluar, pa zhvillim, pa integrime euro-atlantike\u201d, shtoi ish-kryeministri.<\/p>\n<p>&nbsp;<\/p>\n","protected":false},"excerpt":{"rendered":"<p>Deputeti i Lidhjes Demokratike t\u00eb Kosov\u00ebs, Avdullah Hoti ka marr\u00eb shkas nga deklaratat e presidentes Vjosa Osmani dhe kryeministrit Albin Kurti, t\u00eb cil\u00ebt e d\u00ebnuan sulmin e paprecedent\u00eb t\u00eb Iranit ndaj Izraelit mbr\u00ebm\u00eb, duke shkruar se \u00ebsht\u00eb munges\u00eb respekti nga Kosova ndaj k\u00ebtij vendi, fakti q\u00eb ende s\u2019ka ambasador atje. Hoti shkroi n\u00eb nj\u00eb postim [&hellip;]<\/p>\n","protected":false},"author":5,"featured_media":56253,"comment_status":"closed","ping_status":"closed","sticky":false,"template":"","format":"standard","meta":{"_monsterinsights_skip_tracking":false,"_monsterinsights_sitenote_active":false,"_monsterinsights_sitenote_note":"","_monsterinsights_sitenote_category":0,"_uf_show_specific_survey":0,"_uf_disable_surveys":false,"footnotes":""},"categories":[2645],"tags":[],"yoast_head":"<!-- This site is optimized with the Yoast SEO plugin v21.5 - https:\/\/yoast.com\/wordpress\/plugins\/seo\/ -->\n<title>Hoti \u2013 Osmanit e Kurtit: Po tregoni munges\u00eb respekti ndaj Izraelit duke mos em\u00ebruar ambasador atje<\/title>\n<meta name=\"robots\" content=\"index, follow, max-snippet:-1, max-image-preview:large, max-video-preview:-1\" \/>\n<link rel=\"canonical\" href=\"https:\/\/permbledhja.com\/sq\/hoti-osmanit-e-kurtit-po-tregoni-mungese-respekti-ndaj-izraelit-duke-mos-emeruar-ambasador-atje\/\" \/>\n<meta property=\"og:locale\" content=\"sq_AL\" \/>\n<meta property=\"og:type\" content=\"article\" \/>\n<meta property=\"og:title\" content=\"Hoti \u2013 Osmanit e Kurtit: Po tregoni munges\u00eb respekti ndaj Izraelit duke mos em\u00ebruar ambasador atje\" \/>\n<meta property=\"og:description\" content=\"Deputeti i Lidhjes Demokratike t\u00eb Kosov\u00ebs, Avdullah Hoti ka marr\u00eb shkas nga deklaratat e presidentes Vjosa Osmani dhe kryeministrit Albin Kurti, t\u00eb cil\u00ebt e d\u00ebnuan sulmin e paprecedent\u00eb t\u00eb Iranit ndaj Izraelit mbr\u00ebm\u00eb, duke shkruar se \u00ebsht\u00eb munges\u00eb respekti nga Kosova ndaj k\u00ebtij vendi, fakti q\u00eb ende s\u2019ka ambasador atje. Hoti shkroi n\u00eb nj\u00eb postim [&hellip;]\" \/>\n<meta property=\"og:url\" content=\"https:\/\/permbledhja.com\/sq\/hoti-osmanit-e-kurtit-po-tregoni-mungese-respekti-ndaj-izraelit-duke-mos-emeruar-ambasador-atje\/\" \/>\n<meta property=\"og:site_name\" content=\"Ve\u00e7 artikuj p\u00ebrmbledh\u00ebs\" \/>\n<meta property=\"article:publisher\" content=\"https:\/\/www.facebook.com\/press07\/\" \/>\n<meta property=\"article:published_time\" content=\"2024-04-14T13:59:46+00:00\" \/>\n<meta property=\"og:image\" content=\"https:\/\/permbledhja.com\/wp-content\/uploads\/2024\/04\/hotii.jpg\" \/>\n\t<meta property=\"og:image:width\" content=\"600\" \/>\n\t<meta property=\"og:image:height\" content=\"360\" \/>\n\t<meta property=\"og:image:type\" content=\"image\/jpeg\" \/>\n<meta name=\"author\" content=\"DL\" \/>\n<meta name=\"twitter:card\" content=\"summary_large_image\" \/>\n<meta name=\"twitter:label1\" content=\"Written by\" \/>\n\t<meta name=\"twitter:data1\" content=\"DL\" \/>\n\t<meta name=\"twitter:label2\" content=\"Est. reading time\" \/>\n\t<meta name=\"twitter:data2\" content=\"2 minuta\" \/>\n<script type=\"application\/ld+json\" class=\"yoast-schema-graph\">{\"@context\":\"https:\/\/schema.org\",\"@graph\":[{\"@type\":\"Article\",\"@id\":\"https:\/\/permbledhja.com\/sq\/hoti-osmanit-e-kurtit-po-tregoni-mungese-respekti-ndaj-izraelit-duke-mos-emeruar-ambasador-atje\/#article\",\"isPartOf\":{\"@id\":\"https:\/\/permbledhja.com\/sq\/hoti-osmanit-e-kurtit-po-tregoni-mungese-respekti-ndaj-izraelit-duke-mos-emeruar-ambasador-atje\/\"},\"author\":{\"name\":\"DL\",\"@id\":\"https:\/\/permbledhja.com\/#\/schema\/person\/9c54260cbc4c6f792cb100550491638c\"},\"headline\":\"Hoti \u2013 Osmanit e Kurtit: Po tregoni munges\u00eb respekti ndaj Izraelit duke mos em\u00ebruar ambasador atje\",\"datePublished\":\"2024-04-14T13:59:46+00:00\",\"dateModified\":\"2024-04-14T13:59:46+00:00\",\"mainEntityOfPage\":{\"@id\":\"https:\/\/permbledhja.com\/sq\/hoti-osmanit-e-kurtit-po-tregoni-mungese-respekti-ndaj-izraelit-duke-mos-emeruar-ambasador-atje\/\"},\"wordCount\":375,\"publisher\":{\"@id\":\"https:\/\/permbledhja.com\/#organization\"},\"articleSection\":[\"T\u00eb r\u00ebnd\u00ebsishme\"],\"inLanguage\":\"sq\"},{\"@type\":\"WebPage\",\"@id\":\"https:\/\/permbledhja.com\/sq\/hoti-osmanit-e-kurtit-po-tregoni-mungese-respekti-ndaj-izraelit-duke-mos-emeruar-ambasador-atje\/\",\"url\":\"https:\/\/permbledhja.com\/sq\/hoti-osmanit-e-kurtit-po-tregoni-mungese-respekti-ndaj-izraelit-duke-mos-emeruar-ambasador-atje\/\",\"name\":\"Hoti \u2013 Osmanit e Kurtit: Po tregoni munges\u00eb respekti ndaj Izraelit duke mos em\u00ebruar ambasador atje\",\"isPartOf\":{\"@id\":\"https:\/\/permbledhja.com\/#website\"},\"datePublished\":\"2024-04-14T13:59:46+00:00\",\"dateModified\":\"2024-04-14T13:59:46+00:00\",\"breadcrumb\":{\"@id\":\"https:\/\/permbledhja.com\/sq\/hoti-osmanit-e-kurtit-po-tregoni-mungese-respekti-ndaj-izraelit-duke-mos-emeruar-ambasador-atje\/#breadcrumb\"},\"inLanguage\":\"sq\",\"potentialAction\":[{\"@type\":\"ReadAction\",\"target\":[\"https:\/\/permbledhja.com\/sq\/hoti-osmanit-e-kurtit-po-tregoni-mungese-respekti-ndaj-izraelit-duke-mos-emeruar-ambasador-atje\/\"]}]},{\"@type\":\"BreadcrumbList\",\"@id\":\"https:\/\/permbledhja.com\/sq\/hoti-osmanit-e-kurtit-po-tregoni-mungese-respekti-ndaj-izraelit-duke-mos-emeruar-ambasador-atje\/#breadcrumb\",\"itemListElement\":[{\"@type\":\"ListItem\",\"position\":1,\"name\":\"Ballina\",\"item\":\"https:\/\/permbledhja.com\/sq\/\"},{\"@type\":\"ListItem\",\"position\":2,\"name\":\"Hoti \u2013 Osmanit e Kurtit: Po tregoni munges\u00eb respekti ndaj Izraelit duke mos em\u00ebruar ambasador atje\"}]},{\"@type\":\"WebSite\",\"@id\":\"https:\/\/permbledhja.com\/#website\",\"url\":\"https:\/\/permbledhja.com\/\",\"name\":\"Ve\u00e7 artikuj p\u00ebrmbledh\u00ebs\",\"description\":\"\",\"publisher\":{\"@id\":\"https:\/\/permbledhja.com\/#organization\"},\"potentialAction\":[{\"@type\":\"SearchAction\",\"target\":{\"@type\":\"EntryPoint\",\"urlTemplate\":\"https:\/\/permbledhja.com\/?s={search_term_string}\"},\"query-input\":\"required name=search_term_string\"}],\"inLanguage\":\"sq\"},{\"@type\":\"Organization\",\"@id\":\"https:\/\/permbledhja.com\/#organization\",\"name\":\"MK Media & Pr\",\"url\":\"https:\/\/permbledhja.com\/\",\"logo\":{\"@type\":\"ImageObject\",\"inLanguage\":\"sq\",\"@id\":\"https:\/\/permbledhja.com\/#\/schema\/logo\/image\/\",\"url\":\"https:\/\/permbledhja.com\/wp-content\/uploads\/2021\/12\/07-Press-Logo.jpg\",\"contentUrl\":\"https:\/\/permbledhja.com\/wp-content\/uploads\/2021\/12\/07-Press-Logo.jpg\",\"width\":512,\"height\":512,\"caption\":\"MK Media & Pr\"},\"image\":{\"@id\":\"https:\/\/permbledhja.com\/#\/schema\/logo\/image\/\"},\"sameAs\":[\"https:\/\/www.facebook.com\/press07\/\"]},{\"@type\":\"Person\",\"@id\":\"https:\/\/permbledhja.com\/#\/schema\/person\/9c54260cbc4c6f792cb100550491638c\",\"name\":\"DL\",\"image\":{\"@type\":\"ImageObject\",\"inLanguage\":\"sq\",\"@id\":\"https:\/\/permbledhja.com\/#\/schema\/person\/image\/\",\"url\":\"https:\/\/secure.gravatar.com\/avatar\/94503eb28d4c4b2005a5c8753e35fc80?s=96&d=mm&r=g\",\"contentUrl\":\"https:\/\/secure.gravatar.com\/avatar\/94503eb28d4c4b2005a5c8753e35fc80?s=96&d=mm&r=g\",\"caption\":\"DL\"},\"url\":\"https:\/\/permbledhja.com\/sq\/author\/dl\/\"}]}<\/script>\n<!-- \/ Yoast SEO plugin. -->","yoast_head_json":{"title":"Hoti \u2013 Osmanit e Kurtit: Po tregoni munges\u00eb respekti ndaj Izraelit duke mos em\u00ebruar ambasador atje","robots":{"index":"index","follow":"follow","max-snippet":"max-snippet:-1","max-image-preview":"max-image-preview:large","max-video-preview":"max-video-preview:-1"},"canonical":"https:\/\/permbledhja.com\/sq\/hoti-osmanit-e-kurtit-po-tregoni-mungese-respekti-ndaj-izraelit-duke-mos-emeruar-ambasador-atje\/","og_locale":"sq_AL","og_type":"article","og_title":"Hoti \u2013 Osmanit e Kurtit: Po tregoni munges\u00eb respekti ndaj Izraelit duke mos em\u00ebruar ambasador atje","og_description":"Deputeti i Lidhjes Demokratike t\u00eb Kosov\u00ebs, Avdullah Hoti ka marr\u00eb shkas nga deklaratat e presidentes Vjosa Osmani dhe kryeministrit Albin Kurti, t\u00eb cil\u00ebt e d\u00ebnuan sulmin e paprecedent\u00eb t\u00eb Iranit ndaj Izraelit mbr\u00ebm\u00eb, duke shkruar se \u00ebsht\u00eb munges\u00eb respekti nga Kosova ndaj k\u00ebtij vendi, fakti q\u00eb ende s\u2019ka ambasador atje. Hoti shkroi n\u00eb nj\u00eb postim [&hellip;]","og_url":"https:\/\/permbledhja.com\/sq\/hoti-osmanit-e-kurtit-po-tregoni-mungese-respekti-ndaj-izraelit-duke-mos-emeruar-ambasador-atje\/","og_site_name":"Ve\u00e7 artikuj p\u00ebrmbledh\u00ebs","article_publisher":"https:\/\/www.facebook.com\/press07\/","article_published_time":"2024-04-14T13:59:46+00:00","og_image":[{"width":600,"height":360,"url":"https:\/\/permbledhja.com\/wp-content\/uploads\/2024\/04\/hotii.jpg","type":"image\/jpeg"}],"author":"DL","twitter_card":"summary_large_image","twitter_misc":{"Written by":"DL","Est. reading time":"2 minuta"},"schema":{"@context":"https:\/\/schema.org","@graph":[{"@type":"Article","@id":"https:\/\/permbledhja.com\/sq\/hoti-osmanit-e-kurtit-po-tregoni-mungese-respekti-ndaj-izraelit-duke-mos-emeruar-ambasador-atje\/#article","isPartOf":{"@id":"https:\/\/permbledhja.com\/sq\/hoti-osmanit-e-kurtit-po-tregoni-mungese-respekti-ndaj-izraelit-duke-mos-emeruar-ambasador-atje\/"},"author":{"name":"DL","@id":"https:\/\/permbledhja.com\/#\/schema\/person\/9c54260cbc4c6f792cb100550491638c"},"headline":"Hoti \u2013 Osmanit e Kurtit: Po tregoni munges\u00eb respekti ndaj Izraelit duke mos em\u00ebruar ambasador atje","datePublished":"2024-04-14T13:59:46+00:00","dateModified":"2024-04-14T13:59:46+00:00","mainEntityOfPage":{"@id":"https:\/\/permbledhja.com\/sq\/hoti-osmanit-e-kurtit-po-tregoni-mungese-respekti-ndaj-izraelit-duke-mos-emeruar-ambasador-atje\/"},"wordCount":375,"publisher":{"@id":"https:\/\/permbledhja.com\/#organization"},"articleSection":["T\u00eb r\u00ebnd\u00ebsishme"],"inLanguage":"sq"},{"@type":"WebPage","@id":"https:\/\/permbledhja.com\/sq\/hoti-osmanit-e-kurtit-po-tregoni-mungese-respekti-ndaj-izraelit-duke-mos-emeruar-ambasador-atje\/","url":"https:\/\/permbledhja.com\/sq\/hoti-osmanit-e-kurtit-po-tregoni-mungese-respekti-ndaj-izraelit-duke-mos-emeruar-ambasador-atje\/","name":"Hoti \u2013 Osmanit e Kurtit: Po tregoni munges\u00eb respekti ndaj Izraelit duke mos em\u00ebruar ambasador atje","isPartOf":{"@id":"https:\/\/permbledhja.com\/#website"},"datePublished":"2024-04-14T13:59:46+00:00","dateModified":"2024-04-14T13:59:46+00:00","breadcrumb":{"@id":"https:\/\/permbledhja.com\/sq\/hoti-osmanit-e-kurtit-po-tregoni-mungese-respekti-ndaj-izraelit-duke-mos-emeruar-ambasador-atje\/#breadcrumb"},"inLanguage":"sq","potentialAction":[{"@type":"ReadAction","target":["https:\/\/permbledhja.com\/sq\/hoti-osmanit-e-kurtit-po-tregoni-mungese-respekti-ndaj-izraelit-duke-mos-emeruar-ambasador-atje\/"]}]},{"@type":"BreadcrumbList","@id":"https:\/\/permbledhja.com\/sq\/hoti-osmanit-e-kurtit-po-tregoni-mungese-respekti-ndaj-izraelit-duke-mos-emeruar-ambasador-atje\/#breadcrumb","itemListElement":[{"@type":"ListItem","position":1,"name":"Ballina","item":"https:\/\/permbledhja.com\/sq\/"},{"@type":"ListItem","position":2,"name":"Hoti \u2013 Osmanit e Kurtit: Po tregoni munges\u00eb respekti ndaj Izraelit duke mos em\u00ebruar ambasador atje"}]},{"@type":"WebSite","@id":"https:\/\/permbledhja.com\/#website","url":"https:\/\/permbledhja.com\/","name":"Ve\u00e7 artikuj p\u00ebrmbledh\u00ebs","description":"","publisher":{"@id":"https:\/\/permbledhja.com\/#organization"},"potentialAction":[{"@type":"SearchAction","target":{"@type":"EntryPoint","urlTemplate":"https:\/\/permbledhja.com\/?s={search_term_string}"},"query-input":"required name=search_term_string"}],"inLanguage":"sq"},{"@type":"Organization","@id":"https:\/\/permbledhja.com\/#organization","name":"MK Media & Pr","url":"https:\/\/permbledhja.com\/","logo":{"@type":"ImageObject","inLanguage":"sq","@id":"https:\/\/permbledhja.com\/#\/schema\/logo\/image\/","url":"https:\/\/permbledhja.com\/wp-content\/uploads\/2021\/12\/07-Press-Logo.jpg","contentUrl":"https:\/\/permbledhja.com\/wp-content\/uploads\/2021\/12\/07-Press-Logo.jpg","width":512,"height":512,"caption":"MK Media & Pr"},"image":{"@id":"https:\/\/permbledhja.com\/#\/schema\/logo\/image\/"},"sameAs":["https:\/\/www.facebook.com\/press07\/"]},{"@type":"Person","@id":"https:\/\/permbledhja.com\/#\/schema\/person\/9c54260cbc4c6f792cb100550491638c","name":"DL","image":{"@type":"ImageObject","inLanguage":"sq","@id":"https:\/\/permbledhja.com\/#\/schema\/person\/image\/","url":"https:\/\/secure.gravatar.com\/avatar\/94503eb28d4c4b2005a5c8753e35fc80?s=96&d=mm&r=g","contentUrl":"https:\/\/secure.gravatar.com\/avatar\/94503eb28d4c4b2005a5c8753e35fc80?s=96&d=mm&r=g","caption":"DL"},"url":"https:\/\/permbledhja.com\/sq\/author\/dl\/"}]}},"_links":{"self":[{"href":"https:\/\/permbledhja.com\/sq\/wp-json\/wp\/v2\/posts\/56251"}],"collection":[{"href":"https:\/\/permbledhja.com\/sq\/wp-json\/wp\/v2\/posts"}],"about":[{"href":"https:\/\/permbledhja.com\/sq\/wp-json\/wp\/v2\/types\/post"}],"author":[{"embeddable":true,"href":"https:\/\/permbledhja.com\/sq\/wp-json\/wp\/v2\/users\/5"}],"replies":[{"embeddable":true,"href":"https:\/\/permbledhja.com\/sq\/wp-json\/wp\/v2\/comments?post=56251"}],"version-history":[{"count":1,"href":"https:\/\/permbledhja.com\/sq\/wp-json\/wp\/v2\/posts\/56251\/revisions"}],"predecessor-version":[{"id":56254,"href":"https:\/\/permbledhja.com\/sq\/wp-json\/wp\/v2\/posts\/56251\/revisions\/56254"}],"wp:featuredmedia":[{"embeddable":true,"href":"https:\/\/permbledhja.com\/sq\/wp-json\/wp\/v2\/media\/56253"}],"wp:attachment":[{"href":"https:\/\/permbledhja.com\/sq\/wp-json\/wp\/v2\/media?parent=56251"}],"wp:term":[{"taxonomy":"category","embeddable":true,"href":"https:\/\/permbledhja.com\/sq\/wp-json\/wp\/v2\/categories?post=56251"},{"taxonomy":"post_tag","embeddable":true,"href":"https:\/\/permbledhja.com\/sq\/wp-json\/wp\/v2\/tags?post=56251"}],"curies":[{"name":"wp","href":"https:\/\/api.w.org\/{rel}","templated":true}]}}