{"id":56248,"date":"2024-04-14T13:52:34","date_gmt":"2024-04-14T13:52:34","guid":{"rendered":"https:\/\/permbledhja.com\/?p=56248"},"modified":"2024-04-14T13:52:34","modified_gmt":"2024-04-14T13:52:34","slug":"zjarri-ne-fabriken-ne-kerpimeh-te-podujeves-policia-jep-detaje","status":"publish","type":"post","link":"https:\/\/permbledhja.com\/sq\/zjarri-ne-fabriken-ne-kerpimeh-te-podujeves-policia-jep-detaje\/","title":{"rendered":"Zjarri n\u00eb fabrik\u00ebn n\u00eb K\u00ebrpimeh t\u00eb Podujev\u00ebs, Policia jep detaje"},"content":{"rendered":"<h3><strong>Policia e Kosov\u00ebs ka dh\u00ebn\u00eb detaje p\u00ebr zjarrin q\u00eb e ka p\u00ebrfshir\u00eb sot nj\u00eb fabrik\u00eb n\u00eb fshatin K\u00ebrpimeh t\u00eb Podujev\u00ebs.<\/strong><\/h3>\n<p>Z\u00ebdh\u00ebn\u00ebsja e Policis\u00eb p\u00ebr rajonin e Prishtin\u00ebs, Flora Ahmeti, tha se zjarrfik\u00ebsit dhe policia jan\u00eb n\u00eb vendin e ngjarjes dhe po merren me rastin.<\/p>\n<p>\u201cSot rreth or\u00ebs 11:00, kemi pranuar informat\u00ebn p\u00ebr nj\u00eb incident zjarri n\u00eb nj\u00eb fabrik\u00eb n\u00eb fshatin K\u00ebrpimeh t\u00eb Podujev\u00ebs. N\u00eb vendngjarje jan\u00eb zjarrfiksit dhe policia t\u00eb cil\u00ebt po merren me rastin. P\u00ebr detaje njoftoheni me koh\u00eb.\u201d<\/p>\n","protected":false},"excerpt":{"rendered":"<p>Policia e Kosov\u00ebs ka dh\u00ebn\u00eb detaje p\u00ebr zjarrin q\u00eb e ka p\u00ebrfshir\u00eb sot nj\u00eb fabrik\u00eb n\u00eb fshatin K\u00ebrpimeh t\u00eb Podujev\u00ebs. Z\u00ebdh\u00ebn\u00ebsja e Policis\u00eb p\u00ebr rajonin e Prishtin\u00ebs, Flora Ahmeti, tha se zjarrfik\u00ebsit dhe policia jan\u00eb n\u00eb vendin e ngjarjes dhe po merren me rastin. \u201cSot rreth or\u00ebs 11:00, kemi pranuar informat\u00ebn p\u00ebr nj\u00eb incident zjarri [&hellip;]<\/p>\n","protected":false},"author":5,"featured_media":56249,"comment_status":"closed","ping_status":"closed","sticky":false,"template":"","format":"standard","meta":{"_monsterinsights_skip_tracking":false,"_monsterinsights_sitenote_active":false,"_monsterinsights_sitenote_note":"","_monsterinsights_sitenote_category":0,"_uf_show_specific_survey":0,"_uf_disable_surveys":false,"footnotes":""},"categories":[15],"tags":[],"yoast_head":"<!-- This site is optimized with the Yoast SEO plugin v21.5 - https:\/\/yoast.com\/wordpress\/plugins\/seo\/ -->\n<title>Zjarri n\u00eb fabrik\u00ebn n\u00eb K\u00ebrpimeh t\u00eb Podujev\u00ebs, Policia jep detaje<\/title>\n<meta name=\"robots\" content=\"index, follow, max-snippet:-1, max-image-preview:large, max-video-preview:-1\" \/>\n<link rel=\"canonical\" href=\"https:\/\/permbledhja.com\/sq\/zjarri-ne-fabriken-ne-kerpimeh-te-podujeves-policia-jep-detaje\/\" \/>\n<meta property=\"og:locale\" content=\"sq_AL\" \/>\n<meta property=\"og:type\" content=\"article\" \/>\n<meta property=\"og:title\" content=\"Zjarri n\u00eb fabrik\u00ebn n\u00eb K\u00ebrpimeh t\u00eb Podujev\u00ebs, Policia jep detaje\" \/>\n<meta property=\"og:description\" content=\"Policia e Kosov\u00ebs ka dh\u00ebn\u00eb detaje p\u00ebr zjarrin q\u00eb e ka p\u00ebrfshir\u00eb sot nj\u00eb fabrik\u00eb n\u00eb fshatin K\u00ebrpimeh t\u00eb Podujev\u00ebs. Z\u00ebdh\u00ebn\u00ebsja e Policis\u00eb p\u00ebr rajonin e Prishtin\u00ebs, Flora Ahmeti, tha se zjarrfik\u00ebsit dhe policia jan\u00eb n\u00eb vendin e ngjarjes dhe po merren me rastin. \u201cSot rreth or\u00ebs 11:00, kemi pranuar informat\u00ebn p\u00ebr nj\u00eb incident zjarri [&hellip;]\" \/>\n<meta property=\"og:url\" content=\"https:\/\/permbledhja.com\/sq\/zjarri-ne-fabriken-ne-kerpimeh-te-podujeves-policia-jep-detaje\/\" \/>\n<meta property=\"og:site_name\" content=\"Ve\u00e7 artikuj p\u00ebrmbledh\u00ebs\" \/>\n<meta property=\"article:publisher\" content=\"https:\/\/www.facebook.com\/press07\/\" \/>\n<meta property=\"article:published_time\" content=\"2024-04-14T13:52:34+00:00\" \/>\n<meta property=\"og:image\" content=\"https:\/\/permbledhja.com\/wp-content\/uploads\/2024\/04\/zjj.png\" \/>\n\t<meta property=\"og:image:width\" content=\"600\" \/>\n\t<meta property=\"og:image:height\" content=\"360\" \/>\n\t<meta property=\"og:image:type\" content=\"image\/png\" \/>\n<meta name=\"author\" content=\"DL\" \/>\n<meta name=\"twitter:card\" content=\"summary_large_image\" \/>\n<meta name=\"twitter:label1\" content=\"Written by\" \/>\n\t<meta name=\"twitter:data1\" content=\"DL\" \/>\n\t<meta name=\"twitter:label2\" content=\"Est. reading time\" \/>\n\t<meta name=\"twitter:data2\" content=\"1 minut\u00eb\" \/>\n<script type=\"application\/ld+json\" class=\"yoast-schema-graph\">{\"@context\":\"https:\/\/schema.org\",\"@graph\":[{\"@type\":\"Article\",\"@id\":\"https:\/\/permbledhja.com\/sq\/zjarri-ne-fabriken-ne-kerpimeh-te-podujeves-policia-jep-detaje\/#article\",\"isPartOf\":{\"@id\":\"https:\/\/permbledhja.com\/sq\/zjarri-ne-fabriken-ne-kerpimeh-te-podujeves-policia-jep-detaje\/\"},\"author\":{\"name\":\"DL\",\"@id\":\"https:\/\/permbledhja.com\/#\/schema\/person\/9c54260cbc4c6f792cb100550491638c\"},\"headline\":\"Zjarri n\u00eb fabrik\u00ebn n\u00eb K\u00ebrpimeh t\u00eb Podujev\u00ebs, Policia jep detaje\",\"datePublished\":\"2024-04-14T13:52:34+00:00\",\"dateModified\":\"2024-04-14T13:52:34+00:00\",\"mainEntityOfPage\":{\"@id\":\"https:\/\/permbledhja.com\/sq\/zjarri-ne-fabriken-ne-kerpimeh-te-podujeves-policia-jep-detaje\/\"},\"wordCount\":111,\"publisher\":{\"@id\":\"https:\/\/permbledhja.com\/#organization\"},\"articleSection\":[\"Lajme\"],\"inLanguage\":\"sq\"},{\"@type\":\"WebPage\",\"@id\":\"https:\/\/permbledhja.com\/sq\/zjarri-ne-fabriken-ne-kerpimeh-te-podujeves-policia-jep-detaje\/\",\"url\":\"https:\/\/permbledhja.com\/sq\/zjarri-ne-fabriken-ne-kerpimeh-te-podujeves-policia-jep-detaje\/\",\"name\":\"Zjarri n\u00eb fabrik\u00ebn n\u00eb K\u00ebrpimeh t\u00eb Podujev\u00ebs, Policia jep detaje\",\"isPartOf\":{\"@id\":\"https:\/\/permbledhja.com\/#website\"},\"datePublished\":\"2024-04-14T13:52:34+00:00\",\"dateModified\":\"2024-04-14T13:52:34+00:00\",\"breadcrumb\":{\"@id\":\"https:\/\/permbledhja.com\/sq\/zjarri-ne-fabriken-ne-kerpimeh-te-podujeves-policia-jep-detaje\/#breadcrumb\"},\"inLanguage\":\"sq\",\"potentialAction\":[{\"@type\":\"ReadAction\",\"target\":[\"https:\/\/permbledhja.com\/sq\/zjarri-ne-fabriken-ne-kerpimeh-te-podujeves-policia-jep-detaje\/\"]}]},{\"@type\":\"BreadcrumbList\",\"@id\":\"https:\/\/permbledhja.com\/sq\/zjarri-ne-fabriken-ne-kerpimeh-te-podujeves-policia-jep-detaje\/#breadcrumb\",\"itemListElement\":[{\"@type\":\"ListItem\",\"position\":1,\"name\":\"Ballina\",\"item\":\"https:\/\/permbledhja.com\/sq\/\"},{\"@type\":\"ListItem\",\"position\":2,\"name\":\"Zjarri n\u00eb fabrik\u00ebn n\u00eb K\u00ebrpimeh t\u00eb Podujev\u00ebs, Policia jep detaje\"}]},{\"@type\":\"WebSite\",\"@id\":\"https:\/\/permbledhja.com\/#website\",\"url\":\"https:\/\/permbledhja.com\/\",\"name\":\"Ve\u00e7 artikuj p\u00ebrmbledh\u00ebs\",\"description\":\"\",\"publisher\":{\"@id\":\"https:\/\/permbledhja.com\/#organization\"},\"potentialAction\":[{\"@type\":\"SearchAction\",\"target\":{\"@type\":\"EntryPoint\",\"urlTemplate\":\"https:\/\/permbledhja.com\/?s={search_term_string}\"},\"query-input\":\"required name=search_term_string\"}],\"inLanguage\":\"sq\"},{\"@type\":\"Organization\",\"@id\":\"https:\/\/permbledhja.com\/#organization\",\"name\":\"MK Media & Pr\",\"url\":\"https:\/\/permbledhja.com\/\",\"logo\":{\"@type\":\"ImageObject\",\"inLanguage\":\"sq\",\"@id\":\"https:\/\/permbledhja.com\/#\/schema\/logo\/image\/\",\"url\":\"https:\/\/permbledhja.com\/wp-content\/uploads\/2021\/12\/07-Press-Logo.jpg\",\"contentUrl\":\"https:\/\/permbledhja.com\/wp-content\/uploads\/2021\/12\/07-Press-Logo.jpg\",\"width\":512,\"height\":512,\"caption\":\"MK Media & Pr\"},\"image\":{\"@id\":\"https:\/\/permbledhja.com\/#\/schema\/logo\/image\/\"},\"sameAs\":[\"https:\/\/www.facebook.com\/press07\/\"]},{\"@type\":\"Person\",\"@id\":\"https:\/\/permbledhja.com\/#\/schema\/person\/9c54260cbc4c6f792cb100550491638c\",\"name\":\"DL\",\"image\":{\"@type\":\"ImageObject\",\"inLanguage\":\"sq\",\"@id\":\"https:\/\/permbledhja.com\/#\/schema\/person\/image\/\",\"url\":\"https:\/\/secure.gravatar.com\/avatar\/94503eb28d4c4b2005a5c8753e35fc80?s=96&d=mm&r=g\",\"contentUrl\":\"https:\/\/secure.gravatar.com\/avatar\/94503eb28d4c4b2005a5c8753e35fc80?s=96&d=mm&r=g\",\"caption\":\"DL\"},\"url\":\"https:\/\/permbledhja.com\/sq\/author\/dl\/\"}]}<\/script>\n<!-- \/ Yoast SEO plugin. -->","yoast_head_json":{"title":"Zjarri n\u00eb fabrik\u00ebn n\u00eb K\u00ebrpimeh t\u00eb Podujev\u00ebs, Policia jep detaje","robots":{"index":"index","follow":"follow","max-snippet":"max-snippet:-1","max-image-preview":"max-image-preview:large","max-video-preview":"max-video-preview:-1"},"canonical":"https:\/\/permbledhja.com\/sq\/zjarri-ne-fabriken-ne-kerpimeh-te-podujeves-policia-jep-detaje\/","og_locale":"sq_AL","og_type":"article","og_title":"Zjarri n\u00eb fabrik\u00ebn n\u00eb K\u00ebrpimeh t\u00eb Podujev\u00ebs, Policia jep detaje","og_description":"Policia e Kosov\u00ebs ka dh\u00ebn\u00eb detaje p\u00ebr zjarrin q\u00eb e ka p\u00ebrfshir\u00eb sot nj\u00eb fabrik\u00eb n\u00eb fshatin K\u00ebrpimeh t\u00eb Podujev\u00ebs. Z\u00ebdh\u00ebn\u00ebsja e Policis\u00eb p\u00ebr rajonin e Prishtin\u00ebs, Flora Ahmeti, tha se zjarrfik\u00ebsit dhe policia jan\u00eb n\u00eb vendin e ngjarjes dhe po merren me rastin. \u201cSot rreth or\u00ebs 11:00, kemi pranuar informat\u00ebn p\u00ebr nj\u00eb incident zjarri [&hellip;]","og_url":"https:\/\/permbledhja.com\/sq\/zjarri-ne-fabriken-ne-kerpimeh-te-podujeves-policia-jep-detaje\/","og_site_name":"Ve\u00e7 artikuj p\u00ebrmbledh\u00ebs","article_publisher":"https:\/\/www.facebook.com\/press07\/","article_published_time":"2024-04-14T13:52:34+00:00","og_image":[{"width":600,"height":360,"url":"https:\/\/permbledhja.com\/wp-content\/uploads\/2024\/04\/zjj.png","type":"image\/png"}],"author":"DL","twitter_card":"summary_large_image","twitter_misc":{"Written by":"DL","Est. reading time":"1 minut\u00eb"},"schema":{"@context":"https:\/\/schema.org","@graph":[{"@type":"Article","@id":"https:\/\/permbledhja.com\/sq\/zjarri-ne-fabriken-ne-kerpimeh-te-podujeves-policia-jep-detaje\/#article","isPartOf":{"@id":"https:\/\/permbledhja.com\/sq\/zjarri-ne-fabriken-ne-kerpimeh-te-podujeves-policia-jep-detaje\/"},"author":{"name":"DL","@id":"https:\/\/permbledhja.com\/#\/schema\/person\/9c54260cbc4c6f792cb100550491638c"},"headline":"Zjarri n\u00eb fabrik\u00ebn n\u00eb K\u00ebrpimeh t\u00eb Podujev\u00ebs, Policia jep detaje","datePublished":"2024-04-14T13:52:34+00:00","dateModified":"2024-04-14T13:52:34+00:00","mainEntityOfPage":{"@id":"https:\/\/permbledhja.com\/sq\/zjarri-ne-fabriken-ne-kerpimeh-te-podujeves-policia-jep-detaje\/"},"wordCount":111,"publisher":{"@id":"https:\/\/permbledhja.com\/#organization"},"articleSection":["Lajme"],"inLanguage":"sq"},{"@type":"WebPage","@id":"https:\/\/permbledhja.com\/sq\/zjarri-ne-fabriken-ne-kerpimeh-te-podujeves-policia-jep-detaje\/","url":"https:\/\/permbledhja.com\/sq\/zjarri-ne-fabriken-ne-kerpimeh-te-podujeves-policia-jep-detaje\/","name":"Zjarri n\u00eb fabrik\u00ebn n\u00eb K\u00ebrpimeh t\u00eb Podujev\u00ebs, Policia jep detaje","isPartOf":{"@id":"https:\/\/permbledhja.com\/#website"},"datePublished":"2024-04-14T13:52:34+00:00","dateModified":"2024-04-14T13:52:34+00:00","breadcrumb":{"@id":"https:\/\/permbledhja.com\/sq\/zjarri-ne-fabriken-ne-kerpimeh-te-podujeves-policia-jep-detaje\/#breadcrumb"},"inLanguage":"sq","potentialAction":[{"@type":"ReadAction","target":["https:\/\/permbledhja.com\/sq\/zjarri-ne-fabriken-ne-kerpimeh-te-podujeves-policia-jep-detaje\/"]}]},{"@type":"BreadcrumbList","@id":"https:\/\/permbledhja.com\/sq\/zjarri-ne-fabriken-ne-kerpimeh-te-podujeves-policia-jep-detaje\/#breadcrumb","itemListElement":[{"@type":"ListItem","position":1,"name":"Ballina","item":"https:\/\/permbledhja.com\/sq\/"},{"@type":"ListItem","position":2,"name":"Zjarri n\u00eb fabrik\u00ebn n\u00eb K\u00ebrpimeh t\u00eb Podujev\u00ebs, Policia jep detaje"}]},{"@type":"WebSite","@id":"https:\/\/permbledhja.com\/#website","url":"https:\/\/permbledhja.com\/","name":"Ve\u00e7 artikuj p\u00ebrmbledh\u00ebs","description":"","publisher":{"@id":"https:\/\/permbledhja.com\/#organization"},"potentialAction":[{"@type":"SearchAction","target":{"@type":"EntryPoint","urlTemplate":"https:\/\/permbledhja.com\/?s={search_term_string}"},"query-input":"required name=search_term_string"}],"inLanguage":"sq"},{"@type":"Organization","@id":"https:\/\/permbledhja.com\/#organization","name":"MK Media & Pr","url":"https:\/\/permbledhja.com\/","logo":{"@type":"ImageObject","inLanguage":"sq","@id":"https:\/\/permbledhja.com\/#\/schema\/logo\/image\/","url":"https:\/\/permbledhja.com\/wp-content\/uploads\/2021\/12\/07-Press-Logo.jpg","contentUrl":"https:\/\/permbledhja.com\/wp-content\/uploads\/2021\/12\/07-Press-Logo.jpg","width":512,"height":512,"caption":"MK Media & Pr"},"image":{"@id":"https:\/\/permbledhja.com\/#\/schema\/logo\/image\/"},"sameAs":["https:\/\/www.facebook.com\/press07\/"]},{"@type":"Person","@id":"https:\/\/permbledhja.com\/#\/schema\/person\/9c54260cbc4c6f792cb100550491638c","name":"DL","image":{"@type":"ImageObject","inLanguage":"sq","@id":"https:\/\/permbledhja.com\/#\/schema\/person\/image\/","url":"https:\/\/secure.gravatar.com\/avatar\/94503eb28d4c4b2005a5c8753e35fc80?s=96&d=mm&r=g","contentUrl":"https:\/\/secure.gravatar.com\/avatar\/94503eb28d4c4b2005a5c8753e35fc80?s=96&d=mm&r=g","caption":"DL"},"url":"https:\/\/permbledhja.com\/sq\/author\/dl\/"}]}},"_links":{"self":[{"href":"https:\/\/permbledhja.com\/sq\/wp-json\/wp\/v2\/posts\/56248"}],"collection":[{"href":"https:\/\/permbledhja.com\/sq\/wp-json\/wp\/v2\/posts"}],"about":[{"href":"https:\/\/permbledhja.com\/sq\/wp-json\/wp\/v2\/types\/post"}],"author":[{"embeddable":true,"href":"https:\/\/permbledhja.com\/sq\/wp-json\/wp\/v2\/users\/5"}],"replies":[{"embeddable":true,"href":"https:\/\/permbledhja.com\/sq\/wp-json\/wp\/v2\/comments?post=56248"}],"version-history":[{"count":1,"href":"https:\/\/permbledhja.com\/sq\/wp-json\/wp\/v2\/posts\/56248\/revisions"}],"predecessor-version":[{"id":56250,"href":"https:\/\/permbledhja.com\/sq\/wp-json\/wp\/v2\/posts\/56248\/revisions\/56250"}],"wp:featuredmedia":[{"embeddable":true,"href":"https:\/\/permbledhja.com\/sq\/wp-json\/wp\/v2\/media\/56249"}],"wp:attachment":[{"href":"https:\/\/permbledhja.com\/sq\/wp-json\/wp\/v2\/media?parent=56248"}],"wp:term":[{"taxonomy":"category","embeddable":true,"href":"https:\/\/permbledhja.com\/sq\/wp-json\/wp\/v2\/categories?post=56248"},{"taxonomy":"post_tag","embeddable":true,"href":"https:\/\/permbledhja.com\/sq\/wp-json\/wp\/v2\/tags?post=56248"}],"curies":[{"name":"wp","href":"https:\/\/api.w.org\/{rel}","templated":true}]}}