{"id":56027,"date":"2024-04-12T19:15:34","date_gmt":"2024-04-12T19:15:34","guid":{"rendered":"https:\/\/permbledhja.com\/?p=56027"},"modified":"2024-04-12T19:15:34","modified_gmt":"2024-04-12T19:15:34","slug":"zana-avdiu-heq-dilemat-e-popullit-kam-pase-te-dashur-edhe-kam-momentalisht","status":"publish","type":"post","link":"https:\/\/permbledhja.com\/sq\/zana-avdiu-heq-dilemat-e-popullit-kam-pase-te-dashur-edhe-kam-momentalisht\/","title":{"rendered":"Zana Avdiu heq dilemat e &#8220;popullit&#8221;: Kam pas\u00eb t\u00eb dashur, edhe kam momentalisht"},"content":{"rendered":"<p><strong>\u00cbsht\u00eb nj\u00eb nga emrat m\u00eb t\u00eb komentuar n\u00eb rrjetet sociale.<\/strong><\/p>\n<p>B\u00ebhet fjal\u00eb p\u00ebr aktivisten dhe moderatoren Zana Avdiu. Shpeshher\u00eb komentuesit n\u00eb t\u00eb gjith\u00eb platformat e kan\u00eb pyetur at\u00eb n\u00ebse ka t\u00eb dashur, apo edhe ka pasur n\u00eb t\u00eb kaluar\u00ebn.<\/p>\n<p>K\u00ebto dilema Avdiu i hoqi n\u00eb emisionin Sante me Miranda Shala, prodhim i Gazet\u00ebs Paparaci.<\/p>\n<p>Mysafirja u detyrua nga gazetarja Shala q\u00eb ta p\u00ebrs\u00ebris\u00eb ngadal\u00eb p\u00ebrgjigjen, n\u00eb m\u00ebnyr\u00eb q\u00eb shikuesve mos t&#8217;u ik\u00eb asgj\u00eb.<\/p>\n<p>Dhe si\u00e7 edhe mund ta d\u00ebgjoni, ajo ka pasur t\u00eb dashur n\u00eb t\u00eb kaluar\u00ebn dhe ka momentalisht.<\/p>\n<p>P\u00ebr m\u00eb tep\u00ebr, ndiqeni pjes\u00ebn p\u00ebrkat\u00ebse:<\/p>\n<p><iframe loading=\"lazy\" style=\"border: none; overflow: hidden;\" src=\"https:\/\/www.facebook.com\/plugins\/video.php?height=314&amp;href=https%3A%2F%2Fwww.facebook.com%2Fvideopaparaci%2Fvideos%2F383286304676929%2F&amp;show_text=true&amp;width=560&amp;t=0\" width=\"560\" height=\"429\" frameborder=\"0\" scrolling=\"no\" allowfullscreen=\"allowfullscreen\" data-mce-fragment=\"1\"><\/iframe><\/p>\n","protected":false},"excerpt":{"rendered":"<p>\u00cbsht\u00eb nj\u00eb nga emrat m\u00eb t\u00eb komentuar n\u00eb rrjetet sociale. B\u00ebhet fjal\u00eb p\u00ebr aktivisten dhe moderatoren Zana Avdiu. Shpeshher\u00eb komentuesit n\u00eb t\u00eb gjith\u00eb platformat e kan\u00eb pyetur at\u00eb n\u00ebse ka t\u00eb dashur, apo edhe ka pasur n\u00eb t\u00eb kaluar\u00ebn. K\u00ebto dilema Avdiu i hoqi n\u00eb emisionin Sante me Miranda Shala, prodhim i Gazet\u00ebs Paparaci. Mysafirja [&hellip;]<\/p>\n","protected":false},"author":1,"featured_media":1271,"comment_status":"closed","ping_status":"closed","sticky":false,"template":"","format":"standard","meta":{"_monsterinsights_skip_tracking":false,"_monsterinsights_sitenote_active":false,"_monsterinsights_sitenote_note":"","_monsterinsights_sitenote_category":0,"_uf_show_specific_survey":0,"_uf_disable_surveys":false,"footnotes":""},"categories":[2660,19],"tags":[1188],"yoast_head":"<!-- This site is optimized with the Yoast SEO plugin v21.5 - https:\/\/yoast.com\/wordpress\/plugins\/seo\/ -->\n<title>Zana Avdiu heq dilemat e &quot;popullit&quot;: Kam pas\u00eb t\u00eb dashur, edhe kam momentalisht<\/title>\n<meta name=\"robots\" content=\"index, follow, max-snippet:-1, max-image-preview:large, max-video-preview:-1\" \/>\n<link rel=\"canonical\" href=\"https:\/\/permbledhja.com\/sq\/zana-avdiu-heq-dilemat-e-popullit-kam-pase-te-dashur-edhe-kam-momentalisht\/\" \/>\n<meta property=\"og:locale\" content=\"sq_AL\" \/>\n<meta property=\"og:type\" content=\"article\" \/>\n<meta property=\"og:title\" content=\"Zana Avdiu heq dilemat e &quot;popullit&quot;: Kam pas\u00eb t\u00eb dashur, edhe kam momentalisht\" \/>\n<meta property=\"og:description\" content=\"\u00cbsht\u00eb nj\u00eb nga emrat m\u00eb t\u00eb komentuar n\u00eb rrjetet sociale. B\u00ebhet fjal\u00eb p\u00ebr aktivisten dhe moderatoren Zana Avdiu. Shpeshher\u00eb komentuesit n\u00eb t\u00eb gjith\u00eb platformat e kan\u00eb pyetur at\u00eb n\u00ebse ka t\u00eb dashur, apo edhe ka pasur n\u00eb t\u00eb kaluar\u00ebn. K\u00ebto dilema Avdiu i hoqi n\u00eb emisionin Sante me Miranda Shala, prodhim i Gazet\u00ebs Paparaci. Mysafirja [&hellip;]\" \/>\n<meta property=\"og:url\" content=\"https:\/\/permbledhja.com\/sq\/zana-avdiu-heq-dilemat-e-popullit-kam-pase-te-dashur-edhe-kam-momentalisht\/\" \/>\n<meta property=\"og:site_name\" content=\"Ve\u00e7 artikuj p\u00ebrmbledh\u00ebs\" \/>\n<meta property=\"article:publisher\" content=\"https:\/\/www.facebook.com\/press07\/\" \/>\n<meta property=\"article:author\" content=\"https:\/\/www.facebook.com\/kafexhiu.muharrem\/\" \/>\n<meta property=\"article:published_time\" content=\"2024-04-12T19:15:34+00:00\" \/>\n<meta property=\"og:image\" content=\"https:\/\/permbledhja.com\/wp-content\/uploads\/2022\/07\/Zana-Avdiu.png\" \/>\n\t<meta property=\"og:image:width\" content=\"807\" \/>\n\t<meta property=\"og:image:height\" content=\"503\" \/>\n\t<meta property=\"og:image:type\" content=\"image\/png\" \/>\n<meta name=\"author\" content=\"P\u00ebrmbledhja\" \/>\n<meta name=\"twitter:card\" content=\"summary_large_image\" \/>\n<meta name=\"twitter:label1\" content=\"Written by\" \/>\n\t<meta name=\"twitter:data1\" content=\"P\u00ebrmbledhja\" \/>\n<script type=\"application\/ld+json\" class=\"yoast-schema-graph\">{\"@context\":\"https:\/\/schema.org\",\"@graph\":[{\"@type\":\"Article\",\"@id\":\"https:\/\/permbledhja.com\/zana-avdiu-heq-dilemat-e-popullit-kam-pase-te-dashur-edhe-kam-momentalisht\/#article\",\"isPartOf\":{\"@id\":\"https:\/\/permbledhja.com\/zana-avdiu-heq-dilemat-e-popullit-kam-pase-te-dashur-edhe-kam-momentalisht\/\"},\"author\":{\"name\":\"P\u00ebrmbledhja\",\"@id\":\"https:\/\/permbledhja.com\/#\/schema\/person\/0d064377258d3221e50693947b9eb4fe\"},\"headline\":\"Zana Avdiu heq dilemat e &#8220;popullit&#8221;: Kam pas\u00eb t\u00eb dashur, edhe kam momentalisht\",\"datePublished\":\"2024-04-12T19:15:34+00:00\",\"dateModified\":\"2024-04-12T19:15:34+00:00\",\"mainEntityOfPage\":{\"@id\":\"https:\/\/permbledhja.com\/zana-avdiu-heq-dilemat-e-popullit-kam-pase-te-dashur-edhe-kam-momentalisht\/\"},\"wordCount\":126,\"publisher\":{\"@id\":\"https:\/\/permbledhja.com\/#organization\"},\"keywords\":[\"Zana Avdiu\"],\"articleSection\":[\"Entertainment\",\"Showbiz\"],\"inLanguage\":\"sq\"},{\"@type\":\"WebPage\",\"@id\":\"https:\/\/permbledhja.com\/zana-avdiu-heq-dilemat-e-popullit-kam-pase-te-dashur-edhe-kam-momentalisht\/\",\"url\":\"https:\/\/permbledhja.com\/zana-avdiu-heq-dilemat-e-popullit-kam-pase-te-dashur-edhe-kam-momentalisht\/\",\"name\":\"Zana Avdiu heq dilemat e \\\"popullit\\\": Kam pas\u00eb t\u00eb dashur, edhe kam momentalisht\",\"isPartOf\":{\"@id\":\"https:\/\/permbledhja.com\/#website\"},\"datePublished\":\"2024-04-12T19:15:34+00:00\",\"dateModified\":\"2024-04-12T19:15:34+00:00\",\"breadcrumb\":{\"@id\":\"https:\/\/permbledhja.com\/zana-avdiu-heq-dilemat-e-popullit-kam-pase-te-dashur-edhe-kam-momentalisht\/#breadcrumb\"},\"inLanguage\":\"sq\",\"potentialAction\":[{\"@type\":\"ReadAction\",\"target\":[\"https:\/\/permbledhja.com\/zana-avdiu-heq-dilemat-e-popullit-kam-pase-te-dashur-edhe-kam-momentalisht\/\"]}]},{\"@type\":\"BreadcrumbList\",\"@id\":\"https:\/\/permbledhja.com\/zana-avdiu-heq-dilemat-e-popullit-kam-pase-te-dashur-edhe-kam-momentalisht\/#breadcrumb\",\"itemListElement\":[{\"@type\":\"ListItem\",\"position\":1,\"name\":\"Ballina\",\"item\":\"https:\/\/permbledhja.com\/sq\/\"},{\"@type\":\"ListItem\",\"position\":2,\"name\":\"Zana Avdiu heq dilemat e &#8220;popullit&#8221;: Kam pas\u00eb t\u00eb dashur, edhe kam momentalisht\"}]},{\"@type\":\"WebSite\",\"@id\":\"https:\/\/permbledhja.com\/#website\",\"url\":\"https:\/\/permbledhja.com\/\",\"name\":\"Ve\u00e7 artikuj p\u00ebrmbledh\u00ebs\",\"description\":\"\",\"publisher\":{\"@id\":\"https:\/\/permbledhja.com\/#organization\"},\"potentialAction\":[{\"@type\":\"SearchAction\",\"target\":{\"@type\":\"EntryPoint\",\"urlTemplate\":\"https:\/\/permbledhja.com\/?s={search_term_string}\"},\"query-input\":\"required name=search_term_string\"}],\"inLanguage\":\"sq\"},{\"@type\":\"Organization\",\"@id\":\"https:\/\/permbledhja.com\/#organization\",\"name\":\"MK Media & Pr\",\"url\":\"https:\/\/permbledhja.com\/\",\"logo\":{\"@type\":\"ImageObject\",\"inLanguage\":\"sq\",\"@id\":\"https:\/\/permbledhja.com\/#\/schema\/logo\/image\/\",\"url\":\"https:\/\/permbledhja.com\/wp-content\/uploads\/2021\/12\/07-Press-Logo.jpg\",\"contentUrl\":\"https:\/\/permbledhja.com\/wp-content\/uploads\/2021\/12\/07-Press-Logo.jpg\",\"width\":512,\"height\":512,\"caption\":\"MK Media & Pr\"},\"image\":{\"@id\":\"https:\/\/permbledhja.com\/#\/schema\/logo\/image\/\"},\"sameAs\":[\"https:\/\/www.facebook.com\/press07\/\"]},{\"@type\":\"Person\",\"@id\":\"https:\/\/permbledhja.com\/#\/schema\/person\/0d064377258d3221e50693947b9eb4fe\",\"name\":\"P\u00ebrmbledhja\",\"image\":{\"@type\":\"ImageObject\",\"inLanguage\":\"sq\",\"@id\":\"https:\/\/permbledhja.com\/#\/schema\/person\/image\/\",\"url\":\"https:\/\/permbledhja.com\/wp-content\/uploads\/2026\/01\/452004717_1040944174702970_8932037511805513407_n-96x96.jpg\",\"contentUrl\":\"https:\/\/permbledhja.com\/wp-content\/uploads\/2026\/01\/452004717_1040944174702970_8932037511805513407_n-96x96.jpg\",\"caption\":\"P\u00ebrmbledhja\"},\"sameAs\":[\"https:\/\/www.facebook.com\/kafexhiu.muharrem\/\",\"https:\/\/www.instagram.com\/muharrem_kafexhiu\/\"],\"url\":\"https:\/\/permbledhja.com\/sq\/author\/admin\/\"}]}<\/script>\n<!-- \/ Yoast SEO plugin. -->","yoast_head_json":{"title":"Zana Avdiu heq dilemat e \"popullit\": Kam pas\u00eb t\u00eb dashur, edhe kam momentalisht","robots":{"index":"index","follow":"follow","max-snippet":"max-snippet:-1","max-image-preview":"max-image-preview:large","max-video-preview":"max-video-preview:-1"},"canonical":"https:\/\/permbledhja.com\/sq\/zana-avdiu-heq-dilemat-e-popullit-kam-pase-te-dashur-edhe-kam-momentalisht\/","og_locale":"sq_AL","og_type":"article","og_title":"Zana Avdiu heq dilemat e \"popullit\": Kam pas\u00eb t\u00eb dashur, edhe kam momentalisht","og_description":"\u00cbsht\u00eb nj\u00eb nga emrat m\u00eb t\u00eb komentuar n\u00eb rrjetet sociale. B\u00ebhet fjal\u00eb p\u00ebr aktivisten dhe moderatoren Zana Avdiu. Shpeshher\u00eb komentuesit n\u00eb t\u00eb gjith\u00eb platformat e kan\u00eb pyetur at\u00eb n\u00ebse ka t\u00eb dashur, apo edhe ka pasur n\u00eb t\u00eb kaluar\u00ebn. K\u00ebto dilema Avdiu i hoqi n\u00eb emisionin Sante me Miranda Shala, prodhim i Gazet\u00ebs Paparaci. Mysafirja [&hellip;]","og_url":"https:\/\/permbledhja.com\/sq\/zana-avdiu-heq-dilemat-e-popullit-kam-pase-te-dashur-edhe-kam-momentalisht\/","og_site_name":"Ve\u00e7 artikuj p\u00ebrmbledh\u00ebs","article_publisher":"https:\/\/www.facebook.com\/press07\/","article_author":"https:\/\/www.facebook.com\/kafexhiu.muharrem\/","article_published_time":"2024-04-12T19:15:34+00:00","og_image":[{"width":807,"height":503,"url":"https:\/\/permbledhja.com\/wp-content\/uploads\/2022\/07\/Zana-Avdiu.png","type":"image\/png"}],"author":"P\u00ebrmbledhja","twitter_card":"summary_large_image","twitter_misc":{"Written by":"P\u00ebrmbledhja"},"schema":{"@context":"https:\/\/schema.org","@graph":[{"@type":"Article","@id":"https:\/\/permbledhja.com\/zana-avdiu-heq-dilemat-e-popullit-kam-pase-te-dashur-edhe-kam-momentalisht\/#article","isPartOf":{"@id":"https:\/\/permbledhja.com\/zana-avdiu-heq-dilemat-e-popullit-kam-pase-te-dashur-edhe-kam-momentalisht\/"},"author":{"name":"P\u00ebrmbledhja","@id":"https:\/\/permbledhja.com\/#\/schema\/person\/0d064377258d3221e50693947b9eb4fe"},"headline":"Zana Avdiu heq dilemat e &#8220;popullit&#8221;: Kam pas\u00eb t\u00eb dashur, edhe kam momentalisht","datePublished":"2024-04-12T19:15:34+00:00","dateModified":"2024-04-12T19:15:34+00:00","mainEntityOfPage":{"@id":"https:\/\/permbledhja.com\/zana-avdiu-heq-dilemat-e-popullit-kam-pase-te-dashur-edhe-kam-momentalisht\/"},"wordCount":126,"publisher":{"@id":"https:\/\/permbledhja.com\/#organization"},"keywords":["Zana Avdiu"],"articleSection":["Entertainment","Showbiz"],"inLanguage":"sq"},{"@type":"WebPage","@id":"https:\/\/permbledhja.com\/zana-avdiu-heq-dilemat-e-popullit-kam-pase-te-dashur-edhe-kam-momentalisht\/","url":"https:\/\/permbledhja.com\/zana-avdiu-heq-dilemat-e-popullit-kam-pase-te-dashur-edhe-kam-momentalisht\/","name":"Zana Avdiu heq dilemat e \"popullit\": Kam pas\u00eb t\u00eb dashur, edhe kam momentalisht","isPartOf":{"@id":"https:\/\/permbledhja.com\/#website"},"datePublished":"2024-04-12T19:15:34+00:00","dateModified":"2024-04-12T19:15:34+00:00","breadcrumb":{"@id":"https:\/\/permbledhja.com\/zana-avdiu-heq-dilemat-e-popullit-kam-pase-te-dashur-edhe-kam-momentalisht\/#breadcrumb"},"inLanguage":"sq","potentialAction":[{"@type":"ReadAction","target":["https:\/\/permbledhja.com\/zana-avdiu-heq-dilemat-e-popullit-kam-pase-te-dashur-edhe-kam-momentalisht\/"]}]},{"@type":"BreadcrumbList","@id":"https:\/\/permbledhja.com\/zana-avdiu-heq-dilemat-e-popullit-kam-pase-te-dashur-edhe-kam-momentalisht\/#breadcrumb","itemListElement":[{"@type":"ListItem","position":1,"name":"Ballina","item":"https:\/\/permbledhja.com\/sq\/"},{"@type":"ListItem","position":2,"name":"Zana Avdiu heq dilemat e &#8220;popullit&#8221;: Kam pas\u00eb t\u00eb dashur, edhe kam momentalisht"}]},{"@type":"WebSite","@id":"https:\/\/permbledhja.com\/#website","url":"https:\/\/permbledhja.com\/","name":"Ve\u00e7 artikuj p\u00ebrmbledh\u00ebs","description":"","publisher":{"@id":"https:\/\/permbledhja.com\/#organization"},"potentialAction":[{"@type":"SearchAction","target":{"@type":"EntryPoint","urlTemplate":"https:\/\/permbledhja.com\/?s={search_term_string}"},"query-input":"required name=search_term_string"}],"inLanguage":"sq"},{"@type":"Organization","@id":"https:\/\/permbledhja.com\/#organization","name":"MK Media & Pr","url":"https:\/\/permbledhja.com\/","logo":{"@type":"ImageObject","inLanguage":"sq","@id":"https:\/\/permbledhja.com\/#\/schema\/logo\/image\/","url":"https:\/\/permbledhja.com\/wp-content\/uploads\/2021\/12\/07-Press-Logo.jpg","contentUrl":"https:\/\/permbledhja.com\/wp-content\/uploads\/2021\/12\/07-Press-Logo.jpg","width":512,"height":512,"caption":"MK Media & Pr"},"image":{"@id":"https:\/\/permbledhja.com\/#\/schema\/logo\/image\/"},"sameAs":["https:\/\/www.facebook.com\/press07\/"]},{"@type":"Person","@id":"https:\/\/permbledhja.com\/#\/schema\/person\/0d064377258d3221e50693947b9eb4fe","name":"P\u00ebrmbledhja","image":{"@type":"ImageObject","inLanguage":"sq","@id":"https:\/\/permbledhja.com\/#\/schema\/person\/image\/","url":"https:\/\/permbledhja.com\/wp-content\/uploads\/2026\/01\/452004717_1040944174702970_8932037511805513407_n-96x96.jpg","contentUrl":"https:\/\/permbledhja.com\/wp-content\/uploads\/2026\/01\/452004717_1040944174702970_8932037511805513407_n-96x96.jpg","caption":"P\u00ebrmbledhja"},"sameAs":["https:\/\/www.facebook.com\/kafexhiu.muharrem\/","https:\/\/www.instagram.com\/muharrem_kafexhiu\/"],"url":"https:\/\/permbledhja.com\/sq\/author\/admin\/"}]}},"_links":{"self":[{"href":"https:\/\/permbledhja.com\/sq\/wp-json\/wp\/v2\/posts\/56027"}],"collection":[{"href":"https:\/\/permbledhja.com\/sq\/wp-json\/wp\/v2\/posts"}],"about":[{"href":"https:\/\/permbledhja.com\/sq\/wp-json\/wp\/v2\/types\/post"}],"author":[{"embeddable":true,"href":"https:\/\/permbledhja.com\/sq\/wp-json\/wp\/v2\/users\/1"}],"replies":[{"embeddable":true,"href":"https:\/\/permbledhja.com\/sq\/wp-json\/wp\/v2\/comments?post=56027"}],"version-history":[{"count":1,"href":"https:\/\/permbledhja.com\/sq\/wp-json\/wp\/v2\/posts\/56027\/revisions"}],"predecessor-version":[{"id":56028,"href":"https:\/\/permbledhja.com\/sq\/wp-json\/wp\/v2\/posts\/56027\/revisions\/56028"}],"wp:featuredmedia":[{"embeddable":true,"href":"https:\/\/permbledhja.com\/sq\/wp-json\/wp\/v2\/media\/1271"}],"wp:attachment":[{"href":"https:\/\/permbledhja.com\/sq\/wp-json\/wp\/v2\/media?parent=56027"}],"wp:term":[{"taxonomy":"category","embeddable":true,"href":"https:\/\/permbledhja.com\/sq\/wp-json\/wp\/v2\/categories?post=56027"},{"taxonomy":"post_tag","embeddable":true,"href":"https:\/\/permbledhja.com\/sq\/wp-json\/wp\/v2\/tags?post=56027"}],"curies":[{"name":"wp","href":"https:\/\/api.w.org\/{rel}","templated":true}]}}