{"id":56017,"date":"2024-04-12T18:24:48","date_gmt":"2024-04-12T18:24:48","guid":{"rendered":"https:\/\/permbledhja.com\/?p=56017"},"modified":"2024-04-12T18:24:48","modified_gmt":"2024-04-12T18:24:48","slug":"raportohet-se-dorasi-i-21-vjecares-ne-ferizaj-ishte-shok-me-dardan-krivaqen","status":"publish","type":"post","link":"https:\/\/permbledhja.com\/sq\/raportohet-se-dorasi-i-21-vjecares-ne-ferizaj-ishte-shok-me-dardan-krivaqen\/","title":{"rendered":"Raportohet se dorasi i 21-vje\u00e7ares n\u00eb Ferizaj ishte &#8220;shok me Dardan Krivaq\u00ebn&#8221;"},"content":{"rendered":"<p><b>V.A i mosh\u00ebs 36 vje\u00e7are dyshohet se pasditen e s\u00eb premtes vrau me arm\u00eb zjarri ish-bashk\u00ebshorten e tij 21 vje\u00e7are, derisa plagosi v\u00ebllan\u00eb e saj, 15 vje\u00e7ar.<\/b><\/p>\n<p>Burime t\u00eb mir\u00ebinformuara i kan\u00eb treguar Nacionales se i dyshuari, \u201c<i><b>ka dashur t\u2019ia marr\u00eb f\u00ebmij\u00ebn viktim\u00ebs,\u00a0<\/b>t\u00eb cil\u00ebs i takonte pas ndarjes\u201d.<\/i><\/p>\n<p>Sipas k\u00ebtij burimi, i gjith\u00eb rasti ka ndodhur p\u00ebr k\u00ebt\u00eb.<\/p>\n<p>I nj\u00ebjti nd\u00ebrkaq, ka zbuluar p\u00ebr Nacionalen se\u00a0<i><b>\u201ci dyshuari ka qen\u00eb shok me Dardan Krivaq\u00ebn\u201d,<\/b><\/i>\u00a0i cili tashm\u00eb ndodhet n\u00eb burg po ashtu p\u00ebr vrasjen e bashk\u00ebshortes s\u00eb tij, Marigona Osmanit.<\/p>\n<p>Ndryshe, t\u00eb premten reth or\u00ebs 14:40 policia e ka marr\u00eb informat\u00ebn se n\u00eb Qendr\u00ebn p\u00ebr Pun\u00eb Sociale n\u00eb Ferizaj, ka pasur t\u00eb sht\u00ebna me arm\u00eb zjarri.<\/p>\n<p>I dyshuari, sipas policis\u00eb, kreu vrasjen brenda katit t\u00eb par\u00eb t\u00eb Qendr\u00ebs p\u00ebr Pun\u00eb Sociale. E.C mbeti e vrar\u00eb, nd\u00ebrsa D.C i plagosur.<\/p>\n<p><i>\u201cMe dat\u00ebn 12.04.2024 n\u00eb ora 14:40 policia rajonale e Ferizajt ka pranuar nj\u00eb informat\u00eb se n\u00eb Qendr\u00ebn p\u00ebr Pun\u00eb Sociale n\u00eb Ferizaj ka t\u00eb sht\u00ebna me arm\u00eb zjarri. Patrullat e policis\u00eb menj\u00ebher\u00eb kan\u00eb dal\u00eb n\u00eb vendin e ngjarjes t\u00eb cil\u00ebt kan\u00eb m\u00ebsuar se nj\u00eb person brenda Qendr\u00ebs p\u00ebr Pun\u00eb Sociale n\u00eb katin I-r\u00eb ka sht\u00ebn\u00eb me arm\u00eb zjarri n\u00eb drejtim t\u00eb dy personave dhe p\u00ebr pasoj nj\u00eb person E.C (F\/K) e mosh\u00ebs 21 vje\u00e7are ka nd\u00ebrruar jet\u00eb n\u00eb vendin e ngjarjes, vdekja e s\u00eb cil\u00ebs \u00ebsht\u00eb konfirmuar nga mjek\u00ebt kujdestar n\u00eb vendin e ngjarjes, nd\u00ebrsa plag\u00eb trupore ka p\u00ebsuar personi D.C ( M\/K) i mosh\u00ebs 15 vje\u00e7ar, i cili p\u00ebr ndihm\u00eb mjek\u00ebsore \u00ebsht\u00eb d\u00ebrguar n\u00eb Qendr\u00ebn Emergjente n\u00eb Ferizaj dhe \u00ebsht\u00eb jasht\u00eb rrezikut p\u00ebr jet\u00ebn, kurse i dyshuari \u00ebsht\u00eb larguar n\u00eb drejtim t\u00eb panjohur.\u201d \u2013<\/i>\u00a0njoftoi policia.<\/p>\n<p>Rreth or\u00ebs 15:15, policia ka identifikuar t\u00eb dyshuarin,\u00a0<b>V.A i mosh\u00ebs 36 vje\u00e7are<\/b>, dhe m\u00eb pas kan\u00eb arrestuar t\u00eb nj\u00ebjtin.<\/p>\n<p>Prokuroria nd\u00ebrkaq, ka njoftuar se i dyshuari \u00ebsht\u00eb d\u00ebrguar n\u00eb mbajtje p\u00ebr 48 or\u00eb:<\/p>\n<p><i>\u201cI dyshuari n\u00eb k\u00ebt\u00eb rast, me iniciale V.A., me vendim t\u00eb Prokurorit t\u00eb Shtetit, \u00ebsht\u00eb ndaluar n\u00eb koh\u00ebzgjatje prej 48-or\u00ebsh p\u00ebr shkak t\u00eb dyshimit t\u00eb vepr\u00ebs penale \u201cVrasja\u201d sipas Kodit Penal t\u00eb Republik\u00ebs s\u00eb Kosov\u00ebs.\u201d\u00a0<\/i>\u2013 thuhet n\u00eb njoftim.<\/p>\n","protected":false},"excerpt":{"rendered":"<p>V.A i mosh\u00ebs 36 vje\u00e7are dyshohet se pasditen e s\u00eb premtes vrau me arm\u00eb zjarri ish-bashk\u00ebshorten e tij 21 vje\u00e7are, derisa plagosi v\u00ebllan\u00eb e saj, 15 vje\u00e7ar. Burime t\u00eb mir\u00ebinformuara i kan\u00eb treguar Nacionales se i dyshuari, \u201cka dashur t\u2019ia marr\u00eb f\u00ebmij\u00ebn viktim\u00ebs,\u00a0t\u00eb cil\u00ebs i takonte pas ndarjes\u201d. Sipas k\u00ebtij burimi, i gjith\u00eb rasti ka [&hellip;]<\/p>\n","protected":false},"author":1,"featured_media":56018,"comment_status":"closed","ping_status":"closed","sticky":false,"template":"","format":"standard","meta":{"_monsterinsights_skip_tracking":false,"_monsterinsights_sitenote_active":false,"_monsterinsights_sitenote_note":"","_monsterinsights_sitenote_category":0,"_uf_show_specific_survey":0,"_uf_disable_surveys":false,"footnotes":""},"categories":[1146],"tags":[367],"yoast_head":"<!-- This site is optimized with the Yoast SEO plugin v21.5 - https:\/\/yoast.com\/wordpress\/plugins\/seo\/ -->\n<title>Raportohet se dorasi i 21-vje\u00e7ares n\u00eb Ferizaj ishte &quot;shok me Dardan Krivaq\u00ebn&quot;<\/title>\n<meta name=\"robots\" content=\"index, follow, max-snippet:-1, max-image-preview:large, max-video-preview:-1\" \/>\n<link rel=\"canonical\" href=\"https:\/\/permbledhja.com\/sq\/raportohet-se-dorasi-i-21-vjecares-ne-ferizaj-ishte-shok-me-dardan-krivaqen\/\" \/>\n<meta property=\"og:locale\" content=\"sq_AL\" \/>\n<meta property=\"og:type\" content=\"article\" \/>\n<meta property=\"og:title\" content=\"Raportohet se dorasi i 21-vje\u00e7ares n\u00eb Ferizaj ishte &quot;shok me Dardan Krivaq\u00ebn&quot;\" \/>\n<meta property=\"og:description\" content=\"V.A i mosh\u00ebs 36 vje\u00e7are dyshohet se pasditen e s\u00eb premtes vrau me arm\u00eb zjarri ish-bashk\u00ebshorten e tij 21 vje\u00e7are, derisa plagosi v\u00ebllan\u00eb e saj, 15 vje\u00e7ar. Burime t\u00eb mir\u00ebinformuara i kan\u00eb treguar Nacionales se i dyshuari, \u201cka dashur t\u2019ia marr\u00eb f\u00ebmij\u00ebn viktim\u00ebs,\u00a0t\u00eb cil\u00ebs i takonte pas ndarjes\u201d. Sipas k\u00ebtij burimi, i gjith\u00eb rasti ka [&hellip;]\" \/>\n<meta property=\"og:url\" content=\"https:\/\/permbledhja.com\/sq\/raportohet-se-dorasi-i-21-vjecares-ne-ferizaj-ishte-shok-me-dardan-krivaqen\/\" \/>\n<meta property=\"og:site_name\" content=\"Ve\u00e7 artikuj p\u00ebrmbledh\u00ebs\" \/>\n<meta property=\"article:publisher\" content=\"https:\/\/www.facebook.com\/press07\/\" \/>\n<meta property=\"article:author\" content=\"https:\/\/www.facebook.com\/kafexhiu.muharrem\/\" \/>\n<meta property=\"article:published_time\" content=\"2024-04-12T18:24:48+00:00\" \/>\n<meta property=\"og:image\" content=\"https:\/\/permbledhja.com\/wp-content\/uploads\/2024\/04\/Copy-of-Copy-of-qitu-hin-veq-per-foto-ne-portal-lajme-CMS-900-x-600-px-4.png\" \/>\n\t<meta property=\"og:image:width\" content=\"900\" \/>\n\t<meta property=\"og:image:height\" content=\"600\" \/>\n\t<meta property=\"og:image:type\" content=\"image\/png\" \/>\n<meta name=\"author\" content=\"P\u00ebrmbledhja\" \/>\n<meta name=\"twitter:card\" content=\"summary_large_image\" \/>\n<meta name=\"twitter:label1\" content=\"Written by\" \/>\n\t<meta name=\"twitter:data1\" content=\"P\u00ebrmbledhja\" \/>\n\t<meta name=\"twitter:label2\" content=\"Est. reading time\" \/>\n\t<meta name=\"twitter:data2\" content=\"2 minuta\" \/>\n<script type=\"application\/ld+json\" class=\"yoast-schema-graph\">{\"@context\":\"https:\/\/schema.org\",\"@graph\":[{\"@type\":\"Article\",\"@id\":\"https:\/\/permbledhja.com\/raportohet-se-dorasi-i-21-vjecares-ne-ferizaj-ishte-shok-me-dardan-krivaqen\/#article\",\"isPartOf\":{\"@id\":\"https:\/\/permbledhja.com\/raportohet-se-dorasi-i-21-vjecares-ne-ferizaj-ishte-shok-me-dardan-krivaqen\/\"},\"author\":{\"name\":\"P\u00ebrmbledhja\",\"@id\":\"https:\/\/permbledhja.com\/#\/schema\/person\/0d064377258d3221e50693947b9eb4fe\"},\"headline\":\"Raportohet se dorasi i 21-vje\u00e7ares n\u00eb Ferizaj ishte &#8220;shok me Dardan Krivaq\u00ebn&#8221;\",\"datePublished\":\"2024-04-12T18:24:48+00:00\",\"dateModified\":\"2024-04-12T18:24:48+00:00\",\"mainEntityOfPage\":{\"@id\":\"https:\/\/permbledhja.com\/raportohet-se-dorasi-i-21-vjecares-ne-ferizaj-ishte-shok-me-dardan-krivaqen\/\"},\"wordCount\":428,\"publisher\":{\"@id\":\"https:\/\/permbledhja.com\/#organization\"},\"keywords\":[\"Ferizaj\"],\"articleSection\":[\"Kryesoret\"],\"inLanguage\":\"sq\"},{\"@type\":\"WebPage\",\"@id\":\"https:\/\/permbledhja.com\/raportohet-se-dorasi-i-21-vjecares-ne-ferizaj-ishte-shok-me-dardan-krivaqen\/\",\"url\":\"https:\/\/permbledhja.com\/raportohet-se-dorasi-i-21-vjecares-ne-ferizaj-ishte-shok-me-dardan-krivaqen\/\",\"name\":\"Raportohet se dorasi i 21-vje\u00e7ares n\u00eb Ferizaj ishte \\\"shok me Dardan Krivaq\u00ebn\\\"\",\"isPartOf\":{\"@id\":\"https:\/\/permbledhja.com\/#website\"},\"datePublished\":\"2024-04-12T18:24:48+00:00\",\"dateModified\":\"2024-04-12T18:24:48+00:00\",\"breadcrumb\":{\"@id\":\"https:\/\/permbledhja.com\/raportohet-se-dorasi-i-21-vjecares-ne-ferizaj-ishte-shok-me-dardan-krivaqen\/#breadcrumb\"},\"inLanguage\":\"sq\",\"potentialAction\":[{\"@type\":\"ReadAction\",\"target\":[\"https:\/\/permbledhja.com\/raportohet-se-dorasi-i-21-vjecares-ne-ferizaj-ishte-shok-me-dardan-krivaqen\/\"]}]},{\"@type\":\"BreadcrumbList\",\"@id\":\"https:\/\/permbledhja.com\/raportohet-se-dorasi-i-21-vjecares-ne-ferizaj-ishte-shok-me-dardan-krivaqen\/#breadcrumb\",\"itemListElement\":[{\"@type\":\"ListItem\",\"position\":1,\"name\":\"Ballina\",\"item\":\"https:\/\/permbledhja.com\/sq\/\"},{\"@type\":\"ListItem\",\"position\":2,\"name\":\"Raportohet se dorasi i 21-vje\u00e7ares n\u00eb Ferizaj ishte &#8220;shok me Dardan Krivaq\u00ebn&#8221;\"}]},{\"@type\":\"WebSite\",\"@id\":\"https:\/\/permbledhja.com\/#website\",\"url\":\"https:\/\/permbledhja.com\/\",\"name\":\"Ve\u00e7 artikuj p\u00ebrmbledh\u00ebs\",\"description\":\"\",\"publisher\":{\"@id\":\"https:\/\/permbledhja.com\/#organization\"},\"potentialAction\":[{\"@type\":\"SearchAction\",\"target\":{\"@type\":\"EntryPoint\",\"urlTemplate\":\"https:\/\/permbledhja.com\/?s={search_term_string}\"},\"query-input\":\"required name=search_term_string\"}],\"inLanguage\":\"sq\"},{\"@type\":\"Organization\",\"@id\":\"https:\/\/permbledhja.com\/#organization\",\"name\":\"MK Media & Pr\",\"url\":\"https:\/\/permbledhja.com\/\",\"logo\":{\"@type\":\"ImageObject\",\"inLanguage\":\"sq\",\"@id\":\"https:\/\/permbledhja.com\/#\/schema\/logo\/image\/\",\"url\":\"https:\/\/permbledhja.com\/wp-content\/uploads\/2021\/12\/07-Press-Logo.jpg\",\"contentUrl\":\"https:\/\/permbledhja.com\/wp-content\/uploads\/2021\/12\/07-Press-Logo.jpg\",\"width\":512,\"height\":512,\"caption\":\"MK Media & Pr\"},\"image\":{\"@id\":\"https:\/\/permbledhja.com\/#\/schema\/logo\/image\/\"},\"sameAs\":[\"https:\/\/www.facebook.com\/press07\/\"]},{\"@type\":\"Person\",\"@id\":\"https:\/\/permbledhja.com\/#\/schema\/person\/0d064377258d3221e50693947b9eb4fe\",\"name\":\"P\u00ebrmbledhja\",\"image\":{\"@type\":\"ImageObject\",\"inLanguage\":\"sq\",\"@id\":\"https:\/\/permbledhja.com\/#\/schema\/person\/image\/\",\"url\":\"https:\/\/permbledhja.com\/wp-content\/uploads\/2026\/01\/452004717_1040944174702970_8932037511805513407_n-96x96.jpg\",\"contentUrl\":\"https:\/\/permbledhja.com\/wp-content\/uploads\/2026\/01\/452004717_1040944174702970_8932037511805513407_n-96x96.jpg\",\"caption\":\"P\u00ebrmbledhja\"},\"sameAs\":[\"https:\/\/www.facebook.com\/kafexhiu.muharrem\/\",\"https:\/\/www.instagram.com\/muharrem_kafexhiu\/\"],\"url\":\"https:\/\/permbledhja.com\/sq\/author\/admin\/\"}]}<\/script>\n<!-- \/ Yoast SEO plugin. -->","yoast_head_json":{"title":"Raportohet se dorasi i 21-vje\u00e7ares n\u00eb Ferizaj ishte \"shok me Dardan Krivaq\u00ebn\"","robots":{"index":"index","follow":"follow","max-snippet":"max-snippet:-1","max-image-preview":"max-image-preview:large","max-video-preview":"max-video-preview:-1"},"canonical":"https:\/\/permbledhja.com\/sq\/raportohet-se-dorasi-i-21-vjecares-ne-ferizaj-ishte-shok-me-dardan-krivaqen\/","og_locale":"sq_AL","og_type":"article","og_title":"Raportohet se dorasi i 21-vje\u00e7ares n\u00eb Ferizaj ishte \"shok me Dardan Krivaq\u00ebn\"","og_description":"V.A i mosh\u00ebs 36 vje\u00e7are dyshohet se pasditen e s\u00eb premtes vrau me arm\u00eb zjarri ish-bashk\u00ebshorten e tij 21 vje\u00e7are, derisa plagosi v\u00ebllan\u00eb e saj, 15 vje\u00e7ar. Burime t\u00eb mir\u00ebinformuara i kan\u00eb treguar Nacionales se i dyshuari, \u201cka dashur t\u2019ia marr\u00eb f\u00ebmij\u00ebn viktim\u00ebs,\u00a0t\u00eb cil\u00ebs i takonte pas ndarjes\u201d. Sipas k\u00ebtij burimi, i gjith\u00eb rasti ka [&hellip;]","og_url":"https:\/\/permbledhja.com\/sq\/raportohet-se-dorasi-i-21-vjecares-ne-ferizaj-ishte-shok-me-dardan-krivaqen\/","og_site_name":"Ve\u00e7 artikuj p\u00ebrmbledh\u00ebs","article_publisher":"https:\/\/www.facebook.com\/press07\/","article_author":"https:\/\/www.facebook.com\/kafexhiu.muharrem\/","article_published_time":"2024-04-12T18:24:48+00:00","og_image":[{"width":900,"height":600,"url":"https:\/\/permbledhja.com\/wp-content\/uploads\/2024\/04\/Copy-of-Copy-of-qitu-hin-veq-per-foto-ne-portal-lajme-CMS-900-x-600-px-4.png","type":"image\/png"}],"author":"P\u00ebrmbledhja","twitter_card":"summary_large_image","twitter_misc":{"Written by":"P\u00ebrmbledhja","Est. reading time":"2 minuta"},"schema":{"@context":"https:\/\/schema.org","@graph":[{"@type":"Article","@id":"https:\/\/permbledhja.com\/raportohet-se-dorasi-i-21-vjecares-ne-ferizaj-ishte-shok-me-dardan-krivaqen\/#article","isPartOf":{"@id":"https:\/\/permbledhja.com\/raportohet-se-dorasi-i-21-vjecares-ne-ferizaj-ishte-shok-me-dardan-krivaqen\/"},"author":{"name":"P\u00ebrmbledhja","@id":"https:\/\/permbledhja.com\/#\/schema\/person\/0d064377258d3221e50693947b9eb4fe"},"headline":"Raportohet se dorasi i 21-vje\u00e7ares n\u00eb Ferizaj ishte &#8220;shok me Dardan Krivaq\u00ebn&#8221;","datePublished":"2024-04-12T18:24:48+00:00","dateModified":"2024-04-12T18:24:48+00:00","mainEntityOfPage":{"@id":"https:\/\/permbledhja.com\/raportohet-se-dorasi-i-21-vjecares-ne-ferizaj-ishte-shok-me-dardan-krivaqen\/"},"wordCount":428,"publisher":{"@id":"https:\/\/permbledhja.com\/#organization"},"keywords":["Ferizaj"],"articleSection":["Kryesoret"],"inLanguage":"sq"},{"@type":"WebPage","@id":"https:\/\/permbledhja.com\/raportohet-se-dorasi-i-21-vjecares-ne-ferizaj-ishte-shok-me-dardan-krivaqen\/","url":"https:\/\/permbledhja.com\/raportohet-se-dorasi-i-21-vjecares-ne-ferizaj-ishte-shok-me-dardan-krivaqen\/","name":"Raportohet se dorasi i 21-vje\u00e7ares n\u00eb Ferizaj ishte \"shok me Dardan Krivaq\u00ebn\"","isPartOf":{"@id":"https:\/\/permbledhja.com\/#website"},"datePublished":"2024-04-12T18:24:48+00:00","dateModified":"2024-04-12T18:24:48+00:00","breadcrumb":{"@id":"https:\/\/permbledhja.com\/raportohet-se-dorasi-i-21-vjecares-ne-ferizaj-ishte-shok-me-dardan-krivaqen\/#breadcrumb"},"inLanguage":"sq","potentialAction":[{"@type":"ReadAction","target":["https:\/\/permbledhja.com\/raportohet-se-dorasi-i-21-vjecares-ne-ferizaj-ishte-shok-me-dardan-krivaqen\/"]}]},{"@type":"BreadcrumbList","@id":"https:\/\/permbledhja.com\/raportohet-se-dorasi-i-21-vjecares-ne-ferizaj-ishte-shok-me-dardan-krivaqen\/#breadcrumb","itemListElement":[{"@type":"ListItem","position":1,"name":"Ballina","item":"https:\/\/permbledhja.com\/sq\/"},{"@type":"ListItem","position":2,"name":"Raportohet se dorasi i 21-vje\u00e7ares n\u00eb Ferizaj ishte &#8220;shok me Dardan Krivaq\u00ebn&#8221;"}]},{"@type":"WebSite","@id":"https:\/\/permbledhja.com\/#website","url":"https:\/\/permbledhja.com\/","name":"Ve\u00e7 artikuj p\u00ebrmbledh\u00ebs","description":"","publisher":{"@id":"https:\/\/permbledhja.com\/#organization"},"potentialAction":[{"@type":"SearchAction","target":{"@type":"EntryPoint","urlTemplate":"https:\/\/permbledhja.com\/?s={search_term_string}"},"query-input":"required name=search_term_string"}],"inLanguage":"sq"},{"@type":"Organization","@id":"https:\/\/permbledhja.com\/#organization","name":"MK Media & Pr","url":"https:\/\/permbledhja.com\/","logo":{"@type":"ImageObject","inLanguage":"sq","@id":"https:\/\/permbledhja.com\/#\/schema\/logo\/image\/","url":"https:\/\/permbledhja.com\/wp-content\/uploads\/2021\/12\/07-Press-Logo.jpg","contentUrl":"https:\/\/permbledhja.com\/wp-content\/uploads\/2021\/12\/07-Press-Logo.jpg","width":512,"height":512,"caption":"MK Media & Pr"},"image":{"@id":"https:\/\/permbledhja.com\/#\/schema\/logo\/image\/"},"sameAs":["https:\/\/www.facebook.com\/press07\/"]},{"@type":"Person","@id":"https:\/\/permbledhja.com\/#\/schema\/person\/0d064377258d3221e50693947b9eb4fe","name":"P\u00ebrmbledhja","image":{"@type":"ImageObject","inLanguage":"sq","@id":"https:\/\/permbledhja.com\/#\/schema\/person\/image\/","url":"https:\/\/permbledhja.com\/wp-content\/uploads\/2026\/01\/452004717_1040944174702970_8932037511805513407_n-96x96.jpg","contentUrl":"https:\/\/permbledhja.com\/wp-content\/uploads\/2026\/01\/452004717_1040944174702970_8932037511805513407_n-96x96.jpg","caption":"P\u00ebrmbledhja"},"sameAs":["https:\/\/www.facebook.com\/kafexhiu.muharrem\/","https:\/\/www.instagram.com\/muharrem_kafexhiu\/"],"url":"https:\/\/permbledhja.com\/sq\/author\/admin\/"}]}},"_links":{"self":[{"href":"https:\/\/permbledhja.com\/sq\/wp-json\/wp\/v2\/posts\/56017"}],"collection":[{"href":"https:\/\/permbledhja.com\/sq\/wp-json\/wp\/v2\/posts"}],"about":[{"href":"https:\/\/permbledhja.com\/sq\/wp-json\/wp\/v2\/types\/post"}],"author":[{"embeddable":true,"href":"https:\/\/permbledhja.com\/sq\/wp-json\/wp\/v2\/users\/1"}],"replies":[{"embeddable":true,"href":"https:\/\/permbledhja.com\/sq\/wp-json\/wp\/v2\/comments?post=56017"}],"version-history":[{"count":2,"href":"https:\/\/permbledhja.com\/sq\/wp-json\/wp\/v2\/posts\/56017\/revisions"}],"predecessor-version":[{"id":56020,"href":"https:\/\/permbledhja.com\/sq\/wp-json\/wp\/v2\/posts\/56017\/revisions\/56020"}],"wp:featuredmedia":[{"embeddable":true,"href":"https:\/\/permbledhja.com\/sq\/wp-json\/wp\/v2\/media\/56018"}],"wp:attachment":[{"href":"https:\/\/permbledhja.com\/sq\/wp-json\/wp\/v2\/media?parent=56017"}],"wp:term":[{"taxonomy":"category","embeddable":true,"href":"https:\/\/permbledhja.com\/sq\/wp-json\/wp\/v2\/categories?post=56017"},{"taxonomy":"post_tag","embeddable":true,"href":"https:\/\/permbledhja.com\/sq\/wp-json\/wp\/v2\/tags?post=56017"}],"curies":[{"name":"wp","href":"https:\/\/api.w.org\/{rel}","templated":true}]}}