{"id":55862,"date":"2024-04-10T10:45:11","date_gmt":"2024-04-10T10:45:11","guid":{"rendered":"https:\/\/permbledhja.com\/?p=55862"},"modified":"2024-04-10T10:45:11","modified_gmt":"2024-04-10T10:45:11","slug":"nena-e-liridona-ademajt-spo-me-besohet-qe-nuk-e-kam-me-kanihere-mdoket-qe-eshte-ne-suedi","status":"publish","type":"post","link":"https:\/\/permbledhja.com\/sq\/nena-e-liridona-ademajt-spo-me-besohet-qe-nuk-e-kam-me-kanihere-mdoket-qe-eshte-ne-suedi\/","title":{"rendered":"N\u00ebna e Liridona Ademajt: S\u2019po m\u00eb besohet q\u00eb nuk e kam m\u00eb, kaniher\u00eb m\u2019doket q\u00eb \u00ebsht\u00eb n\u00eb Suedi"},"content":{"rendered":"<p><strong>Juristja p\u00ebr media Flutura Kusari sot ka vizituar familjen e Liridona Ademajt, e cila u vra n\u00eb n\u00ebntor t\u00eb vitit t\u00eb kaluar.<\/strong><\/p>\n<p>P\u00ebrmes nj\u00eb postimi n\u00eb llogarin\u00eb e saj n\u00eb Facebook, tregoi fjal\u00ebt q\u00eb n\u00ebna e Liridones ia tha.<\/p>\n<p>\u201dNana e saj m\u2019tha sot: ende spo me besohet qe nuk e kam ma, pres qe m\u2019thirre ne telefon\u2026 kanihere m\u2019doket qe eshte ne Suedi\u2026\u201d<\/p>\n<p>Postimi i plot\u00eb:<\/p>\n<p><em>Bajrami i pare pa Liridona Ademajn, grua, vajze, nene, e vrare brutalisht.<\/em><\/p>\n<p><em>Nana e saj m\u2019tha sot: ende spo me besohet qe nuk e kam ma, pres qe m\u2019thirre ne telefon\u2026 kanihere m\u2019doket qe eshte ne Suedi\u2026<\/em><\/p>\n<p><em>Vetem drejtesia e shpejte, pa gabime, profesionale dhe pa nderhyrje mund t\u2019ia lehtesoje dhimbjen familjes se Liridones.<\/em><\/p>\n<p><em>Leonardi vazhdon me qene shembull i nje djali te ri 24 vjecar dhe shembull se si nje tragjedi kaq te rende e ka perballu me dinjitet dhe maturi te jashtezkonshme.<\/em><\/p>\n<p>Drejtesi per Liridona Ademaj<\/p>\n","protected":false},"excerpt":{"rendered":"<p>Juristja p\u00ebr media Flutura Kusari sot ka vizituar familjen e Liridona Ademajt, e cila u vra n\u00eb n\u00ebntor t\u00eb vitit t\u00eb kaluar. P\u00ebrmes nj\u00eb postimi n\u00eb llogarin\u00eb e saj n\u00eb Facebook, tregoi fjal\u00ebt q\u00eb n\u00ebna e Liridones ia tha. \u201dNana e saj m\u2019tha sot: ende spo me besohet qe nuk e kam ma, pres qe [&hellip;]<\/p>\n","protected":false},"author":1,"featured_media":55863,"comment_status":"closed","ping_status":"closed","sticky":false,"template":"","format":"standard","meta":{"_monsterinsights_skip_tracking":false,"_monsterinsights_sitenote_active":false,"_monsterinsights_sitenote_note":"","_monsterinsights_sitenote_category":0,"_uf_show_specific_survey":0,"_uf_disable_surveys":false,"footnotes":""},"categories":[15],"tags":[2737],"yoast_head":"<!-- This site is optimized with the Yoast SEO plugin v21.5 - https:\/\/yoast.com\/wordpress\/plugins\/seo\/ -->\n<title>N\u00ebna e Liridona Ademajt: S\u2019po m\u00eb besohet q\u00eb nuk e kam m\u00eb, kaniher\u00eb m\u2019doket q\u00eb \u00ebsht\u00eb n\u00eb Suedi<\/title>\n<meta name=\"robots\" content=\"index, follow, max-snippet:-1, max-image-preview:large, max-video-preview:-1\" \/>\n<link rel=\"canonical\" href=\"https:\/\/permbledhja.com\/sq\/nena-e-liridona-ademajt-spo-me-besohet-qe-nuk-e-kam-me-kanihere-mdoket-qe-eshte-ne-suedi\/\" \/>\n<meta property=\"og:locale\" content=\"sq_AL\" \/>\n<meta property=\"og:type\" content=\"article\" \/>\n<meta property=\"og:title\" content=\"N\u00ebna e Liridona Ademajt: S\u2019po m\u00eb besohet q\u00eb nuk e kam m\u00eb, kaniher\u00eb m\u2019doket q\u00eb \u00ebsht\u00eb n\u00eb Suedi\" \/>\n<meta property=\"og:description\" content=\"Juristja p\u00ebr media Flutura Kusari sot ka vizituar familjen e Liridona Ademajt, e cila u vra n\u00eb n\u00ebntor t\u00eb vitit t\u00eb kaluar. P\u00ebrmes nj\u00eb postimi n\u00eb llogarin\u00eb e saj n\u00eb Facebook, tregoi fjal\u00ebt q\u00eb n\u00ebna e Liridones ia tha. \u201dNana e saj m\u2019tha sot: ende spo me besohet qe nuk e kam ma, pres qe [&hellip;]\" \/>\n<meta property=\"og:url\" content=\"https:\/\/permbledhja.com\/sq\/nena-e-liridona-ademajt-spo-me-besohet-qe-nuk-e-kam-me-kanihere-mdoket-qe-eshte-ne-suedi\/\" \/>\n<meta property=\"og:site_name\" content=\"Ve\u00e7 artikuj p\u00ebrmbledh\u00ebs\" \/>\n<meta property=\"article:publisher\" content=\"https:\/\/www.facebook.com\/press07\/\" \/>\n<meta property=\"article:author\" content=\"https:\/\/www.facebook.com\/kafexhiu.muharrem\/\" \/>\n<meta property=\"article:published_time\" content=\"2024-04-10T10:45:11+00:00\" \/>\n<meta property=\"og:image\" content=\"https:\/\/permbledhja.com\/wp-content\/uploads\/2024\/04\/669E8D64-A3EC-4757-A7F4-86AF4FF41183.jpeg\" \/>\n\t<meta property=\"og:image:width\" content=\"2048\" \/>\n\t<meta property=\"og:image:height\" content=\"1454\" \/>\n\t<meta property=\"og:image:type\" content=\"image\/jpeg\" \/>\n<meta name=\"author\" content=\"P\u00ebrmbledhja\" \/>\n<meta name=\"twitter:card\" content=\"summary_large_image\" \/>\n<meta name=\"twitter:label1\" content=\"Written by\" \/>\n\t<meta name=\"twitter:data1\" content=\"P\u00ebrmbledhja\" \/>\n\t<meta name=\"twitter:label2\" content=\"Est. reading time\" \/>\n\t<meta name=\"twitter:data2\" content=\"1 minut\u00eb\" \/>\n<script type=\"application\/ld+json\" class=\"yoast-schema-graph\">{\"@context\":\"https:\/\/schema.org\",\"@graph\":[{\"@type\":\"Article\",\"@id\":\"https:\/\/permbledhja.com\/nena-e-liridona-ademajt-spo-me-besohet-qe-nuk-e-kam-me-kanihere-mdoket-qe-eshte-ne-suedi\/#article\",\"isPartOf\":{\"@id\":\"https:\/\/permbledhja.com\/nena-e-liridona-ademajt-spo-me-besohet-qe-nuk-e-kam-me-kanihere-mdoket-qe-eshte-ne-suedi\/\"},\"author\":{\"name\":\"P\u00ebrmbledhja\",\"@id\":\"https:\/\/permbledhja.com\/#\/schema\/person\/0d064377258d3221e50693947b9eb4fe\"},\"headline\":\"N\u00ebna e Liridona Ademajt: S\u2019po m\u00eb besohet q\u00eb nuk e kam m\u00eb, kaniher\u00eb m\u2019doket q\u00eb \u00ebsht\u00eb n\u00eb Suedi\",\"datePublished\":\"2024-04-10T10:45:11+00:00\",\"dateModified\":\"2024-04-10T10:45:11+00:00\",\"mainEntityOfPage\":{\"@id\":\"https:\/\/permbledhja.com\/nena-e-liridona-ademajt-spo-me-besohet-qe-nuk-e-kam-me-kanihere-mdoket-qe-eshte-ne-suedi\/\"},\"wordCount\":187,\"publisher\":{\"@id\":\"https:\/\/permbledhja.com\/#organization\"},\"keywords\":[\"Liridona Ademaj\"],\"articleSection\":[\"Lajme\"],\"inLanguage\":\"sq\"},{\"@type\":\"WebPage\",\"@id\":\"https:\/\/permbledhja.com\/nena-e-liridona-ademajt-spo-me-besohet-qe-nuk-e-kam-me-kanihere-mdoket-qe-eshte-ne-suedi\/\",\"url\":\"https:\/\/permbledhja.com\/nena-e-liridona-ademajt-spo-me-besohet-qe-nuk-e-kam-me-kanihere-mdoket-qe-eshte-ne-suedi\/\",\"name\":\"N\u00ebna e Liridona Ademajt: S\u2019po m\u00eb besohet q\u00eb nuk e kam m\u00eb, kaniher\u00eb m\u2019doket q\u00eb \u00ebsht\u00eb n\u00eb Suedi\",\"isPartOf\":{\"@id\":\"https:\/\/permbledhja.com\/#website\"},\"datePublished\":\"2024-04-10T10:45:11+00:00\",\"dateModified\":\"2024-04-10T10:45:11+00:00\",\"breadcrumb\":{\"@id\":\"https:\/\/permbledhja.com\/nena-e-liridona-ademajt-spo-me-besohet-qe-nuk-e-kam-me-kanihere-mdoket-qe-eshte-ne-suedi\/#breadcrumb\"},\"inLanguage\":\"sq\",\"potentialAction\":[{\"@type\":\"ReadAction\",\"target\":[\"https:\/\/permbledhja.com\/nena-e-liridona-ademajt-spo-me-besohet-qe-nuk-e-kam-me-kanihere-mdoket-qe-eshte-ne-suedi\/\"]}]},{\"@type\":\"BreadcrumbList\",\"@id\":\"https:\/\/permbledhja.com\/nena-e-liridona-ademajt-spo-me-besohet-qe-nuk-e-kam-me-kanihere-mdoket-qe-eshte-ne-suedi\/#breadcrumb\",\"itemListElement\":[{\"@type\":\"ListItem\",\"position\":1,\"name\":\"Ballina\",\"item\":\"https:\/\/permbledhja.com\/sq\/\"},{\"@type\":\"ListItem\",\"position\":2,\"name\":\"N\u00ebna e Liridona Ademajt: S\u2019po m\u00eb besohet q\u00eb nuk e kam m\u00eb, kaniher\u00eb m\u2019doket q\u00eb \u00ebsht\u00eb n\u00eb Suedi\"}]},{\"@type\":\"WebSite\",\"@id\":\"https:\/\/permbledhja.com\/#website\",\"url\":\"https:\/\/permbledhja.com\/\",\"name\":\"Ve\u00e7 artikuj p\u00ebrmbledh\u00ebs\",\"description\":\"\",\"publisher\":{\"@id\":\"https:\/\/permbledhja.com\/#organization\"},\"potentialAction\":[{\"@type\":\"SearchAction\",\"target\":{\"@type\":\"EntryPoint\",\"urlTemplate\":\"https:\/\/permbledhja.com\/?s={search_term_string}\"},\"query-input\":\"required name=search_term_string\"}],\"inLanguage\":\"sq\"},{\"@type\":\"Organization\",\"@id\":\"https:\/\/permbledhja.com\/#organization\",\"name\":\"MK Media & Pr\",\"url\":\"https:\/\/permbledhja.com\/\",\"logo\":{\"@type\":\"ImageObject\",\"inLanguage\":\"sq\",\"@id\":\"https:\/\/permbledhja.com\/#\/schema\/logo\/image\/\",\"url\":\"https:\/\/permbledhja.com\/wp-content\/uploads\/2021\/12\/07-Press-Logo.jpg\",\"contentUrl\":\"https:\/\/permbledhja.com\/wp-content\/uploads\/2021\/12\/07-Press-Logo.jpg\",\"width\":512,\"height\":512,\"caption\":\"MK Media & Pr\"},\"image\":{\"@id\":\"https:\/\/permbledhja.com\/#\/schema\/logo\/image\/\"},\"sameAs\":[\"https:\/\/www.facebook.com\/press07\/\"]},{\"@type\":\"Person\",\"@id\":\"https:\/\/permbledhja.com\/#\/schema\/person\/0d064377258d3221e50693947b9eb4fe\",\"name\":\"P\u00ebrmbledhja\",\"image\":{\"@type\":\"ImageObject\",\"inLanguage\":\"sq\",\"@id\":\"https:\/\/permbledhja.com\/#\/schema\/person\/image\/\",\"url\":\"https:\/\/permbledhja.com\/wp-content\/uploads\/2026\/01\/452004717_1040944174702970_8932037511805513407_n-96x96.jpg\",\"contentUrl\":\"https:\/\/permbledhja.com\/wp-content\/uploads\/2026\/01\/452004717_1040944174702970_8932037511805513407_n-96x96.jpg\",\"caption\":\"P\u00ebrmbledhja\"},\"sameAs\":[\"https:\/\/www.facebook.com\/kafexhiu.muharrem\/\",\"https:\/\/www.instagram.com\/muharrem_kafexhiu\/\"],\"url\":\"https:\/\/permbledhja.com\/sq\/author\/admin\/\"}]}<\/script>\n<!-- \/ Yoast SEO plugin. -->","yoast_head_json":{"title":"N\u00ebna e Liridona Ademajt: S\u2019po m\u00eb besohet q\u00eb nuk e kam m\u00eb, kaniher\u00eb m\u2019doket q\u00eb \u00ebsht\u00eb n\u00eb Suedi","robots":{"index":"index","follow":"follow","max-snippet":"max-snippet:-1","max-image-preview":"max-image-preview:large","max-video-preview":"max-video-preview:-1"},"canonical":"https:\/\/permbledhja.com\/sq\/nena-e-liridona-ademajt-spo-me-besohet-qe-nuk-e-kam-me-kanihere-mdoket-qe-eshte-ne-suedi\/","og_locale":"sq_AL","og_type":"article","og_title":"N\u00ebna e Liridona Ademajt: S\u2019po m\u00eb besohet q\u00eb nuk e kam m\u00eb, kaniher\u00eb m\u2019doket q\u00eb \u00ebsht\u00eb n\u00eb Suedi","og_description":"Juristja p\u00ebr media Flutura Kusari sot ka vizituar familjen e Liridona Ademajt, e cila u vra n\u00eb n\u00ebntor t\u00eb vitit t\u00eb kaluar. P\u00ebrmes nj\u00eb postimi n\u00eb llogarin\u00eb e saj n\u00eb Facebook, tregoi fjal\u00ebt q\u00eb n\u00ebna e Liridones ia tha. \u201dNana e saj m\u2019tha sot: ende spo me besohet qe nuk e kam ma, pres qe [&hellip;]","og_url":"https:\/\/permbledhja.com\/sq\/nena-e-liridona-ademajt-spo-me-besohet-qe-nuk-e-kam-me-kanihere-mdoket-qe-eshte-ne-suedi\/","og_site_name":"Ve\u00e7 artikuj p\u00ebrmbledh\u00ebs","article_publisher":"https:\/\/www.facebook.com\/press07\/","article_author":"https:\/\/www.facebook.com\/kafexhiu.muharrem\/","article_published_time":"2024-04-10T10:45:11+00:00","og_image":[{"width":2048,"height":1454,"url":"https:\/\/permbledhja.com\/wp-content\/uploads\/2024\/04\/669E8D64-A3EC-4757-A7F4-86AF4FF41183.jpeg","type":"image\/jpeg"}],"author":"P\u00ebrmbledhja","twitter_card":"summary_large_image","twitter_misc":{"Written by":"P\u00ebrmbledhja","Est. reading time":"1 minut\u00eb"},"schema":{"@context":"https:\/\/schema.org","@graph":[{"@type":"Article","@id":"https:\/\/permbledhja.com\/nena-e-liridona-ademajt-spo-me-besohet-qe-nuk-e-kam-me-kanihere-mdoket-qe-eshte-ne-suedi\/#article","isPartOf":{"@id":"https:\/\/permbledhja.com\/nena-e-liridona-ademajt-spo-me-besohet-qe-nuk-e-kam-me-kanihere-mdoket-qe-eshte-ne-suedi\/"},"author":{"name":"P\u00ebrmbledhja","@id":"https:\/\/permbledhja.com\/#\/schema\/person\/0d064377258d3221e50693947b9eb4fe"},"headline":"N\u00ebna e Liridona Ademajt: S\u2019po m\u00eb besohet q\u00eb nuk e kam m\u00eb, kaniher\u00eb m\u2019doket q\u00eb \u00ebsht\u00eb n\u00eb Suedi","datePublished":"2024-04-10T10:45:11+00:00","dateModified":"2024-04-10T10:45:11+00:00","mainEntityOfPage":{"@id":"https:\/\/permbledhja.com\/nena-e-liridona-ademajt-spo-me-besohet-qe-nuk-e-kam-me-kanihere-mdoket-qe-eshte-ne-suedi\/"},"wordCount":187,"publisher":{"@id":"https:\/\/permbledhja.com\/#organization"},"keywords":["Liridona Ademaj"],"articleSection":["Lajme"],"inLanguage":"sq"},{"@type":"WebPage","@id":"https:\/\/permbledhja.com\/nena-e-liridona-ademajt-spo-me-besohet-qe-nuk-e-kam-me-kanihere-mdoket-qe-eshte-ne-suedi\/","url":"https:\/\/permbledhja.com\/nena-e-liridona-ademajt-spo-me-besohet-qe-nuk-e-kam-me-kanihere-mdoket-qe-eshte-ne-suedi\/","name":"N\u00ebna e Liridona Ademajt: S\u2019po m\u00eb besohet q\u00eb nuk e kam m\u00eb, kaniher\u00eb m\u2019doket q\u00eb \u00ebsht\u00eb n\u00eb Suedi","isPartOf":{"@id":"https:\/\/permbledhja.com\/#website"},"datePublished":"2024-04-10T10:45:11+00:00","dateModified":"2024-04-10T10:45:11+00:00","breadcrumb":{"@id":"https:\/\/permbledhja.com\/nena-e-liridona-ademajt-spo-me-besohet-qe-nuk-e-kam-me-kanihere-mdoket-qe-eshte-ne-suedi\/#breadcrumb"},"inLanguage":"sq","potentialAction":[{"@type":"ReadAction","target":["https:\/\/permbledhja.com\/nena-e-liridona-ademajt-spo-me-besohet-qe-nuk-e-kam-me-kanihere-mdoket-qe-eshte-ne-suedi\/"]}]},{"@type":"BreadcrumbList","@id":"https:\/\/permbledhja.com\/nena-e-liridona-ademajt-spo-me-besohet-qe-nuk-e-kam-me-kanihere-mdoket-qe-eshte-ne-suedi\/#breadcrumb","itemListElement":[{"@type":"ListItem","position":1,"name":"Ballina","item":"https:\/\/permbledhja.com\/sq\/"},{"@type":"ListItem","position":2,"name":"N\u00ebna e Liridona Ademajt: S\u2019po m\u00eb besohet q\u00eb nuk e kam m\u00eb, kaniher\u00eb m\u2019doket q\u00eb \u00ebsht\u00eb n\u00eb Suedi"}]},{"@type":"WebSite","@id":"https:\/\/permbledhja.com\/#website","url":"https:\/\/permbledhja.com\/","name":"Ve\u00e7 artikuj p\u00ebrmbledh\u00ebs","description":"","publisher":{"@id":"https:\/\/permbledhja.com\/#organization"},"potentialAction":[{"@type":"SearchAction","target":{"@type":"EntryPoint","urlTemplate":"https:\/\/permbledhja.com\/?s={search_term_string}"},"query-input":"required name=search_term_string"}],"inLanguage":"sq"},{"@type":"Organization","@id":"https:\/\/permbledhja.com\/#organization","name":"MK Media & Pr","url":"https:\/\/permbledhja.com\/","logo":{"@type":"ImageObject","inLanguage":"sq","@id":"https:\/\/permbledhja.com\/#\/schema\/logo\/image\/","url":"https:\/\/permbledhja.com\/wp-content\/uploads\/2021\/12\/07-Press-Logo.jpg","contentUrl":"https:\/\/permbledhja.com\/wp-content\/uploads\/2021\/12\/07-Press-Logo.jpg","width":512,"height":512,"caption":"MK Media & Pr"},"image":{"@id":"https:\/\/permbledhja.com\/#\/schema\/logo\/image\/"},"sameAs":["https:\/\/www.facebook.com\/press07\/"]},{"@type":"Person","@id":"https:\/\/permbledhja.com\/#\/schema\/person\/0d064377258d3221e50693947b9eb4fe","name":"P\u00ebrmbledhja","image":{"@type":"ImageObject","inLanguage":"sq","@id":"https:\/\/permbledhja.com\/#\/schema\/person\/image\/","url":"https:\/\/permbledhja.com\/wp-content\/uploads\/2026\/01\/452004717_1040944174702970_8932037511805513407_n-96x96.jpg","contentUrl":"https:\/\/permbledhja.com\/wp-content\/uploads\/2026\/01\/452004717_1040944174702970_8932037511805513407_n-96x96.jpg","caption":"P\u00ebrmbledhja"},"sameAs":["https:\/\/www.facebook.com\/kafexhiu.muharrem\/","https:\/\/www.instagram.com\/muharrem_kafexhiu\/"],"url":"https:\/\/permbledhja.com\/sq\/author\/admin\/"}]}},"_links":{"self":[{"href":"https:\/\/permbledhja.com\/sq\/wp-json\/wp\/v2\/posts\/55862"}],"collection":[{"href":"https:\/\/permbledhja.com\/sq\/wp-json\/wp\/v2\/posts"}],"about":[{"href":"https:\/\/permbledhja.com\/sq\/wp-json\/wp\/v2\/types\/post"}],"author":[{"embeddable":true,"href":"https:\/\/permbledhja.com\/sq\/wp-json\/wp\/v2\/users\/1"}],"replies":[{"embeddable":true,"href":"https:\/\/permbledhja.com\/sq\/wp-json\/wp\/v2\/comments?post=55862"}],"version-history":[{"count":1,"href":"https:\/\/permbledhja.com\/sq\/wp-json\/wp\/v2\/posts\/55862\/revisions"}],"predecessor-version":[{"id":55864,"href":"https:\/\/permbledhja.com\/sq\/wp-json\/wp\/v2\/posts\/55862\/revisions\/55864"}],"wp:featuredmedia":[{"embeddable":true,"href":"https:\/\/permbledhja.com\/sq\/wp-json\/wp\/v2\/media\/55863"}],"wp:attachment":[{"href":"https:\/\/permbledhja.com\/sq\/wp-json\/wp\/v2\/media?parent=55862"}],"wp:term":[{"taxonomy":"category","embeddable":true,"href":"https:\/\/permbledhja.com\/sq\/wp-json\/wp\/v2\/categories?post=55862"},{"taxonomy":"post_tag","embeddable":true,"href":"https:\/\/permbledhja.com\/sq\/wp-json\/wp\/v2\/tags?post=55862"}],"curies":[{"name":"wp","href":"https:\/\/api.w.org\/{rel}","templated":true}]}}