{"id":55859,"date":"2024-04-10T09:14:16","date_gmt":"2024-04-10T09:14:16","guid":{"rendered":"https:\/\/permbledhja.com\/?p=55859"},"modified":"2024-04-10T09:14:16","modified_gmt":"2024-04-10T09:14:16","slug":"pas-102-vitesh-hapet-xhamia-ne-selanik","status":"publish","type":"post","link":"https:\/\/permbledhja.com\/sq\/pas-102-vitesh-hapet-xhamia-ne-selanik\/","title":{"rendered":"Pas 102 vitesh hapet xhamia n\u00eb Selanik"},"content":{"rendered":"<p><strong>Pas 102 vitesh, n\u00eb Selanik t\u00eb Greqis\u00eb \u00ebsht\u00eb rihapur Xhamia Yeni, e cila deri m\u00eb sot ishte p\u00ebrdorur si hap\u00ebsir\u00eb \u200b\u200bekspozite e Galeris\u00eb s\u00eb Arteve komunale.<\/strong><\/p>\n<p>Autoritetet n\u00eb Selanik e hap\u00ebn xhamin\u00eb duke i dh\u00ebn\u00eb mund\u00ebsin\u00eb p\u00ebr t\u00eb falur namazin besimtar\u00ebve mysliman\u00eb, t\u00eb cil\u00ebt sot festojn\u00eb Fiter Bajramin pas p\u00ebrfundimit t\u00eb nj\u00eb muaj agj\u00ebrimi.<\/p>\n<p>Q\u00eb n\u00eb or\u00ebt e para t\u00eb m\u00ebngjesit, n\u00eb vendngjarje mb\u00ebrrin nj\u00eb num\u00ebr i madh besimtar\u00ebsh p\u00ebr t\u00eb falur namazin, nd\u00ebrsa masat e policis\u00eb greke n\u00eb zon\u00eb dhe perimetrin e objektit ishin shtuar tej mase, shkruan\u00a0<a href=\"https:\/\/www.cnn.gr\/ellada\/story\/414192\/thessaloniki-anoikse-to-geni-tzami-gia-to-ramazani-meta-apo-102-xronia\" target=\"_blank\" rel=\"noreferrer noopener\">CNN<\/a>.<\/p>\n<p>Vendimi \u00ebsht\u00eb marr\u00eb nga Sekretariati i P\u00ebrgjithsh\u00ebm i Feve dhe imami q\u00eb do t\u00eb kryej\u00eb namazin \u00ebsht\u00eb zgjedhur nga shteti grek. Ky \u00ebsht\u00eb egjiptiani Taha Abdelgalil i cili \u00ebsht\u00eb shtetas grek dhe an\u00ebtar i komitetit fetar t\u00eb xhamis\u00eb islame n\u00eb Athin\u00eb.<\/p>\n","protected":false},"excerpt":{"rendered":"<p>Pas 102 vitesh, n\u00eb Selanik t\u00eb Greqis\u00eb \u00ebsht\u00eb rihapur Xhamia Yeni, e cila deri m\u00eb sot ishte p\u00ebrdorur si hap\u00ebsir\u00eb \u200b\u200bekspozite e Galeris\u00eb s\u00eb Arteve komunale. Autoritetet n\u00eb Selanik e hap\u00ebn xhamin\u00eb duke i dh\u00ebn\u00eb mund\u00ebsin\u00eb p\u00ebr t\u00eb falur namazin besimtar\u00ebve mysliman\u00eb, t\u00eb cil\u00ebt sot festojn\u00eb Fiter Bajramin pas p\u00ebrfundimit t\u00eb nj\u00eb muaj agj\u00ebrimi. Q\u00eb [&hellip;]<\/p>\n","protected":false},"author":1,"featured_media":55860,"comment_status":"closed","ping_status":"closed","sticky":false,"template":"","format":"standard","meta":{"_monsterinsights_skip_tracking":false,"_monsterinsights_sitenote_active":false,"_monsterinsights_sitenote_note":"","_monsterinsights_sitenote_category":0,"_uf_show_specific_survey":0,"_uf_disable_surveys":false,"footnotes":""},"categories":[15],"tags":[3073],"yoast_head":"<!-- This site is optimized with the Yoast SEO plugin v21.5 - https:\/\/yoast.com\/wordpress\/plugins\/seo\/ -->\n<title>Pas 102 vitesh hapet xhamia n\u00eb Selanik<\/title>\n<meta name=\"robots\" content=\"index, follow, max-snippet:-1, max-image-preview:large, max-video-preview:-1\" \/>\n<link rel=\"canonical\" href=\"https:\/\/permbledhja.com\/sq\/pas-102-vitesh-hapet-xhamia-ne-selanik\/\" \/>\n<meta property=\"og:locale\" content=\"sq_AL\" \/>\n<meta property=\"og:type\" content=\"article\" \/>\n<meta property=\"og:title\" content=\"Pas 102 vitesh hapet xhamia n\u00eb Selanik\" \/>\n<meta property=\"og:description\" content=\"Pas 102 vitesh, n\u00eb Selanik t\u00eb Greqis\u00eb \u00ebsht\u00eb rihapur Xhamia Yeni, e cila deri m\u00eb sot ishte p\u00ebrdorur si hap\u00ebsir\u00eb \u200b\u200bekspozite e Galeris\u00eb s\u00eb Arteve komunale. Autoritetet n\u00eb Selanik e hap\u00ebn xhamin\u00eb duke i dh\u00ebn\u00eb mund\u00ebsin\u00eb p\u00ebr t\u00eb falur namazin besimtar\u00ebve mysliman\u00eb, t\u00eb cil\u00ebt sot festojn\u00eb Fiter Bajramin pas p\u00ebrfundimit t\u00eb nj\u00eb muaj agj\u00ebrimi. Q\u00eb [&hellip;]\" \/>\n<meta property=\"og:url\" content=\"https:\/\/permbledhja.com\/sq\/pas-102-vitesh-hapet-xhamia-ne-selanik\/\" \/>\n<meta property=\"og:site_name\" content=\"Ve\u00e7 artikuj p\u00ebrmbledh\u00ebs\" \/>\n<meta property=\"article:publisher\" content=\"https:\/\/www.facebook.com\/press07\/\" \/>\n<meta property=\"article:author\" content=\"https:\/\/www.facebook.com\/kafexhiu.muharrem\/\" \/>\n<meta property=\"article:published_time\" content=\"2024-04-10T09:14:16+00:00\" \/>\n<meta property=\"og:image\" content=\"https:\/\/permbledhja.com\/wp-content\/uploads\/2024\/04\/DFEF68D9-C614-4D99-9E74-CCAD2517DA54.webp\" \/>\n\t<meta property=\"og:image:width\" content=\"917\" \/>\n\t<meta property=\"og:image:height\" content=\"493\" \/>\n\t<meta property=\"og:image:type\" content=\"image\/webp\" \/>\n<meta name=\"author\" content=\"P\u00ebrmbledhja\" \/>\n<meta name=\"twitter:card\" content=\"summary_large_image\" \/>\n<meta name=\"twitter:label1\" content=\"Written by\" \/>\n\t<meta name=\"twitter:data1\" content=\"P\u00ebrmbledhja\" \/>\n\t<meta name=\"twitter:label2\" content=\"Est. reading time\" \/>\n\t<meta name=\"twitter:data2\" content=\"1 minut\u00eb\" \/>\n<script type=\"application\/ld+json\" class=\"yoast-schema-graph\">{\"@context\":\"https:\/\/schema.org\",\"@graph\":[{\"@type\":\"Article\",\"@id\":\"https:\/\/permbledhja.com\/sq\/pas-102-vitesh-hapet-xhamia-ne-selanik\/#article\",\"isPartOf\":{\"@id\":\"https:\/\/permbledhja.com\/sq\/pas-102-vitesh-hapet-xhamia-ne-selanik\/\"},\"author\":{\"name\":\"P\u00ebrmbledhja\",\"@id\":\"https:\/\/permbledhja.com\/#\/schema\/person\/0d064377258d3221e50693947b9eb4fe\"},\"headline\":\"Pas 102 vitesh hapet xhamia n\u00eb Selanik\",\"datePublished\":\"2024-04-10T09:14:16+00:00\",\"dateModified\":\"2024-04-10T09:14:16+00:00\",\"mainEntityOfPage\":{\"@id\":\"https:\/\/permbledhja.com\/sq\/pas-102-vitesh-hapet-xhamia-ne-selanik\/\"},\"wordCount\":156,\"publisher\":{\"@id\":\"https:\/\/permbledhja.com\/#organization\"},\"keywords\":[\"Selanik\"],\"articleSection\":[\"Lajme\"],\"inLanguage\":\"sq\"},{\"@type\":\"WebPage\",\"@id\":\"https:\/\/permbledhja.com\/sq\/pas-102-vitesh-hapet-xhamia-ne-selanik\/\",\"url\":\"https:\/\/permbledhja.com\/sq\/pas-102-vitesh-hapet-xhamia-ne-selanik\/\",\"name\":\"Pas 102 vitesh hapet xhamia n\u00eb Selanik\",\"isPartOf\":{\"@id\":\"https:\/\/permbledhja.com\/#website\"},\"datePublished\":\"2024-04-10T09:14:16+00:00\",\"dateModified\":\"2024-04-10T09:14:16+00:00\",\"breadcrumb\":{\"@id\":\"https:\/\/permbledhja.com\/sq\/pas-102-vitesh-hapet-xhamia-ne-selanik\/#breadcrumb\"},\"inLanguage\":\"sq\",\"potentialAction\":[{\"@type\":\"ReadAction\",\"target\":[\"https:\/\/permbledhja.com\/sq\/pas-102-vitesh-hapet-xhamia-ne-selanik\/\"]}]},{\"@type\":\"BreadcrumbList\",\"@id\":\"https:\/\/permbledhja.com\/sq\/pas-102-vitesh-hapet-xhamia-ne-selanik\/#breadcrumb\",\"itemListElement\":[{\"@type\":\"ListItem\",\"position\":1,\"name\":\"Ballina\",\"item\":\"https:\/\/permbledhja.com\/sq\/\"},{\"@type\":\"ListItem\",\"position\":2,\"name\":\"Pas 102 vitesh hapet xhamia n\u00eb Selanik\"}]},{\"@type\":\"WebSite\",\"@id\":\"https:\/\/permbledhja.com\/#website\",\"url\":\"https:\/\/permbledhja.com\/\",\"name\":\"Ve\u00e7 artikuj p\u00ebrmbledh\u00ebs\",\"description\":\"\",\"publisher\":{\"@id\":\"https:\/\/permbledhja.com\/#organization\"},\"potentialAction\":[{\"@type\":\"SearchAction\",\"target\":{\"@type\":\"EntryPoint\",\"urlTemplate\":\"https:\/\/permbledhja.com\/?s={search_term_string}\"},\"query-input\":\"required name=search_term_string\"}],\"inLanguage\":\"sq\"},{\"@type\":\"Organization\",\"@id\":\"https:\/\/permbledhja.com\/#organization\",\"name\":\"MK Media & Pr\",\"url\":\"https:\/\/permbledhja.com\/\",\"logo\":{\"@type\":\"ImageObject\",\"inLanguage\":\"sq\",\"@id\":\"https:\/\/permbledhja.com\/#\/schema\/logo\/image\/\",\"url\":\"https:\/\/permbledhja.com\/wp-content\/uploads\/2021\/12\/07-Press-Logo.jpg\",\"contentUrl\":\"https:\/\/permbledhja.com\/wp-content\/uploads\/2021\/12\/07-Press-Logo.jpg\",\"width\":512,\"height\":512,\"caption\":\"MK Media & Pr\"},\"image\":{\"@id\":\"https:\/\/permbledhja.com\/#\/schema\/logo\/image\/\"},\"sameAs\":[\"https:\/\/www.facebook.com\/press07\/\"]},{\"@type\":\"Person\",\"@id\":\"https:\/\/permbledhja.com\/#\/schema\/person\/0d064377258d3221e50693947b9eb4fe\",\"name\":\"P\u00ebrmbledhja\",\"image\":{\"@type\":\"ImageObject\",\"inLanguage\":\"sq\",\"@id\":\"https:\/\/permbledhja.com\/#\/schema\/person\/image\/\",\"url\":\"https:\/\/permbledhja.com\/wp-content\/uploads\/2026\/01\/452004717_1040944174702970_8932037511805513407_n-96x96.jpg\",\"contentUrl\":\"https:\/\/permbledhja.com\/wp-content\/uploads\/2026\/01\/452004717_1040944174702970_8932037511805513407_n-96x96.jpg\",\"caption\":\"P\u00ebrmbledhja\"},\"sameAs\":[\"https:\/\/www.facebook.com\/kafexhiu.muharrem\/\",\"https:\/\/www.instagram.com\/muharrem_kafexhiu\/\"],\"url\":\"https:\/\/permbledhja.com\/sq\/author\/admin\/\"}]}<\/script>\n<!-- \/ Yoast SEO plugin. -->","yoast_head_json":{"title":"Pas 102 vitesh hapet xhamia n\u00eb Selanik","robots":{"index":"index","follow":"follow","max-snippet":"max-snippet:-1","max-image-preview":"max-image-preview:large","max-video-preview":"max-video-preview:-1"},"canonical":"https:\/\/permbledhja.com\/sq\/pas-102-vitesh-hapet-xhamia-ne-selanik\/","og_locale":"sq_AL","og_type":"article","og_title":"Pas 102 vitesh hapet xhamia n\u00eb Selanik","og_description":"Pas 102 vitesh, n\u00eb Selanik t\u00eb Greqis\u00eb \u00ebsht\u00eb rihapur Xhamia Yeni, e cila deri m\u00eb sot ishte p\u00ebrdorur si hap\u00ebsir\u00eb \u200b\u200bekspozite e Galeris\u00eb s\u00eb Arteve komunale. Autoritetet n\u00eb Selanik e hap\u00ebn xhamin\u00eb duke i dh\u00ebn\u00eb mund\u00ebsin\u00eb p\u00ebr t\u00eb falur namazin besimtar\u00ebve mysliman\u00eb, t\u00eb cil\u00ebt sot festojn\u00eb Fiter Bajramin pas p\u00ebrfundimit t\u00eb nj\u00eb muaj agj\u00ebrimi. Q\u00eb [&hellip;]","og_url":"https:\/\/permbledhja.com\/sq\/pas-102-vitesh-hapet-xhamia-ne-selanik\/","og_site_name":"Ve\u00e7 artikuj p\u00ebrmbledh\u00ebs","article_publisher":"https:\/\/www.facebook.com\/press07\/","article_author":"https:\/\/www.facebook.com\/kafexhiu.muharrem\/","article_published_time":"2024-04-10T09:14:16+00:00","og_image":[{"width":917,"height":493,"url":"https:\/\/permbledhja.com\/wp-content\/uploads\/2024\/04\/DFEF68D9-C614-4D99-9E74-CCAD2517DA54.webp","type":"image\/webp"}],"author":"P\u00ebrmbledhja","twitter_card":"summary_large_image","twitter_misc":{"Written by":"P\u00ebrmbledhja","Est. reading time":"1 minut\u00eb"},"schema":{"@context":"https:\/\/schema.org","@graph":[{"@type":"Article","@id":"https:\/\/permbledhja.com\/sq\/pas-102-vitesh-hapet-xhamia-ne-selanik\/#article","isPartOf":{"@id":"https:\/\/permbledhja.com\/sq\/pas-102-vitesh-hapet-xhamia-ne-selanik\/"},"author":{"name":"P\u00ebrmbledhja","@id":"https:\/\/permbledhja.com\/#\/schema\/person\/0d064377258d3221e50693947b9eb4fe"},"headline":"Pas 102 vitesh hapet xhamia n\u00eb Selanik","datePublished":"2024-04-10T09:14:16+00:00","dateModified":"2024-04-10T09:14:16+00:00","mainEntityOfPage":{"@id":"https:\/\/permbledhja.com\/sq\/pas-102-vitesh-hapet-xhamia-ne-selanik\/"},"wordCount":156,"publisher":{"@id":"https:\/\/permbledhja.com\/#organization"},"keywords":["Selanik"],"articleSection":["Lajme"],"inLanguage":"sq"},{"@type":"WebPage","@id":"https:\/\/permbledhja.com\/sq\/pas-102-vitesh-hapet-xhamia-ne-selanik\/","url":"https:\/\/permbledhja.com\/sq\/pas-102-vitesh-hapet-xhamia-ne-selanik\/","name":"Pas 102 vitesh hapet xhamia n\u00eb Selanik","isPartOf":{"@id":"https:\/\/permbledhja.com\/#website"},"datePublished":"2024-04-10T09:14:16+00:00","dateModified":"2024-04-10T09:14:16+00:00","breadcrumb":{"@id":"https:\/\/permbledhja.com\/sq\/pas-102-vitesh-hapet-xhamia-ne-selanik\/#breadcrumb"},"inLanguage":"sq","potentialAction":[{"@type":"ReadAction","target":["https:\/\/permbledhja.com\/sq\/pas-102-vitesh-hapet-xhamia-ne-selanik\/"]}]},{"@type":"BreadcrumbList","@id":"https:\/\/permbledhja.com\/sq\/pas-102-vitesh-hapet-xhamia-ne-selanik\/#breadcrumb","itemListElement":[{"@type":"ListItem","position":1,"name":"Ballina","item":"https:\/\/permbledhja.com\/sq\/"},{"@type":"ListItem","position":2,"name":"Pas 102 vitesh hapet xhamia n\u00eb Selanik"}]},{"@type":"WebSite","@id":"https:\/\/permbledhja.com\/#website","url":"https:\/\/permbledhja.com\/","name":"Ve\u00e7 artikuj p\u00ebrmbledh\u00ebs","description":"","publisher":{"@id":"https:\/\/permbledhja.com\/#organization"},"potentialAction":[{"@type":"SearchAction","target":{"@type":"EntryPoint","urlTemplate":"https:\/\/permbledhja.com\/?s={search_term_string}"},"query-input":"required name=search_term_string"}],"inLanguage":"sq"},{"@type":"Organization","@id":"https:\/\/permbledhja.com\/#organization","name":"MK Media & Pr","url":"https:\/\/permbledhja.com\/","logo":{"@type":"ImageObject","inLanguage":"sq","@id":"https:\/\/permbledhja.com\/#\/schema\/logo\/image\/","url":"https:\/\/permbledhja.com\/wp-content\/uploads\/2021\/12\/07-Press-Logo.jpg","contentUrl":"https:\/\/permbledhja.com\/wp-content\/uploads\/2021\/12\/07-Press-Logo.jpg","width":512,"height":512,"caption":"MK Media & Pr"},"image":{"@id":"https:\/\/permbledhja.com\/#\/schema\/logo\/image\/"},"sameAs":["https:\/\/www.facebook.com\/press07\/"]},{"@type":"Person","@id":"https:\/\/permbledhja.com\/#\/schema\/person\/0d064377258d3221e50693947b9eb4fe","name":"P\u00ebrmbledhja","image":{"@type":"ImageObject","inLanguage":"sq","@id":"https:\/\/permbledhja.com\/#\/schema\/person\/image\/","url":"https:\/\/permbledhja.com\/wp-content\/uploads\/2026\/01\/452004717_1040944174702970_8932037511805513407_n-96x96.jpg","contentUrl":"https:\/\/permbledhja.com\/wp-content\/uploads\/2026\/01\/452004717_1040944174702970_8932037511805513407_n-96x96.jpg","caption":"P\u00ebrmbledhja"},"sameAs":["https:\/\/www.facebook.com\/kafexhiu.muharrem\/","https:\/\/www.instagram.com\/muharrem_kafexhiu\/"],"url":"https:\/\/permbledhja.com\/sq\/author\/admin\/"}]}},"_links":{"self":[{"href":"https:\/\/permbledhja.com\/sq\/wp-json\/wp\/v2\/posts\/55859"}],"collection":[{"href":"https:\/\/permbledhja.com\/sq\/wp-json\/wp\/v2\/posts"}],"about":[{"href":"https:\/\/permbledhja.com\/sq\/wp-json\/wp\/v2\/types\/post"}],"author":[{"embeddable":true,"href":"https:\/\/permbledhja.com\/sq\/wp-json\/wp\/v2\/users\/1"}],"replies":[{"embeddable":true,"href":"https:\/\/permbledhja.com\/sq\/wp-json\/wp\/v2\/comments?post=55859"}],"version-history":[{"count":1,"href":"https:\/\/permbledhja.com\/sq\/wp-json\/wp\/v2\/posts\/55859\/revisions"}],"predecessor-version":[{"id":55861,"href":"https:\/\/permbledhja.com\/sq\/wp-json\/wp\/v2\/posts\/55859\/revisions\/55861"}],"wp:featuredmedia":[{"embeddable":true,"href":"https:\/\/permbledhja.com\/sq\/wp-json\/wp\/v2\/media\/55860"}],"wp:attachment":[{"href":"https:\/\/permbledhja.com\/sq\/wp-json\/wp\/v2\/media?parent=55859"}],"wp:term":[{"taxonomy":"category","embeddable":true,"href":"https:\/\/permbledhja.com\/sq\/wp-json\/wp\/v2\/categories?post=55859"},{"taxonomy":"post_tag","embeddable":true,"href":"https:\/\/permbledhja.com\/sq\/wp-json\/wp\/v2\/tags?post=55859"}],"curies":[{"name":"wp","href":"https:\/\/api.w.org\/{rel}","templated":true}]}}