{"id":55612,"date":"2024-04-08T12:47:30","date_gmt":"2024-04-08T12:47:30","guid":{"rendered":"https:\/\/permbledhja.com\/?p=55612"},"modified":"2024-04-08T12:47:30","modified_gmt":"2024-04-08T12:47:30","slug":"qe-pse-kurti-mund-ta-coje-vendin-ne-zgjedhje-shume-shpejt","status":"publish","type":"post","link":"https:\/\/permbledhja.com\/sq\/qe-pse-kurti-mund-ta-coje-vendin-ne-zgjedhje-shume-shpejt\/","title":{"rendered":"Qe pse Kurti mund ta \u00e7oj\u00eb vendin n\u00eb zgjedhje shum\u00eb shpejt"},"content":{"rendered":"<p><b>Me t\u00eb nisur viti 2024 n\u00eb gjuh\u00ebn se gjith\u00ebsecilit kan\u00eb qen\u00eb zgjedhjet e hershme parlamentare derisa kan\u00eb variuar idet\u00eb se \u201c<i>kur dhe nga \u00e7ka?<\/i>\u201d do t\u00eb mund t\u00eb shkaktoheshin ato.<\/b><\/p>\n<p>Nga pushteti ve\u00e7se kan\u00eb nisur (p\u00ebr)dredhjet me sondazhe tash-e-disa-her\u00eb p\u00ebr t\u00eb projektuar lart\u00ebsin\u00eb e q\u00ebndrimit (para)zgjedhor t\u00eb tyre.<\/p>\n<p>Pushteti n\u00eb kriz\u00eb performance dhe jet\u00ebsimi t\u00eb ofert\u00ebs s\u00eb tyre zgjedhore t\u00eb para tri vjete p\u00ebr \u00e7\u00ebshtje jetike n\u00eb vend, krejt \u00e7ka mundur t\u00eb ofroj\u00eb \u00ebsht\u00eb p\u00ebrplasjen me Serbin\u00eb dhe policimin e veriut t\u00eb banuar me shumic\u00eb serbe.<\/p>\n<p>S\u00eb paku nj\u00eb dimension sinqeriteti p\u00ebr arsyen e shkuarjes n\u00eb zgjedhje t\u00eb parakohshme e kishte dh\u00ebn\u00eb i dyti p\u00ebr nga pesha n\u00eb L\u00ebvizjen Vet\u00ebvendosje, Glauk Konjufca.<\/p>\n<p>P\u00ebr shkak t\u00eb proceseve t\u00eb dialogut me Serbin\u00eb, pati th\u00ebn\u00eb Konjufca, vendi duhet t\u00eb shkoj\u00eb n\u00eb zgjedhje t\u00eb hershme \u201c<i>q\u00eb t\u00eb mos d\u00ebmtohet legjimiteti<\/i>\u201d i qeveris\u00eb n\u00eb ardhje.<\/p>\n<p>N\u00eb k\u00ebt\u00eb lexim, Konjufca e jepte \u2013 sigurisht, \u00e7\u00ebshtjen bosht t\u00eb Asociacionit \u2013 p\u00ebr nj\u00eb rilegjitimim t\u00eb Vet\u00ebvendosjes para se t\u00eb b\u00ebheshin hapa n\u00eb at\u00eb drejtim, e jo hapa n\u00eb at\u00eb drejtim para ri-mandatimit.<\/p>\n<p>E mu k\u00ebtij \u201chapi t\u00eb par\u00eb\u201d drejt Asociacionit i ka ardhur koha; dhe at\u00eb hi\u00e7 m\u00eb larg se n\u00eb periudh\u00eb prej 15 prillit deri m\u00eb 16 maj n\u00eb drit\u00ebn e votimit t\u00eb an\u00ebtar\u00ebsimit ose jo t\u00eb Kosov\u00ebs n\u00eb K\u00ebshillin e Evrop\u00ebs.<\/p>\n<p>Kryeministri i Kosov\u00ebs, Albin Kurti tash e gjen veten n\u00eb mes t\u00eb miratimit t\u00eb draft-Statutit t\u00eb Asociacionit t\u00eb Komnave t\u00eb banuara me shumic\u00eb serbe vis-a-vis votimit t\u00eb suksessh\u00ebm t\u00eb Kosov\u00ebs n\u00eb KiE, ose jo KiE si rrjedhoj\u00eb e mosprocedimit tutje p\u00ebr rishikim kushtetues.<\/p>\n<p>Se si do ta peshoj\u00eb k\u00ebt\u00eb \u2013 mes miratimit t\u00eb draftit dhe KiE-s\u00eb ose anasjelltas \u2013 \u00ebsht\u00eb ngjarja m\u00eb e af\u00ebrt q\u00eb n\u00eb potenc\u00eb b\u00ebrtet me \u201czgjedhje t\u00eb parakohshme\u201d.<\/p>\n<p><b>Pse \u00ebsht\u00eb k\u00ebshtu?<\/b><\/p>\n<p>Raportuesja p\u00ebr Kosov\u00ebn n\u00eb K\u00ebshillin e Evrop\u00ebs, Dora Bakoyanis shkruan q\u00eb \u201c<i>hapa t\u00eb preksh\u00ebm progresi\u201d\u00a0<\/i>drejt themelimit t\u00eb Asociacionit do t\u00eb jen\u00eb \u201cduksh\u00ebm lart n\u00eb konsiderat\u00ebn\u201d e K\u00ebshillit t\u00eb Ministrave t\u00eb KiE-s\u00eb (praktikisht n\u00eb nivel qeverish t\u00eb shteteve an\u00ebtare) p\u00ebr t\u00eb pranuar ose jo an\u00ebtar\u00ebsimin e Kosov\u00ebs n\u00eb KiE m\u00eb 16 maj.<\/p>\n<p>Nacionale dit\u00eb m\u00eb par\u00eb raportoi nga burime diplomatike se q\u00ebndrimi i Gjermanis\u00eb vis-a-vis votimit final n\u00eb K\u00ebshillin e Ministrave t\u00eb K\u00ebshillit t\u00eb Evrop\u00ebs do t\u00eb varet nga procedimi ose jo i draft-Statutit t\u00eb Asociacionit t\u00eb hartuar nga Bashkimi Evropian t\u00eb ofruar qeveris\u00eb kosovare n\u00eb fund t\u00eb tetorit t\u00eb vitit t\u00eb kaluar.<\/p>\n<p>\u201c<i>Jo zbatim i plot\u00eb i Asociacionit\u201d, v\u00ebren burimi, por \u201cprogres n\u00eb proces&#8230;d\u00ebrgimi i propozimit t\u00eb BE-s\u00eb p\u00ebr vler\u00ebsim n\u00eb Gjykat\u00ebn Kushtetuese<\/i>\u201d.<\/p>\n<p>Madje n\u00eb at\u00eb se q\u00ebndrimi gjerman p\u00ebr mb\u00ebshtetjen me vot\u00eb n\u00eb instanc\u00ebn e fundit vendimarr\u00ebse t\u00eb KiE-s\u00eb ka t\u00eb b\u00ebj\u00eb me marrjen e k\u00ebtij hapi t\u00eb par\u00eb drejt Asociacionit, bashk\u00ebbiseduesi yn\u00eb na thot\u00eb se ka qen\u00eb k\u00ebshtu ka her\u00eb<\/p>\n<p>\u201c<i>Progresi n\u00eb lidhje me ASM-n\u00eb ka qen\u00eb k\u00ebrkes\u00eb q\u00ebmoti p\u00ebr an\u00ebtar\u00ebsimin e Kosov\u00ebs n\u00eb KiE dhe \u00ebsht\u00eb komunikuar vazhdimisht (nga gjerman\u00ebt)\u201d.<\/i><\/p>\n<p>N\u00eb raportin (Opinionin) e Bakoyanis ajo e shkruan prerazi se vet\u00eb aplikimi i Kosov\u00ebs, p\u00ebrkat\u00ebsisht vet\u00eb konsiderimi nga KiE i aplikimit t\u00eb Kosov\u00ebs, \u201c<i>p\u00ebr her\u00eb t\u00eb par\u00eb n\u00eb histori t\u00eb Organizat\u00ebs, \u00ebsht\u00eb b\u00ebr\u00eb me lidhje direkte me nj\u00eb proces politik, i cili \u00ebsht\u00eb n\u00eb fascilitim nga nj\u00eb organizat\u00eb tjet\u00ebr nd\u00ebrkomb\u00ebtare (BE)\u201d.<\/i><\/p>\n<p>E ky proces politik, thot\u00eb Bakoyanis, \u00ebsht\u00eb Marr\u00ebveshja e Bruksel\/Ohrit; \u201c<i>r\u00ebnd\u00ebsia e s\u00eb cil\u00ebs nuk mund t\u00eb theksohet sa duhet<\/i>\u201d teksa i referohet Nenit 7 \u201ct\u00eb vet\u00ebmeanxhimit\u201d p\u00ebr komunitetin serb krahas Nenit 4 nga i cili \u00ebsht\u00eb argumentuar procedimi i aplikacionit p\u00ebr k\u00ebt\u00eb an\u00ebtar\u00ebsim n\u00eb rend t\u00eb par\u00eb.<\/p>\n<p>T\u00eb nj\u00ebjtin parashikim p\u00ebr k\u00ebt\u00eb periudh\u00eb nd\u00ebrmjet mes-prillit dhe mes-majit si koha m\u00eb potenciale kur Kurti mund ta \u00e7oj\u00eb vendin n\u00eb zgjedhje sakt\u00ebsisht p\u00ebr k\u00ebt\u00eb t\u00eb nj\u00ebjt\u00ebn arsye, e artikuloi edhe Shefi i Grupit Parlamentar t\u00eb Lidhjes Demokratike t\u00eb Kosov\u00ebs, Arben Gashi.<\/p>\n<p>\u201cJan\u00eb dy modalitete kritike q\u00eb mund t\u00eb prodhojn\u00eb zgjedhje. Nj\u00ebra prej momenteve kritike \u00ebsht\u00eb mes 16 prillit dhe 16 majit, presioni n\u00ebse do t\u00eb jet\u00eb e v\u00ebrtet\u00eb ajo p\u00ebr \u00e7\u00ebshtjen e (miratimit t\u00eb) draftit t\u00eb Asociacionit\u201d, tha ai n\u00eb\u00a0<a href=\"https:\/\/www.youtube.com\/watch?v=cbNKIZ3fVGg&amp;t=986s\">Pressing t\u00eb T7.<\/a><\/p>\n<p>E kjo, sipas Gashit, do t\u00eb b\u00ebnte q\u00eb \u2013 n\u00eb rast t\u00eb miratimit t\u00eb draft-Statutit \u2013 Kurti \u201cdo t\u00eb shkat\u00ebrronte kauzat e tij\u201d dhe zgjedhjet do t\u00eb ishin n\u00eb janar n\u00eb p\u00ebrfundim t\u00eb mandatit t\u00eb rregullt, ose e kund\u00ebrta, t\u00eb mos e \u00e7onte draft-Statutin dhe t\u2019i provokonte zgjedhjet p\u00ebr qershor.<\/p>\n<p>\u201c<i>Se a shkon zoti Kurti n\u00eb zgjedhje me kat\u00ebr kauza t\u00eb shkat\u00ebrruara n\u00eb janar apo p\u00ebr t\u00eb mos shkat\u00ebrruar kauza provokon zgjedhje n\u00eb qershor<\/i>\u201d, tha Gashi.<\/p>\n<p>\u201c<i>Do t\u00eb ishte vdekjeprur\u00ebse p\u00ebr Kosov\u00ebn n\u00ebse do t\u00eb refuzohej aplikimi i saj (p\u00ebr KiE) ose do t\u00eb mbetejet n\u00eb procedur\u00eb, t\u00eb pakt\u00ebn edhe p\u00ebr nj\u00eb vit. Dhe p\u00ebr nj\u00eb vit mund t\u00eb ndryshoj\u00eb skena politike evropiane dhe mund t\u00eb ket\u00eb shum\u00eb rreziqe tjera<\/i>\u201d, shtoi mes tjerash ai.<\/p>\n","protected":false},"excerpt":{"rendered":"<p>Me t\u00eb nisur viti 2024 n\u00eb gjuh\u00ebn se gjith\u00ebsecilit kan\u00eb qen\u00eb zgjedhjet e hershme parlamentare derisa kan\u00eb variuar idet\u00eb se \u201ckur dhe nga \u00e7ka?\u201d do t\u00eb mund t\u00eb shkaktoheshin ato. Nga pushteti ve\u00e7se kan\u00eb nisur (p\u00ebr)dredhjet me sondazhe tash-e-disa-her\u00eb p\u00ebr t\u00eb projektuar lart\u00ebsin\u00eb e q\u00ebndrimit (para)zgjedhor t\u00eb tyre. Pushteti n\u00eb kriz\u00eb performance dhe jet\u00ebsimi t\u00eb [&hellip;]<\/p>\n","protected":false},"author":1,"featured_media":55086,"comment_status":"closed","ping_status":"closed","sticky":false,"template":"","format":"standard","meta":{"_monsterinsights_skip_tracking":false,"_monsterinsights_sitenote_active":false,"_monsterinsights_sitenote_note":"","_monsterinsights_sitenote_category":0,"_uf_show_specific_survey":0,"_uf_disable_surveys":false,"footnotes":""},"categories":[1146],"tags":[86],"yoast_head":"<!-- This site is optimized with the Yoast SEO plugin v21.5 - https:\/\/yoast.com\/wordpress\/plugins\/seo\/ -->\n<title>Qe pse Kurti mund ta \u00e7oj\u00eb vendin n\u00eb zgjedhje shum\u00eb shpejt<\/title>\n<meta name=\"robots\" content=\"index, follow, max-snippet:-1, max-image-preview:large, max-video-preview:-1\" \/>\n<link rel=\"canonical\" href=\"https:\/\/permbledhja.com\/sq\/qe-pse-kurti-mund-ta-coje-vendin-ne-zgjedhje-shume-shpejt\/\" \/>\n<meta property=\"og:locale\" content=\"sq_AL\" \/>\n<meta property=\"og:type\" content=\"article\" \/>\n<meta property=\"og:title\" content=\"Qe pse Kurti mund ta \u00e7oj\u00eb vendin n\u00eb zgjedhje shum\u00eb shpejt\" \/>\n<meta property=\"og:description\" content=\"Me t\u00eb nisur viti 2024 n\u00eb gjuh\u00ebn se gjith\u00ebsecilit kan\u00eb qen\u00eb zgjedhjet e hershme parlamentare derisa kan\u00eb variuar idet\u00eb se \u201ckur dhe nga \u00e7ka?\u201d do t\u00eb mund t\u00eb shkaktoheshin ato. Nga pushteti ve\u00e7se kan\u00eb nisur (p\u00ebr)dredhjet me sondazhe tash-e-disa-her\u00eb p\u00ebr t\u00eb projektuar lart\u00ebsin\u00eb e q\u00ebndrimit (para)zgjedhor t\u00eb tyre. Pushteti n\u00eb kriz\u00eb performance dhe jet\u00ebsimi t\u00eb [&hellip;]\" \/>\n<meta property=\"og:url\" content=\"https:\/\/permbledhja.com\/sq\/qe-pse-kurti-mund-ta-coje-vendin-ne-zgjedhje-shume-shpejt\/\" \/>\n<meta property=\"og:site_name\" content=\"Ve\u00e7 artikuj p\u00ebrmbledh\u00ebs\" \/>\n<meta property=\"article:publisher\" content=\"https:\/\/www.facebook.com\/press07\/\" \/>\n<meta property=\"article:author\" content=\"https:\/\/www.facebook.com\/kafexhiu.muharrem\/\" \/>\n<meta property=\"article:published_time\" content=\"2024-04-08T12:47:30+00:00\" \/>\n<meta property=\"og:image\" content=\"https:\/\/permbledhja.com\/wp-content\/uploads\/2024\/04\/Albin-Kurti.jpg\" \/>\n\t<meta property=\"og:image:width\" content=\"900\" \/>\n\t<meta property=\"og:image:height\" content=\"600\" \/>\n\t<meta property=\"og:image:type\" content=\"image\/jpeg\" \/>\n<meta name=\"author\" content=\"P\u00ebrmbledhja\" \/>\n<meta name=\"twitter:card\" content=\"summary_large_image\" \/>\n<meta name=\"twitter:label1\" content=\"Written by\" \/>\n\t<meta name=\"twitter:data1\" content=\"P\u00ebrmbledhja\" \/>\n\t<meta name=\"twitter:label2\" content=\"Est. reading time\" \/>\n\t<meta name=\"twitter:data2\" content=\"5 minuta\" \/>\n<script type=\"application\/ld+json\" class=\"yoast-schema-graph\">{\"@context\":\"https:\/\/schema.org\",\"@graph\":[{\"@type\":\"Article\",\"@id\":\"https:\/\/permbledhja.com\/sq\/qe-pse-kurti-mund-ta-coje-vendin-ne-zgjedhje-shume-shpejt\/#article\",\"isPartOf\":{\"@id\":\"https:\/\/permbledhja.com\/sq\/qe-pse-kurti-mund-ta-coje-vendin-ne-zgjedhje-shume-shpejt\/\"},\"author\":{\"name\":\"P\u00ebrmbledhja\",\"@id\":\"https:\/\/permbledhja.com\/#\/schema\/person\/0d064377258d3221e50693947b9eb4fe\"},\"headline\":\"Qe pse Kurti mund ta \u00e7oj\u00eb vendin n\u00eb zgjedhje shum\u00eb shpejt\",\"datePublished\":\"2024-04-08T12:47:30+00:00\",\"dateModified\":\"2024-04-08T12:47:30+00:00\",\"mainEntityOfPage\":{\"@id\":\"https:\/\/permbledhja.com\/sq\/qe-pse-kurti-mund-ta-coje-vendin-ne-zgjedhje-shume-shpejt\/\"},\"wordCount\":910,\"publisher\":{\"@id\":\"https:\/\/permbledhja.com\/#organization\"},\"keywords\":[\"Albin Kurti\"],\"articleSection\":[\"Kryesoret\"],\"inLanguage\":\"sq\"},{\"@type\":\"WebPage\",\"@id\":\"https:\/\/permbledhja.com\/sq\/qe-pse-kurti-mund-ta-coje-vendin-ne-zgjedhje-shume-shpejt\/\",\"url\":\"https:\/\/permbledhja.com\/sq\/qe-pse-kurti-mund-ta-coje-vendin-ne-zgjedhje-shume-shpejt\/\",\"name\":\"Qe pse Kurti mund ta \u00e7oj\u00eb vendin n\u00eb zgjedhje shum\u00eb shpejt\",\"isPartOf\":{\"@id\":\"https:\/\/permbledhja.com\/#website\"},\"datePublished\":\"2024-04-08T12:47:30+00:00\",\"dateModified\":\"2024-04-08T12:47:30+00:00\",\"breadcrumb\":{\"@id\":\"https:\/\/permbledhja.com\/sq\/qe-pse-kurti-mund-ta-coje-vendin-ne-zgjedhje-shume-shpejt\/#breadcrumb\"},\"inLanguage\":\"sq\",\"potentialAction\":[{\"@type\":\"ReadAction\",\"target\":[\"https:\/\/permbledhja.com\/sq\/qe-pse-kurti-mund-ta-coje-vendin-ne-zgjedhje-shume-shpejt\/\"]}]},{\"@type\":\"BreadcrumbList\",\"@id\":\"https:\/\/permbledhja.com\/sq\/qe-pse-kurti-mund-ta-coje-vendin-ne-zgjedhje-shume-shpejt\/#breadcrumb\",\"itemListElement\":[{\"@type\":\"ListItem\",\"position\":1,\"name\":\"Ballina\",\"item\":\"https:\/\/permbledhja.com\/sq\/\"},{\"@type\":\"ListItem\",\"position\":2,\"name\":\"Qe pse Kurti mund ta \u00e7oj\u00eb vendin n\u00eb zgjedhje shum\u00eb shpejt\"}]},{\"@type\":\"WebSite\",\"@id\":\"https:\/\/permbledhja.com\/#website\",\"url\":\"https:\/\/permbledhja.com\/\",\"name\":\"Ve\u00e7 artikuj p\u00ebrmbledh\u00ebs\",\"description\":\"\",\"publisher\":{\"@id\":\"https:\/\/permbledhja.com\/#organization\"},\"potentialAction\":[{\"@type\":\"SearchAction\",\"target\":{\"@type\":\"EntryPoint\",\"urlTemplate\":\"https:\/\/permbledhja.com\/?s={search_term_string}\"},\"query-input\":\"required name=search_term_string\"}],\"inLanguage\":\"sq\"},{\"@type\":\"Organization\",\"@id\":\"https:\/\/permbledhja.com\/#organization\",\"name\":\"MK Media & Pr\",\"url\":\"https:\/\/permbledhja.com\/\",\"logo\":{\"@type\":\"ImageObject\",\"inLanguage\":\"sq\",\"@id\":\"https:\/\/permbledhja.com\/#\/schema\/logo\/image\/\",\"url\":\"https:\/\/permbledhja.com\/wp-content\/uploads\/2021\/12\/07-Press-Logo.jpg\",\"contentUrl\":\"https:\/\/permbledhja.com\/wp-content\/uploads\/2021\/12\/07-Press-Logo.jpg\",\"width\":512,\"height\":512,\"caption\":\"MK Media & Pr\"},\"image\":{\"@id\":\"https:\/\/permbledhja.com\/#\/schema\/logo\/image\/\"},\"sameAs\":[\"https:\/\/www.facebook.com\/press07\/\"]},{\"@type\":\"Person\",\"@id\":\"https:\/\/permbledhja.com\/#\/schema\/person\/0d064377258d3221e50693947b9eb4fe\",\"name\":\"P\u00ebrmbledhja\",\"image\":{\"@type\":\"ImageObject\",\"inLanguage\":\"sq\",\"@id\":\"https:\/\/permbledhja.com\/#\/schema\/person\/image\/\",\"url\":\"https:\/\/permbledhja.com\/wp-content\/uploads\/2026\/01\/452004717_1040944174702970_8932037511805513407_n-96x96.jpg\",\"contentUrl\":\"https:\/\/permbledhja.com\/wp-content\/uploads\/2026\/01\/452004717_1040944174702970_8932037511805513407_n-96x96.jpg\",\"caption\":\"P\u00ebrmbledhja\"},\"sameAs\":[\"https:\/\/www.facebook.com\/kafexhiu.muharrem\/\",\"https:\/\/www.instagram.com\/muharrem_kafexhiu\/\"],\"url\":\"https:\/\/permbledhja.com\/sq\/author\/admin\/\"}]}<\/script>\n<!-- \/ Yoast SEO plugin. -->","yoast_head_json":{"title":"Qe pse Kurti mund ta \u00e7oj\u00eb vendin n\u00eb zgjedhje shum\u00eb shpejt","robots":{"index":"index","follow":"follow","max-snippet":"max-snippet:-1","max-image-preview":"max-image-preview:large","max-video-preview":"max-video-preview:-1"},"canonical":"https:\/\/permbledhja.com\/sq\/qe-pse-kurti-mund-ta-coje-vendin-ne-zgjedhje-shume-shpejt\/","og_locale":"sq_AL","og_type":"article","og_title":"Qe pse Kurti mund ta \u00e7oj\u00eb vendin n\u00eb zgjedhje shum\u00eb shpejt","og_description":"Me t\u00eb nisur viti 2024 n\u00eb gjuh\u00ebn se gjith\u00ebsecilit kan\u00eb qen\u00eb zgjedhjet e hershme parlamentare derisa kan\u00eb variuar idet\u00eb se \u201ckur dhe nga \u00e7ka?\u201d do t\u00eb mund t\u00eb shkaktoheshin ato. Nga pushteti ve\u00e7se kan\u00eb nisur (p\u00ebr)dredhjet me sondazhe tash-e-disa-her\u00eb p\u00ebr t\u00eb projektuar lart\u00ebsin\u00eb e q\u00ebndrimit (para)zgjedhor t\u00eb tyre. Pushteti n\u00eb kriz\u00eb performance dhe jet\u00ebsimi t\u00eb [&hellip;]","og_url":"https:\/\/permbledhja.com\/sq\/qe-pse-kurti-mund-ta-coje-vendin-ne-zgjedhje-shume-shpejt\/","og_site_name":"Ve\u00e7 artikuj p\u00ebrmbledh\u00ebs","article_publisher":"https:\/\/www.facebook.com\/press07\/","article_author":"https:\/\/www.facebook.com\/kafexhiu.muharrem\/","article_published_time":"2024-04-08T12:47:30+00:00","og_image":[{"width":900,"height":600,"url":"https:\/\/permbledhja.com\/wp-content\/uploads\/2024\/04\/Albin-Kurti.jpg","type":"image\/jpeg"}],"author":"P\u00ebrmbledhja","twitter_card":"summary_large_image","twitter_misc":{"Written by":"P\u00ebrmbledhja","Est. reading time":"5 minuta"},"schema":{"@context":"https:\/\/schema.org","@graph":[{"@type":"Article","@id":"https:\/\/permbledhja.com\/sq\/qe-pse-kurti-mund-ta-coje-vendin-ne-zgjedhje-shume-shpejt\/#article","isPartOf":{"@id":"https:\/\/permbledhja.com\/sq\/qe-pse-kurti-mund-ta-coje-vendin-ne-zgjedhje-shume-shpejt\/"},"author":{"name":"P\u00ebrmbledhja","@id":"https:\/\/permbledhja.com\/#\/schema\/person\/0d064377258d3221e50693947b9eb4fe"},"headline":"Qe pse Kurti mund ta \u00e7oj\u00eb vendin n\u00eb zgjedhje shum\u00eb shpejt","datePublished":"2024-04-08T12:47:30+00:00","dateModified":"2024-04-08T12:47:30+00:00","mainEntityOfPage":{"@id":"https:\/\/permbledhja.com\/sq\/qe-pse-kurti-mund-ta-coje-vendin-ne-zgjedhje-shume-shpejt\/"},"wordCount":910,"publisher":{"@id":"https:\/\/permbledhja.com\/#organization"},"keywords":["Albin Kurti"],"articleSection":["Kryesoret"],"inLanguage":"sq"},{"@type":"WebPage","@id":"https:\/\/permbledhja.com\/sq\/qe-pse-kurti-mund-ta-coje-vendin-ne-zgjedhje-shume-shpejt\/","url":"https:\/\/permbledhja.com\/sq\/qe-pse-kurti-mund-ta-coje-vendin-ne-zgjedhje-shume-shpejt\/","name":"Qe pse Kurti mund ta \u00e7oj\u00eb vendin n\u00eb zgjedhje shum\u00eb shpejt","isPartOf":{"@id":"https:\/\/permbledhja.com\/#website"},"datePublished":"2024-04-08T12:47:30+00:00","dateModified":"2024-04-08T12:47:30+00:00","breadcrumb":{"@id":"https:\/\/permbledhja.com\/sq\/qe-pse-kurti-mund-ta-coje-vendin-ne-zgjedhje-shume-shpejt\/#breadcrumb"},"inLanguage":"sq","potentialAction":[{"@type":"ReadAction","target":["https:\/\/permbledhja.com\/sq\/qe-pse-kurti-mund-ta-coje-vendin-ne-zgjedhje-shume-shpejt\/"]}]},{"@type":"BreadcrumbList","@id":"https:\/\/permbledhja.com\/sq\/qe-pse-kurti-mund-ta-coje-vendin-ne-zgjedhje-shume-shpejt\/#breadcrumb","itemListElement":[{"@type":"ListItem","position":1,"name":"Ballina","item":"https:\/\/permbledhja.com\/sq\/"},{"@type":"ListItem","position":2,"name":"Qe pse Kurti mund ta \u00e7oj\u00eb vendin n\u00eb zgjedhje shum\u00eb shpejt"}]},{"@type":"WebSite","@id":"https:\/\/permbledhja.com\/#website","url":"https:\/\/permbledhja.com\/","name":"Ve\u00e7 artikuj p\u00ebrmbledh\u00ebs","description":"","publisher":{"@id":"https:\/\/permbledhja.com\/#organization"},"potentialAction":[{"@type":"SearchAction","target":{"@type":"EntryPoint","urlTemplate":"https:\/\/permbledhja.com\/?s={search_term_string}"},"query-input":"required name=search_term_string"}],"inLanguage":"sq"},{"@type":"Organization","@id":"https:\/\/permbledhja.com\/#organization","name":"MK Media & Pr","url":"https:\/\/permbledhja.com\/","logo":{"@type":"ImageObject","inLanguage":"sq","@id":"https:\/\/permbledhja.com\/#\/schema\/logo\/image\/","url":"https:\/\/permbledhja.com\/wp-content\/uploads\/2021\/12\/07-Press-Logo.jpg","contentUrl":"https:\/\/permbledhja.com\/wp-content\/uploads\/2021\/12\/07-Press-Logo.jpg","width":512,"height":512,"caption":"MK Media & Pr"},"image":{"@id":"https:\/\/permbledhja.com\/#\/schema\/logo\/image\/"},"sameAs":["https:\/\/www.facebook.com\/press07\/"]},{"@type":"Person","@id":"https:\/\/permbledhja.com\/#\/schema\/person\/0d064377258d3221e50693947b9eb4fe","name":"P\u00ebrmbledhja","image":{"@type":"ImageObject","inLanguage":"sq","@id":"https:\/\/permbledhja.com\/#\/schema\/person\/image\/","url":"https:\/\/permbledhja.com\/wp-content\/uploads\/2026\/01\/452004717_1040944174702970_8932037511805513407_n-96x96.jpg","contentUrl":"https:\/\/permbledhja.com\/wp-content\/uploads\/2026\/01\/452004717_1040944174702970_8932037511805513407_n-96x96.jpg","caption":"P\u00ebrmbledhja"},"sameAs":["https:\/\/www.facebook.com\/kafexhiu.muharrem\/","https:\/\/www.instagram.com\/muharrem_kafexhiu\/"],"url":"https:\/\/permbledhja.com\/sq\/author\/admin\/"}]}},"_links":{"self":[{"href":"https:\/\/permbledhja.com\/sq\/wp-json\/wp\/v2\/posts\/55612"}],"collection":[{"href":"https:\/\/permbledhja.com\/sq\/wp-json\/wp\/v2\/posts"}],"about":[{"href":"https:\/\/permbledhja.com\/sq\/wp-json\/wp\/v2\/types\/post"}],"author":[{"embeddable":true,"href":"https:\/\/permbledhja.com\/sq\/wp-json\/wp\/v2\/users\/1"}],"replies":[{"embeddable":true,"href":"https:\/\/permbledhja.com\/sq\/wp-json\/wp\/v2\/comments?post=55612"}],"version-history":[{"count":1,"href":"https:\/\/permbledhja.com\/sq\/wp-json\/wp\/v2\/posts\/55612\/revisions"}],"predecessor-version":[{"id":55613,"href":"https:\/\/permbledhja.com\/sq\/wp-json\/wp\/v2\/posts\/55612\/revisions\/55613"}],"wp:featuredmedia":[{"embeddable":true,"href":"https:\/\/permbledhja.com\/sq\/wp-json\/wp\/v2\/media\/55086"}],"wp:attachment":[{"href":"https:\/\/permbledhja.com\/sq\/wp-json\/wp\/v2\/media?parent=55612"}],"wp:term":[{"taxonomy":"category","embeddable":true,"href":"https:\/\/permbledhja.com\/sq\/wp-json\/wp\/v2\/categories?post=55612"},{"taxonomy":"post_tag","embeddable":true,"href":"https:\/\/permbledhja.com\/sq\/wp-json\/wp\/v2\/tags?post=55612"}],"curies":[{"name":"wp","href":"https:\/\/api.w.org\/{rel}","templated":true}]}}