{"id":55522,"date":"2024-04-07T20:42:52","date_gmt":"2024-04-07T20:42:52","guid":{"rendered":"https:\/\/permbledhja.com\/?p=55522"},"modified":"2024-04-07T20:42:52","modified_gmt":"2024-04-07T20:42:52","slug":"haradinaj-takohet-me-shefin-e-inteligjences-se-ukraines-shpreh-deshiren-per-lidhje-te-forta-mes-dy-vendeve","status":"publish","type":"post","link":"https:\/\/permbledhja.com\/sq\/haradinaj-takohet-me-shefin-e-inteligjences-se-ukraines-shpreh-deshiren-per-lidhje-te-forta-mes-dy-vendeve\/","title":{"rendered":"Haradinaj takohet me shefin e inteligjenc\u00ebs s\u00eb Ukrain\u00ebs, shpreh d\u00ebshir\u00ebn p\u00ebr lidhje t\u00eb forta mes dy vendeve"},"content":{"rendered":"<h3>Ish-ministrja e Pun\u00ebve t\u00eb Jashtme, Meliza Haradinaj \u00ebsht\u00eb takuar n\u00eb Kiev me shefin e inteligjenc\u00ebs t\u00eb Ukrain\u00ebs, Kyrylo Budanov.<\/h3>\n<p>Haradinaj tha se ajo shprehu mb\u00ebshtetjen p\u00ebr luft\u00ebn e Ukrain\u00ebs p\u00ebr liri, si dhe shpresat e m\u00ebdha t\u00eb Kosov\u00ebs p\u00ebr lidhje edhe m\u00eb t\u00eb forta miq\u00ebsie me Ukrain\u00ebn dhe popullin e saj, njofton Klankosova.tv.<\/p>\n<p>\u201cTakimi me shefin e inteligjenc\u00ebs t\u00eb Ukrain\u00ebs, Kyrylo Budanov n\u00eb Kiev ishte nj\u00eb nder i madh\u201d, ka shkruar Haradinaj n\u00eb X.<\/p>\n<p>\u201cM\u00eb i k\u00ebrkuari i Putinit dhe shtylla kurrizore e mbrojtjes s\u00eb Ukrain\u00ebs, Budanov drejton n\u00eb m\u00ebnyr\u00eb kolosale operacione efektive t\u00eb inteligjenc\u00ebs kund\u00ebr Rusis\u00eb\u201d.<\/p>\n<p>\u201cShpreha mb\u00ebshtetjen ton\u00eb t\u00eb p\u00ebrzem\u00ebrt p\u00ebr luft\u00ebn e Ukrain\u00ebs p\u00ebr liri, si dhe shpresat e m\u00ebdha t\u00eb Kosov\u00ebs p\u00ebr lidhje edhe m\u00eb t\u00eb forta miq\u00ebsie me Ukrain\u00ebn dhe popullin e saj\u201d.<\/p>\n<p>\u201cZ. Budanov p\u00ebrg\u00ebzoi vendin ton\u00eb p\u00ebr p\u00ebrballjen me sukses t\u00eb ambicieve shkat\u00ebrruese t\u00eb Putinit n\u00eb Ballkan dhe fal\u00ebnderoi Kosov\u00ebn p\u00ebr solidaritetin dhe mb\u00ebshtetjen ushtarake t\u00eb ofruar p\u00ebr Ukrain\u00ebn\u201d.<\/p>\n","protected":false},"excerpt":{"rendered":"<p>Ish-ministrja e Pun\u00ebve t\u00eb Jashtme, Meliza Haradinaj \u00ebsht\u00eb takuar n\u00eb Kiev me shefin e inteligjenc\u00ebs t\u00eb Ukrain\u00ebs, Kyrylo Budanov. Haradinaj tha se ajo shprehu mb\u00ebshtetjen p\u00ebr luft\u00ebn e Ukrain\u00ebs p\u00ebr liri, si dhe shpresat e m\u00ebdha t\u00eb Kosov\u00ebs p\u00ebr lidhje edhe m\u00eb t\u00eb forta miq\u00ebsie me Ukrain\u00ebn dhe popullin e saj, njofton Klankosova.tv. \u201cTakimi me [&hellip;]<\/p>\n","protected":false},"author":2,"featured_media":55523,"comment_status":"closed","ping_status":"closed","sticky":false,"template":"","format":"standard","meta":{"_monsterinsights_skip_tracking":false,"_monsterinsights_sitenote_active":false,"_monsterinsights_sitenote_note":"","_monsterinsights_sitenote_category":0,"_uf_show_specific_survey":0,"_uf_disable_surveys":false,"footnotes":""},"categories":[2645],"tags":[986],"yoast_head":"<!-- This site is optimized with the Yoast SEO plugin v21.5 - https:\/\/yoast.com\/wordpress\/plugins\/seo\/ -->\n<title>Haradinaj takohet me shefin e inteligjenc\u00ebs s\u00eb Ukrain\u00ebs, shpreh d\u00ebshir\u00ebn p\u00ebr lidhje t\u00eb forta mes dy vendeve<\/title>\n<meta name=\"robots\" content=\"index, follow, max-snippet:-1, max-image-preview:large, max-video-preview:-1\" \/>\n<link rel=\"canonical\" href=\"https:\/\/permbledhja.com\/sq\/haradinaj-takohet-me-shefin-e-inteligjences-se-ukraines-shpreh-deshiren-per-lidhje-te-forta-mes-dy-vendeve\/\" \/>\n<meta property=\"og:locale\" content=\"sq_AL\" \/>\n<meta property=\"og:type\" content=\"article\" \/>\n<meta property=\"og:title\" content=\"Haradinaj takohet me shefin e inteligjenc\u00ebs s\u00eb Ukrain\u00ebs, shpreh d\u00ebshir\u00ebn p\u00ebr lidhje t\u00eb forta mes dy vendeve\" \/>\n<meta property=\"og:description\" content=\"Ish-ministrja e Pun\u00ebve t\u00eb Jashtme, Meliza Haradinaj \u00ebsht\u00eb takuar n\u00eb Kiev me shefin e inteligjenc\u00ebs t\u00eb Ukrain\u00ebs, Kyrylo Budanov. Haradinaj tha se ajo shprehu mb\u00ebshtetjen p\u00ebr luft\u00ebn e Ukrain\u00ebs p\u00ebr liri, si dhe shpresat e m\u00ebdha t\u00eb Kosov\u00ebs p\u00ebr lidhje edhe m\u00eb t\u00eb forta miq\u00ebsie me Ukrain\u00ebn dhe popullin e saj, njofton Klankosova.tv. \u201cTakimi me [&hellip;]\" \/>\n<meta property=\"og:url\" content=\"https:\/\/permbledhja.com\/sq\/haradinaj-takohet-me-shefin-e-inteligjences-se-ukraines-shpreh-deshiren-per-lidhje-te-forta-mes-dy-vendeve\/\" \/>\n<meta property=\"og:site_name\" content=\"Ve\u00e7 artikuj p\u00ebrmbledh\u00ebs\" \/>\n<meta property=\"article:publisher\" content=\"https:\/\/www.facebook.com\/press07\/\" \/>\n<meta property=\"article:published_time\" content=\"2024-04-07T20:42:52+00:00\" \/>\n<meta property=\"og:image\" content=\"https:\/\/permbledhja.com\/wp-content\/uploads\/2024\/04\/Ish-ministrja-e-Puneve-te-Jashtme-Meliza-Haradinaj-dhe-shefi-i-inteligjences-i-Ukraines-Kyrylo-Budanov.jpg\" \/>\n\t<meta property=\"og:image:width\" content=\"900\" \/>\n\t<meta property=\"og:image:height\" content=\"1046\" \/>\n\t<meta property=\"og:image:type\" content=\"image\/jpeg\" \/>\n<meta name=\"author\" content=\"M M\" \/>\n<meta name=\"twitter:card\" content=\"summary_large_image\" \/>\n<meta name=\"twitter:label1\" content=\"Written by\" \/>\n\t<meta name=\"twitter:data1\" content=\"M M\" \/>\n\t<meta name=\"twitter:label2\" content=\"Est. reading time\" \/>\n\t<meta name=\"twitter:data2\" content=\"1 minut\u00eb\" \/>\n<script type=\"application\/ld+json\" class=\"yoast-schema-graph\">{\"@context\":\"https:\/\/schema.org\",\"@graph\":[{\"@type\":\"Article\",\"@id\":\"https:\/\/permbledhja.com\/sq\/haradinaj-takohet-me-shefin-e-inteligjences-se-ukraines-shpreh-deshiren-per-lidhje-te-forta-mes-dy-vendeve\/#article\",\"isPartOf\":{\"@id\":\"https:\/\/permbledhja.com\/sq\/haradinaj-takohet-me-shefin-e-inteligjences-se-ukraines-shpreh-deshiren-per-lidhje-te-forta-mes-dy-vendeve\/\"},\"author\":{\"name\":\"M M\",\"@id\":\"https:\/\/permbledhja.com\/#\/schema\/person\/d23f13f59b5722643933d6780783acf3\"},\"headline\":\"Haradinaj takohet me shefin e inteligjenc\u00ebs s\u00eb Ukrain\u00ebs, shpreh d\u00ebshir\u00ebn p\u00ebr lidhje t\u00eb forta mes dy vendeve\",\"datePublished\":\"2024-04-07T20:42:52+00:00\",\"dateModified\":\"2024-04-07T20:42:52+00:00\",\"mainEntityOfPage\":{\"@id\":\"https:\/\/permbledhja.com\/sq\/haradinaj-takohet-me-shefin-e-inteligjences-se-ukraines-shpreh-deshiren-per-lidhje-te-forta-mes-dy-vendeve\/\"},\"wordCount\":222,\"publisher\":{\"@id\":\"https:\/\/permbledhja.com\/#organization\"},\"keywords\":[\"Meliza Haradinaj\"],\"articleSection\":[\"T\u00eb r\u00ebnd\u00ebsishme\"],\"inLanguage\":\"sq\"},{\"@type\":\"WebPage\",\"@id\":\"https:\/\/permbledhja.com\/sq\/haradinaj-takohet-me-shefin-e-inteligjences-se-ukraines-shpreh-deshiren-per-lidhje-te-forta-mes-dy-vendeve\/\",\"url\":\"https:\/\/permbledhja.com\/sq\/haradinaj-takohet-me-shefin-e-inteligjences-se-ukraines-shpreh-deshiren-per-lidhje-te-forta-mes-dy-vendeve\/\",\"name\":\"Haradinaj takohet me shefin e inteligjenc\u00ebs s\u00eb Ukrain\u00ebs, shpreh d\u00ebshir\u00ebn p\u00ebr lidhje t\u00eb forta mes dy vendeve\",\"isPartOf\":{\"@id\":\"https:\/\/permbledhja.com\/#website\"},\"datePublished\":\"2024-04-07T20:42:52+00:00\",\"dateModified\":\"2024-04-07T20:42:52+00:00\",\"breadcrumb\":{\"@id\":\"https:\/\/permbledhja.com\/sq\/haradinaj-takohet-me-shefin-e-inteligjences-se-ukraines-shpreh-deshiren-per-lidhje-te-forta-mes-dy-vendeve\/#breadcrumb\"},\"inLanguage\":\"sq\",\"potentialAction\":[{\"@type\":\"ReadAction\",\"target\":[\"https:\/\/permbledhja.com\/sq\/haradinaj-takohet-me-shefin-e-inteligjences-se-ukraines-shpreh-deshiren-per-lidhje-te-forta-mes-dy-vendeve\/\"]}]},{\"@type\":\"BreadcrumbList\",\"@id\":\"https:\/\/permbledhja.com\/sq\/haradinaj-takohet-me-shefin-e-inteligjences-se-ukraines-shpreh-deshiren-per-lidhje-te-forta-mes-dy-vendeve\/#breadcrumb\",\"itemListElement\":[{\"@type\":\"ListItem\",\"position\":1,\"name\":\"Ballina\",\"item\":\"https:\/\/permbledhja.com\/sq\/\"},{\"@type\":\"ListItem\",\"position\":2,\"name\":\"Haradinaj takohet me shefin e inteligjenc\u00ebs s\u00eb Ukrain\u00ebs, shpreh d\u00ebshir\u00ebn p\u00ebr lidhje t\u00eb forta mes dy vendeve\"}]},{\"@type\":\"WebSite\",\"@id\":\"https:\/\/permbledhja.com\/#website\",\"url\":\"https:\/\/permbledhja.com\/\",\"name\":\"Ve\u00e7 artikuj p\u00ebrmbledh\u00ebs\",\"description\":\"\",\"publisher\":{\"@id\":\"https:\/\/permbledhja.com\/#organization\"},\"potentialAction\":[{\"@type\":\"SearchAction\",\"target\":{\"@type\":\"EntryPoint\",\"urlTemplate\":\"https:\/\/permbledhja.com\/?s={search_term_string}\"},\"query-input\":\"required name=search_term_string\"}],\"inLanguage\":\"sq\"},{\"@type\":\"Organization\",\"@id\":\"https:\/\/permbledhja.com\/#organization\",\"name\":\"MK Media & Pr\",\"url\":\"https:\/\/permbledhja.com\/\",\"logo\":{\"@type\":\"ImageObject\",\"inLanguage\":\"sq\",\"@id\":\"https:\/\/permbledhja.com\/#\/schema\/logo\/image\/\",\"url\":\"https:\/\/permbledhja.com\/wp-content\/uploads\/2021\/12\/07-Press-Logo.jpg\",\"contentUrl\":\"https:\/\/permbledhja.com\/wp-content\/uploads\/2021\/12\/07-Press-Logo.jpg\",\"width\":512,\"height\":512,\"caption\":\"MK Media & Pr\"},\"image\":{\"@id\":\"https:\/\/permbledhja.com\/#\/schema\/logo\/image\/\"},\"sameAs\":[\"https:\/\/www.facebook.com\/press07\/\"]},{\"@type\":\"Person\",\"@id\":\"https:\/\/permbledhja.com\/#\/schema\/person\/d23f13f59b5722643933d6780783acf3\",\"name\":\"M M\",\"image\":{\"@type\":\"ImageObject\",\"inLanguage\":\"sq\",\"@id\":\"https:\/\/permbledhja.com\/#\/schema\/person\/image\/\",\"url\":\"https:\/\/secure.gravatar.com\/avatar\/e2835a76ca7c31a2416b2d51c4ec9a8f?s=96&d=mm&r=g\",\"contentUrl\":\"https:\/\/secure.gravatar.com\/avatar\/e2835a76ca7c31a2416b2d51c4ec9a8f?s=96&d=mm&r=g\",\"caption\":\"M M\"},\"sameAs\":[\"http:\/\/MM\"],\"url\":\"https:\/\/permbledhja.com\/sq\/author\/muhamet\/\"}]}<\/script>\n<!-- \/ Yoast SEO plugin. -->","yoast_head_json":{"title":"Haradinaj takohet me shefin e inteligjenc\u00ebs s\u00eb Ukrain\u00ebs, shpreh d\u00ebshir\u00ebn p\u00ebr lidhje t\u00eb forta mes dy vendeve","robots":{"index":"index","follow":"follow","max-snippet":"max-snippet:-1","max-image-preview":"max-image-preview:large","max-video-preview":"max-video-preview:-1"},"canonical":"https:\/\/permbledhja.com\/sq\/haradinaj-takohet-me-shefin-e-inteligjences-se-ukraines-shpreh-deshiren-per-lidhje-te-forta-mes-dy-vendeve\/","og_locale":"sq_AL","og_type":"article","og_title":"Haradinaj takohet me shefin e inteligjenc\u00ebs s\u00eb Ukrain\u00ebs, shpreh d\u00ebshir\u00ebn p\u00ebr lidhje t\u00eb forta mes dy vendeve","og_description":"Ish-ministrja e Pun\u00ebve t\u00eb Jashtme, Meliza Haradinaj \u00ebsht\u00eb takuar n\u00eb Kiev me shefin e inteligjenc\u00ebs t\u00eb Ukrain\u00ebs, Kyrylo Budanov. Haradinaj tha se ajo shprehu mb\u00ebshtetjen p\u00ebr luft\u00ebn e Ukrain\u00ebs p\u00ebr liri, si dhe shpresat e m\u00ebdha t\u00eb Kosov\u00ebs p\u00ebr lidhje edhe m\u00eb t\u00eb forta miq\u00ebsie me Ukrain\u00ebn dhe popullin e saj, njofton Klankosova.tv. \u201cTakimi me [&hellip;]","og_url":"https:\/\/permbledhja.com\/sq\/haradinaj-takohet-me-shefin-e-inteligjences-se-ukraines-shpreh-deshiren-per-lidhje-te-forta-mes-dy-vendeve\/","og_site_name":"Ve\u00e7 artikuj p\u00ebrmbledh\u00ebs","article_publisher":"https:\/\/www.facebook.com\/press07\/","article_published_time":"2024-04-07T20:42:52+00:00","og_image":[{"width":900,"height":1046,"url":"https:\/\/permbledhja.com\/wp-content\/uploads\/2024\/04\/Ish-ministrja-e-Puneve-te-Jashtme-Meliza-Haradinaj-dhe-shefi-i-inteligjences-i-Ukraines-Kyrylo-Budanov.jpg","type":"image\/jpeg"}],"author":"M M","twitter_card":"summary_large_image","twitter_misc":{"Written by":"M M","Est. reading time":"1 minut\u00eb"},"schema":{"@context":"https:\/\/schema.org","@graph":[{"@type":"Article","@id":"https:\/\/permbledhja.com\/sq\/haradinaj-takohet-me-shefin-e-inteligjences-se-ukraines-shpreh-deshiren-per-lidhje-te-forta-mes-dy-vendeve\/#article","isPartOf":{"@id":"https:\/\/permbledhja.com\/sq\/haradinaj-takohet-me-shefin-e-inteligjences-se-ukraines-shpreh-deshiren-per-lidhje-te-forta-mes-dy-vendeve\/"},"author":{"name":"M M","@id":"https:\/\/permbledhja.com\/#\/schema\/person\/d23f13f59b5722643933d6780783acf3"},"headline":"Haradinaj takohet me shefin e inteligjenc\u00ebs s\u00eb Ukrain\u00ebs, shpreh d\u00ebshir\u00ebn p\u00ebr lidhje t\u00eb forta mes dy vendeve","datePublished":"2024-04-07T20:42:52+00:00","dateModified":"2024-04-07T20:42:52+00:00","mainEntityOfPage":{"@id":"https:\/\/permbledhja.com\/sq\/haradinaj-takohet-me-shefin-e-inteligjences-se-ukraines-shpreh-deshiren-per-lidhje-te-forta-mes-dy-vendeve\/"},"wordCount":222,"publisher":{"@id":"https:\/\/permbledhja.com\/#organization"},"keywords":["Meliza Haradinaj"],"articleSection":["T\u00eb r\u00ebnd\u00ebsishme"],"inLanguage":"sq"},{"@type":"WebPage","@id":"https:\/\/permbledhja.com\/sq\/haradinaj-takohet-me-shefin-e-inteligjences-se-ukraines-shpreh-deshiren-per-lidhje-te-forta-mes-dy-vendeve\/","url":"https:\/\/permbledhja.com\/sq\/haradinaj-takohet-me-shefin-e-inteligjences-se-ukraines-shpreh-deshiren-per-lidhje-te-forta-mes-dy-vendeve\/","name":"Haradinaj takohet me shefin e inteligjenc\u00ebs s\u00eb Ukrain\u00ebs, shpreh d\u00ebshir\u00ebn p\u00ebr lidhje t\u00eb forta mes dy vendeve","isPartOf":{"@id":"https:\/\/permbledhja.com\/#website"},"datePublished":"2024-04-07T20:42:52+00:00","dateModified":"2024-04-07T20:42:52+00:00","breadcrumb":{"@id":"https:\/\/permbledhja.com\/sq\/haradinaj-takohet-me-shefin-e-inteligjences-se-ukraines-shpreh-deshiren-per-lidhje-te-forta-mes-dy-vendeve\/#breadcrumb"},"inLanguage":"sq","potentialAction":[{"@type":"ReadAction","target":["https:\/\/permbledhja.com\/sq\/haradinaj-takohet-me-shefin-e-inteligjences-se-ukraines-shpreh-deshiren-per-lidhje-te-forta-mes-dy-vendeve\/"]}]},{"@type":"BreadcrumbList","@id":"https:\/\/permbledhja.com\/sq\/haradinaj-takohet-me-shefin-e-inteligjences-se-ukraines-shpreh-deshiren-per-lidhje-te-forta-mes-dy-vendeve\/#breadcrumb","itemListElement":[{"@type":"ListItem","position":1,"name":"Ballina","item":"https:\/\/permbledhja.com\/sq\/"},{"@type":"ListItem","position":2,"name":"Haradinaj takohet me shefin e inteligjenc\u00ebs s\u00eb Ukrain\u00ebs, shpreh d\u00ebshir\u00ebn p\u00ebr lidhje t\u00eb forta mes dy vendeve"}]},{"@type":"WebSite","@id":"https:\/\/permbledhja.com\/#website","url":"https:\/\/permbledhja.com\/","name":"Ve\u00e7 artikuj p\u00ebrmbledh\u00ebs","description":"","publisher":{"@id":"https:\/\/permbledhja.com\/#organization"},"potentialAction":[{"@type":"SearchAction","target":{"@type":"EntryPoint","urlTemplate":"https:\/\/permbledhja.com\/?s={search_term_string}"},"query-input":"required name=search_term_string"}],"inLanguage":"sq"},{"@type":"Organization","@id":"https:\/\/permbledhja.com\/#organization","name":"MK Media & Pr","url":"https:\/\/permbledhja.com\/","logo":{"@type":"ImageObject","inLanguage":"sq","@id":"https:\/\/permbledhja.com\/#\/schema\/logo\/image\/","url":"https:\/\/permbledhja.com\/wp-content\/uploads\/2021\/12\/07-Press-Logo.jpg","contentUrl":"https:\/\/permbledhja.com\/wp-content\/uploads\/2021\/12\/07-Press-Logo.jpg","width":512,"height":512,"caption":"MK Media & Pr"},"image":{"@id":"https:\/\/permbledhja.com\/#\/schema\/logo\/image\/"},"sameAs":["https:\/\/www.facebook.com\/press07\/"]},{"@type":"Person","@id":"https:\/\/permbledhja.com\/#\/schema\/person\/d23f13f59b5722643933d6780783acf3","name":"M M","image":{"@type":"ImageObject","inLanguage":"sq","@id":"https:\/\/permbledhja.com\/#\/schema\/person\/image\/","url":"https:\/\/secure.gravatar.com\/avatar\/e2835a76ca7c31a2416b2d51c4ec9a8f?s=96&d=mm&r=g","contentUrl":"https:\/\/secure.gravatar.com\/avatar\/e2835a76ca7c31a2416b2d51c4ec9a8f?s=96&d=mm&r=g","caption":"M M"},"sameAs":["http:\/\/MM"],"url":"https:\/\/permbledhja.com\/sq\/author\/muhamet\/"}]}},"_links":{"self":[{"href":"https:\/\/permbledhja.com\/sq\/wp-json\/wp\/v2\/posts\/55522"}],"collection":[{"href":"https:\/\/permbledhja.com\/sq\/wp-json\/wp\/v2\/posts"}],"about":[{"href":"https:\/\/permbledhja.com\/sq\/wp-json\/wp\/v2\/types\/post"}],"author":[{"embeddable":true,"href":"https:\/\/permbledhja.com\/sq\/wp-json\/wp\/v2\/users\/2"}],"replies":[{"embeddable":true,"href":"https:\/\/permbledhja.com\/sq\/wp-json\/wp\/v2\/comments?post=55522"}],"version-history":[{"count":1,"href":"https:\/\/permbledhja.com\/sq\/wp-json\/wp\/v2\/posts\/55522\/revisions"}],"predecessor-version":[{"id":55524,"href":"https:\/\/permbledhja.com\/sq\/wp-json\/wp\/v2\/posts\/55522\/revisions\/55524"}],"wp:featuredmedia":[{"embeddable":true,"href":"https:\/\/permbledhja.com\/sq\/wp-json\/wp\/v2\/media\/55523"}],"wp:attachment":[{"href":"https:\/\/permbledhja.com\/sq\/wp-json\/wp\/v2\/media?parent=55522"}],"wp:term":[{"taxonomy":"category","embeddable":true,"href":"https:\/\/permbledhja.com\/sq\/wp-json\/wp\/v2\/categories?post=55522"},{"taxonomy":"post_tag","embeddable":true,"href":"https:\/\/permbledhja.com\/sq\/wp-json\/wp\/v2\/tags?post=55522"}],"curies":[{"name":"wp","href":"https:\/\/api.w.org\/{rel}","templated":true}]}}