{"id":55479,"date":"2024-04-07T16:42:31","date_gmt":"2024-04-07T16:42:31","guid":{"rendered":"https:\/\/permbledhja.com\/?p=55479"},"modified":"2024-04-07T16:42:31","modified_gmt":"2024-04-07T16:42:31","slug":"vdes-ne-moshe-te-re-gezim-bllaca","status":"publish","type":"post","link":"https:\/\/permbledhja.com\/sq\/vdes-ne-moshe-te-re-gezim-bllaca\/","title":{"rendered":"Vdes n\u00eb mosh\u00eb t\u00eb re G\u00ebzim Bllaca"},"content":{"rendered":"<h3>Ka nd\u00ebrruar jet\u00eb papritur n\u00eb mosh\u00eb t\u00eb re G\u00ebzim Bllaca, pun\u00ebtor i ERC Trade, raporton Gazeta Sinjali.<\/h3>\n<p>Lajmin p\u00ebr vdekjen e tij e ka publikuar n\u00eb rrjetet sociale ish-ambasadori Avni Arifi.<\/p>\n<p>Trondit\u00ebse dhe shum\u00eb e r\u00ebnd\u00eb ndarja e papritur nga jeta e G\u00ebzim Bllac\u00ebs, fqinjit, shokut e kolegut ton\u00eb.<\/p>\n<p>G\u00ebzimi ishte nj\u00eb djal\u00eb me virtyte t\u00eb larta njer\u00ebzore. I urt\u00eb, pun\u00ebtor i palodhsh\u00ebm dhe mbi t\u00eb gjitha nj\u00eb shok i v\u00ebrtet\u00eb. M\u00eb shum\u00eb se 20 vite ishte pjes\u00eb e familjes ton\u00eb dhe sot edhe familja jon\u00eb ka humbur nj\u00eb njeri shum\u00eb t\u00eb dashur. Ngush\u00ebllime t\u00eb sinqerta familjes Bllaca dhe gjith\u00eb koleg\u00ebve t\u00eb ERC Trade p\u00ebr k\u00ebt\u00eb humbje t\u00eb madhe<\/p>\n<p>Pusho n\u00eb paqe G\u00ebzim Bllaca\u201d, ka shkruar mes tjerash Arifi.<\/p>\n","protected":false},"excerpt":{"rendered":"<p>Ka nd\u00ebrruar jet\u00eb papritur n\u00eb mosh\u00eb t\u00eb re G\u00ebzim Bllaca, pun\u00ebtor i ERC Trade, raporton Gazeta Sinjali. Lajmin p\u00ebr vdekjen e tij e ka publikuar n\u00eb rrjetet sociale ish-ambasadori Avni Arifi. Trondit\u00ebse dhe shum\u00eb e r\u00ebnd\u00eb ndarja e papritur nga jeta e G\u00ebzim Bllac\u00ebs, fqinjit, shokut e kolegut ton\u00eb. G\u00ebzimi ishte nj\u00eb djal\u00eb me virtyte [&hellip;]<\/p>\n","protected":false},"author":2,"featured_media":55480,"comment_status":"closed","ping_status":"closed","sticky":false,"template":"","format":"standard","meta":{"_monsterinsights_skip_tracking":false,"_monsterinsights_sitenote_active":false,"_monsterinsights_sitenote_note":"","_monsterinsights_sitenote_category":0,"_uf_show_specific_survey":0,"_uf_disable_surveys":false,"footnotes":""},"categories":[15],"tags":[43],"yoast_head":"<!-- This site is optimized with the Yoast SEO plugin v21.5 - https:\/\/yoast.com\/wordpress\/plugins\/seo\/ -->\n<title>Vdes n\u00eb mosh\u00eb t\u00eb re G\u00ebzim Bllaca<\/title>\n<meta name=\"robots\" content=\"index, follow, max-snippet:-1, max-image-preview:large, max-video-preview:-1\" \/>\n<link rel=\"canonical\" href=\"https:\/\/permbledhja.com\/sq\/vdes-ne-moshe-te-re-gezim-bllaca\/\" \/>\n<meta property=\"og:locale\" content=\"sq_AL\" \/>\n<meta property=\"og:type\" content=\"article\" \/>\n<meta property=\"og:title\" content=\"Vdes n\u00eb mosh\u00eb t\u00eb re G\u00ebzim Bllaca\" \/>\n<meta property=\"og:description\" content=\"Ka nd\u00ebrruar jet\u00eb papritur n\u00eb mosh\u00eb t\u00eb re G\u00ebzim Bllaca, pun\u00ebtor i ERC Trade, raporton Gazeta Sinjali. Lajmin p\u00ebr vdekjen e tij e ka publikuar n\u00eb rrjetet sociale ish-ambasadori Avni Arifi. Trondit\u00ebse dhe shum\u00eb e r\u00ebnd\u00eb ndarja e papritur nga jeta e G\u00ebzim Bllac\u00ebs, fqinjit, shokut e kolegut ton\u00eb. G\u00ebzimi ishte nj\u00eb djal\u00eb me virtyte [&hellip;]\" \/>\n<meta property=\"og:url\" content=\"https:\/\/permbledhja.com\/sq\/vdes-ne-moshe-te-re-gezim-bllaca\/\" \/>\n<meta property=\"og:site_name\" content=\"Ve\u00e7 artikuj p\u00ebrmbledh\u00ebs\" \/>\n<meta property=\"article:publisher\" content=\"https:\/\/www.facebook.com\/press07\/\" \/>\n<meta property=\"article:published_time\" content=\"2024-04-07T16:42:31+00:00\" \/>\n<meta property=\"og:image\" content=\"https:\/\/permbledhja.com\/wp-content\/uploads\/2024\/04\/bllacaaaaaaa.jpg\" \/>\n\t<meta property=\"og:image:width\" content=\"720\" \/>\n\t<meta property=\"og:image:height\" content=\"726\" \/>\n\t<meta property=\"og:image:type\" content=\"image\/jpeg\" \/>\n<meta name=\"author\" content=\"M M\" \/>\n<meta name=\"twitter:card\" content=\"summary_large_image\" \/>\n<meta name=\"twitter:label1\" content=\"Written by\" \/>\n\t<meta name=\"twitter:data1\" content=\"M M\" \/>\n\t<meta name=\"twitter:label2\" content=\"Est. reading time\" \/>\n\t<meta name=\"twitter:data2\" content=\"1 minut\u00eb\" \/>\n<script type=\"application\/ld+json\" class=\"yoast-schema-graph\">{\"@context\":\"https:\/\/schema.org\",\"@graph\":[{\"@type\":\"Article\",\"@id\":\"https:\/\/permbledhja.com\/sq\/vdes-ne-moshe-te-re-gezim-bllaca\/#article\",\"isPartOf\":{\"@id\":\"https:\/\/permbledhja.com\/sq\/vdes-ne-moshe-te-re-gezim-bllaca\/\"},\"author\":{\"name\":\"M M\",\"@id\":\"https:\/\/permbledhja.com\/#\/schema\/person\/d23f13f59b5722643933d6780783acf3\"},\"headline\":\"Vdes n\u00eb mosh\u00eb t\u00eb re G\u00ebzim Bllaca\",\"datePublished\":\"2024-04-07T16:42:31+00:00\",\"dateModified\":\"2024-04-07T16:42:31+00:00\",\"mainEntityOfPage\":{\"@id\":\"https:\/\/permbledhja.com\/sq\/vdes-ne-moshe-te-re-gezim-bllaca\/\"},\"wordCount\":144,\"publisher\":{\"@id\":\"https:\/\/permbledhja.com\/#organization\"},\"keywords\":[\"Vdekje\"],\"articleSection\":[\"Lajme\"],\"inLanguage\":\"sq\"},{\"@type\":\"WebPage\",\"@id\":\"https:\/\/permbledhja.com\/sq\/vdes-ne-moshe-te-re-gezim-bllaca\/\",\"url\":\"https:\/\/permbledhja.com\/sq\/vdes-ne-moshe-te-re-gezim-bllaca\/\",\"name\":\"Vdes n\u00eb mosh\u00eb t\u00eb re G\u00ebzim Bllaca\",\"isPartOf\":{\"@id\":\"https:\/\/permbledhja.com\/#website\"},\"datePublished\":\"2024-04-07T16:42:31+00:00\",\"dateModified\":\"2024-04-07T16:42:31+00:00\",\"breadcrumb\":{\"@id\":\"https:\/\/permbledhja.com\/sq\/vdes-ne-moshe-te-re-gezim-bllaca\/#breadcrumb\"},\"inLanguage\":\"sq\",\"potentialAction\":[{\"@type\":\"ReadAction\",\"target\":[\"https:\/\/permbledhja.com\/sq\/vdes-ne-moshe-te-re-gezim-bllaca\/\"]}]},{\"@type\":\"BreadcrumbList\",\"@id\":\"https:\/\/permbledhja.com\/sq\/vdes-ne-moshe-te-re-gezim-bllaca\/#breadcrumb\",\"itemListElement\":[{\"@type\":\"ListItem\",\"position\":1,\"name\":\"Ballina\",\"item\":\"https:\/\/permbledhja.com\/sq\/\"},{\"@type\":\"ListItem\",\"position\":2,\"name\":\"Vdes n\u00eb mosh\u00eb t\u00eb re G\u00ebzim Bllaca\"}]},{\"@type\":\"WebSite\",\"@id\":\"https:\/\/permbledhja.com\/#website\",\"url\":\"https:\/\/permbledhja.com\/\",\"name\":\"Ve\u00e7 artikuj p\u00ebrmbledh\u00ebs\",\"description\":\"\",\"publisher\":{\"@id\":\"https:\/\/permbledhja.com\/#organization\"},\"potentialAction\":[{\"@type\":\"SearchAction\",\"target\":{\"@type\":\"EntryPoint\",\"urlTemplate\":\"https:\/\/permbledhja.com\/?s={search_term_string}\"},\"query-input\":\"required name=search_term_string\"}],\"inLanguage\":\"sq\"},{\"@type\":\"Organization\",\"@id\":\"https:\/\/permbledhja.com\/#organization\",\"name\":\"MK Media & Pr\",\"url\":\"https:\/\/permbledhja.com\/\",\"logo\":{\"@type\":\"ImageObject\",\"inLanguage\":\"sq\",\"@id\":\"https:\/\/permbledhja.com\/#\/schema\/logo\/image\/\",\"url\":\"https:\/\/permbledhja.com\/wp-content\/uploads\/2021\/12\/07-Press-Logo.jpg\",\"contentUrl\":\"https:\/\/permbledhja.com\/wp-content\/uploads\/2021\/12\/07-Press-Logo.jpg\",\"width\":512,\"height\":512,\"caption\":\"MK Media & Pr\"},\"image\":{\"@id\":\"https:\/\/permbledhja.com\/#\/schema\/logo\/image\/\"},\"sameAs\":[\"https:\/\/www.facebook.com\/press07\/\"]},{\"@type\":\"Person\",\"@id\":\"https:\/\/permbledhja.com\/#\/schema\/person\/d23f13f59b5722643933d6780783acf3\",\"name\":\"M M\",\"image\":{\"@type\":\"ImageObject\",\"inLanguage\":\"sq\",\"@id\":\"https:\/\/permbledhja.com\/#\/schema\/person\/image\/\",\"url\":\"https:\/\/secure.gravatar.com\/avatar\/e2835a76ca7c31a2416b2d51c4ec9a8f?s=96&d=mm&r=g\",\"contentUrl\":\"https:\/\/secure.gravatar.com\/avatar\/e2835a76ca7c31a2416b2d51c4ec9a8f?s=96&d=mm&r=g\",\"caption\":\"M M\"},\"sameAs\":[\"http:\/\/MM\"],\"url\":\"https:\/\/permbledhja.com\/sq\/author\/muhamet\/\"}]}<\/script>\n<!-- \/ Yoast SEO plugin. -->","yoast_head_json":{"title":"Vdes n\u00eb mosh\u00eb t\u00eb re G\u00ebzim Bllaca","robots":{"index":"index","follow":"follow","max-snippet":"max-snippet:-1","max-image-preview":"max-image-preview:large","max-video-preview":"max-video-preview:-1"},"canonical":"https:\/\/permbledhja.com\/sq\/vdes-ne-moshe-te-re-gezim-bllaca\/","og_locale":"sq_AL","og_type":"article","og_title":"Vdes n\u00eb mosh\u00eb t\u00eb re G\u00ebzim Bllaca","og_description":"Ka nd\u00ebrruar jet\u00eb papritur n\u00eb mosh\u00eb t\u00eb re G\u00ebzim Bllaca, pun\u00ebtor i ERC Trade, raporton Gazeta Sinjali. Lajmin p\u00ebr vdekjen e tij e ka publikuar n\u00eb rrjetet sociale ish-ambasadori Avni Arifi. Trondit\u00ebse dhe shum\u00eb e r\u00ebnd\u00eb ndarja e papritur nga jeta e G\u00ebzim Bllac\u00ebs, fqinjit, shokut e kolegut ton\u00eb. G\u00ebzimi ishte nj\u00eb djal\u00eb me virtyte [&hellip;]","og_url":"https:\/\/permbledhja.com\/sq\/vdes-ne-moshe-te-re-gezim-bllaca\/","og_site_name":"Ve\u00e7 artikuj p\u00ebrmbledh\u00ebs","article_publisher":"https:\/\/www.facebook.com\/press07\/","article_published_time":"2024-04-07T16:42:31+00:00","og_image":[{"width":720,"height":726,"url":"https:\/\/permbledhja.com\/wp-content\/uploads\/2024\/04\/bllacaaaaaaa.jpg","type":"image\/jpeg"}],"author":"M M","twitter_card":"summary_large_image","twitter_misc":{"Written by":"M M","Est. reading time":"1 minut\u00eb"},"schema":{"@context":"https:\/\/schema.org","@graph":[{"@type":"Article","@id":"https:\/\/permbledhja.com\/sq\/vdes-ne-moshe-te-re-gezim-bllaca\/#article","isPartOf":{"@id":"https:\/\/permbledhja.com\/sq\/vdes-ne-moshe-te-re-gezim-bllaca\/"},"author":{"name":"M M","@id":"https:\/\/permbledhja.com\/#\/schema\/person\/d23f13f59b5722643933d6780783acf3"},"headline":"Vdes n\u00eb mosh\u00eb t\u00eb re G\u00ebzim Bllaca","datePublished":"2024-04-07T16:42:31+00:00","dateModified":"2024-04-07T16:42:31+00:00","mainEntityOfPage":{"@id":"https:\/\/permbledhja.com\/sq\/vdes-ne-moshe-te-re-gezim-bllaca\/"},"wordCount":144,"publisher":{"@id":"https:\/\/permbledhja.com\/#organization"},"keywords":["Vdekje"],"articleSection":["Lajme"],"inLanguage":"sq"},{"@type":"WebPage","@id":"https:\/\/permbledhja.com\/sq\/vdes-ne-moshe-te-re-gezim-bllaca\/","url":"https:\/\/permbledhja.com\/sq\/vdes-ne-moshe-te-re-gezim-bllaca\/","name":"Vdes n\u00eb mosh\u00eb t\u00eb re G\u00ebzim Bllaca","isPartOf":{"@id":"https:\/\/permbledhja.com\/#website"},"datePublished":"2024-04-07T16:42:31+00:00","dateModified":"2024-04-07T16:42:31+00:00","breadcrumb":{"@id":"https:\/\/permbledhja.com\/sq\/vdes-ne-moshe-te-re-gezim-bllaca\/#breadcrumb"},"inLanguage":"sq","potentialAction":[{"@type":"ReadAction","target":["https:\/\/permbledhja.com\/sq\/vdes-ne-moshe-te-re-gezim-bllaca\/"]}]},{"@type":"BreadcrumbList","@id":"https:\/\/permbledhja.com\/sq\/vdes-ne-moshe-te-re-gezim-bllaca\/#breadcrumb","itemListElement":[{"@type":"ListItem","position":1,"name":"Ballina","item":"https:\/\/permbledhja.com\/sq\/"},{"@type":"ListItem","position":2,"name":"Vdes n\u00eb mosh\u00eb t\u00eb re G\u00ebzim Bllaca"}]},{"@type":"WebSite","@id":"https:\/\/permbledhja.com\/#website","url":"https:\/\/permbledhja.com\/","name":"Ve\u00e7 artikuj p\u00ebrmbledh\u00ebs","description":"","publisher":{"@id":"https:\/\/permbledhja.com\/#organization"},"potentialAction":[{"@type":"SearchAction","target":{"@type":"EntryPoint","urlTemplate":"https:\/\/permbledhja.com\/?s={search_term_string}"},"query-input":"required name=search_term_string"}],"inLanguage":"sq"},{"@type":"Organization","@id":"https:\/\/permbledhja.com\/#organization","name":"MK Media & Pr","url":"https:\/\/permbledhja.com\/","logo":{"@type":"ImageObject","inLanguage":"sq","@id":"https:\/\/permbledhja.com\/#\/schema\/logo\/image\/","url":"https:\/\/permbledhja.com\/wp-content\/uploads\/2021\/12\/07-Press-Logo.jpg","contentUrl":"https:\/\/permbledhja.com\/wp-content\/uploads\/2021\/12\/07-Press-Logo.jpg","width":512,"height":512,"caption":"MK Media & Pr"},"image":{"@id":"https:\/\/permbledhja.com\/#\/schema\/logo\/image\/"},"sameAs":["https:\/\/www.facebook.com\/press07\/"]},{"@type":"Person","@id":"https:\/\/permbledhja.com\/#\/schema\/person\/d23f13f59b5722643933d6780783acf3","name":"M M","image":{"@type":"ImageObject","inLanguage":"sq","@id":"https:\/\/permbledhja.com\/#\/schema\/person\/image\/","url":"https:\/\/secure.gravatar.com\/avatar\/e2835a76ca7c31a2416b2d51c4ec9a8f?s=96&d=mm&r=g","contentUrl":"https:\/\/secure.gravatar.com\/avatar\/e2835a76ca7c31a2416b2d51c4ec9a8f?s=96&d=mm&r=g","caption":"M M"},"sameAs":["http:\/\/MM"],"url":"https:\/\/permbledhja.com\/sq\/author\/muhamet\/"}]}},"_links":{"self":[{"href":"https:\/\/permbledhja.com\/sq\/wp-json\/wp\/v2\/posts\/55479"}],"collection":[{"href":"https:\/\/permbledhja.com\/sq\/wp-json\/wp\/v2\/posts"}],"about":[{"href":"https:\/\/permbledhja.com\/sq\/wp-json\/wp\/v2\/types\/post"}],"author":[{"embeddable":true,"href":"https:\/\/permbledhja.com\/sq\/wp-json\/wp\/v2\/users\/2"}],"replies":[{"embeddable":true,"href":"https:\/\/permbledhja.com\/sq\/wp-json\/wp\/v2\/comments?post=55479"}],"version-history":[{"count":1,"href":"https:\/\/permbledhja.com\/sq\/wp-json\/wp\/v2\/posts\/55479\/revisions"}],"predecessor-version":[{"id":55481,"href":"https:\/\/permbledhja.com\/sq\/wp-json\/wp\/v2\/posts\/55479\/revisions\/55481"}],"wp:featuredmedia":[{"embeddable":true,"href":"https:\/\/permbledhja.com\/sq\/wp-json\/wp\/v2\/media\/55480"}],"wp:attachment":[{"href":"https:\/\/permbledhja.com\/sq\/wp-json\/wp\/v2\/media?parent=55479"}],"wp:term":[{"taxonomy":"category","embeddable":true,"href":"https:\/\/permbledhja.com\/sq\/wp-json\/wp\/v2\/categories?post=55479"},{"taxonomy":"post_tag","embeddable":true,"href":"https:\/\/permbledhja.com\/sq\/wp-json\/wp\/v2\/tags?post=55479"}],"curies":[{"name":"wp","href":"https:\/\/api.w.org\/{rel}","templated":true}]}}