{"id":55335,"date":"2024-04-06T08:28:34","date_gmt":"2024-04-06T08:28:34","guid":{"rendered":"https:\/\/permbledhja.com\/?p=55335"},"modified":"2024-04-06T08:28:34","modified_gmt":"2024-04-06T08:28:34","slug":"ushtaret-e-fsk-se-pjese-e-gares-per-luftetarin-me-te-mire-te-shtetit-te-iowa-s-ambasada-publikon-foto","status":"publish","type":"post","link":"https:\/\/permbledhja.com\/sq\/ushtaret-e-fsk-se-pjese-e-gares-per-luftetarin-me-te-mire-te-shtetit-te-iowa-s-ambasada-publikon-foto\/","title":{"rendered":"Ushtar\u00ebt e FSK-s\u00eb pjes\u00eb e gar\u00ebs p\u00ebr luft\u00ebtarin m\u00eb t\u00eb mir\u00eb t\u00eb shtetit t\u00eb Iowa-s, Ambasada publikon foto"},"content":{"rendered":"<p><strong>Ambasada e Shteteve t\u00eb Bashkuara t\u00eb Amerik\u00ebs n\u00eb Kosov\u00eb ka njoftuar se Iowa po zhvillohet gara p\u00ebr Luft\u00ebtarin m\u00eb t\u00eb Mir\u00eb t\u00eb Shtetit t\u00eb Io\u00ebA\u2019s p\u00ebr k\u00ebt\u00eb vit, ku po marrin pjes\u00eb edhe pjes\u00ebtar\u00eb t\u00eb Forc\u00ebs s\u00eb Siguris\u00eb s\u00eb Kosov\u00ebs.<\/strong><\/p>\n<p>N\u00eb faqen e ambasad\u00ebs jan\u00eb publikuar fotografi t\u00eb ushtar\u00ebve t\u00eb FSK\u2019s\u00eb, ku n\u00eb nj\u00eb prej tyre shihen p\u00ebrkrah nj\u00eb ushtari amerikan.<\/p>\n<p><em>\u201cGara p\u00ebr Luft\u00ebtarin m\u00eb t\u00eb Mir\u00eb t\u00eb Shtetit t\u00eb Io\u00eba-s 2024 po zhvillohet k\u00ebt\u00eb fundjav\u00eb n\u00eb Camp Dodge, Io\u00eba. Ushtar\u00ebt dhe n\u00ebnoficer\u00ebt m\u00eb t\u00eb aft\u00eb do t\u00eb p\u00ebrzgjidhen p\u00ebrmes nj\u00eb s\u00ebr\u00eb testesh, duke theksuar q\u00ebndrueshm\u00ebrin\u00eb, forc\u00ebn dhe aft\u00ebsit\u00eb. Fituesit nga shtete t\u00eb ndryshme, p\u00ebrfshir\u00eb Kosov\u00ebn, do t\u00eb garojn\u00eb n\u00eb tok\u00ebn e Iowa-s p\u00ebr her\u00eb t\u00eb par\u00eb n\u00eb shtat\u00eb vjet. Suksese t\u00eb gjith\u00eb ushtar\u00ebve n\u00eb gar\u00eb dhe fitoft\u00eb m\u00eb i miri!\u201d<\/em>, thuhet n\u00eb postimin e Ambasad\u00ebs.<\/p>\n<p><iframe loading=\"lazy\" style=\"border: none; overflow: hidden;\" src=\"https:\/\/www.facebook.com\/plugins\/post.php?href=https%3A%2F%2Fwww.facebook.com%2Fkosovo.usembassy%2Fposts%2Fpfbid0us5gmq1J2XAEM1THovBJR7f8Mxsb32UgiXSSBoug5fc2uyHsC7gQKyciXeEtE9rLl&amp;show_text=true&amp;width=500\" width=\"500\" height=\"742\" frameborder=\"0\" scrolling=\"no\" allowfullscreen=\"allowfullscreen\"><\/iframe><\/p>\n","protected":false},"excerpt":{"rendered":"<p>Ambasada e Shteteve t\u00eb Bashkuara t\u00eb Amerik\u00ebs n\u00eb Kosov\u00eb ka njoftuar se Iowa po zhvillohet gara p\u00ebr Luft\u00ebtarin m\u00eb t\u00eb Mir\u00eb t\u00eb Shtetit t\u00eb Io\u00ebA\u2019s p\u00ebr k\u00ebt\u00eb vit, ku po marrin pjes\u00eb edhe pjes\u00ebtar\u00eb t\u00eb Forc\u00ebs s\u00eb Siguris\u00eb s\u00eb Kosov\u00ebs. N\u00eb faqen e ambasad\u00ebs jan\u00eb publikuar fotografi t\u00eb ushtar\u00ebve t\u00eb FSK\u2019s\u00eb, ku n\u00eb nj\u00eb prej [&hellip;]<\/p>\n","protected":false},"author":1,"featured_media":55336,"comment_status":"closed","ping_status":"closed","sticky":false,"template":"","format":"standard","meta":{"_monsterinsights_skip_tracking":false,"_monsterinsights_sitenote_active":false,"_monsterinsights_sitenote_note":"","_monsterinsights_sitenote_category":0,"_uf_show_specific_survey":0,"_uf_disable_surveys":false,"footnotes":""},"categories":[15],"tags":[2576],"yoast_head":"<!-- This site is optimized with the Yoast SEO plugin v21.5 - https:\/\/yoast.com\/wordpress\/plugins\/seo\/ -->\n<title>Ushtar\u00ebt e FSK-s\u00eb pjes\u00eb e gar\u00ebs p\u00ebr luft\u00ebtarin m\u00eb t\u00eb mir\u00eb t\u00eb shtetit t\u00eb Iowa-s, Ambasada publikon foto<\/title>\n<meta name=\"robots\" content=\"index, follow, max-snippet:-1, max-image-preview:large, max-video-preview:-1\" \/>\n<link rel=\"canonical\" href=\"https:\/\/permbledhja.com\/sq\/ushtaret-e-fsk-se-pjese-e-gares-per-luftetarin-me-te-mire-te-shtetit-te-iowa-s-ambasada-publikon-foto\/\" \/>\n<meta property=\"og:locale\" content=\"sq_AL\" \/>\n<meta property=\"og:type\" content=\"article\" \/>\n<meta property=\"og:title\" content=\"Ushtar\u00ebt e FSK-s\u00eb pjes\u00eb e gar\u00ebs p\u00ebr luft\u00ebtarin m\u00eb t\u00eb mir\u00eb t\u00eb shtetit t\u00eb Iowa-s, Ambasada publikon foto\" \/>\n<meta property=\"og:description\" content=\"Ambasada e Shteteve t\u00eb Bashkuara t\u00eb Amerik\u00ebs n\u00eb Kosov\u00eb ka njoftuar se Iowa po zhvillohet gara p\u00ebr Luft\u00ebtarin m\u00eb t\u00eb Mir\u00eb t\u00eb Shtetit t\u00eb Io\u00ebA\u2019s p\u00ebr k\u00ebt\u00eb vit, ku po marrin pjes\u00eb edhe pjes\u00ebtar\u00eb t\u00eb Forc\u00ebs s\u00eb Siguris\u00eb s\u00eb Kosov\u00ebs. N\u00eb faqen e ambasad\u00ebs jan\u00eb publikuar fotografi t\u00eb ushtar\u00ebve t\u00eb FSK\u2019s\u00eb, ku n\u00eb nj\u00eb prej [&hellip;]\" \/>\n<meta property=\"og:url\" content=\"https:\/\/permbledhja.com\/sq\/ushtaret-e-fsk-se-pjese-e-gares-per-luftetarin-me-te-mire-te-shtetit-te-iowa-s-ambasada-publikon-foto\/\" \/>\n<meta property=\"og:site_name\" content=\"Ve\u00e7 artikuj p\u00ebrmbledh\u00ebs\" \/>\n<meta property=\"article:publisher\" content=\"https:\/\/www.facebook.com\/press07\/\" \/>\n<meta property=\"article:author\" content=\"https:\/\/www.facebook.com\/kafexhiu.muharrem\/\" \/>\n<meta property=\"article:published_time\" content=\"2024-04-06T08:28:34+00:00\" \/>\n<meta property=\"og:image\" content=\"https:\/\/permbledhja.com\/wp-content\/uploads\/2024\/04\/gara-590x360-1.png\" \/>\n\t<meta property=\"og:image:width\" content=\"590\" \/>\n\t<meta property=\"og:image:height\" content=\"360\" \/>\n\t<meta property=\"og:image:type\" content=\"image\/png\" \/>\n<meta name=\"author\" content=\"P\u00ebrmbledhja\" \/>\n<meta name=\"twitter:card\" content=\"summary_large_image\" \/>\n<meta name=\"twitter:label1\" content=\"Written by\" \/>\n\t<meta name=\"twitter:data1\" content=\"P\u00ebrmbledhja\" \/>\n\t<meta name=\"twitter:label2\" content=\"Est. reading time\" \/>\n\t<meta name=\"twitter:data2\" content=\"1 minut\u00eb\" \/>\n<script type=\"application\/ld+json\" class=\"yoast-schema-graph\">{\"@context\":\"https:\/\/schema.org\",\"@graph\":[{\"@type\":\"Article\",\"@id\":\"https:\/\/permbledhja.com\/sq\/ushtaret-e-fsk-se-pjese-e-gares-per-luftetarin-me-te-mire-te-shtetit-te-iowa-s-ambasada-publikon-foto\/#article\",\"isPartOf\":{\"@id\":\"https:\/\/permbledhja.com\/sq\/ushtaret-e-fsk-se-pjese-e-gares-per-luftetarin-me-te-mire-te-shtetit-te-iowa-s-ambasada-publikon-foto\/\"},\"author\":{\"name\":\"P\u00ebrmbledhja\",\"@id\":\"https:\/\/permbledhja.com\/#\/schema\/person\/0d064377258d3221e50693947b9eb4fe\"},\"headline\":\"Ushtar\u00ebt e FSK-s\u00eb pjes\u00eb e gar\u00ebs p\u00ebr luft\u00ebtarin m\u00eb t\u00eb mir\u00eb t\u00eb shtetit t\u00eb Iowa-s, Ambasada publikon foto\",\"datePublished\":\"2024-04-06T08:28:34+00:00\",\"dateModified\":\"2024-04-06T08:28:34+00:00\",\"mainEntityOfPage\":{\"@id\":\"https:\/\/permbledhja.com\/sq\/ushtaret-e-fsk-se-pjese-e-gares-per-luftetarin-me-te-mire-te-shtetit-te-iowa-s-ambasada-publikon-foto\/\"},\"wordCount\":192,\"publisher\":{\"@id\":\"https:\/\/permbledhja.com\/#organization\"},\"keywords\":[\"Iowa\"],\"articleSection\":[\"Lajme\"],\"inLanguage\":\"sq\"},{\"@type\":\"WebPage\",\"@id\":\"https:\/\/permbledhja.com\/sq\/ushtaret-e-fsk-se-pjese-e-gares-per-luftetarin-me-te-mire-te-shtetit-te-iowa-s-ambasada-publikon-foto\/\",\"url\":\"https:\/\/permbledhja.com\/sq\/ushtaret-e-fsk-se-pjese-e-gares-per-luftetarin-me-te-mire-te-shtetit-te-iowa-s-ambasada-publikon-foto\/\",\"name\":\"Ushtar\u00ebt e FSK-s\u00eb pjes\u00eb e gar\u00ebs p\u00ebr luft\u00ebtarin m\u00eb t\u00eb mir\u00eb t\u00eb shtetit t\u00eb Iowa-s, Ambasada publikon foto\",\"isPartOf\":{\"@id\":\"https:\/\/permbledhja.com\/#website\"},\"datePublished\":\"2024-04-06T08:28:34+00:00\",\"dateModified\":\"2024-04-06T08:28:34+00:00\",\"breadcrumb\":{\"@id\":\"https:\/\/permbledhja.com\/sq\/ushtaret-e-fsk-se-pjese-e-gares-per-luftetarin-me-te-mire-te-shtetit-te-iowa-s-ambasada-publikon-foto\/#breadcrumb\"},\"inLanguage\":\"sq\",\"potentialAction\":[{\"@type\":\"ReadAction\",\"target\":[\"https:\/\/permbledhja.com\/sq\/ushtaret-e-fsk-se-pjese-e-gares-per-luftetarin-me-te-mire-te-shtetit-te-iowa-s-ambasada-publikon-foto\/\"]}]},{\"@type\":\"BreadcrumbList\",\"@id\":\"https:\/\/permbledhja.com\/sq\/ushtaret-e-fsk-se-pjese-e-gares-per-luftetarin-me-te-mire-te-shtetit-te-iowa-s-ambasada-publikon-foto\/#breadcrumb\",\"itemListElement\":[{\"@type\":\"ListItem\",\"position\":1,\"name\":\"Ballina\",\"item\":\"https:\/\/permbledhja.com\/sq\/\"},{\"@type\":\"ListItem\",\"position\":2,\"name\":\"Ushtar\u00ebt e FSK-s\u00eb pjes\u00eb e gar\u00ebs p\u00ebr luft\u00ebtarin m\u00eb t\u00eb mir\u00eb t\u00eb shtetit t\u00eb Iowa-s, Ambasada publikon foto\"}]},{\"@type\":\"WebSite\",\"@id\":\"https:\/\/permbledhja.com\/#website\",\"url\":\"https:\/\/permbledhja.com\/\",\"name\":\"Ve\u00e7 artikuj p\u00ebrmbledh\u00ebs\",\"description\":\"\",\"publisher\":{\"@id\":\"https:\/\/permbledhja.com\/#organization\"},\"potentialAction\":[{\"@type\":\"SearchAction\",\"target\":{\"@type\":\"EntryPoint\",\"urlTemplate\":\"https:\/\/permbledhja.com\/?s={search_term_string}\"},\"query-input\":\"required name=search_term_string\"}],\"inLanguage\":\"sq\"},{\"@type\":\"Organization\",\"@id\":\"https:\/\/permbledhja.com\/#organization\",\"name\":\"MK Media & Pr\",\"url\":\"https:\/\/permbledhja.com\/\",\"logo\":{\"@type\":\"ImageObject\",\"inLanguage\":\"sq\",\"@id\":\"https:\/\/permbledhja.com\/#\/schema\/logo\/image\/\",\"url\":\"https:\/\/permbledhja.com\/wp-content\/uploads\/2021\/12\/07-Press-Logo.jpg\",\"contentUrl\":\"https:\/\/permbledhja.com\/wp-content\/uploads\/2021\/12\/07-Press-Logo.jpg\",\"width\":512,\"height\":512,\"caption\":\"MK Media & Pr\"},\"image\":{\"@id\":\"https:\/\/permbledhja.com\/#\/schema\/logo\/image\/\"},\"sameAs\":[\"https:\/\/www.facebook.com\/press07\/\"]},{\"@type\":\"Person\",\"@id\":\"https:\/\/permbledhja.com\/#\/schema\/person\/0d064377258d3221e50693947b9eb4fe\",\"name\":\"P\u00ebrmbledhja\",\"image\":{\"@type\":\"ImageObject\",\"inLanguage\":\"sq\",\"@id\":\"https:\/\/permbledhja.com\/#\/schema\/person\/image\/\",\"url\":\"https:\/\/permbledhja.com\/wp-content\/uploads\/2026\/01\/452004717_1040944174702970_8932037511805513407_n-96x96.jpg\",\"contentUrl\":\"https:\/\/permbledhja.com\/wp-content\/uploads\/2026\/01\/452004717_1040944174702970_8932037511805513407_n-96x96.jpg\",\"caption\":\"P\u00ebrmbledhja\"},\"sameAs\":[\"https:\/\/www.facebook.com\/kafexhiu.muharrem\/\",\"https:\/\/www.instagram.com\/muharrem_kafexhiu\/\"],\"url\":\"https:\/\/permbledhja.com\/sq\/author\/admin\/\"}]}<\/script>\n<!-- \/ Yoast SEO plugin. -->","yoast_head_json":{"title":"Ushtar\u00ebt e FSK-s\u00eb pjes\u00eb e gar\u00ebs p\u00ebr luft\u00ebtarin m\u00eb t\u00eb mir\u00eb t\u00eb shtetit t\u00eb Iowa-s, Ambasada publikon foto","robots":{"index":"index","follow":"follow","max-snippet":"max-snippet:-1","max-image-preview":"max-image-preview:large","max-video-preview":"max-video-preview:-1"},"canonical":"https:\/\/permbledhja.com\/sq\/ushtaret-e-fsk-se-pjese-e-gares-per-luftetarin-me-te-mire-te-shtetit-te-iowa-s-ambasada-publikon-foto\/","og_locale":"sq_AL","og_type":"article","og_title":"Ushtar\u00ebt e FSK-s\u00eb pjes\u00eb e gar\u00ebs p\u00ebr luft\u00ebtarin m\u00eb t\u00eb mir\u00eb t\u00eb shtetit t\u00eb Iowa-s, Ambasada publikon foto","og_description":"Ambasada e Shteteve t\u00eb Bashkuara t\u00eb Amerik\u00ebs n\u00eb Kosov\u00eb ka njoftuar se Iowa po zhvillohet gara p\u00ebr Luft\u00ebtarin m\u00eb t\u00eb Mir\u00eb t\u00eb Shtetit t\u00eb Io\u00ebA\u2019s p\u00ebr k\u00ebt\u00eb vit, ku po marrin pjes\u00eb edhe pjes\u00ebtar\u00eb t\u00eb Forc\u00ebs s\u00eb Siguris\u00eb s\u00eb Kosov\u00ebs. N\u00eb faqen e ambasad\u00ebs jan\u00eb publikuar fotografi t\u00eb ushtar\u00ebve t\u00eb FSK\u2019s\u00eb, ku n\u00eb nj\u00eb prej [&hellip;]","og_url":"https:\/\/permbledhja.com\/sq\/ushtaret-e-fsk-se-pjese-e-gares-per-luftetarin-me-te-mire-te-shtetit-te-iowa-s-ambasada-publikon-foto\/","og_site_name":"Ve\u00e7 artikuj p\u00ebrmbledh\u00ebs","article_publisher":"https:\/\/www.facebook.com\/press07\/","article_author":"https:\/\/www.facebook.com\/kafexhiu.muharrem\/","article_published_time":"2024-04-06T08:28:34+00:00","og_image":[{"width":590,"height":360,"url":"https:\/\/permbledhja.com\/wp-content\/uploads\/2024\/04\/gara-590x360-1.png","type":"image\/png"}],"author":"P\u00ebrmbledhja","twitter_card":"summary_large_image","twitter_misc":{"Written by":"P\u00ebrmbledhja","Est. reading time":"1 minut\u00eb"},"schema":{"@context":"https:\/\/schema.org","@graph":[{"@type":"Article","@id":"https:\/\/permbledhja.com\/sq\/ushtaret-e-fsk-se-pjese-e-gares-per-luftetarin-me-te-mire-te-shtetit-te-iowa-s-ambasada-publikon-foto\/#article","isPartOf":{"@id":"https:\/\/permbledhja.com\/sq\/ushtaret-e-fsk-se-pjese-e-gares-per-luftetarin-me-te-mire-te-shtetit-te-iowa-s-ambasada-publikon-foto\/"},"author":{"name":"P\u00ebrmbledhja","@id":"https:\/\/permbledhja.com\/#\/schema\/person\/0d064377258d3221e50693947b9eb4fe"},"headline":"Ushtar\u00ebt e FSK-s\u00eb pjes\u00eb e gar\u00ebs p\u00ebr luft\u00ebtarin m\u00eb t\u00eb mir\u00eb t\u00eb shtetit t\u00eb Iowa-s, Ambasada publikon foto","datePublished":"2024-04-06T08:28:34+00:00","dateModified":"2024-04-06T08:28:34+00:00","mainEntityOfPage":{"@id":"https:\/\/permbledhja.com\/sq\/ushtaret-e-fsk-se-pjese-e-gares-per-luftetarin-me-te-mire-te-shtetit-te-iowa-s-ambasada-publikon-foto\/"},"wordCount":192,"publisher":{"@id":"https:\/\/permbledhja.com\/#organization"},"keywords":["Iowa"],"articleSection":["Lajme"],"inLanguage":"sq"},{"@type":"WebPage","@id":"https:\/\/permbledhja.com\/sq\/ushtaret-e-fsk-se-pjese-e-gares-per-luftetarin-me-te-mire-te-shtetit-te-iowa-s-ambasada-publikon-foto\/","url":"https:\/\/permbledhja.com\/sq\/ushtaret-e-fsk-se-pjese-e-gares-per-luftetarin-me-te-mire-te-shtetit-te-iowa-s-ambasada-publikon-foto\/","name":"Ushtar\u00ebt e FSK-s\u00eb pjes\u00eb e gar\u00ebs p\u00ebr luft\u00ebtarin m\u00eb t\u00eb mir\u00eb t\u00eb shtetit t\u00eb Iowa-s, Ambasada publikon foto","isPartOf":{"@id":"https:\/\/permbledhja.com\/#website"},"datePublished":"2024-04-06T08:28:34+00:00","dateModified":"2024-04-06T08:28:34+00:00","breadcrumb":{"@id":"https:\/\/permbledhja.com\/sq\/ushtaret-e-fsk-se-pjese-e-gares-per-luftetarin-me-te-mire-te-shtetit-te-iowa-s-ambasada-publikon-foto\/#breadcrumb"},"inLanguage":"sq","potentialAction":[{"@type":"ReadAction","target":["https:\/\/permbledhja.com\/sq\/ushtaret-e-fsk-se-pjese-e-gares-per-luftetarin-me-te-mire-te-shtetit-te-iowa-s-ambasada-publikon-foto\/"]}]},{"@type":"BreadcrumbList","@id":"https:\/\/permbledhja.com\/sq\/ushtaret-e-fsk-se-pjese-e-gares-per-luftetarin-me-te-mire-te-shtetit-te-iowa-s-ambasada-publikon-foto\/#breadcrumb","itemListElement":[{"@type":"ListItem","position":1,"name":"Ballina","item":"https:\/\/permbledhja.com\/sq\/"},{"@type":"ListItem","position":2,"name":"Ushtar\u00ebt e FSK-s\u00eb pjes\u00eb e gar\u00ebs p\u00ebr luft\u00ebtarin m\u00eb t\u00eb mir\u00eb t\u00eb shtetit t\u00eb Iowa-s, Ambasada publikon foto"}]},{"@type":"WebSite","@id":"https:\/\/permbledhja.com\/#website","url":"https:\/\/permbledhja.com\/","name":"Ve\u00e7 artikuj p\u00ebrmbledh\u00ebs","description":"","publisher":{"@id":"https:\/\/permbledhja.com\/#organization"},"potentialAction":[{"@type":"SearchAction","target":{"@type":"EntryPoint","urlTemplate":"https:\/\/permbledhja.com\/?s={search_term_string}"},"query-input":"required name=search_term_string"}],"inLanguage":"sq"},{"@type":"Organization","@id":"https:\/\/permbledhja.com\/#organization","name":"MK Media & Pr","url":"https:\/\/permbledhja.com\/","logo":{"@type":"ImageObject","inLanguage":"sq","@id":"https:\/\/permbledhja.com\/#\/schema\/logo\/image\/","url":"https:\/\/permbledhja.com\/wp-content\/uploads\/2021\/12\/07-Press-Logo.jpg","contentUrl":"https:\/\/permbledhja.com\/wp-content\/uploads\/2021\/12\/07-Press-Logo.jpg","width":512,"height":512,"caption":"MK Media & Pr"},"image":{"@id":"https:\/\/permbledhja.com\/#\/schema\/logo\/image\/"},"sameAs":["https:\/\/www.facebook.com\/press07\/"]},{"@type":"Person","@id":"https:\/\/permbledhja.com\/#\/schema\/person\/0d064377258d3221e50693947b9eb4fe","name":"P\u00ebrmbledhja","image":{"@type":"ImageObject","inLanguage":"sq","@id":"https:\/\/permbledhja.com\/#\/schema\/person\/image\/","url":"https:\/\/permbledhja.com\/wp-content\/uploads\/2026\/01\/452004717_1040944174702970_8932037511805513407_n-96x96.jpg","contentUrl":"https:\/\/permbledhja.com\/wp-content\/uploads\/2026\/01\/452004717_1040944174702970_8932037511805513407_n-96x96.jpg","caption":"P\u00ebrmbledhja"},"sameAs":["https:\/\/www.facebook.com\/kafexhiu.muharrem\/","https:\/\/www.instagram.com\/muharrem_kafexhiu\/"],"url":"https:\/\/permbledhja.com\/sq\/author\/admin\/"}]}},"_links":{"self":[{"href":"https:\/\/permbledhja.com\/sq\/wp-json\/wp\/v2\/posts\/55335"}],"collection":[{"href":"https:\/\/permbledhja.com\/sq\/wp-json\/wp\/v2\/posts"}],"about":[{"href":"https:\/\/permbledhja.com\/sq\/wp-json\/wp\/v2\/types\/post"}],"author":[{"embeddable":true,"href":"https:\/\/permbledhja.com\/sq\/wp-json\/wp\/v2\/users\/1"}],"replies":[{"embeddable":true,"href":"https:\/\/permbledhja.com\/sq\/wp-json\/wp\/v2\/comments?post=55335"}],"version-history":[{"count":1,"href":"https:\/\/permbledhja.com\/sq\/wp-json\/wp\/v2\/posts\/55335\/revisions"}],"predecessor-version":[{"id":55337,"href":"https:\/\/permbledhja.com\/sq\/wp-json\/wp\/v2\/posts\/55335\/revisions\/55337"}],"wp:featuredmedia":[{"embeddable":true,"href":"https:\/\/permbledhja.com\/sq\/wp-json\/wp\/v2\/media\/55336"}],"wp:attachment":[{"href":"https:\/\/permbledhja.com\/sq\/wp-json\/wp\/v2\/media?parent=55335"}],"wp:term":[{"taxonomy":"category","embeddable":true,"href":"https:\/\/permbledhja.com\/sq\/wp-json\/wp\/v2\/categories?post=55335"},{"taxonomy":"post_tag","embeddable":true,"href":"https:\/\/permbledhja.com\/sq\/wp-json\/wp\/v2\/tags?post=55335"}],"curies":[{"name":"wp","href":"https:\/\/api.w.org\/{rel}","templated":true}]}}