{"id":54828,"date":"2024-04-02T15:20:35","date_gmt":"2024-04-02T15:20:35","guid":{"rendered":"https:\/\/permbledhja.com\/?p=54828"},"modified":"2024-04-02T15:20:35","modified_gmt":"2024-04-02T15:20:35","slug":"organizohet-pritje-per-studentet-qe-zune-vendin-e-trete-ne-bote-ne-garen-e-drejtesise","status":"publish","type":"post","link":"https:\/\/permbledhja.com\/sq\/organizohet-pritje-per-studentet-qe-zune-vendin-e-trete-ne-bote-ne-garen-e-drejtesise\/","title":{"rendered":"\u200bOrganizohet pritje p\u00ebr student\u00ebt q\u00eb zun\u00eb vendin e tret\u00eb n\u00eb bot\u00eb n\u00eb gar\u00ebn e drejt\u00ebsis\u00eb"},"content":{"rendered":"<h3>Fakulteti Juridik sot ka organizuar ceremonin\u00eb e pritjes p\u00ebr student\u00ebt e k\u00ebtij fakulteti, t\u00eb cil\u00ebt zun\u00eb vendin e tret\u00eb n\u00eb bot\u00eb n\u00eb gar\u00ebn \u201cWillem C. Vis International Commercial Arbitration Moot\u201d, e mbajtur n\u00eb Vjen\u00eb t\u00eb Austris\u00eb.<\/h3>\n<p>N\u00eb fjal\u00ebn e tij, dekani i k\u00ebtij fakulteti Avni Puka, tha se p\u00ebrfaq\u00ebsimi i Universitetit t\u00eb Prishtin\u00ebs n\u00eb mesin e universiteteve m\u00eb prestigjioze n\u00eb bot\u00eb \u00ebsht\u00eb mesazh p\u00ebr student\u00ebt e tjer\u00eb.<\/p>\n<p>Ai gjithashtu njoftoi se Fakulteti Juridik po p\u00ebrgatit nj\u00eb ekip q\u00eb do t\u00eb jet\u00eb pjes\u00eb e simulimit t\u00eb Gjykat\u00ebs Penale Nd\u00ebrkomb\u00ebtare n\u00eb Gjermani.<\/p>\n<p>\u201cP\u00ebrfaq\u00ebsimi i Universitetit t\u00eb Prishtin\u00ebs, Fakultetit Juridik me raport me universitet m\u00eb prestigjioze, me koleg\u00ebt q\u00eb jan\u00eb k\u00ebtu q\u00eb jan\u00eb edhe arsyeja pse jemi aq t\u00eb lumtur por edhe t\u00eb motivuar jepni nj\u00eb mesazh t\u00eb fuqish\u00ebm p\u00ebr student\u00ebt q\u00eb t\u00eb gjith\u00eb jan\u00eb k\u00ebtu e mbi t\u00eb gjitha edhe p\u00ebr student\u00ebt q\u00eb do t\u2019i presim k\u00ebt\u00eb vite, q\u00eb ju jeni pjesa kryesore q\u00eb n\u00eb fakultet t\u00eb drejt\u00ebsis\u00eb studiojn\u00eb maturant\u00ebt m\u00eb t\u00eb mir\u00eb n\u00eb k\u00ebto vitet e fundit.04:50 N\u00eb vitet e fundit si Fakultet Juridik jemi p\u00ebrfaq\u00ebsuar n\u00eb m\u00ebnyr\u00eb t\u00eb p\u00ebrhershme n\u00eb tri gara prestigjioze. Jan\u00eb edhe nj\u00eb ekip q\u00eb jan\u00eb duke u p\u00ebrgatit p\u00ebr intensivisht dhe n\u00eb korrik do t\u00eb jen\u00eb n\u00eb Gjermani p\u00ebr simulimin e gjykat\u00ebs penale nd\u00ebrkomb\u00ebtare. \u00cbsht\u00eb nj\u00eb ekip jasht\u00ebzakonisht i mir\u00eb. Jan\u00eb dy n\u00eb Master dhe dy t\u00eb nivelit Bachelor. \u00c7ka b\u00ebjm\u00eb ne si fakultet dhe \u00e7ka b\u00ebjn\u00eb profesor\u00ebt \u00ebsht\u00eb q\u00eb \u00e7ka varet nga ne, ne e b\u00ebjm\u00eb m\u00eb t\u00eb mir\u00ebn sepse besojm\u00eb\u2026 07:29 Nd\u00ebrsa sot ceremonia nuk \u00ebsht\u00eb q\u00eb ne po e b\u00ebjm\u00eb p\u00ebr ju, sepse ju jeni n\u00eb sht\u00ebpin\u00eb e juaj, nuk \u00ebsht\u00eb q\u00eb k\u00ebto logot q\u00eb jan\u00eb shum\u00eb simbolike k\u00ebto i kemi p\u00ebr partner\u00ebt m\u00eb t\u00eb mir\u00eb ose p\u00ebr stafin ose dik\u00ebn q\u00eb nga ne ka merita t\u00eb ve\u00e7anta. Jemi t\u00eb lumtur q\u00eb institucionet kan\u00eb nj\u00eb gatishm\u00ebri dhe ka nj\u00eb nivel t\u00eb till\u00eb t\u00eb mb\u00ebshtetjes q\u00eb tregon p\u00ebr vitin tjet\u00ebr iu keni mund\u00ebsuar q\u00eb ekipi i viti tjet\u00ebr k\u00ebto aspekte do t\u2019i ken\u00eb shum\u00eb m\u00eb leht\u00eb. Prandaj sot kjo ceremoni \u00ebsht\u00eb pak m\u00eb ndryshe se tjerat, po b\u00ebhemi bashk\u00eb p\u00ebr t\u00eb shpreh lumturin\u00eb q\u00eb e kemi p\u00ebr k\u00ebt\u00eb dhe inspirimin q\u00eb ju jepni p\u00ebr koleg\u00ebt tjer\u00eb\u201d, tha ai .<\/p>\n<p>Nd\u00ebrkaq, nga ekipi i student\u00ebve than\u00eb se suksesi nuk \u00ebsht\u00eb vet\u00ebm i tyre, por i t\u00eb gjith\u00eb Fakultetit Juridik.<\/p>\n<p>Pjes\u00ebmarr\u00ebsja Rea Hadri tha se suksesi nuk \u00ebsht\u00eb vet\u00ebm i tyre por i gjith\u00eb Fakultetit.\u201cKy sukses nuk \u00ebsht\u00eb vet\u00ebm i joni i ekipit \u00ebsht\u00eb i t\u00eb gjith\u00eb Fakultetit e Universitetit t\u00eb Prishtin\u00ebs dhe t\u00eb gjith\u00eb shqiptar\u00ebve\u201d<\/p>\n<p>Dea Fetiu u shpreh se \u00ebsht\u00eb ndjenj\u00eb e ve\u00e7ant\u00eb q\u00eb t\u00eb kthehen n\u00eb UP.<\/p>\n<p>\u201cP\u00ebr ne \u00ebsht\u00eb shum\u00eb ndjejn\u00eb e ve\u00e7ant\u00eb q\u00eb t\u00eb rikthehemi n\u00eb amfiteatrin e vog\u00ebl i cili \u00ebsht\u00eb ve\u00e7 ajo salla q\u00eb kemi kandiduar s\u00eb pari p\u00ebr me u pranu n\u00eb VIS. Jemi jasht\u00ebzakonisht t\u00eb lumtur q\u00eb iu kemi g\u00ebzuar t\u00eb gjith\u00ebve\u201d, tha ajo.<\/p>\n<p>Kurse, Melis\u00eb Sejdiu tha se \u00ebsht\u00eb shum\u00eb optimiste edhe p\u00ebr ekipet q\u00eb shkojn\u00eb n\u00eb vitin tjet\u00ebr dhe se jan\u00eb t\u00eb gatsh\u00ebm q\u00eb t\u2019i ndihmojn\u00eb ata.<\/p>\n<p>\u201cDesha me cek se jemi shum\u00eb optimist p\u00ebr ekipet dhe student\u00ebt e tjer\u00eb q\u00eb kan\u00eb me ardhur pas neve. Jemi shum\u00eb t\u00eb gatsh\u00ebm t\u00eb iu ndihmojm\u00eb n\u00eb \u00e7do hap dhe shpresojm\u00eb ta shohim Prishtin\u00ebn finaliste\u201d, tha ajo.<\/p>\n<p>Nd\u00ebrkaq, Morea Pula shtoi se p\u00ebrkund\u00ebr se si universiteti i vog\u00ebl, ata kan\u00eb arritur t\u2019i tejkalojn\u00eb universitetet me t\u00eb njohura t\u00eb bot\u00ebs.<\/p>\n<p>\u201cMundemi me th\u00ebn\u00eb se ky sukses q\u00eb e ka pasur UP-ja tregon q\u00eb nuk ka pasur paragjykime dhe pavar\u00ebsisht q\u00eb jemi universitet m\u00eb i vog\u00ebl, kemi arritur t\u2019i tejkalojm\u00eb universitetet nga gjith\u00eb bota dhe kjo po i bie q\u00eb edhe ekipet e tjera q\u00eb do t\u00eb formohen vitet e ardhshme munden me arrit m\u00eb lart\u00eb se ne\u201d, tha ajo.<\/p>\n<p>Nd\u00ebrkaq, Ariana Rexha se suksesi i tyre \u00ebsht\u00eb i t\u00eb gjith\u00ebve.<\/p>\n<p>\u201cFaleminderit q\u00eb keni ardhur t\u00eb na nderoni neve dhe faleminderit trajner\u00ebve p\u00ebr pun\u00ebn q\u00eb ne e kemi b\u00ebr\u00eb. Prap\u00eb kjo fitore, ky sukses q\u00eb ne e kemi arritur \u00ebsht\u00eb i t\u00eb gjith\u00eb neve, \u00ebsht\u00eb i t\u00eb gjith\u00eb Fakultetit Juridik, i menaxhimit i trajner\u00ebve dhe n\u00eb fund i joni personal\u201d, tha ajo.<\/p>\n<p>E pjes\u00ebmarr\u00ebsi tjet\u00ebr, Nol Musa fal\u00ebnderoi t\u00eb gjith\u00eb p\u00ebr p\u00ebrkrahje ndaj ekipit p\u00ebrfaq\u00ebsues.<\/p>\n<p>\u201cFjal\u00ebt q\u00eb desha me i th\u00ebn\u00eb u than\u00eb t\u00eb gjitha, por desha t\u00eb ju fal\u00ebnderoj dhe nj\u00eb her\u00eb t\u00eb gjith\u00eb p\u00ebr p\u00ebrkrahjen \u00ebsht\u00eb nder dhe k\u00ebnaq\u00ebsi e jona me nda k\u00ebt\u00eb sukses me ju\u201d, tha ai.<\/p>\n<p>\u201cWillem C Vis International Arbitration Moot\u201d \u00ebsht\u00eb gar\u00eb e arbitrazhit nd\u00ebrkomb\u00ebtar komercial dhe cil\u00ebsohet si gara m\u00eb e madhe e drejt\u00ebsis\u00eb n\u00eb bot\u00eb.<\/p>\n<p>N\u00eb k\u00ebt\u00eb gar\u00eb kan\u00eb marr\u00eb pjes\u00eb 400 ekipe t\u00eb student\u00ebve t\u00eb drejt\u00ebsis\u00eb, nga universitet me prestigjioze bot\u00ebrore si: Harvardi, Yale, Stanford, Columbia, Oxford, Cambridge, Princeton, Duke, LSE, e qindra universitete t\u00eb tjera.<\/p>\n","protected":false},"excerpt":{"rendered":"<p>Fakulteti Juridik sot ka organizuar ceremonin\u00eb e pritjes p\u00ebr student\u00ebt e k\u00ebtij fakulteti, t\u00eb cil\u00ebt zun\u00eb vendin e tret\u00eb n\u00eb bot\u00eb n\u00eb gar\u00ebn \u201cWillem C. Vis International Commercial Arbitration Moot\u201d, e mbajtur n\u00eb Vjen\u00eb t\u00eb Austris\u00eb. N\u00eb fjal\u00ebn e tij, dekani i k\u00ebtij fakulteti Avni Puka, tha se p\u00ebrfaq\u00ebsimi i Universitetit t\u00eb Prishtin\u00ebs n\u00eb mesin [&hellip;]<\/p>\n","protected":false},"author":2,"featured_media":54829,"comment_status":"closed","ping_status":"closed","sticky":false,"template":"","format":"standard","meta":{"_monsterinsights_skip_tracking":false,"_monsterinsights_sitenote_active":false,"_monsterinsights_sitenote_note":"","_monsterinsights_sitenote_category":0,"_uf_show_specific_survey":0,"_uf_disable_surveys":false,"footnotes":""},"categories":[15],"tags":[],"yoast_head":"<!-- This site is optimized with the Yoast SEO plugin v21.5 - https:\/\/yoast.com\/wordpress\/plugins\/seo\/ -->\n<title>\u200bOrganizohet pritje p\u00ebr student\u00ebt q\u00eb zun\u00eb vendin e tret\u00eb n\u00eb bot\u00eb n\u00eb gar\u00ebn e drejt\u00ebsis\u00eb<\/title>\n<meta name=\"robots\" content=\"index, follow, max-snippet:-1, max-image-preview:large, max-video-preview:-1\" \/>\n<link rel=\"canonical\" href=\"https:\/\/permbledhja.com\/sq\/organizohet-pritje-per-studentet-qe-zune-vendin-e-trete-ne-bote-ne-garen-e-drejtesise\/\" \/>\n<meta property=\"og:locale\" content=\"sq_AL\" \/>\n<meta property=\"og:type\" content=\"article\" \/>\n<meta property=\"og:title\" content=\"\u200bOrganizohet pritje p\u00ebr student\u00ebt q\u00eb zun\u00eb vendin e tret\u00eb n\u00eb bot\u00eb n\u00eb gar\u00ebn e drejt\u00ebsis\u00eb\" \/>\n<meta property=\"og:description\" content=\"Fakulteti Juridik sot ka organizuar ceremonin\u00eb e pritjes p\u00ebr student\u00ebt e k\u00ebtij fakulteti, t\u00eb cil\u00ebt zun\u00eb vendin e tret\u00eb n\u00eb bot\u00eb n\u00eb gar\u00ebn \u201cWillem C. Vis International Commercial Arbitration Moot\u201d, e mbajtur n\u00eb Vjen\u00eb t\u00eb Austris\u00eb. N\u00eb fjal\u00ebn e tij, dekani i k\u00ebtij fakulteti Avni Puka, tha se p\u00ebrfaq\u00ebsimi i Universitetit t\u00eb Prishtin\u00ebs n\u00eb mesin [&hellip;]\" \/>\n<meta property=\"og:url\" content=\"https:\/\/permbledhja.com\/sq\/organizohet-pritje-per-studentet-qe-zune-vendin-e-trete-ne-bote-ne-garen-e-drejtesise\/\" \/>\n<meta property=\"og:site_name\" content=\"Ve\u00e7 artikuj p\u00ebrmbledh\u00ebs\" \/>\n<meta property=\"article:publisher\" content=\"https:\/\/www.facebook.com\/press07\/\" \/>\n<meta property=\"article:published_time\" content=\"2024-04-02T15:20:35+00:00\" \/>\n<meta property=\"og:image\" content=\"https:\/\/permbledhja.com\/wp-content\/uploads\/2024\/04\/96121712070748.jpg\" \/>\n\t<meta property=\"og:image:width\" content=\"600\" \/>\n\t<meta property=\"og:image:height\" content=\"400\" \/>\n\t<meta property=\"og:image:type\" content=\"image\/jpeg\" \/>\n<meta name=\"author\" content=\"M M\" \/>\n<meta name=\"twitter:card\" content=\"summary_large_image\" \/>\n<meta name=\"twitter:label1\" content=\"Written by\" \/>\n\t<meta name=\"twitter:data1\" content=\"M M\" \/>\n\t<meta name=\"twitter:label2\" content=\"Est. reading time\" \/>\n\t<meta name=\"twitter:data2\" content=\"5 minuta\" \/>\n<script type=\"application\/ld+json\" class=\"yoast-schema-graph\">{\"@context\":\"https:\/\/schema.org\",\"@graph\":[{\"@type\":\"Article\",\"@id\":\"https:\/\/permbledhja.com\/sq\/organizohet-pritje-per-studentet-qe-zune-vendin-e-trete-ne-bote-ne-garen-e-drejtesise\/#article\",\"isPartOf\":{\"@id\":\"https:\/\/permbledhja.com\/sq\/organizohet-pritje-per-studentet-qe-zune-vendin-e-trete-ne-bote-ne-garen-e-drejtesise\/\"},\"author\":{\"name\":\"M M\",\"@id\":\"https:\/\/permbledhja.com\/#\/schema\/person\/d23f13f59b5722643933d6780783acf3\"},\"headline\":\"\u200bOrganizohet pritje p\u00ebr student\u00ebt q\u00eb zun\u00eb vendin e tret\u00eb n\u00eb bot\u00eb n\u00eb gar\u00ebn e drejt\u00ebsis\u00eb\",\"datePublished\":\"2024-04-02T15:20:35+00:00\",\"dateModified\":\"2024-04-02T15:20:35+00:00\",\"mainEntityOfPage\":{\"@id\":\"https:\/\/permbledhja.com\/sq\/organizohet-pritje-per-studentet-qe-zune-vendin-e-trete-ne-bote-ne-garen-e-drejtesise\/\"},\"wordCount\":942,\"publisher\":{\"@id\":\"https:\/\/permbledhja.com\/#organization\"},\"articleSection\":[\"Lajme\"],\"inLanguage\":\"sq\"},{\"@type\":\"WebPage\",\"@id\":\"https:\/\/permbledhja.com\/sq\/organizohet-pritje-per-studentet-qe-zune-vendin-e-trete-ne-bote-ne-garen-e-drejtesise\/\",\"url\":\"https:\/\/permbledhja.com\/sq\/organizohet-pritje-per-studentet-qe-zune-vendin-e-trete-ne-bote-ne-garen-e-drejtesise\/\",\"name\":\"\u200bOrganizohet pritje p\u00ebr student\u00ebt q\u00eb zun\u00eb vendin e tret\u00eb n\u00eb bot\u00eb n\u00eb gar\u00ebn e drejt\u00ebsis\u00eb\",\"isPartOf\":{\"@id\":\"https:\/\/permbledhja.com\/#website\"},\"datePublished\":\"2024-04-02T15:20:35+00:00\",\"dateModified\":\"2024-04-02T15:20:35+00:00\",\"breadcrumb\":{\"@id\":\"https:\/\/permbledhja.com\/sq\/organizohet-pritje-per-studentet-qe-zune-vendin-e-trete-ne-bote-ne-garen-e-drejtesise\/#breadcrumb\"},\"inLanguage\":\"sq\",\"potentialAction\":[{\"@type\":\"ReadAction\",\"target\":[\"https:\/\/permbledhja.com\/sq\/organizohet-pritje-per-studentet-qe-zune-vendin-e-trete-ne-bote-ne-garen-e-drejtesise\/\"]}]},{\"@type\":\"BreadcrumbList\",\"@id\":\"https:\/\/permbledhja.com\/sq\/organizohet-pritje-per-studentet-qe-zune-vendin-e-trete-ne-bote-ne-garen-e-drejtesise\/#breadcrumb\",\"itemListElement\":[{\"@type\":\"ListItem\",\"position\":1,\"name\":\"Ballina\",\"item\":\"https:\/\/permbledhja.com\/sq\/\"},{\"@type\":\"ListItem\",\"position\":2,\"name\":\"\u200bOrganizohet pritje p\u00ebr student\u00ebt q\u00eb zun\u00eb vendin e tret\u00eb n\u00eb bot\u00eb n\u00eb gar\u00ebn e drejt\u00ebsis\u00eb\"}]},{\"@type\":\"WebSite\",\"@id\":\"https:\/\/permbledhja.com\/#website\",\"url\":\"https:\/\/permbledhja.com\/\",\"name\":\"Ve\u00e7 artikuj p\u00ebrmbledh\u00ebs\",\"description\":\"\",\"publisher\":{\"@id\":\"https:\/\/permbledhja.com\/#organization\"},\"potentialAction\":[{\"@type\":\"SearchAction\",\"target\":{\"@type\":\"EntryPoint\",\"urlTemplate\":\"https:\/\/permbledhja.com\/?s={search_term_string}\"},\"query-input\":\"required name=search_term_string\"}],\"inLanguage\":\"sq\"},{\"@type\":\"Organization\",\"@id\":\"https:\/\/permbledhja.com\/#organization\",\"name\":\"MK Media & Pr\",\"url\":\"https:\/\/permbledhja.com\/\",\"logo\":{\"@type\":\"ImageObject\",\"inLanguage\":\"sq\",\"@id\":\"https:\/\/permbledhja.com\/#\/schema\/logo\/image\/\",\"url\":\"https:\/\/permbledhja.com\/wp-content\/uploads\/2021\/12\/07-Press-Logo.jpg\",\"contentUrl\":\"https:\/\/permbledhja.com\/wp-content\/uploads\/2021\/12\/07-Press-Logo.jpg\",\"width\":512,\"height\":512,\"caption\":\"MK Media & Pr\"},\"image\":{\"@id\":\"https:\/\/permbledhja.com\/#\/schema\/logo\/image\/\"},\"sameAs\":[\"https:\/\/www.facebook.com\/press07\/\"]},{\"@type\":\"Person\",\"@id\":\"https:\/\/permbledhja.com\/#\/schema\/person\/d23f13f59b5722643933d6780783acf3\",\"name\":\"M M\",\"image\":{\"@type\":\"ImageObject\",\"inLanguage\":\"sq\",\"@id\":\"https:\/\/permbledhja.com\/#\/schema\/person\/image\/\",\"url\":\"https:\/\/secure.gravatar.com\/avatar\/e2835a76ca7c31a2416b2d51c4ec9a8f?s=96&d=mm&r=g\",\"contentUrl\":\"https:\/\/secure.gravatar.com\/avatar\/e2835a76ca7c31a2416b2d51c4ec9a8f?s=96&d=mm&r=g\",\"caption\":\"M M\"},\"sameAs\":[\"http:\/\/MM\"],\"url\":\"https:\/\/permbledhja.com\/sq\/author\/muhamet\/\"}]}<\/script>\n<!-- \/ Yoast SEO plugin. -->","yoast_head_json":{"title":"\u200bOrganizohet pritje p\u00ebr student\u00ebt q\u00eb zun\u00eb vendin e tret\u00eb n\u00eb bot\u00eb n\u00eb gar\u00ebn e drejt\u00ebsis\u00eb","robots":{"index":"index","follow":"follow","max-snippet":"max-snippet:-1","max-image-preview":"max-image-preview:large","max-video-preview":"max-video-preview:-1"},"canonical":"https:\/\/permbledhja.com\/sq\/organizohet-pritje-per-studentet-qe-zune-vendin-e-trete-ne-bote-ne-garen-e-drejtesise\/","og_locale":"sq_AL","og_type":"article","og_title":"\u200bOrganizohet pritje p\u00ebr student\u00ebt q\u00eb zun\u00eb vendin e tret\u00eb n\u00eb bot\u00eb n\u00eb gar\u00ebn e drejt\u00ebsis\u00eb","og_description":"Fakulteti Juridik sot ka organizuar ceremonin\u00eb e pritjes p\u00ebr student\u00ebt e k\u00ebtij fakulteti, t\u00eb cil\u00ebt zun\u00eb vendin e tret\u00eb n\u00eb bot\u00eb n\u00eb gar\u00ebn \u201cWillem C. Vis International Commercial Arbitration Moot\u201d, e mbajtur n\u00eb Vjen\u00eb t\u00eb Austris\u00eb. N\u00eb fjal\u00ebn e tij, dekani i k\u00ebtij fakulteti Avni Puka, tha se p\u00ebrfaq\u00ebsimi i Universitetit t\u00eb Prishtin\u00ebs n\u00eb mesin [&hellip;]","og_url":"https:\/\/permbledhja.com\/sq\/organizohet-pritje-per-studentet-qe-zune-vendin-e-trete-ne-bote-ne-garen-e-drejtesise\/","og_site_name":"Ve\u00e7 artikuj p\u00ebrmbledh\u00ebs","article_publisher":"https:\/\/www.facebook.com\/press07\/","article_published_time":"2024-04-02T15:20:35+00:00","og_image":[{"width":600,"height":400,"url":"https:\/\/permbledhja.com\/wp-content\/uploads\/2024\/04\/96121712070748.jpg","type":"image\/jpeg"}],"author":"M M","twitter_card":"summary_large_image","twitter_misc":{"Written by":"M M","Est. reading time":"5 minuta"},"schema":{"@context":"https:\/\/schema.org","@graph":[{"@type":"Article","@id":"https:\/\/permbledhja.com\/sq\/organizohet-pritje-per-studentet-qe-zune-vendin-e-trete-ne-bote-ne-garen-e-drejtesise\/#article","isPartOf":{"@id":"https:\/\/permbledhja.com\/sq\/organizohet-pritje-per-studentet-qe-zune-vendin-e-trete-ne-bote-ne-garen-e-drejtesise\/"},"author":{"name":"M M","@id":"https:\/\/permbledhja.com\/#\/schema\/person\/d23f13f59b5722643933d6780783acf3"},"headline":"\u200bOrganizohet pritje p\u00ebr student\u00ebt q\u00eb zun\u00eb vendin e tret\u00eb n\u00eb bot\u00eb n\u00eb gar\u00ebn e drejt\u00ebsis\u00eb","datePublished":"2024-04-02T15:20:35+00:00","dateModified":"2024-04-02T15:20:35+00:00","mainEntityOfPage":{"@id":"https:\/\/permbledhja.com\/sq\/organizohet-pritje-per-studentet-qe-zune-vendin-e-trete-ne-bote-ne-garen-e-drejtesise\/"},"wordCount":942,"publisher":{"@id":"https:\/\/permbledhja.com\/#organization"},"articleSection":["Lajme"],"inLanguage":"sq"},{"@type":"WebPage","@id":"https:\/\/permbledhja.com\/sq\/organizohet-pritje-per-studentet-qe-zune-vendin-e-trete-ne-bote-ne-garen-e-drejtesise\/","url":"https:\/\/permbledhja.com\/sq\/organizohet-pritje-per-studentet-qe-zune-vendin-e-trete-ne-bote-ne-garen-e-drejtesise\/","name":"\u200bOrganizohet pritje p\u00ebr student\u00ebt q\u00eb zun\u00eb vendin e tret\u00eb n\u00eb bot\u00eb n\u00eb gar\u00ebn e drejt\u00ebsis\u00eb","isPartOf":{"@id":"https:\/\/permbledhja.com\/#website"},"datePublished":"2024-04-02T15:20:35+00:00","dateModified":"2024-04-02T15:20:35+00:00","breadcrumb":{"@id":"https:\/\/permbledhja.com\/sq\/organizohet-pritje-per-studentet-qe-zune-vendin-e-trete-ne-bote-ne-garen-e-drejtesise\/#breadcrumb"},"inLanguage":"sq","potentialAction":[{"@type":"ReadAction","target":["https:\/\/permbledhja.com\/sq\/organizohet-pritje-per-studentet-qe-zune-vendin-e-trete-ne-bote-ne-garen-e-drejtesise\/"]}]},{"@type":"BreadcrumbList","@id":"https:\/\/permbledhja.com\/sq\/organizohet-pritje-per-studentet-qe-zune-vendin-e-trete-ne-bote-ne-garen-e-drejtesise\/#breadcrumb","itemListElement":[{"@type":"ListItem","position":1,"name":"Ballina","item":"https:\/\/permbledhja.com\/sq\/"},{"@type":"ListItem","position":2,"name":"\u200bOrganizohet pritje p\u00ebr student\u00ebt q\u00eb zun\u00eb vendin e tret\u00eb n\u00eb bot\u00eb n\u00eb gar\u00ebn e drejt\u00ebsis\u00eb"}]},{"@type":"WebSite","@id":"https:\/\/permbledhja.com\/#website","url":"https:\/\/permbledhja.com\/","name":"Ve\u00e7 artikuj p\u00ebrmbledh\u00ebs","description":"","publisher":{"@id":"https:\/\/permbledhja.com\/#organization"},"potentialAction":[{"@type":"SearchAction","target":{"@type":"EntryPoint","urlTemplate":"https:\/\/permbledhja.com\/?s={search_term_string}"},"query-input":"required name=search_term_string"}],"inLanguage":"sq"},{"@type":"Organization","@id":"https:\/\/permbledhja.com\/#organization","name":"MK Media & Pr","url":"https:\/\/permbledhja.com\/","logo":{"@type":"ImageObject","inLanguage":"sq","@id":"https:\/\/permbledhja.com\/#\/schema\/logo\/image\/","url":"https:\/\/permbledhja.com\/wp-content\/uploads\/2021\/12\/07-Press-Logo.jpg","contentUrl":"https:\/\/permbledhja.com\/wp-content\/uploads\/2021\/12\/07-Press-Logo.jpg","width":512,"height":512,"caption":"MK Media & Pr"},"image":{"@id":"https:\/\/permbledhja.com\/#\/schema\/logo\/image\/"},"sameAs":["https:\/\/www.facebook.com\/press07\/"]},{"@type":"Person","@id":"https:\/\/permbledhja.com\/#\/schema\/person\/d23f13f59b5722643933d6780783acf3","name":"M M","image":{"@type":"ImageObject","inLanguage":"sq","@id":"https:\/\/permbledhja.com\/#\/schema\/person\/image\/","url":"https:\/\/secure.gravatar.com\/avatar\/e2835a76ca7c31a2416b2d51c4ec9a8f?s=96&d=mm&r=g","contentUrl":"https:\/\/secure.gravatar.com\/avatar\/e2835a76ca7c31a2416b2d51c4ec9a8f?s=96&d=mm&r=g","caption":"M M"},"sameAs":["http:\/\/MM"],"url":"https:\/\/permbledhja.com\/sq\/author\/muhamet\/"}]}},"_links":{"self":[{"href":"https:\/\/permbledhja.com\/sq\/wp-json\/wp\/v2\/posts\/54828"}],"collection":[{"href":"https:\/\/permbledhja.com\/sq\/wp-json\/wp\/v2\/posts"}],"about":[{"href":"https:\/\/permbledhja.com\/sq\/wp-json\/wp\/v2\/types\/post"}],"author":[{"embeddable":true,"href":"https:\/\/permbledhja.com\/sq\/wp-json\/wp\/v2\/users\/2"}],"replies":[{"embeddable":true,"href":"https:\/\/permbledhja.com\/sq\/wp-json\/wp\/v2\/comments?post=54828"}],"version-history":[{"count":1,"href":"https:\/\/permbledhja.com\/sq\/wp-json\/wp\/v2\/posts\/54828\/revisions"}],"predecessor-version":[{"id":54830,"href":"https:\/\/permbledhja.com\/sq\/wp-json\/wp\/v2\/posts\/54828\/revisions\/54830"}],"wp:featuredmedia":[{"embeddable":true,"href":"https:\/\/permbledhja.com\/sq\/wp-json\/wp\/v2\/media\/54829"}],"wp:attachment":[{"href":"https:\/\/permbledhja.com\/sq\/wp-json\/wp\/v2\/media?parent=54828"}],"wp:term":[{"taxonomy":"category","embeddable":true,"href":"https:\/\/permbledhja.com\/sq\/wp-json\/wp\/v2\/categories?post=54828"},{"taxonomy":"post_tag","embeddable":true,"href":"https:\/\/permbledhja.com\/sq\/wp-json\/wp\/v2\/tags?post=54828"}],"curies":[{"name":"wp","href":"https:\/\/api.w.org\/{rel}","templated":true}]}}