{"id":54461,"date":"2024-03-31T11:19:41","date_gmt":"2024-03-31T11:19:41","guid":{"rendered":"https:\/\/permbledhja.com\/?p=54461"},"modified":"2024-03-31T11:19:41","modified_gmt":"2024-03-31T11:19:41","slug":"bajrami-i-reagon-shpejt-muratit-minister-propaganda-ne-qeveri-te-matet-puna-jo-fjalet","status":"publish","type":"post","link":"https:\/\/permbledhja.com\/sq\/bajrami-i-reagon-shpejt-muratit-minister-propaganda-ne-qeveri-te-matet-puna-jo-fjalet\/","title":{"rendered":"Bajrami i reagon shpejt Muratit: Minist\u00ebr propaganda, n\u00eb qeveri t\u00eb matet puna, jo fjal\u00ebt"},"content":{"rendered":"<h3>N\u00ebnkryetarja e Lidhjes Demokratike t\u00eb Kosov\u00ebs, Hykmete Bajrami ka reaguar menj\u00ebher\u00eb pasi ministri i Financave, Hekuran Murati tha foli p\u00ebr rritjen e investimeve kapitale \u201cn\u00eb nivelin m\u00eb t\u00eb lart\u00eb ndonj\u00ebher\u00eb\u201d.<\/h3>\n<p>Bajrami shkroi n\u00eb Facebook se Murati, t\u00eb cilit i \u00ebsht\u00eb referuar si \u201cminist\u00ebr propaganda\u201d, po flet \u201cme shifra t\u00eb pasakta\u201d, raporton Gazeta Express.<\/p>\n<p>\u201cMinister propaganda, Prap\u00eb me shifra t\u00eb pasakta. Edhe nj\u00eb her\u00eb sipas ministris\u00eb q\u00eb ti drejton \u2013 ministris\u00eb s\u00eb financave, investimet kapitale t\u00eb nivelit qendror n\u00eb vitin 2023 jan\u00eb t\u00eb nj\u00ebjta me vitin 2017 \u2013 349 milion\u00eb euro, vet\u00ebm se n\u00eb vitin 2017 buxheti i Kosov\u00ebs ka q\u00ebn\u00eb 1.8 miliard\u00eb euro e n\u00eb vitin 2023 buxheti ishte 2.923 miliard\u00eb euro dhe inlfacioni n\u00eb 3 vite t\u00eb qeveris\u00eb tuaj \u00ebsht\u00eb 23%\u201d, shkroi Bajrami.<\/p>\n<p>Deputetja shkroi se Murati po krenohet \u201cme investimet kapitale t\u00eb komunave\u201d.<\/p>\n<p>\u201cPo krenohesh me ivestimet kapitale t\u00eb komunave, t\u00eb cilat n\u00eb vitin 2023 jan\u00eb 205 milion\u00eb euro dhe nga 2017 jan\u00eb dyfishu, por ju p\u00ebr komuna asnj\u00eb merit\u00eb nuk e keni, se ve\u00e7 pengesa ju ke b\u00eb si me bllokim t\u00eb mjeteve vetanake si me tatim n\u00eb pron\u00eb\u201d.<\/p>\n<p>\u201cMjaft\u00eb me propagand\u00eb se s\u2019po t\u00eb shitet. N\u00eb qeveri t\u00eb mat\u00ebt puna, jo fjal\u00ebt\u201d, shkroi n\u00eb fund ish-ministrja.<\/p>\n","protected":false},"excerpt":{"rendered":"<p>N\u00ebnkryetarja e Lidhjes Demokratike t\u00eb Kosov\u00ebs, Hykmete Bajrami ka reaguar menj\u00ebher\u00eb pasi ministri i Financave, Hekuran Murati tha foli p\u00ebr rritjen e investimeve kapitale \u201cn\u00eb nivelin m\u00eb t\u00eb lart\u00eb ndonj\u00ebher\u00eb\u201d. Bajrami shkroi n\u00eb Facebook se Murati, t\u00eb cilit i \u00ebsht\u00eb referuar si \u201cminist\u00ebr propaganda\u201d, po flet \u201cme shifra t\u00eb pasakta\u201d, raporton Gazeta Express. \u201cMinister propaganda, [&hellip;]<\/p>\n","protected":false},"author":5,"featured_media":54462,"comment_status":"closed","ping_status":"closed","sticky":false,"template":"","format":"standard","meta":{"_monsterinsights_skip_tracking":false,"_monsterinsights_sitenote_active":false,"_monsterinsights_sitenote_note":"","_monsterinsights_sitenote_category":0,"_uf_show_specific_survey":0,"_uf_disable_surveys":false,"footnotes":""},"categories":[2645],"tags":[],"yoast_head":"<!-- This site is optimized with the Yoast SEO plugin v21.5 - https:\/\/yoast.com\/wordpress\/plugins\/seo\/ -->\n<title>Bajrami i reagon shpejt Muratit: Minist\u00ebr propaganda, n\u00eb qeveri t\u00eb matet puna, jo fjal\u00ebt<\/title>\n<meta name=\"robots\" content=\"index, follow, max-snippet:-1, max-image-preview:large, max-video-preview:-1\" \/>\n<link rel=\"canonical\" href=\"https:\/\/permbledhja.com\/sq\/bajrami-i-reagon-shpejt-muratit-minister-propaganda-ne-qeveri-te-matet-puna-jo-fjalet\/\" \/>\n<meta property=\"og:locale\" content=\"sq_AL\" \/>\n<meta property=\"og:type\" content=\"article\" \/>\n<meta property=\"og:title\" content=\"Bajrami i reagon shpejt Muratit: Minist\u00ebr propaganda, n\u00eb qeveri t\u00eb matet puna, jo fjal\u00ebt\" \/>\n<meta property=\"og:description\" content=\"N\u00ebnkryetarja e Lidhjes Demokratike t\u00eb Kosov\u00ebs, Hykmete Bajrami ka reaguar menj\u00ebher\u00eb pasi ministri i Financave, Hekuran Murati tha foli p\u00ebr rritjen e investimeve kapitale \u201cn\u00eb nivelin m\u00eb t\u00eb lart\u00eb ndonj\u00ebher\u00eb\u201d. Bajrami shkroi n\u00eb Facebook se Murati, t\u00eb cilit i \u00ebsht\u00eb referuar si \u201cminist\u00ebr propaganda\u201d, po flet \u201cme shifra t\u00eb pasakta\u201d, raporton Gazeta Express. \u201cMinister propaganda, [&hellip;]\" \/>\n<meta property=\"og:url\" content=\"https:\/\/permbledhja.com\/sq\/bajrami-i-reagon-shpejt-muratit-minister-propaganda-ne-qeveri-te-matet-puna-jo-fjalet\/\" \/>\n<meta property=\"og:site_name\" content=\"Ve\u00e7 artikuj p\u00ebrmbledh\u00ebs\" \/>\n<meta property=\"article:publisher\" content=\"https:\/\/www.facebook.com\/press07\/\" \/>\n<meta property=\"article:published_time\" content=\"2024-03-31T11:19:41+00:00\" \/>\n<meta property=\"og:image\" content=\"https:\/\/permbledhja.com\/wp-content\/uploads\/2024\/03\/aj.jpg\" \/>\n\t<meta property=\"og:image:width\" content=\"600\" \/>\n\t<meta property=\"og:image:height\" content=\"360\" \/>\n\t<meta property=\"og:image:type\" content=\"image\/jpeg\" \/>\n<meta name=\"author\" content=\"DL\" \/>\n<meta name=\"twitter:card\" content=\"summary_large_image\" \/>\n<meta name=\"twitter:label1\" content=\"Written by\" \/>\n\t<meta name=\"twitter:data1\" content=\"DL\" \/>\n\t<meta name=\"twitter:label2\" content=\"Est. reading time\" \/>\n\t<meta name=\"twitter:data2\" content=\"2 minuta\" \/>\n<script type=\"application\/ld+json\" class=\"yoast-schema-graph\">{\"@context\":\"https:\/\/schema.org\",\"@graph\":[{\"@type\":\"Article\",\"@id\":\"https:\/\/permbledhja.com\/sq\/bajrami-i-reagon-shpejt-muratit-minister-propaganda-ne-qeveri-te-matet-puna-jo-fjalet\/#article\",\"isPartOf\":{\"@id\":\"https:\/\/permbledhja.com\/sq\/bajrami-i-reagon-shpejt-muratit-minister-propaganda-ne-qeveri-te-matet-puna-jo-fjalet\/\"},\"author\":{\"name\":\"DL\",\"@id\":\"https:\/\/permbledhja.com\/#\/schema\/person\/9c54260cbc4c6f792cb100550491638c\"},\"headline\":\"Bajrami i reagon shpejt Muratit: Minist\u00ebr propaganda, n\u00eb qeveri t\u00eb matet puna, jo fjal\u00ebt\",\"datePublished\":\"2024-03-31T11:19:41+00:00\",\"dateModified\":\"2024-03-31T11:19:41+00:00\",\"mainEntityOfPage\":{\"@id\":\"https:\/\/permbledhja.com\/sq\/bajrami-i-reagon-shpejt-muratit-minister-propaganda-ne-qeveri-te-matet-puna-jo-fjalet\/\"},\"wordCount\":216,\"publisher\":{\"@id\":\"https:\/\/permbledhja.com\/#organization\"},\"articleSection\":[\"T\u00eb r\u00ebnd\u00ebsishme\"],\"inLanguage\":\"sq\"},{\"@type\":\"WebPage\",\"@id\":\"https:\/\/permbledhja.com\/sq\/bajrami-i-reagon-shpejt-muratit-minister-propaganda-ne-qeveri-te-matet-puna-jo-fjalet\/\",\"url\":\"https:\/\/permbledhja.com\/sq\/bajrami-i-reagon-shpejt-muratit-minister-propaganda-ne-qeveri-te-matet-puna-jo-fjalet\/\",\"name\":\"Bajrami i reagon shpejt Muratit: Minist\u00ebr propaganda, n\u00eb qeveri t\u00eb matet puna, jo fjal\u00ebt\",\"isPartOf\":{\"@id\":\"https:\/\/permbledhja.com\/#website\"},\"datePublished\":\"2024-03-31T11:19:41+00:00\",\"dateModified\":\"2024-03-31T11:19:41+00:00\",\"breadcrumb\":{\"@id\":\"https:\/\/permbledhja.com\/sq\/bajrami-i-reagon-shpejt-muratit-minister-propaganda-ne-qeveri-te-matet-puna-jo-fjalet\/#breadcrumb\"},\"inLanguage\":\"sq\",\"potentialAction\":[{\"@type\":\"ReadAction\",\"target\":[\"https:\/\/permbledhja.com\/sq\/bajrami-i-reagon-shpejt-muratit-minister-propaganda-ne-qeveri-te-matet-puna-jo-fjalet\/\"]}]},{\"@type\":\"BreadcrumbList\",\"@id\":\"https:\/\/permbledhja.com\/sq\/bajrami-i-reagon-shpejt-muratit-minister-propaganda-ne-qeveri-te-matet-puna-jo-fjalet\/#breadcrumb\",\"itemListElement\":[{\"@type\":\"ListItem\",\"position\":1,\"name\":\"Ballina\",\"item\":\"https:\/\/permbledhja.com\/sq\/\"},{\"@type\":\"ListItem\",\"position\":2,\"name\":\"Bajrami i reagon shpejt Muratit: Minist\u00ebr propaganda, n\u00eb qeveri t\u00eb matet puna, jo fjal\u00ebt\"}]},{\"@type\":\"WebSite\",\"@id\":\"https:\/\/permbledhja.com\/#website\",\"url\":\"https:\/\/permbledhja.com\/\",\"name\":\"Ve\u00e7 artikuj p\u00ebrmbledh\u00ebs\",\"description\":\"\",\"publisher\":{\"@id\":\"https:\/\/permbledhja.com\/#organization\"},\"potentialAction\":[{\"@type\":\"SearchAction\",\"target\":{\"@type\":\"EntryPoint\",\"urlTemplate\":\"https:\/\/permbledhja.com\/?s={search_term_string}\"},\"query-input\":\"required name=search_term_string\"}],\"inLanguage\":\"sq\"},{\"@type\":\"Organization\",\"@id\":\"https:\/\/permbledhja.com\/#organization\",\"name\":\"MK Media & Pr\",\"url\":\"https:\/\/permbledhja.com\/\",\"logo\":{\"@type\":\"ImageObject\",\"inLanguage\":\"sq\",\"@id\":\"https:\/\/permbledhja.com\/#\/schema\/logo\/image\/\",\"url\":\"https:\/\/permbledhja.com\/wp-content\/uploads\/2021\/12\/07-Press-Logo.jpg\",\"contentUrl\":\"https:\/\/permbledhja.com\/wp-content\/uploads\/2021\/12\/07-Press-Logo.jpg\",\"width\":512,\"height\":512,\"caption\":\"MK Media & Pr\"},\"image\":{\"@id\":\"https:\/\/permbledhja.com\/#\/schema\/logo\/image\/\"},\"sameAs\":[\"https:\/\/www.facebook.com\/press07\/\"]},{\"@type\":\"Person\",\"@id\":\"https:\/\/permbledhja.com\/#\/schema\/person\/9c54260cbc4c6f792cb100550491638c\",\"name\":\"DL\",\"image\":{\"@type\":\"ImageObject\",\"inLanguage\":\"sq\",\"@id\":\"https:\/\/permbledhja.com\/#\/schema\/person\/image\/\",\"url\":\"https:\/\/secure.gravatar.com\/avatar\/94503eb28d4c4b2005a5c8753e35fc80?s=96&d=mm&r=g\",\"contentUrl\":\"https:\/\/secure.gravatar.com\/avatar\/94503eb28d4c4b2005a5c8753e35fc80?s=96&d=mm&r=g\",\"caption\":\"DL\"},\"url\":\"https:\/\/permbledhja.com\/sq\/author\/dl\/\"}]}<\/script>\n<!-- \/ Yoast SEO plugin. -->","yoast_head_json":{"title":"Bajrami i reagon shpejt Muratit: Minist\u00ebr propaganda, n\u00eb qeveri t\u00eb matet puna, jo fjal\u00ebt","robots":{"index":"index","follow":"follow","max-snippet":"max-snippet:-1","max-image-preview":"max-image-preview:large","max-video-preview":"max-video-preview:-1"},"canonical":"https:\/\/permbledhja.com\/sq\/bajrami-i-reagon-shpejt-muratit-minister-propaganda-ne-qeveri-te-matet-puna-jo-fjalet\/","og_locale":"sq_AL","og_type":"article","og_title":"Bajrami i reagon shpejt Muratit: Minist\u00ebr propaganda, n\u00eb qeveri t\u00eb matet puna, jo fjal\u00ebt","og_description":"N\u00ebnkryetarja e Lidhjes Demokratike t\u00eb Kosov\u00ebs, Hykmete Bajrami ka reaguar menj\u00ebher\u00eb pasi ministri i Financave, Hekuran Murati tha foli p\u00ebr rritjen e investimeve kapitale \u201cn\u00eb nivelin m\u00eb t\u00eb lart\u00eb ndonj\u00ebher\u00eb\u201d. Bajrami shkroi n\u00eb Facebook se Murati, t\u00eb cilit i \u00ebsht\u00eb referuar si \u201cminist\u00ebr propaganda\u201d, po flet \u201cme shifra t\u00eb pasakta\u201d, raporton Gazeta Express. \u201cMinister propaganda, [&hellip;]","og_url":"https:\/\/permbledhja.com\/sq\/bajrami-i-reagon-shpejt-muratit-minister-propaganda-ne-qeveri-te-matet-puna-jo-fjalet\/","og_site_name":"Ve\u00e7 artikuj p\u00ebrmbledh\u00ebs","article_publisher":"https:\/\/www.facebook.com\/press07\/","article_published_time":"2024-03-31T11:19:41+00:00","og_image":[{"width":600,"height":360,"url":"https:\/\/permbledhja.com\/wp-content\/uploads\/2024\/03\/aj.jpg","type":"image\/jpeg"}],"author":"DL","twitter_card":"summary_large_image","twitter_misc":{"Written by":"DL","Est. reading time":"2 minuta"},"schema":{"@context":"https:\/\/schema.org","@graph":[{"@type":"Article","@id":"https:\/\/permbledhja.com\/sq\/bajrami-i-reagon-shpejt-muratit-minister-propaganda-ne-qeveri-te-matet-puna-jo-fjalet\/#article","isPartOf":{"@id":"https:\/\/permbledhja.com\/sq\/bajrami-i-reagon-shpejt-muratit-minister-propaganda-ne-qeveri-te-matet-puna-jo-fjalet\/"},"author":{"name":"DL","@id":"https:\/\/permbledhja.com\/#\/schema\/person\/9c54260cbc4c6f792cb100550491638c"},"headline":"Bajrami i reagon shpejt Muratit: Minist\u00ebr propaganda, n\u00eb qeveri t\u00eb matet puna, jo fjal\u00ebt","datePublished":"2024-03-31T11:19:41+00:00","dateModified":"2024-03-31T11:19:41+00:00","mainEntityOfPage":{"@id":"https:\/\/permbledhja.com\/sq\/bajrami-i-reagon-shpejt-muratit-minister-propaganda-ne-qeveri-te-matet-puna-jo-fjalet\/"},"wordCount":216,"publisher":{"@id":"https:\/\/permbledhja.com\/#organization"},"articleSection":["T\u00eb r\u00ebnd\u00ebsishme"],"inLanguage":"sq"},{"@type":"WebPage","@id":"https:\/\/permbledhja.com\/sq\/bajrami-i-reagon-shpejt-muratit-minister-propaganda-ne-qeveri-te-matet-puna-jo-fjalet\/","url":"https:\/\/permbledhja.com\/sq\/bajrami-i-reagon-shpejt-muratit-minister-propaganda-ne-qeveri-te-matet-puna-jo-fjalet\/","name":"Bajrami i reagon shpejt Muratit: Minist\u00ebr propaganda, n\u00eb qeveri t\u00eb matet puna, jo fjal\u00ebt","isPartOf":{"@id":"https:\/\/permbledhja.com\/#website"},"datePublished":"2024-03-31T11:19:41+00:00","dateModified":"2024-03-31T11:19:41+00:00","breadcrumb":{"@id":"https:\/\/permbledhja.com\/sq\/bajrami-i-reagon-shpejt-muratit-minister-propaganda-ne-qeveri-te-matet-puna-jo-fjalet\/#breadcrumb"},"inLanguage":"sq","potentialAction":[{"@type":"ReadAction","target":["https:\/\/permbledhja.com\/sq\/bajrami-i-reagon-shpejt-muratit-minister-propaganda-ne-qeveri-te-matet-puna-jo-fjalet\/"]}]},{"@type":"BreadcrumbList","@id":"https:\/\/permbledhja.com\/sq\/bajrami-i-reagon-shpejt-muratit-minister-propaganda-ne-qeveri-te-matet-puna-jo-fjalet\/#breadcrumb","itemListElement":[{"@type":"ListItem","position":1,"name":"Ballina","item":"https:\/\/permbledhja.com\/sq\/"},{"@type":"ListItem","position":2,"name":"Bajrami i reagon shpejt Muratit: Minist\u00ebr propaganda, n\u00eb qeveri t\u00eb matet puna, jo fjal\u00ebt"}]},{"@type":"WebSite","@id":"https:\/\/permbledhja.com\/#website","url":"https:\/\/permbledhja.com\/","name":"Ve\u00e7 artikuj p\u00ebrmbledh\u00ebs","description":"","publisher":{"@id":"https:\/\/permbledhja.com\/#organization"},"potentialAction":[{"@type":"SearchAction","target":{"@type":"EntryPoint","urlTemplate":"https:\/\/permbledhja.com\/?s={search_term_string}"},"query-input":"required name=search_term_string"}],"inLanguage":"sq"},{"@type":"Organization","@id":"https:\/\/permbledhja.com\/#organization","name":"MK Media & Pr","url":"https:\/\/permbledhja.com\/","logo":{"@type":"ImageObject","inLanguage":"sq","@id":"https:\/\/permbledhja.com\/#\/schema\/logo\/image\/","url":"https:\/\/permbledhja.com\/wp-content\/uploads\/2021\/12\/07-Press-Logo.jpg","contentUrl":"https:\/\/permbledhja.com\/wp-content\/uploads\/2021\/12\/07-Press-Logo.jpg","width":512,"height":512,"caption":"MK Media & Pr"},"image":{"@id":"https:\/\/permbledhja.com\/#\/schema\/logo\/image\/"},"sameAs":["https:\/\/www.facebook.com\/press07\/"]},{"@type":"Person","@id":"https:\/\/permbledhja.com\/#\/schema\/person\/9c54260cbc4c6f792cb100550491638c","name":"DL","image":{"@type":"ImageObject","inLanguage":"sq","@id":"https:\/\/permbledhja.com\/#\/schema\/person\/image\/","url":"https:\/\/secure.gravatar.com\/avatar\/94503eb28d4c4b2005a5c8753e35fc80?s=96&d=mm&r=g","contentUrl":"https:\/\/secure.gravatar.com\/avatar\/94503eb28d4c4b2005a5c8753e35fc80?s=96&d=mm&r=g","caption":"DL"},"url":"https:\/\/permbledhja.com\/sq\/author\/dl\/"}]}},"_links":{"self":[{"href":"https:\/\/permbledhja.com\/sq\/wp-json\/wp\/v2\/posts\/54461"}],"collection":[{"href":"https:\/\/permbledhja.com\/sq\/wp-json\/wp\/v2\/posts"}],"about":[{"href":"https:\/\/permbledhja.com\/sq\/wp-json\/wp\/v2\/types\/post"}],"author":[{"embeddable":true,"href":"https:\/\/permbledhja.com\/sq\/wp-json\/wp\/v2\/users\/5"}],"replies":[{"embeddable":true,"href":"https:\/\/permbledhja.com\/sq\/wp-json\/wp\/v2\/comments?post=54461"}],"version-history":[{"count":2,"href":"https:\/\/permbledhja.com\/sq\/wp-json\/wp\/v2\/posts\/54461\/revisions"}],"predecessor-version":[{"id":54464,"href":"https:\/\/permbledhja.com\/sq\/wp-json\/wp\/v2\/posts\/54461\/revisions\/54464"}],"wp:featuredmedia":[{"embeddable":true,"href":"https:\/\/permbledhja.com\/sq\/wp-json\/wp\/v2\/media\/54462"}],"wp:attachment":[{"href":"https:\/\/permbledhja.com\/sq\/wp-json\/wp\/v2\/media?parent=54461"}],"wp:term":[{"taxonomy":"category","embeddable":true,"href":"https:\/\/permbledhja.com\/sq\/wp-json\/wp\/v2\/categories?post=54461"},{"taxonomy":"post_tag","embeddable":true,"href":"https:\/\/permbledhja.com\/sq\/wp-json\/wp\/v2\/tags?post=54461"}],"curies":[{"name":"wp","href":"https:\/\/api.w.org\/{rel}","templated":true}]}}