{"id":54458,"date":"2024-03-31T10:51:24","date_gmt":"2024-03-31T10:51:24","guid":{"rendered":"https:\/\/permbledhja.com\/?p=54458"},"modified":"2024-03-31T10:51:24","modified_gmt":"2024-03-31T10:51:24","slug":"putini-po-ve-bast-per-nje-lufte-te-re-ne-europe-vuciqi-e-ka-kercenuar-hapur-kosoven-shba-pret-rrezik-te-larte","status":"publish","type":"post","link":"https:\/\/permbledhja.com\/sq\/putini-po-ve-bast-per-nje-lufte-te-re-ne-europe-vuciqi-e-ka-kercenuar-hapur-kosoven-shba-pret-rrezik-te-larte\/","title":{"rendered":"\u201cPutini po v\u00eb bast p\u00ebr nj\u00eb luft\u00eb t\u00eb re n\u00eb Europ\u00eb, Vu\u00e7iqi e ka k\u00ebrc\u00ebnuar hapur Kosov\u00ebn, SHBA pret rrezik t\u00eb lart\u00eb\u201d"},"content":{"rendered":"<h3>Mediumi gjerman,\u00a0DerWesten.de ka shkruar p\u00ebr mund\u00ebsin\u00eb e nj\u00eb lufte n\u00eb Ballkan, duke theksuar n\u00eb titullin e nj\u00eb artikulli t\u00eb sot\u00ebm mendimin e ekspert\u00ebve se \u201cPutini po v\u00eb bast\u201d p\u00ebr k\u00ebt\u00eb.<\/h3>\n<p>Ushtrit\u00eb e Putinit jan\u00eb t\u00ebrbuar n\u00eb Ukrain\u00eb p\u00ebr m\u00eb shum\u00eb se dy vjet. N\u00eb k\u00ebmbim, shtetet per\u00ebndimore po ndihmojn\u00eb vendin t\u00eb mbrohet kund\u00ebr trupave ruse.<\/p>\n<p>Por sipas ekspert\u00ebve n\u00eb Fondacionin p\u00ebr Mbrojtjen e Demokracive, presidenti rus po v\u00eb bast p\u00ebr nj\u00eb luft\u00eb t\u00eb re n\u00eb Europ\u00eb n\u00eb m\u00ebnyr\u00eb q\u00eb ta dob\u00ebsoj\u00eb mb\u00ebshtetjen per\u00ebndimore n\u00eb luft\u00ebn n\u00eb Ukrain\u00eb. Serbia mund t\u00eb jet\u00eb shkas p\u00ebr k\u00ebt\u00eb, shkruan mediumi.<\/p>\n<p>Dy ekspert\u00eb amerikan\u00eb nga \u201cFondacioni p\u00ebr Mbrojtjen e Demokracive\u201d paralajm\u00ebrojn\u00eb p\u00ebr nj\u00eb luft\u00eb t\u00eb re q\u00eb mund t\u00eb luaj\u00eb n\u00eb duart e sundimtarit t\u00eb Kremlinit, Vladimir Putin. Sipas vler\u00ebsimeve t\u00eb tyre n\u00eb Wall Street Journal, Ballkani mund ta ndihmoj\u00eb at\u00eb. Sepse nj\u00eb front i ri mund ta dob\u00ebsoj\u00eb mb\u00ebshtetjen per\u00ebndimore n\u00eb luft\u00ebn n\u00eb Ukrain\u00eb.<\/p>\n<p>Mediumi gjerman shkruan se nj\u00eb konflikt i ri do t\u2019i jepte Kremlinit mund\u00ebsin\u00eb p\u00ebr t\u00eb fituar ndikim lokal dhe p\u00ebr t\u00eb larguar v\u00ebmendjen nga Ukraina p\u00ebrmes trafikut t\u00eb arm\u00ebve dhe nd\u00ebrmjet\u00ebsimit.<\/p>\n","protected":false},"excerpt":{"rendered":"<p>Mediumi gjerman,\u00a0DerWesten.de ka shkruar p\u00ebr mund\u00ebsin\u00eb e nj\u00eb lufte n\u00eb Ballkan, duke theksuar n\u00eb titullin e nj\u00eb artikulli t\u00eb sot\u00ebm mendimin e ekspert\u00ebve se \u201cPutini po v\u00eb bast\u201d p\u00ebr k\u00ebt\u00eb. Ushtrit\u00eb e Putinit jan\u00eb t\u00ebrbuar n\u00eb Ukrain\u00eb p\u00ebr m\u00eb shum\u00eb se dy vjet. N\u00eb k\u00ebmbim, shtetet per\u00ebndimore po ndihmojn\u00eb vendin t\u00eb mbrohet kund\u00ebr trupave ruse. [&hellip;]<\/p>\n","protected":false},"author":5,"featured_media":54459,"comment_status":"closed","ping_status":"closed","sticky":false,"template":"","format":"standard","meta":{"_monsterinsights_skip_tracking":false,"_monsterinsights_sitenote_active":false,"_monsterinsights_sitenote_note":"","_monsterinsights_sitenote_category":0,"_uf_show_specific_survey":0,"_uf_disable_surveys":false,"footnotes":""},"categories":[1146],"tags":[],"yoast_head":"<!-- This site is optimized with the Yoast SEO plugin v21.5 - https:\/\/yoast.com\/wordpress\/plugins\/seo\/ -->\n<title>\u201cPutini po v\u00eb bast p\u00ebr nj\u00eb luft\u00eb t\u00eb re n\u00eb Europ\u00eb, Vu\u00e7iqi e ka k\u00ebrc\u00ebnuar hapur Kosov\u00ebn, SHBA pret rrezik t\u00eb lart\u00eb\u201d<\/title>\n<meta name=\"robots\" content=\"index, follow, max-snippet:-1, max-image-preview:large, max-video-preview:-1\" \/>\n<link rel=\"canonical\" href=\"https:\/\/permbledhja.com\/sq\/putini-po-ve-bast-per-nje-lufte-te-re-ne-europe-vuciqi-e-ka-kercenuar-hapur-kosoven-shba-pret-rrezik-te-larte\/\" \/>\n<meta property=\"og:locale\" content=\"sq_AL\" \/>\n<meta property=\"og:type\" content=\"article\" \/>\n<meta property=\"og:title\" content=\"\u201cPutini po v\u00eb bast p\u00ebr nj\u00eb luft\u00eb t\u00eb re n\u00eb Europ\u00eb, Vu\u00e7iqi e ka k\u00ebrc\u00ebnuar hapur Kosov\u00ebn, SHBA pret rrezik t\u00eb lart\u00eb\u201d\" \/>\n<meta property=\"og:description\" content=\"Mediumi gjerman,\u00a0DerWesten.de ka shkruar p\u00ebr mund\u00ebsin\u00eb e nj\u00eb lufte n\u00eb Ballkan, duke theksuar n\u00eb titullin e nj\u00eb artikulli t\u00eb sot\u00ebm mendimin e ekspert\u00ebve se \u201cPutini po v\u00eb bast\u201d p\u00ebr k\u00ebt\u00eb. Ushtrit\u00eb e Putinit jan\u00eb t\u00ebrbuar n\u00eb Ukrain\u00eb p\u00ebr m\u00eb shum\u00eb se dy vjet. N\u00eb k\u00ebmbim, shtetet per\u00ebndimore po ndihmojn\u00eb vendin t\u00eb mbrohet kund\u00ebr trupave ruse. [&hellip;]\" \/>\n<meta property=\"og:url\" content=\"https:\/\/permbledhja.com\/sq\/putini-po-ve-bast-per-nje-lufte-te-re-ne-europe-vuciqi-e-ka-kercenuar-hapur-kosoven-shba-pret-rrezik-te-larte\/\" \/>\n<meta property=\"og:site_name\" content=\"Ve\u00e7 artikuj p\u00ebrmbledh\u00ebs\" \/>\n<meta property=\"article:publisher\" content=\"https:\/\/www.facebook.com\/press07\/\" \/>\n<meta property=\"article:published_time\" content=\"2024-03-31T10:51:24+00:00\" \/>\n<meta property=\"og:image\" content=\"https:\/\/permbledhja.com\/wp-content\/uploads\/2024\/03\/put.jpg\" \/>\n\t<meta property=\"og:image:width\" content=\"600\" \/>\n\t<meta property=\"og:image:height\" content=\"360\" \/>\n\t<meta property=\"og:image:type\" content=\"image\/jpeg\" \/>\n<meta name=\"author\" content=\"DL\" \/>\n<meta name=\"twitter:card\" content=\"summary_large_image\" \/>\n<meta name=\"twitter:label1\" content=\"Written by\" \/>\n\t<meta name=\"twitter:data1\" content=\"DL\" \/>\n\t<meta name=\"twitter:label2\" content=\"Est. reading time\" \/>\n\t<meta name=\"twitter:data2\" content=\"1 minut\u00eb\" \/>\n<script type=\"application\/ld+json\" class=\"yoast-schema-graph\">{\"@context\":\"https:\/\/schema.org\",\"@graph\":[{\"@type\":\"Article\",\"@id\":\"https:\/\/permbledhja.com\/sq\/putini-po-ve-bast-per-nje-lufte-te-re-ne-europe-vuciqi-e-ka-kercenuar-hapur-kosoven-shba-pret-rrezik-te-larte\/#article\",\"isPartOf\":{\"@id\":\"https:\/\/permbledhja.com\/sq\/putini-po-ve-bast-per-nje-lufte-te-re-ne-europe-vuciqi-e-ka-kercenuar-hapur-kosoven-shba-pret-rrezik-te-larte\/\"},\"author\":{\"name\":\"DL\",\"@id\":\"https:\/\/permbledhja.com\/#\/schema\/person\/9c54260cbc4c6f792cb100550491638c\"},\"headline\":\"\u201cPutini po v\u00eb bast p\u00ebr nj\u00eb luft\u00eb t\u00eb re n\u00eb Europ\u00eb, Vu\u00e7iqi e ka k\u00ebrc\u00ebnuar hapur Kosov\u00ebn, SHBA pret rrezik t\u00eb lart\u00eb\u201d\",\"datePublished\":\"2024-03-31T10:51:24+00:00\",\"dateModified\":\"2024-03-31T10:51:24+00:00\",\"mainEntityOfPage\":{\"@id\":\"https:\/\/permbledhja.com\/sq\/putini-po-ve-bast-per-nje-lufte-te-re-ne-europe-vuciqi-e-ka-kercenuar-hapur-kosoven-shba-pret-rrezik-te-larte\/\"},\"wordCount\":248,\"publisher\":{\"@id\":\"https:\/\/permbledhja.com\/#organization\"},\"articleSection\":[\"Kryesoret\"],\"inLanguage\":\"sq\"},{\"@type\":\"WebPage\",\"@id\":\"https:\/\/permbledhja.com\/sq\/putini-po-ve-bast-per-nje-lufte-te-re-ne-europe-vuciqi-e-ka-kercenuar-hapur-kosoven-shba-pret-rrezik-te-larte\/\",\"url\":\"https:\/\/permbledhja.com\/sq\/putini-po-ve-bast-per-nje-lufte-te-re-ne-europe-vuciqi-e-ka-kercenuar-hapur-kosoven-shba-pret-rrezik-te-larte\/\",\"name\":\"\u201cPutini po v\u00eb bast p\u00ebr nj\u00eb luft\u00eb t\u00eb re n\u00eb Europ\u00eb, Vu\u00e7iqi e ka k\u00ebrc\u00ebnuar hapur Kosov\u00ebn, SHBA pret rrezik t\u00eb lart\u00eb\u201d\",\"isPartOf\":{\"@id\":\"https:\/\/permbledhja.com\/#website\"},\"datePublished\":\"2024-03-31T10:51:24+00:00\",\"dateModified\":\"2024-03-31T10:51:24+00:00\",\"breadcrumb\":{\"@id\":\"https:\/\/permbledhja.com\/sq\/putini-po-ve-bast-per-nje-lufte-te-re-ne-europe-vuciqi-e-ka-kercenuar-hapur-kosoven-shba-pret-rrezik-te-larte\/#breadcrumb\"},\"inLanguage\":\"sq\",\"potentialAction\":[{\"@type\":\"ReadAction\",\"target\":[\"https:\/\/permbledhja.com\/sq\/putini-po-ve-bast-per-nje-lufte-te-re-ne-europe-vuciqi-e-ka-kercenuar-hapur-kosoven-shba-pret-rrezik-te-larte\/\"]}]},{\"@type\":\"BreadcrumbList\",\"@id\":\"https:\/\/permbledhja.com\/sq\/putini-po-ve-bast-per-nje-lufte-te-re-ne-europe-vuciqi-e-ka-kercenuar-hapur-kosoven-shba-pret-rrezik-te-larte\/#breadcrumb\",\"itemListElement\":[{\"@type\":\"ListItem\",\"position\":1,\"name\":\"Ballina\",\"item\":\"https:\/\/permbledhja.com\/sq\/\"},{\"@type\":\"ListItem\",\"position\":2,\"name\":\"\u201cPutini po v\u00eb bast p\u00ebr nj\u00eb luft\u00eb t\u00eb re n\u00eb Europ\u00eb, Vu\u00e7iqi e ka k\u00ebrc\u00ebnuar hapur Kosov\u00ebn, SHBA pret rrezik t\u00eb lart\u00eb\u201d\"}]},{\"@type\":\"WebSite\",\"@id\":\"https:\/\/permbledhja.com\/#website\",\"url\":\"https:\/\/permbledhja.com\/\",\"name\":\"Ve\u00e7 artikuj p\u00ebrmbledh\u00ebs\",\"description\":\"\",\"publisher\":{\"@id\":\"https:\/\/permbledhja.com\/#organization\"},\"potentialAction\":[{\"@type\":\"SearchAction\",\"target\":{\"@type\":\"EntryPoint\",\"urlTemplate\":\"https:\/\/permbledhja.com\/?s={search_term_string}\"},\"query-input\":\"required name=search_term_string\"}],\"inLanguage\":\"sq\"},{\"@type\":\"Organization\",\"@id\":\"https:\/\/permbledhja.com\/#organization\",\"name\":\"MK Media & Pr\",\"url\":\"https:\/\/permbledhja.com\/\",\"logo\":{\"@type\":\"ImageObject\",\"inLanguage\":\"sq\",\"@id\":\"https:\/\/permbledhja.com\/#\/schema\/logo\/image\/\",\"url\":\"https:\/\/permbledhja.com\/wp-content\/uploads\/2021\/12\/07-Press-Logo.jpg\",\"contentUrl\":\"https:\/\/permbledhja.com\/wp-content\/uploads\/2021\/12\/07-Press-Logo.jpg\",\"width\":512,\"height\":512,\"caption\":\"MK Media & Pr\"},\"image\":{\"@id\":\"https:\/\/permbledhja.com\/#\/schema\/logo\/image\/\"},\"sameAs\":[\"https:\/\/www.facebook.com\/press07\/\"]},{\"@type\":\"Person\",\"@id\":\"https:\/\/permbledhja.com\/#\/schema\/person\/9c54260cbc4c6f792cb100550491638c\",\"name\":\"DL\",\"image\":{\"@type\":\"ImageObject\",\"inLanguage\":\"sq\",\"@id\":\"https:\/\/permbledhja.com\/#\/schema\/person\/image\/\",\"url\":\"https:\/\/secure.gravatar.com\/avatar\/94503eb28d4c4b2005a5c8753e35fc80?s=96&d=mm&r=g\",\"contentUrl\":\"https:\/\/secure.gravatar.com\/avatar\/94503eb28d4c4b2005a5c8753e35fc80?s=96&d=mm&r=g\",\"caption\":\"DL\"},\"url\":\"https:\/\/permbledhja.com\/sq\/author\/dl\/\"}]}<\/script>\n<!-- \/ Yoast SEO plugin. -->","yoast_head_json":{"title":"\u201cPutini po v\u00eb bast p\u00ebr nj\u00eb luft\u00eb t\u00eb re n\u00eb Europ\u00eb, Vu\u00e7iqi e ka k\u00ebrc\u00ebnuar hapur Kosov\u00ebn, SHBA pret rrezik t\u00eb lart\u00eb\u201d","robots":{"index":"index","follow":"follow","max-snippet":"max-snippet:-1","max-image-preview":"max-image-preview:large","max-video-preview":"max-video-preview:-1"},"canonical":"https:\/\/permbledhja.com\/sq\/putini-po-ve-bast-per-nje-lufte-te-re-ne-europe-vuciqi-e-ka-kercenuar-hapur-kosoven-shba-pret-rrezik-te-larte\/","og_locale":"sq_AL","og_type":"article","og_title":"\u201cPutini po v\u00eb bast p\u00ebr nj\u00eb luft\u00eb t\u00eb re n\u00eb Europ\u00eb, Vu\u00e7iqi e ka k\u00ebrc\u00ebnuar hapur Kosov\u00ebn, SHBA pret rrezik t\u00eb lart\u00eb\u201d","og_description":"Mediumi gjerman,\u00a0DerWesten.de ka shkruar p\u00ebr mund\u00ebsin\u00eb e nj\u00eb lufte n\u00eb Ballkan, duke theksuar n\u00eb titullin e nj\u00eb artikulli t\u00eb sot\u00ebm mendimin e ekspert\u00ebve se \u201cPutini po v\u00eb bast\u201d p\u00ebr k\u00ebt\u00eb. Ushtrit\u00eb e Putinit jan\u00eb t\u00ebrbuar n\u00eb Ukrain\u00eb p\u00ebr m\u00eb shum\u00eb se dy vjet. N\u00eb k\u00ebmbim, shtetet per\u00ebndimore po ndihmojn\u00eb vendin t\u00eb mbrohet kund\u00ebr trupave ruse. [&hellip;]","og_url":"https:\/\/permbledhja.com\/sq\/putini-po-ve-bast-per-nje-lufte-te-re-ne-europe-vuciqi-e-ka-kercenuar-hapur-kosoven-shba-pret-rrezik-te-larte\/","og_site_name":"Ve\u00e7 artikuj p\u00ebrmbledh\u00ebs","article_publisher":"https:\/\/www.facebook.com\/press07\/","article_published_time":"2024-03-31T10:51:24+00:00","og_image":[{"width":600,"height":360,"url":"https:\/\/permbledhja.com\/wp-content\/uploads\/2024\/03\/put.jpg","type":"image\/jpeg"}],"author":"DL","twitter_card":"summary_large_image","twitter_misc":{"Written by":"DL","Est. reading time":"1 minut\u00eb"},"schema":{"@context":"https:\/\/schema.org","@graph":[{"@type":"Article","@id":"https:\/\/permbledhja.com\/sq\/putini-po-ve-bast-per-nje-lufte-te-re-ne-europe-vuciqi-e-ka-kercenuar-hapur-kosoven-shba-pret-rrezik-te-larte\/#article","isPartOf":{"@id":"https:\/\/permbledhja.com\/sq\/putini-po-ve-bast-per-nje-lufte-te-re-ne-europe-vuciqi-e-ka-kercenuar-hapur-kosoven-shba-pret-rrezik-te-larte\/"},"author":{"name":"DL","@id":"https:\/\/permbledhja.com\/#\/schema\/person\/9c54260cbc4c6f792cb100550491638c"},"headline":"\u201cPutini po v\u00eb bast p\u00ebr nj\u00eb luft\u00eb t\u00eb re n\u00eb Europ\u00eb, Vu\u00e7iqi e ka k\u00ebrc\u00ebnuar hapur Kosov\u00ebn, SHBA pret rrezik t\u00eb lart\u00eb\u201d","datePublished":"2024-03-31T10:51:24+00:00","dateModified":"2024-03-31T10:51:24+00:00","mainEntityOfPage":{"@id":"https:\/\/permbledhja.com\/sq\/putini-po-ve-bast-per-nje-lufte-te-re-ne-europe-vuciqi-e-ka-kercenuar-hapur-kosoven-shba-pret-rrezik-te-larte\/"},"wordCount":248,"publisher":{"@id":"https:\/\/permbledhja.com\/#organization"},"articleSection":["Kryesoret"],"inLanguage":"sq"},{"@type":"WebPage","@id":"https:\/\/permbledhja.com\/sq\/putini-po-ve-bast-per-nje-lufte-te-re-ne-europe-vuciqi-e-ka-kercenuar-hapur-kosoven-shba-pret-rrezik-te-larte\/","url":"https:\/\/permbledhja.com\/sq\/putini-po-ve-bast-per-nje-lufte-te-re-ne-europe-vuciqi-e-ka-kercenuar-hapur-kosoven-shba-pret-rrezik-te-larte\/","name":"\u201cPutini po v\u00eb bast p\u00ebr nj\u00eb luft\u00eb t\u00eb re n\u00eb Europ\u00eb, Vu\u00e7iqi e ka k\u00ebrc\u00ebnuar hapur Kosov\u00ebn, SHBA pret rrezik t\u00eb lart\u00eb\u201d","isPartOf":{"@id":"https:\/\/permbledhja.com\/#website"},"datePublished":"2024-03-31T10:51:24+00:00","dateModified":"2024-03-31T10:51:24+00:00","breadcrumb":{"@id":"https:\/\/permbledhja.com\/sq\/putini-po-ve-bast-per-nje-lufte-te-re-ne-europe-vuciqi-e-ka-kercenuar-hapur-kosoven-shba-pret-rrezik-te-larte\/#breadcrumb"},"inLanguage":"sq","potentialAction":[{"@type":"ReadAction","target":["https:\/\/permbledhja.com\/sq\/putini-po-ve-bast-per-nje-lufte-te-re-ne-europe-vuciqi-e-ka-kercenuar-hapur-kosoven-shba-pret-rrezik-te-larte\/"]}]},{"@type":"BreadcrumbList","@id":"https:\/\/permbledhja.com\/sq\/putini-po-ve-bast-per-nje-lufte-te-re-ne-europe-vuciqi-e-ka-kercenuar-hapur-kosoven-shba-pret-rrezik-te-larte\/#breadcrumb","itemListElement":[{"@type":"ListItem","position":1,"name":"Ballina","item":"https:\/\/permbledhja.com\/sq\/"},{"@type":"ListItem","position":2,"name":"\u201cPutini po v\u00eb bast p\u00ebr nj\u00eb luft\u00eb t\u00eb re n\u00eb Europ\u00eb, Vu\u00e7iqi e ka k\u00ebrc\u00ebnuar hapur Kosov\u00ebn, SHBA pret rrezik t\u00eb lart\u00eb\u201d"}]},{"@type":"WebSite","@id":"https:\/\/permbledhja.com\/#website","url":"https:\/\/permbledhja.com\/","name":"Ve\u00e7 artikuj p\u00ebrmbledh\u00ebs","description":"","publisher":{"@id":"https:\/\/permbledhja.com\/#organization"},"potentialAction":[{"@type":"SearchAction","target":{"@type":"EntryPoint","urlTemplate":"https:\/\/permbledhja.com\/?s={search_term_string}"},"query-input":"required name=search_term_string"}],"inLanguage":"sq"},{"@type":"Organization","@id":"https:\/\/permbledhja.com\/#organization","name":"MK Media & Pr","url":"https:\/\/permbledhja.com\/","logo":{"@type":"ImageObject","inLanguage":"sq","@id":"https:\/\/permbledhja.com\/#\/schema\/logo\/image\/","url":"https:\/\/permbledhja.com\/wp-content\/uploads\/2021\/12\/07-Press-Logo.jpg","contentUrl":"https:\/\/permbledhja.com\/wp-content\/uploads\/2021\/12\/07-Press-Logo.jpg","width":512,"height":512,"caption":"MK Media & Pr"},"image":{"@id":"https:\/\/permbledhja.com\/#\/schema\/logo\/image\/"},"sameAs":["https:\/\/www.facebook.com\/press07\/"]},{"@type":"Person","@id":"https:\/\/permbledhja.com\/#\/schema\/person\/9c54260cbc4c6f792cb100550491638c","name":"DL","image":{"@type":"ImageObject","inLanguage":"sq","@id":"https:\/\/permbledhja.com\/#\/schema\/person\/image\/","url":"https:\/\/secure.gravatar.com\/avatar\/94503eb28d4c4b2005a5c8753e35fc80?s=96&d=mm&r=g","contentUrl":"https:\/\/secure.gravatar.com\/avatar\/94503eb28d4c4b2005a5c8753e35fc80?s=96&d=mm&r=g","caption":"DL"},"url":"https:\/\/permbledhja.com\/sq\/author\/dl\/"}]}},"_links":{"self":[{"href":"https:\/\/permbledhja.com\/sq\/wp-json\/wp\/v2\/posts\/54458"}],"collection":[{"href":"https:\/\/permbledhja.com\/sq\/wp-json\/wp\/v2\/posts"}],"about":[{"href":"https:\/\/permbledhja.com\/sq\/wp-json\/wp\/v2\/types\/post"}],"author":[{"embeddable":true,"href":"https:\/\/permbledhja.com\/sq\/wp-json\/wp\/v2\/users\/5"}],"replies":[{"embeddable":true,"href":"https:\/\/permbledhja.com\/sq\/wp-json\/wp\/v2\/comments?post=54458"}],"version-history":[{"count":1,"href":"https:\/\/permbledhja.com\/sq\/wp-json\/wp\/v2\/posts\/54458\/revisions"}],"predecessor-version":[{"id":54460,"href":"https:\/\/permbledhja.com\/sq\/wp-json\/wp\/v2\/posts\/54458\/revisions\/54460"}],"wp:featuredmedia":[{"embeddable":true,"href":"https:\/\/permbledhja.com\/sq\/wp-json\/wp\/v2\/media\/54459"}],"wp:attachment":[{"href":"https:\/\/permbledhja.com\/sq\/wp-json\/wp\/v2\/media?parent=54458"}],"wp:term":[{"taxonomy":"category","embeddable":true,"href":"https:\/\/permbledhja.com\/sq\/wp-json\/wp\/v2\/categories?post=54458"},{"taxonomy":"post_tag","embeddable":true,"href":"https:\/\/permbledhja.com\/sq\/wp-json\/wp\/v2\/tags?post=54458"}],"curies":[{"name":"wp","href":"https:\/\/api.w.org\/{rel}","templated":true}]}}