{"id":53854,"date":"2024-03-26T08:30:08","date_gmt":"2024-03-26T08:30:08","guid":{"rendered":"https:\/\/permbledhja.com\/?p=53854"},"modified":"2024-03-26T08:30:08","modified_gmt":"2024-03-26T08:30:08","slug":"haziri-mendon-se-oferta-e-kurtit-per-zgjedhje-eshte-me-shume-kurth-se-sa-vullnet-politik","status":"publish","type":"post","link":"https:\/\/permbledhja.com\/sq\/haziri-mendon-se-oferta-e-kurtit-per-zgjedhje-eshte-me-shume-kurth-se-sa-vullnet-politik\/","title":{"rendered":"Haziri mendon se oferta e Kurtit p\u00ebr zgjedhje \u00ebsht\u00eb m\u00eb shum\u00eb kurth se sa vullnet politik"},"content":{"rendered":"<h3>N\u00ebnkryetari i LDK-s\u00eb Lutfi Haziri ka komentuar deklarat\u00ebn e Kryeministrit Kurti, i cili e ofertoi opozit\u00ebn se do t\u2019ia b\u00ebnte numrat p\u00ebr ta rr\u00ebzuar Qeverin\u00eb, duke hapur rrug\u00eb zgjedhjeve t\u00eb reja.<\/h3>\n<p>Sipas Hazirit, ky \u00ebsht\u00eb m\u00eb shum\u00eb nj\u00eb kurth politik se sa vullnet politik. Sepse sipas tij Kurti \u00ebsht\u00eb dor\u00ebzuar politikisht.<\/p>\n<p>\u201cVler\u00ebsoj q\u00eb \u00ebsht\u00eb m\u00eb shum\u00eb nj\u00eb kurth politik sesa q\u00eb vullnet politik. \u00cbsht\u00eb dor\u00ebzuar politikisht sepse ka th\u00ebn\u00eb se n\u00ebse doni shkojm\u00eb n\u00eb zgjedhje, n\u00eb nj\u00eb far\u00eb forme \u00ebsht\u00eb dor\u00ebzim para problemeve. Ne mendojm\u00eb q\u00eb m\u00eb e thjesht\u00eb me e drejt\u00eb, m\u00eb korrekte politikisht dhe m\u00eb e sinqert\u00eb karshi qytetarit, \u00ebsht\u00eb q\u00eb kur vjen n\u00eb nj\u00eb pik\u00eb q\u00eb je i bindur q\u00eb duhet t\u00eb ket\u00eb zgjedhje, at\u00ebher\u00eb jep dor\u00ebheqje, \u00ebsht\u00eb akti m\u00eb moral q\u00eb e ofron nj\u00eb lider i p\u00ebrgjithsh\u00ebm politik\u201d, tha ai ne KTV.<\/p>\n","protected":false},"excerpt":{"rendered":"<p>N\u00ebnkryetari i LDK-s\u00eb Lutfi Haziri ka komentuar deklarat\u00ebn e Kryeministrit Kurti, i cili e ofertoi opozit\u00ebn se do t\u2019ia b\u00ebnte numrat p\u00ebr ta rr\u00ebzuar Qeverin\u00eb, duke hapur rrug\u00eb zgjedhjeve t\u00eb reja. Sipas Hazirit, ky \u00ebsht\u00eb m\u00eb shum\u00eb nj\u00eb kurth politik se sa vullnet politik. Sepse sipas tij Kurti \u00ebsht\u00eb dor\u00ebzuar politikisht. \u201cVler\u00ebsoj q\u00eb \u00ebsht\u00eb m\u00eb [&hellip;]<\/p>\n","protected":false},"author":5,"featured_media":49753,"comment_status":"closed","ping_status":"closed","sticky":false,"template":"","format":"standard","meta":{"_monsterinsights_skip_tracking":false,"_monsterinsights_sitenote_active":false,"_monsterinsights_sitenote_note":"","_monsterinsights_sitenote_category":0,"_uf_show_specific_survey":0,"_uf_disable_surveys":false,"footnotes":""},"categories":[2645],"tags":[],"yoast_head":"<!-- This site is optimized with the Yoast SEO plugin v21.5 - https:\/\/yoast.com\/wordpress\/plugins\/seo\/ -->\n<title>Haziri mendon se oferta e Kurtit p\u00ebr zgjedhje \u00ebsht\u00eb m\u00eb shum\u00eb kurth se sa vullnet politik<\/title>\n<meta name=\"robots\" content=\"index, follow, max-snippet:-1, max-image-preview:large, max-video-preview:-1\" \/>\n<link rel=\"canonical\" href=\"https:\/\/permbledhja.com\/sq\/haziri-mendon-se-oferta-e-kurtit-per-zgjedhje-eshte-me-shume-kurth-se-sa-vullnet-politik\/\" \/>\n<meta property=\"og:locale\" content=\"sq_AL\" \/>\n<meta property=\"og:type\" content=\"article\" \/>\n<meta property=\"og:title\" content=\"Haziri mendon se oferta e Kurtit p\u00ebr zgjedhje \u00ebsht\u00eb m\u00eb shum\u00eb kurth se sa vullnet politik\" \/>\n<meta property=\"og:description\" content=\"N\u00ebnkryetari i LDK-s\u00eb Lutfi Haziri ka komentuar deklarat\u00ebn e Kryeministrit Kurti, i cili e ofertoi opozit\u00ebn se do t\u2019ia b\u00ebnte numrat p\u00ebr ta rr\u00ebzuar Qeverin\u00eb, duke hapur rrug\u00eb zgjedhjeve t\u00eb reja. Sipas Hazirit, ky \u00ebsht\u00eb m\u00eb shum\u00eb nj\u00eb kurth politik se sa vullnet politik. Sepse sipas tij Kurti \u00ebsht\u00eb dor\u00ebzuar politikisht. \u201cVler\u00ebsoj q\u00eb \u00ebsht\u00eb m\u00eb [&hellip;]\" \/>\n<meta property=\"og:url\" content=\"https:\/\/permbledhja.com\/sq\/haziri-mendon-se-oferta-e-kurtit-per-zgjedhje-eshte-me-shume-kurth-se-sa-vullnet-politik\/\" \/>\n<meta property=\"og:site_name\" content=\"Ve\u00e7 artikuj p\u00ebrmbledh\u00ebs\" \/>\n<meta property=\"article:publisher\" content=\"https:\/\/www.facebook.com\/press07\/\" \/>\n<meta property=\"article:published_time\" content=\"2024-03-26T08:30:08+00:00\" \/>\n<meta property=\"og:image\" content=\"https:\/\/permbledhja.com\/wp-content\/uploads\/2024\/02\/hazirii.webp\" \/>\n\t<meta property=\"og:image:width\" content=\"754\" \/>\n\t<meta property=\"og:image:height\" content=\"495\" \/>\n\t<meta property=\"og:image:type\" content=\"image\/webp\" \/>\n<meta name=\"author\" content=\"DL\" \/>\n<meta name=\"twitter:card\" content=\"summary_large_image\" \/>\n<meta name=\"twitter:label1\" content=\"Written by\" \/>\n\t<meta name=\"twitter:data1\" content=\"DL\" \/>\n\t<meta name=\"twitter:label2\" content=\"Est. reading time\" \/>\n\t<meta name=\"twitter:data2\" content=\"1 minut\u00eb\" \/>\n<script type=\"application\/ld+json\" class=\"yoast-schema-graph\">{\"@context\":\"https:\/\/schema.org\",\"@graph\":[{\"@type\":\"Article\",\"@id\":\"https:\/\/permbledhja.com\/sq\/haziri-mendon-se-oferta-e-kurtit-per-zgjedhje-eshte-me-shume-kurth-se-sa-vullnet-politik\/#article\",\"isPartOf\":{\"@id\":\"https:\/\/permbledhja.com\/sq\/haziri-mendon-se-oferta-e-kurtit-per-zgjedhje-eshte-me-shume-kurth-se-sa-vullnet-politik\/\"},\"author\":{\"name\":\"DL\",\"@id\":\"https:\/\/permbledhja.com\/#\/schema\/person\/9c54260cbc4c6f792cb100550491638c\"},\"headline\":\"Haziri mendon se oferta e Kurtit p\u00ebr zgjedhje \u00ebsht\u00eb m\u00eb shum\u00eb kurth se sa vullnet politik\",\"datePublished\":\"2024-03-26T08:30:08+00:00\",\"dateModified\":\"2024-03-26T08:30:08+00:00\",\"mainEntityOfPage\":{\"@id\":\"https:\/\/permbledhja.com\/sq\/haziri-mendon-se-oferta-e-kurtit-per-zgjedhje-eshte-me-shume-kurth-se-sa-vullnet-politik\/\"},\"wordCount\":170,\"publisher\":{\"@id\":\"https:\/\/permbledhja.com\/#organization\"},\"articleSection\":[\"T\u00eb r\u00ebnd\u00ebsishme\"],\"inLanguage\":\"sq\"},{\"@type\":\"WebPage\",\"@id\":\"https:\/\/permbledhja.com\/sq\/haziri-mendon-se-oferta-e-kurtit-per-zgjedhje-eshte-me-shume-kurth-se-sa-vullnet-politik\/\",\"url\":\"https:\/\/permbledhja.com\/sq\/haziri-mendon-se-oferta-e-kurtit-per-zgjedhje-eshte-me-shume-kurth-se-sa-vullnet-politik\/\",\"name\":\"Haziri mendon se oferta e Kurtit p\u00ebr zgjedhje \u00ebsht\u00eb m\u00eb shum\u00eb kurth se sa vullnet politik\",\"isPartOf\":{\"@id\":\"https:\/\/permbledhja.com\/#website\"},\"datePublished\":\"2024-03-26T08:30:08+00:00\",\"dateModified\":\"2024-03-26T08:30:08+00:00\",\"breadcrumb\":{\"@id\":\"https:\/\/permbledhja.com\/sq\/haziri-mendon-se-oferta-e-kurtit-per-zgjedhje-eshte-me-shume-kurth-se-sa-vullnet-politik\/#breadcrumb\"},\"inLanguage\":\"sq\",\"potentialAction\":[{\"@type\":\"ReadAction\",\"target\":[\"https:\/\/permbledhja.com\/sq\/haziri-mendon-se-oferta-e-kurtit-per-zgjedhje-eshte-me-shume-kurth-se-sa-vullnet-politik\/\"]}]},{\"@type\":\"BreadcrumbList\",\"@id\":\"https:\/\/permbledhja.com\/sq\/haziri-mendon-se-oferta-e-kurtit-per-zgjedhje-eshte-me-shume-kurth-se-sa-vullnet-politik\/#breadcrumb\",\"itemListElement\":[{\"@type\":\"ListItem\",\"position\":1,\"name\":\"Ballina\",\"item\":\"https:\/\/permbledhja.com\/sq\/\"},{\"@type\":\"ListItem\",\"position\":2,\"name\":\"Haziri mendon se oferta e Kurtit p\u00ebr zgjedhje \u00ebsht\u00eb m\u00eb shum\u00eb kurth se sa vullnet politik\"}]},{\"@type\":\"WebSite\",\"@id\":\"https:\/\/permbledhja.com\/#website\",\"url\":\"https:\/\/permbledhja.com\/\",\"name\":\"Ve\u00e7 artikuj p\u00ebrmbledh\u00ebs\",\"description\":\"\",\"publisher\":{\"@id\":\"https:\/\/permbledhja.com\/#organization\"},\"potentialAction\":[{\"@type\":\"SearchAction\",\"target\":{\"@type\":\"EntryPoint\",\"urlTemplate\":\"https:\/\/permbledhja.com\/?s={search_term_string}\"},\"query-input\":\"required name=search_term_string\"}],\"inLanguage\":\"sq\"},{\"@type\":\"Organization\",\"@id\":\"https:\/\/permbledhja.com\/#organization\",\"name\":\"MK Media & Pr\",\"url\":\"https:\/\/permbledhja.com\/\",\"logo\":{\"@type\":\"ImageObject\",\"inLanguage\":\"sq\",\"@id\":\"https:\/\/permbledhja.com\/#\/schema\/logo\/image\/\",\"url\":\"https:\/\/permbledhja.com\/wp-content\/uploads\/2021\/12\/07-Press-Logo.jpg\",\"contentUrl\":\"https:\/\/permbledhja.com\/wp-content\/uploads\/2021\/12\/07-Press-Logo.jpg\",\"width\":512,\"height\":512,\"caption\":\"MK Media & Pr\"},\"image\":{\"@id\":\"https:\/\/permbledhja.com\/#\/schema\/logo\/image\/\"},\"sameAs\":[\"https:\/\/www.facebook.com\/press07\/\"]},{\"@type\":\"Person\",\"@id\":\"https:\/\/permbledhja.com\/#\/schema\/person\/9c54260cbc4c6f792cb100550491638c\",\"name\":\"DL\",\"image\":{\"@type\":\"ImageObject\",\"inLanguage\":\"sq\",\"@id\":\"https:\/\/permbledhja.com\/#\/schema\/person\/image\/\",\"url\":\"https:\/\/secure.gravatar.com\/avatar\/94503eb28d4c4b2005a5c8753e35fc80?s=96&d=mm&r=g\",\"contentUrl\":\"https:\/\/secure.gravatar.com\/avatar\/94503eb28d4c4b2005a5c8753e35fc80?s=96&d=mm&r=g\",\"caption\":\"DL\"},\"url\":\"https:\/\/permbledhja.com\/sq\/author\/dl\/\"}]}<\/script>\n<!-- \/ Yoast SEO plugin. -->","yoast_head_json":{"title":"Haziri mendon se oferta e Kurtit p\u00ebr zgjedhje \u00ebsht\u00eb m\u00eb shum\u00eb kurth se sa vullnet politik","robots":{"index":"index","follow":"follow","max-snippet":"max-snippet:-1","max-image-preview":"max-image-preview:large","max-video-preview":"max-video-preview:-1"},"canonical":"https:\/\/permbledhja.com\/sq\/haziri-mendon-se-oferta-e-kurtit-per-zgjedhje-eshte-me-shume-kurth-se-sa-vullnet-politik\/","og_locale":"sq_AL","og_type":"article","og_title":"Haziri mendon se oferta e Kurtit p\u00ebr zgjedhje \u00ebsht\u00eb m\u00eb shum\u00eb kurth se sa vullnet politik","og_description":"N\u00ebnkryetari i LDK-s\u00eb Lutfi Haziri ka komentuar deklarat\u00ebn e Kryeministrit Kurti, i cili e ofertoi opozit\u00ebn se do t\u2019ia b\u00ebnte numrat p\u00ebr ta rr\u00ebzuar Qeverin\u00eb, duke hapur rrug\u00eb zgjedhjeve t\u00eb reja. Sipas Hazirit, ky \u00ebsht\u00eb m\u00eb shum\u00eb nj\u00eb kurth politik se sa vullnet politik. Sepse sipas tij Kurti \u00ebsht\u00eb dor\u00ebzuar politikisht. \u201cVler\u00ebsoj q\u00eb \u00ebsht\u00eb m\u00eb [&hellip;]","og_url":"https:\/\/permbledhja.com\/sq\/haziri-mendon-se-oferta-e-kurtit-per-zgjedhje-eshte-me-shume-kurth-se-sa-vullnet-politik\/","og_site_name":"Ve\u00e7 artikuj p\u00ebrmbledh\u00ebs","article_publisher":"https:\/\/www.facebook.com\/press07\/","article_published_time":"2024-03-26T08:30:08+00:00","og_image":[{"width":754,"height":495,"url":"https:\/\/permbledhja.com\/wp-content\/uploads\/2024\/02\/hazirii.webp","type":"image\/webp"}],"author":"DL","twitter_card":"summary_large_image","twitter_misc":{"Written by":"DL","Est. reading time":"1 minut\u00eb"},"schema":{"@context":"https:\/\/schema.org","@graph":[{"@type":"Article","@id":"https:\/\/permbledhja.com\/sq\/haziri-mendon-se-oferta-e-kurtit-per-zgjedhje-eshte-me-shume-kurth-se-sa-vullnet-politik\/#article","isPartOf":{"@id":"https:\/\/permbledhja.com\/sq\/haziri-mendon-se-oferta-e-kurtit-per-zgjedhje-eshte-me-shume-kurth-se-sa-vullnet-politik\/"},"author":{"name":"DL","@id":"https:\/\/permbledhja.com\/#\/schema\/person\/9c54260cbc4c6f792cb100550491638c"},"headline":"Haziri mendon se oferta e Kurtit p\u00ebr zgjedhje \u00ebsht\u00eb m\u00eb shum\u00eb kurth se sa vullnet politik","datePublished":"2024-03-26T08:30:08+00:00","dateModified":"2024-03-26T08:30:08+00:00","mainEntityOfPage":{"@id":"https:\/\/permbledhja.com\/sq\/haziri-mendon-se-oferta-e-kurtit-per-zgjedhje-eshte-me-shume-kurth-se-sa-vullnet-politik\/"},"wordCount":170,"publisher":{"@id":"https:\/\/permbledhja.com\/#organization"},"articleSection":["T\u00eb r\u00ebnd\u00ebsishme"],"inLanguage":"sq"},{"@type":"WebPage","@id":"https:\/\/permbledhja.com\/sq\/haziri-mendon-se-oferta-e-kurtit-per-zgjedhje-eshte-me-shume-kurth-se-sa-vullnet-politik\/","url":"https:\/\/permbledhja.com\/sq\/haziri-mendon-se-oferta-e-kurtit-per-zgjedhje-eshte-me-shume-kurth-se-sa-vullnet-politik\/","name":"Haziri mendon se oferta e Kurtit p\u00ebr zgjedhje \u00ebsht\u00eb m\u00eb shum\u00eb kurth se sa vullnet politik","isPartOf":{"@id":"https:\/\/permbledhja.com\/#website"},"datePublished":"2024-03-26T08:30:08+00:00","dateModified":"2024-03-26T08:30:08+00:00","breadcrumb":{"@id":"https:\/\/permbledhja.com\/sq\/haziri-mendon-se-oferta-e-kurtit-per-zgjedhje-eshte-me-shume-kurth-se-sa-vullnet-politik\/#breadcrumb"},"inLanguage":"sq","potentialAction":[{"@type":"ReadAction","target":["https:\/\/permbledhja.com\/sq\/haziri-mendon-se-oferta-e-kurtit-per-zgjedhje-eshte-me-shume-kurth-se-sa-vullnet-politik\/"]}]},{"@type":"BreadcrumbList","@id":"https:\/\/permbledhja.com\/sq\/haziri-mendon-se-oferta-e-kurtit-per-zgjedhje-eshte-me-shume-kurth-se-sa-vullnet-politik\/#breadcrumb","itemListElement":[{"@type":"ListItem","position":1,"name":"Ballina","item":"https:\/\/permbledhja.com\/sq\/"},{"@type":"ListItem","position":2,"name":"Haziri mendon se oferta e Kurtit p\u00ebr zgjedhje \u00ebsht\u00eb m\u00eb shum\u00eb kurth se sa vullnet politik"}]},{"@type":"WebSite","@id":"https:\/\/permbledhja.com\/#website","url":"https:\/\/permbledhja.com\/","name":"Ve\u00e7 artikuj p\u00ebrmbledh\u00ebs","description":"","publisher":{"@id":"https:\/\/permbledhja.com\/#organization"},"potentialAction":[{"@type":"SearchAction","target":{"@type":"EntryPoint","urlTemplate":"https:\/\/permbledhja.com\/?s={search_term_string}"},"query-input":"required name=search_term_string"}],"inLanguage":"sq"},{"@type":"Organization","@id":"https:\/\/permbledhja.com\/#organization","name":"MK Media & Pr","url":"https:\/\/permbledhja.com\/","logo":{"@type":"ImageObject","inLanguage":"sq","@id":"https:\/\/permbledhja.com\/#\/schema\/logo\/image\/","url":"https:\/\/permbledhja.com\/wp-content\/uploads\/2021\/12\/07-Press-Logo.jpg","contentUrl":"https:\/\/permbledhja.com\/wp-content\/uploads\/2021\/12\/07-Press-Logo.jpg","width":512,"height":512,"caption":"MK Media & Pr"},"image":{"@id":"https:\/\/permbledhja.com\/#\/schema\/logo\/image\/"},"sameAs":["https:\/\/www.facebook.com\/press07\/"]},{"@type":"Person","@id":"https:\/\/permbledhja.com\/#\/schema\/person\/9c54260cbc4c6f792cb100550491638c","name":"DL","image":{"@type":"ImageObject","inLanguage":"sq","@id":"https:\/\/permbledhja.com\/#\/schema\/person\/image\/","url":"https:\/\/secure.gravatar.com\/avatar\/94503eb28d4c4b2005a5c8753e35fc80?s=96&d=mm&r=g","contentUrl":"https:\/\/secure.gravatar.com\/avatar\/94503eb28d4c4b2005a5c8753e35fc80?s=96&d=mm&r=g","caption":"DL"},"url":"https:\/\/permbledhja.com\/sq\/author\/dl\/"}]}},"_links":{"self":[{"href":"https:\/\/permbledhja.com\/sq\/wp-json\/wp\/v2\/posts\/53854"}],"collection":[{"href":"https:\/\/permbledhja.com\/sq\/wp-json\/wp\/v2\/posts"}],"about":[{"href":"https:\/\/permbledhja.com\/sq\/wp-json\/wp\/v2\/types\/post"}],"author":[{"embeddable":true,"href":"https:\/\/permbledhja.com\/sq\/wp-json\/wp\/v2\/users\/5"}],"replies":[{"embeddable":true,"href":"https:\/\/permbledhja.com\/sq\/wp-json\/wp\/v2\/comments?post=53854"}],"version-history":[{"count":1,"href":"https:\/\/permbledhja.com\/sq\/wp-json\/wp\/v2\/posts\/53854\/revisions"}],"predecessor-version":[{"id":53855,"href":"https:\/\/permbledhja.com\/sq\/wp-json\/wp\/v2\/posts\/53854\/revisions\/53855"}],"wp:featuredmedia":[{"embeddable":true,"href":"https:\/\/permbledhja.com\/sq\/wp-json\/wp\/v2\/media\/49753"}],"wp:attachment":[{"href":"https:\/\/permbledhja.com\/sq\/wp-json\/wp\/v2\/media?parent=53854"}],"wp:term":[{"taxonomy":"category","embeddable":true,"href":"https:\/\/permbledhja.com\/sq\/wp-json\/wp\/v2\/categories?post=53854"},{"taxonomy":"post_tag","embeddable":true,"href":"https:\/\/permbledhja.com\/sq\/wp-json\/wp\/v2\/tags?post=53854"}],"curies":[{"name":"wp","href":"https:\/\/api.w.org\/{rel}","templated":true}]}}