{"id":53318,"date":"2024-03-21T15:27:56","date_gmt":"2024-03-21T15:27:56","guid":{"rendered":"https:\/\/permbledhja.com\/?p=53318"},"modified":"2024-03-21T15:27:56","modified_gmt":"2024-03-21T15:27:56","slug":"kurti-ne-diten-boterore-te-sindromes-down-shteti-dhe-qeveria-duhet-te-deshmohen-me-se-shumti-aty-ku-nevojat-jane-me-te-medha","status":"publish","type":"post","link":"https:\/\/permbledhja.com\/sq\/kurti-ne-diten-boterore-te-sindromes-down-shteti-dhe-qeveria-duhet-te-deshmohen-me-se-shumti-aty-ku-nevojat-jane-me-te-medha\/","title":{"rendered":"Kurti n\u00eb Dit\u00ebn Bot\u00ebrore t\u00eb Sindrom\u00ebs Down: Shteti dhe Qeveria duhet t\u00eb d\u00ebshmohen m\u00eb s\u00eb shumti aty ku nevojat jan\u00eb m\u00eb t\u00eb m\u00ebdha"},"content":{"rendered":"<h3>Jam shum\u00eb i lumtur q\u00eb po ju mir\u00ebpres q\u00eb t\u00eb gjith\u00ebve n\u00eb Zyr\u00ebn e Kryeministrit, n\u00eb Dit\u00ebn Bot\u00ebrore t\u00eb Sindrom\u00ebs Down, q\u00eb na b\u00ebn neve edhe m\u00eb t\u00eb vet\u00ebdijsh\u00ebm p\u00ebr p\u00ebrgjegj\u00ebsin\u00eb q\u00eb kemi p\u00ebr t\u00eb ofruar kushte e qasje sa m\u00eb t\u00eb barabart\u00eb e t\u00eb dinjitetshme p\u00ebr t\u00eb gjith\u00eb pa l\u00ebn\u00eb asnjeri prapa\u201d, tha kryeministri Albin Kurti, n\u00eb takimin me disa nga t\u00eb pun\u00ebsuarit n\u00ebp\u00ebrmjet Mas\u00ebs 1.6. Mb\u00ebshtetja e Personave me Aft\u00ebsi t\u00eb Kufizuara.<\/h3>\n<p>\u201cJam i lumtur q\u00eb po ju pres si t\u00eb pun\u00ebsuar dhe jam i interesuar t\u00eb di m\u00eb shum\u00eb p\u00ebr p\u00ebrvojat tuaja n\u00eb vendet e pun\u00ebs q\u00eb keni\u201d, tha m\u00eb tej shefi i qeveris\u00eb.<\/p>\n<p>N\u00eb takimin e p\u00ebrzem\u00ebrt n\u00eb Kryeministri, i ndan\u00eb p\u00ebrvojat e tyre n\u00eb vendet e pun\u00ebs, si dhe t\u00eb praktik\u00ebs me arsimin dual: Vjosa Asllani, Hanife Raci, Genc Beqiri dhe Agron Bilalli.<\/p>\n<p>Sipas komunikat\u00ebs p\u00ebr media, n\u00eb takim u bisedua p\u00ebr pun\u00ebn q\u00eb b\u00ebhet n\u00eb pes\u00eb qendrat e Down Syndrome Kosova, n\u00eb Prishtin\u00eb, Prizren, Ferizaj, Mitrovic\u00eb dhe Gjilan, ku p\u00ebrfitues direkt t\u00eb sh\u00ebrbimeve jan\u00eb mbi 300 persona me sindrom\u00eb Down dhe aft\u00ebsi t\u00eb tjera t\u00eb kufizuara intelektuale.<\/p>\n<p>\u201cP\u00ebr neve si shoqat\u00eb nuk ka qen\u00eb fare rrug\u00ebtim i leht\u00eb p\u00ebr t\u00eb arritur deri k\u00ebtu. Kemi arritur bashk\u00eb me mb\u00ebshtetjen e institucioneve, miqve e bashk\u00ebpun\u00ebtor\u00ebve\u201d, tha Sebahate Hajdini Beqiri, Drejtore Ekzekutive e shoqat\u00ebs Do\u00ebn Syndrome Kosova.<\/p>\n<p>\u201cShteti dhe Qeveria duhet t\u00eb d\u00ebshmohen m\u00eb s\u00eb shumti e m\u00eb s\u00eb pari aty ku nevojat jan\u00eb m\u00eb t\u00eb m\u00ebdha, e mund\u00ebsit\u00eb m\u00eb t\u00eb pakta. Andaj, d\u00ebshirojm\u00eb q\u00eb t\u00eb bashk\u00ebbisedojm\u00eb se si mund t\u00eb b\u00ebjm\u00eb edhe m\u00eb mir\u00eb e edhe m\u00eb shum\u00eb se deri m\u00eb tani\u201d, tha Kurti.<\/p>\n<p>Nd\u00ebrsa z\u00ebvend\u00ebsministri i Ministris\u00eb s\u00eb Financave, Pun\u00ebs dhe Transfereve, Agon Dobruna, ritheksoi p\u00ebrkushtimin e MFPT-s\u00eb p\u00ebr mb\u00ebshtetje t\u00eb m\u00ebtejme p\u00ebr jet\u00ebsimin e t\u00eb drejtave p\u00ebr personat me Sindrom\u00ebn Down dhe ata me aft\u00ebsi t\u00eb kufizuara.<\/p>\n<p>N\u00eb takim u theksua q\u00ebllimi i gjith\u00ebp\u00ebrfshirjes dhe barazis\u00eb n\u00eb edukim, p\u00ebr \u00e7far\u00eb Qeveria ka pun\u00ebsuar 250 asistent\u00eb p\u00ebr f\u00ebmij\u00eb me nevoja t\u00eb ve\u00e7anta n\u00eb shkolla, e deri n\u00eb fund t\u00eb mandatit planifikojm\u00eb t\u2019i kemi 500.<\/p>\n<p>U theksua se p\u00ebrderisa studimet jan\u00eb b\u00ebr\u00eb falas, jan\u00eb ndar\u00eb bursa p\u00ebr 13 studente me aft\u00ebsi t\u00eb kufizuara. Nd\u00ebrsa, n\u00ebp\u00ebrmjet mas\u00ebs 1.6 Mb\u00ebshtetja e pun\u00ebsimit t\u00eb personave me nevoja t\u00eb ve\u00e7anta, jan\u00eb pun\u00ebsuar 239 persona, prej tyre 119 burra dhe 120 gra.<\/p>\n<p>Kurti fal\u00ebnderoi Down Syndrom Kosova p\u00ebr bashk\u00ebpunimin, kontributin edhe n\u00eb form\u00ebn e ideve edhe t\u00eb aktiviteteve q\u00eb zhvillon. \u201cM\u00eb vjen mir\u00eb q\u00eb jeni pjes\u00eb e zhvillimeve t\u00eb politikave t\u00eb Zyr\u00ebs s\u00eb Kryeministrit, p\u00ebrfshir\u00eb Strategjin\u00eb p\u00ebr personat me aft\u00ebsi t\u00eb kufizuara 2024-2029\u201d, tha ai.<\/p>\n","protected":false},"excerpt":{"rendered":"<p>Jam shum\u00eb i lumtur q\u00eb po ju mir\u00ebpres q\u00eb t\u00eb gjith\u00ebve n\u00eb Zyr\u00ebn e Kryeministrit, n\u00eb Dit\u00ebn Bot\u00ebrore t\u00eb Sindrom\u00ebs Down, q\u00eb na b\u00ebn neve edhe m\u00eb t\u00eb vet\u00ebdijsh\u00ebm p\u00ebr p\u00ebrgjegj\u00ebsin\u00eb q\u00eb kemi p\u00ebr t\u00eb ofruar kushte e qasje sa m\u00eb t\u00eb barabart\u00eb e t\u00eb dinjitetshme p\u00ebr t\u00eb gjith\u00eb pa l\u00ebn\u00eb asnjeri prapa\u201d, tha kryeministri [&hellip;]<\/p>\n","protected":false},"author":2,"featured_media":53319,"comment_status":"closed","ping_status":"closed","sticky":false,"template":"","format":"standard","meta":{"_monsterinsights_skip_tracking":false,"_monsterinsights_sitenote_active":false,"_monsterinsights_sitenote_note":"","_monsterinsights_sitenote_category":0,"_uf_show_specific_survey":0,"_uf_disable_surveys":false,"footnotes":""},"categories":[15],"tags":[86],"yoast_head":"<!-- This site is optimized with the Yoast SEO plugin v21.5 - https:\/\/yoast.com\/wordpress\/plugins\/seo\/ -->\n<title>Kurti n\u00eb Dit\u00ebn Bot\u00ebrore t\u00eb Sindrom\u00ebs Down: Shteti dhe Qeveria duhet t\u00eb d\u00ebshmohen m\u00eb s\u00eb shumti aty ku nevojat jan\u00eb m\u00eb t\u00eb m\u00ebdha<\/title>\n<meta name=\"robots\" content=\"index, follow, max-snippet:-1, max-image-preview:large, max-video-preview:-1\" \/>\n<link rel=\"canonical\" href=\"https:\/\/permbledhja.com\/sq\/kurti-ne-diten-boterore-te-sindromes-down-shteti-dhe-qeveria-duhet-te-deshmohen-me-se-shumti-aty-ku-nevojat-jane-me-te-medha\/\" \/>\n<meta property=\"og:locale\" content=\"sq_AL\" \/>\n<meta property=\"og:type\" content=\"article\" \/>\n<meta property=\"og:title\" content=\"Kurti n\u00eb Dit\u00ebn Bot\u00ebrore t\u00eb Sindrom\u00ebs Down: Shteti dhe Qeveria duhet t\u00eb d\u00ebshmohen m\u00eb s\u00eb shumti aty ku nevojat jan\u00eb m\u00eb t\u00eb m\u00ebdha\" \/>\n<meta property=\"og:description\" content=\"Jam shum\u00eb i lumtur q\u00eb po ju mir\u00ebpres q\u00eb t\u00eb gjith\u00ebve n\u00eb Zyr\u00ebn e Kryeministrit, n\u00eb Dit\u00ebn Bot\u00ebrore t\u00eb Sindrom\u00ebs Down, q\u00eb na b\u00ebn neve edhe m\u00eb t\u00eb vet\u00ebdijsh\u00ebm p\u00ebr p\u00ebrgjegj\u00ebsin\u00eb q\u00eb kemi p\u00ebr t\u00eb ofruar kushte e qasje sa m\u00eb t\u00eb barabart\u00eb e t\u00eb dinjitetshme p\u00ebr t\u00eb gjith\u00eb pa l\u00ebn\u00eb asnjeri prapa\u201d, tha kryeministri [&hellip;]\" \/>\n<meta property=\"og:url\" content=\"https:\/\/permbledhja.com\/sq\/kurti-ne-diten-boterore-te-sindromes-down-shteti-dhe-qeveria-duhet-te-deshmohen-me-se-shumti-aty-ku-nevojat-jane-me-te-medha\/\" \/>\n<meta property=\"og:site_name\" content=\"Ve\u00e7 artikuj p\u00ebrmbledh\u00ebs\" \/>\n<meta property=\"article:publisher\" content=\"https:\/\/www.facebook.com\/press07\/\" \/>\n<meta property=\"article:published_time\" content=\"2024-03-21T15:27:56+00:00\" \/>\n<meta property=\"og:image\" content=\"https:\/\/permbledhja.com\/wp-content\/uploads\/2024\/03\/Kryeministri-Albin-Kurti-1.png\" \/>\n\t<meta property=\"og:image:width\" content=\"866\" \/>\n\t<meta property=\"og:image:height\" content=\"435\" \/>\n\t<meta property=\"og:image:type\" content=\"image\/png\" \/>\n<meta name=\"author\" content=\"M M\" \/>\n<meta name=\"twitter:card\" content=\"summary_large_image\" \/>\n<meta name=\"twitter:label1\" content=\"Written by\" \/>\n\t<meta name=\"twitter:data1\" content=\"M M\" \/>\n\t<meta name=\"twitter:label2\" content=\"Est. reading time\" \/>\n\t<meta name=\"twitter:data2\" content=\"3 minuta\" \/>\n<script type=\"application\/ld+json\" class=\"yoast-schema-graph\">{\"@context\":\"https:\/\/schema.org\",\"@graph\":[{\"@type\":\"Article\",\"@id\":\"https:\/\/permbledhja.com\/sq\/kurti-ne-diten-boterore-te-sindromes-down-shteti-dhe-qeveria-duhet-te-deshmohen-me-se-shumti-aty-ku-nevojat-jane-me-te-medha\/#article\",\"isPartOf\":{\"@id\":\"https:\/\/permbledhja.com\/sq\/kurti-ne-diten-boterore-te-sindromes-down-shteti-dhe-qeveria-duhet-te-deshmohen-me-se-shumti-aty-ku-nevojat-jane-me-te-medha\/\"},\"author\":{\"name\":\"M M\",\"@id\":\"https:\/\/permbledhja.com\/#\/schema\/person\/d23f13f59b5722643933d6780783acf3\"},\"headline\":\"Kurti n\u00eb Dit\u00ebn Bot\u00ebrore t\u00eb Sindrom\u00ebs Down: Shteti dhe Qeveria duhet t\u00eb d\u00ebshmohen m\u00eb s\u00eb shumti aty ku nevojat jan\u00eb m\u00eb t\u00eb m\u00ebdha\",\"datePublished\":\"2024-03-21T15:27:56+00:00\",\"dateModified\":\"2024-03-21T15:27:56+00:00\",\"mainEntityOfPage\":{\"@id\":\"https:\/\/permbledhja.com\/sq\/kurti-ne-diten-boterore-te-sindromes-down-shteti-dhe-qeveria-duhet-te-deshmohen-me-se-shumti-aty-ku-nevojat-jane-me-te-medha\/\"},\"wordCount\":539,\"publisher\":{\"@id\":\"https:\/\/permbledhja.com\/#organization\"},\"keywords\":[\"Albin Kurti\"],\"articleSection\":[\"Lajme\"],\"inLanguage\":\"sq\"},{\"@type\":\"WebPage\",\"@id\":\"https:\/\/permbledhja.com\/sq\/kurti-ne-diten-boterore-te-sindromes-down-shteti-dhe-qeveria-duhet-te-deshmohen-me-se-shumti-aty-ku-nevojat-jane-me-te-medha\/\",\"url\":\"https:\/\/permbledhja.com\/sq\/kurti-ne-diten-boterore-te-sindromes-down-shteti-dhe-qeveria-duhet-te-deshmohen-me-se-shumti-aty-ku-nevojat-jane-me-te-medha\/\",\"name\":\"Kurti n\u00eb Dit\u00ebn Bot\u00ebrore t\u00eb Sindrom\u00ebs Down: Shteti dhe Qeveria duhet t\u00eb d\u00ebshmohen m\u00eb s\u00eb shumti aty ku nevojat jan\u00eb m\u00eb t\u00eb m\u00ebdha\",\"isPartOf\":{\"@id\":\"https:\/\/permbledhja.com\/#website\"},\"datePublished\":\"2024-03-21T15:27:56+00:00\",\"dateModified\":\"2024-03-21T15:27:56+00:00\",\"breadcrumb\":{\"@id\":\"https:\/\/permbledhja.com\/sq\/kurti-ne-diten-boterore-te-sindromes-down-shteti-dhe-qeveria-duhet-te-deshmohen-me-se-shumti-aty-ku-nevojat-jane-me-te-medha\/#breadcrumb\"},\"inLanguage\":\"sq\",\"potentialAction\":[{\"@type\":\"ReadAction\",\"target\":[\"https:\/\/permbledhja.com\/sq\/kurti-ne-diten-boterore-te-sindromes-down-shteti-dhe-qeveria-duhet-te-deshmohen-me-se-shumti-aty-ku-nevojat-jane-me-te-medha\/\"]}]},{\"@type\":\"BreadcrumbList\",\"@id\":\"https:\/\/permbledhja.com\/sq\/kurti-ne-diten-boterore-te-sindromes-down-shteti-dhe-qeveria-duhet-te-deshmohen-me-se-shumti-aty-ku-nevojat-jane-me-te-medha\/#breadcrumb\",\"itemListElement\":[{\"@type\":\"ListItem\",\"position\":1,\"name\":\"Ballina\",\"item\":\"https:\/\/permbledhja.com\/sq\/\"},{\"@type\":\"ListItem\",\"position\":2,\"name\":\"Kurti n\u00eb Dit\u00ebn Bot\u00ebrore t\u00eb Sindrom\u00ebs Down: Shteti dhe Qeveria duhet t\u00eb d\u00ebshmohen m\u00eb s\u00eb shumti aty ku nevojat jan\u00eb m\u00eb t\u00eb m\u00ebdha\"}]},{\"@type\":\"WebSite\",\"@id\":\"https:\/\/permbledhja.com\/#website\",\"url\":\"https:\/\/permbledhja.com\/\",\"name\":\"Ve\u00e7 artikuj p\u00ebrmbledh\u00ebs\",\"description\":\"\",\"publisher\":{\"@id\":\"https:\/\/permbledhja.com\/#organization\"},\"potentialAction\":[{\"@type\":\"SearchAction\",\"target\":{\"@type\":\"EntryPoint\",\"urlTemplate\":\"https:\/\/permbledhja.com\/?s={search_term_string}\"},\"query-input\":\"required name=search_term_string\"}],\"inLanguage\":\"sq\"},{\"@type\":\"Organization\",\"@id\":\"https:\/\/permbledhja.com\/#organization\",\"name\":\"MK Media & Pr\",\"url\":\"https:\/\/permbledhja.com\/\",\"logo\":{\"@type\":\"ImageObject\",\"inLanguage\":\"sq\",\"@id\":\"https:\/\/permbledhja.com\/#\/schema\/logo\/image\/\",\"url\":\"https:\/\/permbledhja.com\/wp-content\/uploads\/2021\/12\/07-Press-Logo.jpg\",\"contentUrl\":\"https:\/\/permbledhja.com\/wp-content\/uploads\/2021\/12\/07-Press-Logo.jpg\",\"width\":512,\"height\":512,\"caption\":\"MK Media & Pr\"},\"image\":{\"@id\":\"https:\/\/permbledhja.com\/#\/schema\/logo\/image\/\"},\"sameAs\":[\"https:\/\/www.facebook.com\/press07\/\"]},{\"@type\":\"Person\",\"@id\":\"https:\/\/permbledhja.com\/#\/schema\/person\/d23f13f59b5722643933d6780783acf3\",\"name\":\"M M\",\"image\":{\"@type\":\"ImageObject\",\"inLanguage\":\"sq\",\"@id\":\"https:\/\/permbledhja.com\/#\/schema\/person\/image\/\",\"url\":\"https:\/\/secure.gravatar.com\/avatar\/e2835a76ca7c31a2416b2d51c4ec9a8f?s=96&d=mm&r=g\",\"contentUrl\":\"https:\/\/secure.gravatar.com\/avatar\/e2835a76ca7c31a2416b2d51c4ec9a8f?s=96&d=mm&r=g\",\"caption\":\"M M\"},\"sameAs\":[\"http:\/\/MM\"],\"url\":\"https:\/\/permbledhja.com\/sq\/author\/muhamet\/\"}]}<\/script>\n<!-- \/ Yoast SEO plugin. -->","yoast_head_json":{"title":"Kurti n\u00eb Dit\u00ebn Bot\u00ebrore t\u00eb Sindrom\u00ebs Down: Shteti dhe Qeveria duhet t\u00eb d\u00ebshmohen m\u00eb s\u00eb shumti aty ku nevojat jan\u00eb m\u00eb t\u00eb m\u00ebdha","robots":{"index":"index","follow":"follow","max-snippet":"max-snippet:-1","max-image-preview":"max-image-preview:large","max-video-preview":"max-video-preview:-1"},"canonical":"https:\/\/permbledhja.com\/sq\/kurti-ne-diten-boterore-te-sindromes-down-shteti-dhe-qeveria-duhet-te-deshmohen-me-se-shumti-aty-ku-nevojat-jane-me-te-medha\/","og_locale":"sq_AL","og_type":"article","og_title":"Kurti n\u00eb Dit\u00ebn Bot\u00ebrore t\u00eb Sindrom\u00ebs Down: Shteti dhe Qeveria duhet t\u00eb d\u00ebshmohen m\u00eb s\u00eb shumti aty ku nevojat jan\u00eb m\u00eb t\u00eb m\u00ebdha","og_description":"Jam shum\u00eb i lumtur q\u00eb po ju mir\u00ebpres q\u00eb t\u00eb gjith\u00ebve n\u00eb Zyr\u00ebn e Kryeministrit, n\u00eb Dit\u00ebn Bot\u00ebrore t\u00eb Sindrom\u00ebs Down, q\u00eb na b\u00ebn neve edhe m\u00eb t\u00eb vet\u00ebdijsh\u00ebm p\u00ebr p\u00ebrgjegj\u00ebsin\u00eb q\u00eb kemi p\u00ebr t\u00eb ofruar kushte e qasje sa m\u00eb t\u00eb barabart\u00eb e t\u00eb dinjitetshme p\u00ebr t\u00eb gjith\u00eb pa l\u00ebn\u00eb asnjeri prapa\u201d, tha kryeministri [&hellip;]","og_url":"https:\/\/permbledhja.com\/sq\/kurti-ne-diten-boterore-te-sindromes-down-shteti-dhe-qeveria-duhet-te-deshmohen-me-se-shumti-aty-ku-nevojat-jane-me-te-medha\/","og_site_name":"Ve\u00e7 artikuj p\u00ebrmbledh\u00ebs","article_publisher":"https:\/\/www.facebook.com\/press07\/","article_published_time":"2024-03-21T15:27:56+00:00","og_image":[{"width":866,"height":435,"url":"https:\/\/permbledhja.com\/wp-content\/uploads\/2024\/03\/Kryeministri-Albin-Kurti-1.png","type":"image\/png"}],"author":"M M","twitter_card":"summary_large_image","twitter_misc":{"Written by":"M M","Est. reading time":"3 minuta"},"schema":{"@context":"https:\/\/schema.org","@graph":[{"@type":"Article","@id":"https:\/\/permbledhja.com\/sq\/kurti-ne-diten-boterore-te-sindromes-down-shteti-dhe-qeveria-duhet-te-deshmohen-me-se-shumti-aty-ku-nevojat-jane-me-te-medha\/#article","isPartOf":{"@id":"https:\/\/permbledhja.com\/sq\/kurti-ne-diten-boterore-te-sindromes-down-shteti-dhe-qeveria-duhet-te-deshmohen-me-se-shumti-aty-ku-nevojat-jane-me-te-medha\/"},"author":{"name":"M M","@id":"https:\/\/permbledhja.com\/#\/schema\/person\/d23f13f59b5722643933d6780783acf3"},"headline":"Kurti n\u00eb Dit\u00ebn Bot\u00ebrore t\u00eb Sindrom\u00ebs Down: Shteti dhe Qeveria duhet t\u00eb d\u00ebshmohen m\u00eb s\u00eb shumti aty ku nevojat jan\u00eb m\u00eb t\u00eb m\u00ebdha","datePublished":"2024-03-21T15:27:56+00:00","dateModified":"2024-03-21T15:27:56+00:00","mainEntityOfPage":{"@id":"https:\/\/permbledhja.com\/sq\/kurti-ne-diten-boterore-te-sindromes-down-shteti-dhe-qeveria-duhet-te-deshmohen-me-se-shumti-aty-ku-nevojat-jane-me-te-medha\/"},"wordCount":539,"publisher":{"@id":"https:\/\/permbledhja.com\/#organization"},"keywords":["Albin Kurti"],"articleSection":["Lajme"],"inLanguage":"sq"},{"@type":"WebPage","@id":"https:\/\/permbledhja.com\/sq\/kurti-ne-diten-boterore-te-sindromes-down-shteti-dhe-qeveria-duhet-te-deshmohen-me-se-shumti-aty-ku-nevojat-jane-me-te-medha\/","url":"https:\/\/permbledhja.com\/sq\/kurti-ne-diten-boterore-te-sindromes-down-shteti-dhe-qeveria-duhet-te-deshmohen-me-se-shumti-aty-ku-nevojat-jane-me-te-medha\/","name":"Kurti n\u00eb Dit\u00ebn Bot\u00ebrore t\u00eb Sindrom\u00ebs Down: Shteti dhe Qeveria duhet t\u00eb d\u00ebshmohen m\u00eb s\u00eb shumti aty ku nevojat jan\u00eb m\u00eb t\u00eb m\u00ebdha","isPartOf":{"@id":"https:\/\/permbledhja.com\/#website"},"datePublished":"2024-03-21T15:27:56+00:00","dateModified":"2024-03-21T15:27:56+00:00","breadcrumb":{"@id":"https:\/\/permbledhja.com\/sq\/kurti-ne-diten-boterore-te-sindromes-down-shteti-dhe-qeveria-duhet-te-deshmohen-me-se-shumti-aty-ku-nevojat-jane-me-te-medha\/#breadcrumb"},"inLanguage":"sq","potentialAction":[{"@type":"ReadAction","target":["https:\/\/permbledhja.com\/sq\/kurti-ne-diten-boterore-te-sindromes-down-shteti-dhe-qeveria-duhet-te-deshmohen-me-se-shumti-aty-ku-nevojat-jane-me-te-medha\/"]}]},{"@type":"BreadcrumbList","@id":"https:\/\/permbledhja.com\/sq\/kurti-ne-diten-boterore-te-sindromes-down-shteti-dhe-qeveria-duhet-te-deshmohen-me-se-shumti-aty-ku-nevojat-jane-me-te-medha\/#breadcrumb","itemListElement":[{"@type":"ListItem","position":1,"name":"Ballina","item":"https:\/\/permbledhja.com\/sq\/"},{"@type":"ListItem","position":2,"name":"Kurti n\u00eb Dit\u00ebn Bot\u00ebrore t\u00eb Sindrom\u00ebs Down: Shteti dhe Qeveria duhet t\u00eb d\u00ebshmohen m\u00eb s\u00eb shumti aty ku nevojat jan\u00eb m\u00eb t\u00eb m\u00ebdha"}]},{"@type":"WebSite","@id":"https:\/\/permbledhja.com\/#website","url":"https:\/\/permbledhja.com\/","name":"Ve\u00e7 artikuj p\u00ebrmbledh\u00ebs","description":"","publisher":{"@id":"https:\/\/permbledhja.com\/#organization"},"potentialAction":[{"@type":"SearchAction","target":{"@type":"EntryPoint","urlTemplate":"https:\/\/permbledhja.com\/?s={search_term_string}"},"query-input":"required name=search_term_string"}],"inLanguage":"sq"},{"@type":"Organization","@id":"https:\/\/permbledhja.com\/#organization","name":"MK Media & Pr","url":"https:\/\/permbledhja.com\/","logo":{"@type":"ImageObject","inLanguage":"sq","@id":"https:\/\/permbledhja.com\/#\/schema\/logo\/image\/","url":"https:\/\/permbledhja.com\/wp-content\/uploads\/2021\/12\/07-Press-Logo.jpg","contentUrl":"https:\/\/permbledhja.com\/wp-content\/uploads\/2021\/12\/07-Press-Logo.jpg","width":512,"height":512,"caption":"MK Media & Pr"},"image":{"@id":"https:\/\/permbledhja.com\/#\/schema\/logo\/image\/"},"sameAs":["https:\/\/www.facebook.com\/press07\/"]},{"@type":"Person","@id":"https:\/\/permbledhja.com\/#\/schema\/person\/d23f13f59b5722643933d6780783acf3","name":"M M","image":{"@type":"ImageObject","inLanguage":"sq","@id":"https:\/\/permbledhja.com\/#\/schema\/person\/image\/","url":"https:\/\/secure.gravatar.com\/avatar\/e2835a76ca7c31a2416b2d51c4ec9a8f?s=96&d=mm&r=g","contentUrl":"https:\/\/secure.gravatar.com\/avatar\/e2835a76ca7c31a2416b2d51c4ec9a8f?s=96&d=mm&r=g","caption":"M M"},"sameAs":["http:\/\/MM"],"url":"https:\/\/permbledhja.com\/sq\/author\/muhamet\/"}]}},"_links":{"self":[{"href":"https:\/\/permbledhja.com\/sq\/wp-json\/wp\/v2\/posts\/53318"}],"collection":[{"href":"https:\/\/permbledhja.com\/sq\/wp-json\/wp\/v2\/posts"}],"about":[{"href":"https:\/\/permbledhja.com\/sq\/wp-json\/wp\/v2\/types\/post"}],"author":[{"embeddable":true,"href":"https:\/\/permbledhja.com\/sq\/wp-json\/wp\/v2\/users\/2"}],"replies":[{"embeddable":true,"href":"https:\/\/permbledhja.com\/sq\/wp-json\/wp\/v2\/comments?post=53318"}],"version-history":[{"count":1,"href":"https:\/\/permbledhja.com\/sq\/wp-json\/wp\/v2\/posts\/53318\/revisions"}],"predecessor-version":[{"id":53320,"href":"https:\/\/permbledhja.com\/sq\/wp-json\/wp\/v2\/posts\/53318\/revisions\/53320"}],"wp:featuredmedia":[{"embeddable":true,"href":"https:\/\/permbledhja.com\/sq\/wp-json\/wp\/v2\/media\/53319"}],"wp:attachment":[{"href":"https:\/\/permbledhja.com\/sq\/wp-json\/wp\/v2\/media?parent=53318"}],"wp:term":[{"taxonomy":"category","embeddable":true,"href":"https:\/\/permbledhja.com\/sq\/wp-json\/wp\/v2\/categories?post=53318"},{"taxonomy":"post_tag","embeddable":true,"href":"https:\/\/permbledhja.com\/sq\/wp-json\/wp\/v2\/tags?post=53318"}],"curies":[{"name":"wp","href":"https:\/\/api.w.org\/{rel}","templated":true}]}}