{"id":52963,"date":"2024-03-19T14:50:33","date_gmt":"2024-03-19T14:50:33","guid":{"rendered":"https:\/\/permbledhja.com\/?p=52963"},"modified":"2024-03-19T14:50:33","modified_gmt":"2024-03-19T14:50:33","slug":"roth-reagon-pas-kercenimeve-te-presidentit-serb-serbia-ne-krye-me-vuciqin-smund-te-hyje-ne-be","status":"publish","type":"post","link":"https:\/\/permbledhja.com\/sq\/roth-reagon-pas-kercenimeve-te-presidentit-serb-serbia-ne-krye-me-vuciqin-smund-te-hyje-ne-be\/","title":{"rendered":"Roth reagon pas k\u00ebrc\u00ebnimeve t\u00eb Presidentit serb: Serbia n\u00eb krye me Vu\u00e7iqin s\u2019mund t\u00eb hyj\u00eb n\u00eb BE"},"content":{"rendered":"<h3>Presidenti serb, Aleksandar Vu\u00e7iq, s\u00eb fundi tentoi t\u00eb b\u00ebj\u00eb t\u00eb zgjedh\u00eb Per\u00ebndimin mes Kosov\u00ebs dhe Serbis\u00eb.<\/h3>\n<p>N\u00eb nj\u00eb paraqitje t\u00eb djeshme n\u00eb nj\u00eb akademi, Vu\u00e7iq la t\u00eb kuptoj\u00eb se n\u00ebse Per\u00ebndimi zgjedh Kosov\u00ebn, do ta shfryt\u00ebzojn\u00eb rastin, \u201cndryshe si\u00e7 p\u00ebrjetuan n\u00eb 25 vjet m\u00eb par\u00eb\u201d. Nj\u00eb deklarat\u00eb q\u00eb u pa si k\u00ebrc\u00ebnim direkt p\u00ebr Kosov\u00ebn.<\/p>\n<p>Kryetari i Komisionit t\u00eb Jasht\u00ebm t\u00eb Bundestagut gjerman, Michael Roth, ia ka kujtuar presidentit serb se \u00e7ka n\u00ebnkupton perspektiva e an\u00ebtar\u00ebsimit n\u00eb Bashkimin Europian. Ai i dha t\u00eb drejt\u00eb Vu\u00e7iqit vet\u00ebm n\u00eb at\u00eb se Serbia s\u2019mund t\u00eb hyj\u00eb n\u00eb BE derisa ai e udh\u00ebheq.<\/p>\n<p>\u201cPresidenti Vu\u00e7iq keqkuptoi di\u00e7ka. Perspektiva e an\u00ebtar\u00ebsimit n\u00eb BE nuk vlen vet\u00ebm p\u00ebr Serbin\u00eb, por p\u00ebr t\u00eb gjitha shtetet e Ballkanit Per\u00ebndimor, p\u00ebrfshir\u00eb Kosov\u00ebn. Nuk ka gj\u00eb t\u00eb till\u00eb si \u201cose Serbia ose Kosova\u201d. Por Vu\u00e7iq ka t\u00eb drejt\u00eb, me t\u00eb n\u00eb krye nuk ka asnj\u00eb m\u00ebnyr\u00eb q\u00eb Serbia t\u00eb hyj\u00eb n\u00eb BE\u201d, ka shkruar Roth n\u00eb n\u00eb nj\u00eb postim n\u00eb X.<\/p>\n","protected":false},"excerpt":{"rendered":"<p>Presidenti serb, Aleksandar Vu\u00e7iq, s\u00eb fundi tentoi t\u00eb b\u00ebj\u00eb t\u00eb zgjedh\u00eb Per\u00ebndimin mes Kosov\u00ebs dhe Serbis\u00eb. N\u00eb nj\u00eb paraqitje t\u00eb djeshme n\u00eb nj\u00eb akademi, Vu\u00e7iq la t\u00eb kuptoj\u00eb se n\u00ebse Per\u00ebndimi zgjedh Kosov\u00ebn, do ta shfryt\u00ebzojn\u00eb rastin, \u201cndryshe si\u00e7 p\u00ebrjetuan n\u00eb 25 vjet m\u00eb par\u00eb\u201d. Nj\u00eb deklarat\u00eb q\u00eb u pa si k\u00ebrc\u00ebnim direkt p\u00ebr Kosov\u00ebn. [&hellip;]<\/p>\n","protected":false},"author":5,"featured_media":52964,"comment_status":"closed","ping_status":"closed","sticky":false,"template":"","format":"standard","meta":{"_monsterinsights_skip_tracking":false,"_monsterinsights_sitenote_active":false,"_monsterinsights_sitenote_note":"","_monsterinsights_sitenote_category":0,"_uf_show_specific_survey":0,"_uf_disable_surveys":false,"footnotes":""},"categories":[15],"tags":[],"yoast_head":"<!-- This site is optimized with the Yoast SEO plugin v21.5 - https:\/\/yoast.com\/wordpress\/plugins\/seo\/ -->\n<title>Roth reagon pas k\u00ebrc\u00ebnimeve t\u00eb Presidentit serb: Serbia n\u00eb krye me Vu\u00e7iqin s\u2019mund t\u00eb hyj\u00eb n\u00eb BE<\/title>\n<meta name=\"robots\" content=\"index, follow, max-snippet:-1, max-image-preview:large, max-video-preview:-1\" \/>\n<link rel=\"canonical\" href=\"https:\/\/permbledhja.com\/sq\/roth-reagon-pas-kercenimeve-te-presidentit-serb-serbia-ne-krye-me-vuciqin-smund-te-hyje-ne-be\/\" \/>\n<meta property=\"og:locale\" content=\"sq_AL\" \/>\n<meta property=\"og:type\" content=\"article\" \/>\n<meta property=\"og:title\" content=\"Roth reagon pas k\u00ebrc\u00ebnimeve t\u00eb Presidentit serb: Serbia n\u00eb krye me Vu\u00e7iqin s\u2019mund t\u00eb hyj\u00eb n\u00eb BE\" \/>\n<meta property=\"og:description\" content=\"Presidenti serb, Aleksandar Vu\u00e7iq, s\u00eb fundi tentoi t\u00eb b\u00ebj\u00eb t\u00eb zgjedh\u00eb Per\u00ebndimin mes Kosov\u00ebs dhe Serbis\u00eb. N\u00eb nj\u00eb paraqitje t\u00eb djeshme n\u00eb nj\u00eb akademi, Vu\u00e7iq la t\u00eb kuptoj\u00eb se n\u00ebse Per\u00ebndimi zgjedh Kosov\u00ebn, do ta shfryt\u00ebzojn\u00eb rastin, \u201cndryshe si\u00e7 p\u00ebrjetuan n\u00eb 25 vjet m\u00eb par\u00eb\u201d. Nj\u00eb deklarat\u00eb q\u00eb u pa si k\u00ebrc\u00ebnim direkt p\u00ebr Kosov\u00ebn. [&hellip;]\" \/>\n<meta property=\"og:url\" content=\"https:\/\/permbledhja.com\/sq\/roth-reagon-pas-kercenimeve-te-presidentit-serb-serbia-ne-krye-me-vuciqin-smund-te-hyje-ne-be\/\" \/>\n<meta property=\"og:site_name\" content=\"Ve\u00e7 artikuj p\u00ebrmbledh\u00ebs\" \/>\n<meta property=\"article:publisher\" content=\"https:\/\/www.facebook.com\/press07\/\" \/>\n<meta property=\"article:published_time\" content=\"2024-03-19T14:50:33+00:00\" \/>\n<meta property=\"og:image\" content=\"https:\/\/permbledhja.com\/wp-content\/uploads\/2024\/03\/roth.jpg\" \/>\n\t<meta property=\"og:image:width\" content=\"600\" \/>\n\t<meta property=\"og:image:height\" content=\"360\" \/>\n\t<meta property=\"og:image:type\" content=\"image\/jpeg\" \/>\n<meta name=\"author\" content=\"DL\" \/>\n<meta name=\"twitter:card\" content=\"summary_large_image\" \/>\n<meta name=\"twitter:label1\" content=\"Written by\" \/>\n\t<meta name=\"twitter:data1\" content=\"DL\" \/>\n\t<meta name=\"twitter:label2\" content=\"Est. reading time\" \/>\n\t<meta name=\"twitter:data2\" content=\"1 minut\u00eb\" \/>\n<script type=\"application\/ld+json\" class=\"yoast-schema-graph\">{\"@context\":\"https:\/\/schema.org\",\"@graph\":[{\"@type\":\"Article\",\"@id\":\"https:\/\/permbledhja.com\/sq\/roth-reagon-pas-kercenimeve-te-presidentit-serb-serbia-ne-krye-me-vuciqin-smund-te-hyje-ne-be\/#article\",\"isPartOf\":{\"@id\":\"https:\/\/permbledhja.com\/sq\/roth-reagon-pas-kercenimeve-te-presidentit-serb-serbia-ne-krye-me-vuciqin-smund-te-hyje-ne-be\/\"},\"author\":{\"name\":\"DL\",\"@id\":\"https:\/\/permbledhja.com\/#\/schema\/person\/9c54260cbc4c6f792cb100550491638c\"},\"headline\":\"Roth reagon pas k\u00ebrc\u00ebnimeve t\u00eb Presidentit serb: Serbia n\u00eb krye me Vu\u00e7iqin s\u2019mund t\u00eb hyj\u00eb n\u00eb BE\",\"datePublished\":\"2024-03-19T14:50:33+00:00\",\"dateModified\":\"2024-03-19T14:50:33+00:00\",\"mainEntityOfPage\":{\"@id\":\"https:\/\/permbledhja.com\/sq\/roth-reagon-pas-kercenimeve-te-presidentit-serb-serbia-ne-krye-me-vuciqin-smund-te-hyje-ne-be\/\"},\"wordCount\":215,\"publisher\":{\"@id\":\"https:\/\/permbledhja.com\/#organization\"},\"articleSection\":[\"Lajme\"],\"inLanguage\":\"sq\"},{\"@type\":\"WebPage\",\"@id\":\"https:\/\/permbledhja.com\/sq\/roth-reagon-pas-kercenimeve-te-presidentit-serb-serbia-ne-krye-me-vuciqin-smund-te-hyje-ne-be\/\",\"url\":\"https:\/\/permbledhja.com\/sq\/roth-reagon-pas-kercenimeve-te-presidentit-serb-serbia-ne-krye-me-vuciqin-smund-te-hyje-ne-be\/\",\"name\":\"Roth reagon pas k\u00ebrc\u00ebnimeve t\u00eb Presidentit serb: Serbia n\u00eb krye me Vu\u00e7iqin s\u2019mund t\u00eb hyj\u00eb n\u00eb BE\",\"isPartOf\":{\"@id\":\"https:\/\/permbledhja.com\/#website\"},\"datePublished\":\"2024-03-19T14:50:33+00:00\",\"dateModified\":\"2024-03-19T14:50:33+00:00\",\"breadcrumb\":{\"@id\":\"https:\/\/permbledhja.com\/sq\/roth-reagon-pas-kercenimeve-te-presidentit-serb-serbia-ne-krye-me-vuciqin-smund-te-hyje-ne-be\/#breadcrumb\"},\"inLanguage\":\"sq\",\"potentialAction\":[{\"@type\":\"ReadAction\",\"target\":[\"https:\/\/permbledhja.com\/sq\/roth-reagon-pas-kercenimeve-te-presidentit-serb-serbia-ne-krye-me-vuciqin-smund-te-hyje-ne-be\/\"]}]},{\"@type\":\"BreadcrumbList\",\"@id\":\"https:\/\/permbledhja.com\/sq\/roth-reagon-pas-kercenimeve-te-presidentit-serb-serbia-ne-krye-me-vuciqin-smund-te-hyje-ne-be\/#breadcrumb\",\"itemListElement\":[{\"@type\":\"ListItem\",\"position\":1,\"name\":\"Ballina\",\"item\":\"https:\/\/permbledhja.com\/sq\/\"},{\"@type\":\"ListItem\",\"position\":2,\"name\":\"Roth reagon pas k\u00ebrc\u00ebnimeve t\u00eb Presidentit serb: Serbia n\u00eb krye me Vu\u00e7iqin s\u2019mund t\u00eb hyj\u00eb n\u00eb BE\"}]},{\"@type\":\"WebSite\",\"@id\":\"https:\/\/permbledhja.com\/#website\",\"url\":\"https:\/\/permbledhja.com\/\",\"name\":\"Ve\u00e7 artikuj p\u00ebrmbledh\u00ebs\",\"description\":\"\",\"publisher\":{\"@id\":\"https:\/\/permbledhja.com\/#organization\"},\"potentialAction\":[{\"@type\":\"SearchAction\",\"target\":{\"@type\":\"EntryPoint\",\"urlTemplate\":\"https:\/\/permbledhja.com\/?s={search_term_string}\"},\"query-input\":\"required name=search_term_string\"}],\"inLanguage\":\"sq\"},{\"@type\":\"Organization\",\"@id\":\"https:\/\/permbledhja.com\/#organization\",\"name\":\"MK Media & Pr\",\"url\":\"https:\/\/permbledhja.com\/\",\"logo\":{\"@type\":\"ImageObject\",\"inLanguage\":\"sq\",\"@id\":\"https:\/\/permbledhja.com\/#\/schema\/logo\/image\/\",\"url\":\"https:\/\/permbledhja.com\/wp-content\/uploads\/2021\/12\/07-Press-Logo.jpg\",\"contentUrl\":\"https:\/\/permbledhja.com\/wp-content\/uploads\/2021\/12\/07-Press-Logo.jpg\",\"width\":512,\"height\":512,\"caption\":\"MK Media & Pr\"},\"image\":{\"@id\":\"https:\/\/permbledhja.com\/#\/schema\/logo\/image\/\"},\"sameAs\":[\"https:\/\/www.facebook.com\/press07\/\"]},{\"@type\":\"Person\",\"@id\":\"https:\/\/permbledhja.com\/#\/schema\/person\/9c54260cbc4c6f792cb100550491638c\",\"name\":\"DL\",\"image\":{\"@type\":\"ImageObject\",\"inLanguage\":\"sq\",\"@id\":\"https:\/\/permbledhja.com\/#\/schema\/person\/image\/\",\"url\":\"https:\/\/secure.gravatar.com\/avatar\/94503eb28d4c4b2005a5c8753e35fc80?s=96&d=mm&r=g\",\"contentUrl\":\"https:\/\/secure.gravatar.com\/avatar\/94503eb28d4c4b2005a5c8753e35fc80?s=96&d=mm&r=g\",\"caption\":\"DL\"},\"url\":\"https:\/\/permbledhja.com\/sq\/author\/dl\/\"}]}<\/script>\n<!-- \/ Yoast SEO plugin. -->","yoast_head_json":{"title":"Roth reagon pas k\u00ebrc\u00ebnimeve t\u00eb Presidentit serb: Serbia n\u00eb krye me Vu\u00e7iqin s\u2019mund t\u00eb hyj\u00eb n\u00eb BE","robots":{"index":"index","follow":"follow","max-snippet":"max-snippet:-1","max-image-preview":"max-image-preview:large","max-video-preview":"max-video-preview:-1"},"canonical":"https:\/\/permbledhja.com\/sq\/roth-reagon-pas-kercenimeve-te-presidentit-serb-serbia-ne-krye-me-vuciqin-smund-te-hyje-ne-be\/","og_locale":"sq_AL","og_type":"article","og_title":"Roth reagon pas k\u00ebrc\u00ebnimeve t\u00eb Presidentit serb: Serbia n\u00eb krye me Vu\u00e7iqin s\u2019mund t\u00eb hyj\u00eb n\u00eb BE","og_description":"Presidenti serb, Aleksandar Vu\u00e7iq, s\u00eb fundi tentoi t\u00eb b\u00ebj\u00eb t\u00eb zgjedh\u00eb Per\u00ebndimin mes Kosov\u00ebs dhe Serbis\u00eb. N\u00eb nj\u00eb paraqitje t\u00eb djeshme n\u00eb nj\u00eb akademi, Vu\u00e7iq la t\u00eb kuptoj\u00eb se n\u00ebse Per\u00ebndimi zgjedh Kosov\u00ebn, do ta shfryt\u00ebzojn\u00eb rastin, \u201cndryshe si\u00e7 p\u00ebrjetuan n\u00eb 25 vjet m\u00eb par\u00eb\u201d. Nj\u00eb deklarat\u00eb q\u00eb u pa si k\u00ebrc\u00ebnim direkt p\u00ebr Kosov\u00ebn. [&hellip;]","og_url":"https:\/\/permbledhja.com\/sq\/roth-reagon-pas-kercenimeve-te-presidentit-serb-serbia-ne-krye-me-vuciqin-smund-te-hyje-ne-be\/","og_site_name":"Ve\u00e7 artikuj p\u00ebrmbledh\u00ebs","article_publisher":"https:\/\/www.facebook.com\/press07\/","article_published_time":"2024-03-19T14:50:33+00:00","og_image":[{"width":600,"height":360,"url":"https:\/\/permbledhja.com\/wp-content\/uploads\/2024\/03\/roth.jpg","type":"image\/jpeg"}],"author":"DL","twitter_card":"summary_large_image","twitter_misc":{"Written by":"DL","Est. reading time":"1 minut\u00eb"},"schema":{"@context":"https:\/\/schema.org","@graph":[{"@type":"Article","@id":"https:\/\/permbledhja.com\/sq\/roth-reagon-pas-kercenimeve-te-presidentit-serb-serbia-ne-krye-me-vuciqin-smund-te-hyje-ne-be\/#article","isPartOf":{"@id":"https:\/\/permbledhja.com\/sq\/roth-reagon-pas-kercenimeve-te-presidentit-serb-serbia-ne-krye-me-vuciqin-smund-te-hyje-ne-be\/"},"author":{"name":"DL","@id":"https:\/\/permbledhja.com\/#\/schema\/person\/9c54260cbc4c6f792cb100550491638c"},"headline":"Roth reagon pas k\u00ebrc\u00ebnimeve t\u00eb Presidentit serb: Serbia n\u00eb krye me Vu\u00e7iqin s\u2019mund t\u00eb hyj\u00eb n\u00eb BE","datePublished":"2024-03-19T14:50:33+00:00","dateModified":"2024-03-19T14:50:33+00:00","mainEntityOfPage":{"@id":"https:\/\/permbledhja.com\/sq\/roth-reagon-pas-kercenimeve-te-presidentit-serb-serbia-ne-krye-me-vuciqin-smund-te-hyje-ne-be\/"},"wordCount":215,"publisher":{"@id":"https:\/\/permbledhja.com\/#organization"},"articleSection":["Lajme"],"inLanguage":"sq"},{"@type":"WebPage","@id":"https:\/\/permbledhja.com\/sq\/roth-reagon-pas-kercenimeve-te-presidentit-serb-serbia-ne-krye-me-vuciqin-smund-te-hyje-ne-be\/","url":"https:\/\/permbledhja.com\/sq\/roth-reagon-pas-kercenimeve-te-presidentit-serb-serbia-ne-krye-me-vuciqin-smund-te-hyje-ne-be\/","name":"Roth reagon pas k\u00ebrc\u00ebnimeve t\u00eb Presidentit serb: Serbia n\u00eb krye me Vu\u00e7iqin s\u2019mund t\u00eb hyj\u00eb n\u00eb BE","isPartOf":{"@id":"https:\/\/permbledhja.com\/#website"},"datePublished":"2024-03-19T14:50:33+00:00","dateModified":"2024-03-19T14:50:33+00:00","breadcrumb":{"@id":"https:\/\/permbledhja.com\/sq\/roth-reagon-pas-kercenimeve-te-presidentit-serb-serbia-ne-krye-me-vuciqin-smund-te-hyje-ne-be\/#breadcrumb"},"inLanguage":"sq","potentialAction":[{"@type":"ReadAction","target":["https:\/\/permbledhja.com\/sq\/roth-reagon-pas-kercenimeve-te-presidentit-serb-serbia-ne-krye-me-vuciqin-smund-te-hyje-ne-be\/"]}]},{"@type":"BreadcrumbList","@id":"https:\/\/permbledhja.com\/sq\/roth-reagon-pas-kercenimeve-te-presidentit-serb-serbia-ne-krye-me-vuciqin-smund-te-hyje-ne-be\/#breadcrumb","itemListElement":[{"@type":"ListItem","position":1,"name":"Ballina","item":"https:\/\/permbledhja.com\/sq\/"},{"@type":"ListItem","position":2,"name":"Roth reagon pas k\u00ebrc\u00ebnimeve t\u00eb Presidentit serb: Serbia n\u00eb krye me Vu\u00e7iqin s\u2019mund t\u00eb hyj\u00eb n\u00eb BE"}]},{"@type":"WebSite","@id":"https:\/\/permbledhja.com\/#website","url":"https:\/\/permbledhja.com\/","name":"Ve\u00e7 artikuj p\u00ebrmbledh\u00ebs","description":"","publisher":{"@id":"https:\/\/permbledhja.com\/#organization"},"potentialAction":[{"@type":"SearchAction","target":{"@type":"EntryPoint","urlTemplate":"https:\/\/permbledhja.com\/?s={search_term_string}"},"query-input":"required name=search_term_string"}],"inLanguage":"sq"},{"@type":"Organization","@id":"https:\/\/permbledhja.com\/#organization","name":"MK Media & Pr","url":"https:\/\/permbledhja.com\/","logo":{"@type":"ImageObject","inLanguage":"sq","@id":"https:\/\/permbledhja.com\/#\/schema\/logo\/image\/","url":"https:\/\/permbledhja.com\/wp-content\/uploads\/2021\/12\/07-Press-Logo.jpg","contentUrl":"https:\/\/permbledhja.com\/wp-content\/uploads\/2021\/12\/07-Press-Logo.jpg","width":512,"height":512,"caption":"MK Media & Pr"},"image":{"@id":"https:\/\/permbledhja.com\/#\/schema\/logo\/image\/"},"sameAs":["https:\/\/www.facebook.com\/press07\/"]},{"@type":"Person","@id":"https:\/\/permbledhja.com\/#\/schema\/person\/9c54260cbc4c6f792cb100550491638c","name":"DL","image":{"@type":"ImageObject","inLanguage":"sq","@id":"https:\/\/permbledhja.com\/#\/schema\/person\/image\/","url":"https:\/\/secure.gravatar.com\/avatar\/94503eb28d4c4b2005a5c8753e35fc80?s=96&d=mm&r=g","contentUrl":"https:\/\/secure.gravatar.com\/avatar\/94503eb28d4c4b2005a5c8753e35fc80?s=96&d=mm&r=g","caption":"DL"},"url":"https:\/\/permbledhja.com\/sq\/author\/dl\/"}]}},"_links":{"self":[{"href":"https:\/\/permbledhja.com\/sq\/wp-json\/wp\/v2\/posts\/52963"}],"collection":[{"href":"https:\/\/permbledhja.com\/sq\/wp-json\/wp\/v2\/posts"}],"about":[{"href":"https:\/\/permbledhja.com\/sq\/wp-json\/wp\/v2\/types\/post"}],"author":[{"embeddable":true,"href":"https:\/\/permbledhja.com\/sq\/wp-json\/wp\/v2\/users\/5"}],"replies":[{"embeddable":true,"href":"https:\/\/permbledhja.com\/sq\/wp-json\/wp\/v2\/comments?post=52963"}],"version-history":[{"count":1,"href":"https:\/\/permbledhja.com\/sq\/wp-json\/wp\/v2\/posts\/52963\/revisions"}],"predecessor-version":[{"id":52967,"href":"https:\/\/permbledhja.com\/sq\/wp-json\/wp\/v2\/posts\/52963\/revisions\/52967"}],"wp:featuredmedia":[{"embeddable":true,"href":"https:\/\/permbledhja.com\/sq\/wp-json\/wp\/v2\/media\/52964"}],"wp:attachment":[{"href":"https:\/\/permbledhja.com\/sq\/wp-json\/wp\/v2\/media?parent=52963"}],"wp:term":[{"taxonomy":"category","embeddable":true,"href":"https:\/\/permbledhja.com\/sq\/wp-json\/wp\/v2\/categories?post=52963"},{"taxonomy":"post_tag","embeddable":true,"href":"https:\/\/permbledhja.com\/sq\/wp-json\/wp\/v2\/tags?post=52963"}],"curies":[{"name":"wp","href":"https:\/\/api.w.org\/{rel}","templated":true}]}}