{"id":52915,"date":"2024-03-19T08:54:59","date_gmt":"2024-03-19T08:54:59","guid":{"rendered":"https:\/\/permbledhja.com\/?p=52915"},"modified":"2024-03-19T08:54:59","modified_gmt":"2024-03-19T08:54:59","slug":"vdes-ish-gazetari-dhe-zyrtari-i-mpj-se-arben-rugova","status":"publish","type":"post","link":"https:\/\/permbledhja.com\/sq\/vdes-ish-gazetari-dhe-zyrtari-i-mpj-se-arben-rugova\/","title":{"rendered":"Vdes ish-gazetari dhe zyrtari i MPJ-s\u00eb, Arben Rugova"},"content":{"rendered":"<p style=\"box-sizing: border-box; margin-bottom: 15px; font-size: 15px; line-height: 26px; letter-spacing: -0.2px; font-family: Raleway-Regular, sans-serif; color: #212529;\"><span style=\"box-sizing: border-box; font-weight: bolder;\">Ka vdekur dje, ish-gazetari dhe zyrtari i Ministris\u00eb s\u00eb Pun\u00ebve t\u00eb Jashtme, Arben Rugova.<\/span><\/p>\n<p style=\"box-sizing: border-box; margin-bottom: 15px; font-size: 15px; line-height: 26px; letter-spacing: -0.2px; font-family: Raleway-Regular, sans-serif; color: #212529;\">P\u00ebr vdekjen e tij ka njoftuar familjari Ragip Rugova. \u00a0Ai do t\u00eb varroset t\u00eb enjten n\u00eb Plav\u00eb t\u00eb Malit t\u00eb Zi.<\/p>\n<p><span style=\"color: #212529; font-family: Raleway-Regular, sans-serif; font-size: 15px; letter-spacing: -0.2px;\">Me zem\u00ebr t\u00eb thyer njoftojm\u00eb se t\u00eb h\u00ebn\u00ebn\u00a0 me dat\u00ebn 18 mars 2024 n\u00eb mosh\u00ebn 52 vje\u00e7 ndrroi jet\u00eb i yni, Arben (Jakup) Rugova. Varrimin e kryejm\u00eb t\u00eb enjt\u00ebn me 21 mars n\u00eb ora 15:00 n\u00eb fshatin e vendlindjes Hakaj, komuna Plav\u00eb \u2013 Mali Zi. Ngush\u00ebllimet i pranojm\u00eb t\u00eb premten, 22 mars n\u00eb sht\u00ebpi t\u00eb lindjes po n\u00eb Hakaj, kurse n\u00eb Prishtin\u00eb t\u00eb dielen me dat\u00ebn 24 mars n\u00eb Hotel Grand prej or\u00ebs 9 deri n\u00eb or\u00ebn 17:00 Arbeni u trash\u00ebgua nga bashk\u00ebshortja Mina, djali Rioni dhe vajza Sena T\u00eb piklluarit: Babai Jakupi, bashk\u00ebshortja Mina, e bija Sena, i biri Rioni, motrat Selvija, Sofija dhe Arbnorja me familje, v\u00ebllai Agroni me familje si dhe familja dhe farefisi i gj\u00ebr\u00eb\u201d, thuhet n\u00eb njoftim.<\/span><\/p>\n","protected":false},"excerpt":{"rendered":"<p>Ka vdekur dje, ish-gazetari dhe zyrtari i Ministris\u00eb s\u00eb Pun\u00ebve t\u00eb Jashtme, Arben Rugova. P\u00ebr vdekjen e tij ka njoftuar familjari Ragip Rugova. \u00a0Ai do t\u00eb varroset t\u00eb enjten n\u00eb Plav\u00eb t\u00eb Malit t\u00eb Zi. Me zem\u00ebr t\u00eb thyer njoftojm\u00eb se t\u00eb h\u00ebn\u00ebn\u00a0 me dat\u00ebn 18 mars 2024 n\u00eb mosh\u00ebn 52 vje\u00e7 ndrroi jet\u00eb i [&hellip;]<\/p>\n","protected":false},"author":5,"featured_media":52916,"comment_status":"closed","ping_status":"closed","sticky":false,"template":"","format":"standard","meta":{"_monsterinsights_skip_tracking":false,"_monsterinsights_sitenote_active":false,"_monsterinsights_sitenote_note":"","_monsterinsights_sitenote_category":0,"_uf_show_specific_survey":0,"_uf_disable_surveys":false,"footnotes":""},"categories":[15],"tags":[],"yoast_head":"<!-- This site is optimized with the Yoast SEO plugin v21.5 - https:\/\/yoast.com\/wordpress\/plugins\/seo\/ -->\n<title>Vdes ish-gazetari dhe zyrtari i MPJ-s\u00eb, Arben Rugova<\/title>\n<meta name=\"robots\" content=\"index, follow, max-snippet:-1, max-image-preview:large, max-video-preview:-1\" \/>\n<link rel=\"canonical\" href=\"https:\/\/permbledhja.com\/sq\/vdes-ish-gazetari-dhe-zyrtari-i-mpj-se-arben-rugova\/\" \/>\n<meta property=\"og:locale\" content=\"sq_AL\" \/>\n<meta property=\"og:type\" content=\"article\" \/>\n<meta property=\"og:title\" content=\"Vdes ish-gazetari dhe zyrtari i MPJ-s\u00eb, Arben Rugova\" \/>\n<meta property=\"og:description\" content=\"Ka vdekur dje, ish-gazetari dhe zyrtari i Ministris\u00eb s\u00eb Pun\u00ebve t\u00eb Jashtme, Arben Rugova. P\u00ebr vdekjen e tij ka njoftuar familjari Ragip Rugova. \u00a0Ai do t\u00eb varroset t\u00eb enjten n\u00eb Plav\u00eb t\u00eb Malit t\u00eb Zi. Me zem\u00ebr t\u00eb thyer njoftojm\u00eb se t\u00eb h\u00ebn\u00ebn\u00a0 me dat\u00ebn 18 mars 2024 n\u00eb mosh\u00ebn 52 vje\u00e7 ndrroi jet\u00eb i [&hellip;]\" \/>\n<meta property=\"og:url\" content=\"https:\/\/permbledhja.com\/sq\/vdes-ish-gazetari-dhe-zyrtari-i-mpj-se-arben-rugova\/\" \/>\n<meta property=\"og:site_name\" content=\"Ve\u00e7 artikuj p\u00ebrmbledh\u00ebs\" \/>\n<meta property=\"article:publisher\" content=\"https:\/\/www.facebook.com\/press07\/\" \/>\n<meta property=\"article:published_time\" content=\"2024-03-19T08:54:59+00:00\" \/>\n<meta property=\"og:image\" content=\"https:\/\/permbledhja.com\/wp-content\/uploads\/2024\/03\/Screenshot_20240319-095216_Chrome.jpg\" \/>\n\t<meta property=\"og:image:width\" content=\"935\" \/>\n\t<meta property=\"og:image:height\" content=\"558\" \/>\n\t<meta property=\"og:image:type\" content=\"image\/jpeg\" \/>\n<meta name=\"author\" content=\"DL\" \/>\n<meta name=\"twitter:card\" content=\"summary_large_image\" \/>\n<meta name=\"twitter:label1\" content=\"Written by\" \/>\n\t<meta name=\"twitter:data1\" content=\"DL\" \/>\n\t<meta name=\"twitter:label2\" content=\"Est. reading time\" \/>\n\t<meta name=\"twitter:data2\" content=\"1 minut\u00eb\" \/>\n<script type=\"application\/ld+json\" class=\"yoast-schema-graph\">{\"@context\":\"https:\/\/schema.org\",\"@graph\":[{\"@type\":\"Article\",\"@id\":\"https:\/\/permbledhja.com\/sq\/vdes-ish-gazetari-dhe-zyrtari-i-mpj-se-arben-rugova\/#article\",\"isPartOf\":{\"@id\":\"https:\/\/permbledhja.com\/sq\/vdes-ish-gazetari-dhe-zyrtari-i-mpj-se-arben-rugova\/\"},\"author\":{\"name\":\"DL\",\"@id\":\"https:\/\/permbledhja.com\/#\/schema\/person\/9c54260cbc4c6f792cb100550491638c\"},\"headline\":\"Vdes ish-gazetari dhe zyrtari i MPJ-s\u00eb, Arben Rugova\",\"datePublished\":\"2024-03-19T08:54:59+00:00\",\"dateModified\":\"2024-03-19T08:54:59+00:00\",\"mainEntityOfPage\":{\"@id\":\"https:\/\/permbledhja.com\/sq\/vdes-ish-gazetari-dhe-zyrtari-i-mpj-se-arben-rugova\/\"},\"wordCount\":173,\"publisher\":{\"@id\":\"https:\/\/permbledhja.com\/#organization\"},\"articleSection\":[\"Lajme\"],\"inLanguage\":\"sq\"},{\"@type\":\"WebPage\",\"@id\":\"https:\/\/permbledhja.com\/sq\/vdes-ish-gazetari-dhe-zyrtari-i-mpj-se-arben-rugova\/\",\"url\":\"https:\/\/permbledhja.com\/sq\/vdes-ish-gazetari-dhe-zyrtari-i-mpj-se-arben-rugova\/\",\"name\":\"Vdes ish-gazetari dhe zyrtari i MPJ-s\u00eb, Arben Rugova\",\"isPartOf\":{\"@id\":\"https:\/\/permbledhja.com\/#website\"},\"datePublished\":\"2024-03-19T08:54:59+00:00\",\"dateModified\":\"2024-03-19T08:54:59+00:00\",\"breadcrumb\":{\"@id\":\"https:\/\/permbledhja.com\/sq\/vdes-ish-gazetari-dhe-zyrtari-i-mpj-se-arben-rugova\/#breadcrumb\"},\"inLanguage\":\"sq\",\"potentialAction\":[{\"@type\":\"ReadAction\",\"target\":[\"https:\/\/permbledhja.com\/sq\/vdes-ish-gazetari-dhe-zyrtari-i-mpj-se-arben-rugova\/\"]}]},{\"@type\":\"BreadcrumbList\",\"@id\":\"https:\/\/permbledhja.com\/sq\/vdes-ish-gazetari-dhe-zyrtari-i-mpj-se-arben-rugova\/#breadcrumb\",\"itemListElement\":[{\"@type\":\"ListItem\",\"position\":1,\"name\":\"Ballina\",\"item\":\"https:\/\/permbledhja.com\/sq\/\"},{\"@type\":\"ListItem\",\"position\":2,\"name\":\"Vdes ish-gazetari dhe zyrtari i MPJ-s\u00eb, Arben Rugova\"}]},{\"@type\":\"WebSite\",\"@id\":\"https:\/\/permbledhja.com\/#website\",\"url\":\"https:\/\/permbledhja.com\/\",\"name\":\"Ve\u00e7 artikuj p\u00ebrmbledh\u00ebs\",\"description\":\"\",\"publisher\":{\"@id\":\"https:\/\/permbledhja.com\/#organization\"},\"potentialAction\":[{\"@type\":\"SearchAction\",\"target\":{\"@type\":\"EntryPoint\",\"urlTemplate\":\"https:\/\/permbledhja.com\/?s={search_term_string}\"},\"query-input\":\"required name=search_term_string\"}],\"inLanguage\":\"sq\"},{\"@type\":\"Organization\",\"@id\":\"https:\/\/permbledhja.com\/#organization\",\"name\":\"MK Media & Pr\",\"url\":\"https:\/\/permbledhja.com\/\",\"logo\":{\"@type\":\"ImageObject\",\"inLanguage\":\"sq\",\"@id\":\"https:\/\/permbledhja.com\/#\/schema\/logo\/image\/\",\"url\":\"https:\/\/permbledhja.com\/wp-content\/uploads\/2021\/12\/07-Press-Logo.jpg\",\"contentUrl\":\"https:\/\/permbledhja.com\/wp-content\/uploads\/2021\/12\/07-Press-Logo.jpg\",\"width\":512,\"height\":512,\"caption\":\"MK Media & Pr\"},\"image\":{\"@id\":\"https:\/\/permbledhja.com\/#\/schema\/logo\/image\/\"},\"sameAs\":[\"https:\/\/www.facebook.com\/press07\/\"]},{\"@type\":\"Person\",\"@id\":\"https:\/\/permbledhja.com\/#\/schema\/person\/9c54260cbc4c6f792cb100550491638c\",\"name\":\"DL\",\"image\":{\"@type\":\"ImageObject\",\"inLanguage\":\"sq\",\"@id\":\"https:\/\/permbledhja.com\/#\/schema\/person\/image\/\",\"url\":\"https:\/\/secure.gravatar.com\/avatar\/94503eb28d4c4b2005a5c8753e35fc80?s=96&d=mm&r=g\",\"contentUrl\":\"https:\/\/secure.gravatar.com\/avatar\/94503eb28d4c4b2005a5c8753e35fc80?s=96&d=mm&r=g\",\"caption\":\"DL\"},\"url\":\"https:\/\/permbledhja.com\/sq\/author\/dl\/\"}]}<\/script>\n<!-- \/ Yoast SEO plugin. -->","yoast_head_json":{"title":"Vdes ish-gazetari dhe zyrtari i MPJ-s\u00eb, Arben Rugova","robots":{"index":"index","follow":"follow","max-snippet":"max-snippet:-1","max-image-preview":"max-image-preview:large","max-video-preview":"max-video-preview:-1"},"canonical":"https:\/\/permbledhja.com\/sq\/vdes-ish-gazetari-dhe-zyrtari-i-mpj-se-arben-rugova\/","og_locale":"sq_AL","og_type":"article","og_title":"Vdes ish-gazetari dhe zyrtari i MPJ-s\u00eb, Arben Rugova","og_description":"Ka vdekur dje, ish-gazetari dhe zyrtari i Ministris\u00eb s\u00eb Pun\u00ebve t\u00eb Jashtme, Arben Rugova. P\u00ebr vdekjen e tij ka njoftuar familjari Ragip Rugova. \u00a0Ai do t\u00eb varroset t\u00eb enjten n\u00eb Plav\u00eb t\u00eb Malit t\u00eb Zi. Me zem\u00ebr t\u00eb thyer njoftojm\u00eb se t\u00eb h\u00ebn\u00ebn\u00a0 me dat\u00ebn 18 mars 2024 n\u00eb mosh\u00ebn 52 vje\u00e7 ndrroi jet\u00eb i [&hellip;]","og_url":"https:\/\/permbledhja.com\/sq\/vdes-ish-gazetari-dhe-zyrtari-i-mpj-se-arben-rugova\/","og_site_name":"Ve\u00e7 artikuj p\u00ebrmbledh\u00ebs","article_publisher":"https:\/\/www.facebook.com\/press07\/","article_published_time":"2024-03-19T08:54:59+00:00","og_image":[{"width":935,"height":558,"url":"https:\/\/permbledhja.com\/wp-content\/uploads\/2024\/03\/Screenshot_20240319-095216_Chrome.jpg","type":"image\/jpeg"}],"author":"DL","twitter_card":"summary_large_image","twitter_misc":{"Written by":"DL","Est. reading time":"1 minut\u00eb"},"schema":{"@context":"https:\/\/schema.org","@graph":[{"@type":"Article","@id":"https:\/\/permbledhja.com\/sq\/vdes-ish-gazetari-dhe-zyrtari-i-mpj-se-arben-rugova\/#article","isPartOf":{"@id":"https:\/\/permbledhja.com\/sq\/vdes-ish-gazetari-dhe-zyrtari-i-mpj-se-arben-rugova\/"},"author":{"name":"DL","@id":"https:\/\/permbledhja.com\/#\/schema\/person\/9c54260cbc4c6f792cb100550491638c"},"headline":"Vdes ish-gazetari dhe zyrtari i MPJ-s\u00eb, Arben Rugova","datePublished":"2024-03-19T08:54:59+00:00","dateModified":"2024-03-19T08:54:59+00:00","mainEntityOfPage":{"@id":"https:\/\/permbledhja.com\/sq\/vdes-ish-gazetari-dhe-zyrtari-i-mpj-se-arben-rugova\/"},"wordCount":173,"publisher":{"@id":"https:\/\/permbledhja.com\/#organization"},"articleSection":["Lajme"],"inLanguage":"sq"},{"@type":"WebPage","@id":"https:\/\/permbledhja.com\/sq\/vdes-ish-gazetari-dhe-zyrtari-i-mpj-se-arben-rugova\/","url":"https:\/\/permbledhja.com\/sq\/vdes-ish-gazetari-dhe-zyrtari-i-mpj-se-arben-rugova\/","name":"Vdes ish-gazetari dhe zyrtari i MPJ-s\u00eb, Arben Rugova","isPartOf":{"@id":"https:\/\/permbledhja.com\/#website"},"datePublished":"2024-03-19T08:54:59+00:00","dateModified":"2024-03-19T08:54:59+00:00","breadcrumb":{"@id":"https:\/\/permbledhja.com\/sq\/vdes-ish-gazetari-dhe-zyrtari-i-mpj-se-arben-rugova\/#breadcrumb"},"inLanguage":"sq","potentialAction":[{"@type":"ReadAction","target":["https:\/\/permbledhja.com\/sq\/vdes-ish-gazetari-dhe-zyrtari-i-mpj-se-arben-rugova\/"]}]},{"@type":"BreadcrumbList","@id":"https:\/\/permbledhja.com\/sq\/vdes-ish-gazetari-dhe-zyrtari-i-mpj-se-arben-rugova\/#breadcrumb","itemListElement":[{"@type":"ListItem","position":1,"name":"Ballina","item":"https:\/\/permbledhja.com\/sq\/"},{"@type":"ListItem","position":2,"name":"Vdes ish-gazetari dhe zyrtari i MPJ-s\u00eb, Arben Rugova"}]},{"@type":"WebSite","@id":"https:\/\/permbledhja.com\/#website","url":"https:\/\/permbledhja.com\/","name":"Ve\u00e7 artikuj p\u00ebrmbledh\u00ebs","description":"","publisher":{"@id":"https:\/\/permbledhja.com\/#organization"},"potentialAction":[{"@type":"SearchAction","target":{"@type":"EntryPoint","urlTemplate":"https:\/\/permbledhja.com\/?s={search_term_string}"},"query-input":"required name=search_term_string"}],"inLanguage":"sq"},{"@type":"Organization","@id":"https:\/\/permbledhja.com\/#organization","name":"MK Media & Pr","url":"https:\/\/permbledhja.com\/","logo":{"@type":"ImageObject","inLanguage":"sq","@id":"https:\/\/permbledhja.com\/#\/schema\/logo\/image\/","url":"https:\/\/permbledhja.com\/wp-content\/uploads\/2021\/12\/07-Press-Logo.jpg","contentUrl":"https:\/\/permbledhja.com\/wp-content\/uploads\/2021\/12\/07-Press-Logo.jpg","width":512,"height":512,"caption":"MK Media & Pr"},"image":{"@id":"https:\/\/permbledhja.com\/#\/schema\/logo\/image\/"},"sameAs":["https:\/\/www.facebook.com\/press07\/"]},{"@type":"Person","@id":"https:\/\/permbledhja.com\/#\/schema\/person\/9c54260cbc4c6f792cb100550491638c","name":"DL","image":{"@type":"ImageObject","inLanguage":"sq","@id":"https:\/\/permbledhja.com\/#\/schema\/person\/image\/","url":"https:\/\/secure.gravatar.com\/avatar\/94503eb28d4c4b2005a5c8753e35fc80?s=96&d=mm&r=g","contentUrl":"https:\/\/secure.gravatar.com\/avatar\/94503eb28d4c4b2005a5c8753e35fc80?s=96&d=mm&r=g","caption":"DL"},"url":"https:\/\/permbledhja.com\/sq\/author\/dl\/"}]}},"_links":{"self":[{"href":"https:\/\/permbledhja.com\/sq\/wp-json\/wp\/v2\/posts\/52915"}],"collection":[{"href":"https:\/\/permbledhja.com\/sq\/wp-json\/wp\/v2\/posts"}],"about":[{"href":"https:\/\/permbledhja.com\/sq\/wp-json\/wp\/v2\/types\/post"}],"author":[{"embeddable":true,"href":"https:\/\/permbledhja.com\/sq\/wp-json\/wp\/v2\/users\/5"}],"replies":[{"embeddable":true,"href":"https:\/\/permbledhja.com\/sq\/wp-json\/wp\/v2\/comments?post=52915"}],"version-history":[{"count":1,"href":"https:\/\/permbledhja.com\/sq\/wp-json\/wp\/v2\/posts\/52915\/revisions"}],"predecessor-version":[{"id":52917,"href":"https:\/\/permbledhja.com\/sq\/wp-json\/wp\/v2\/posts\/52915\/revisions\/52917"}],"wp:featuredmedia":[{"embeddable":true,"href":"https:\/\/permbledhja.com\/sq\/wp-json\/wp\/v2\/media\/52916"}],"wp:attachment":[{"href":"https:\/\/permbledhja.com\/sq\/wp-json\/wp\/v2\/media?parent=52915"}],"wp:term":[{"taxonomy":"category","embeddable":true,"href":"https:\/\/permbledhja.com\/sq\/wp-json\/wp\/v2\/categories?post=52915"},{"taxonomy":"post_tag","embeddable":true,"href":"https:\/\/permbledhja.com\/sq\/wp-json\/wp\/v2\/tags?post=52915"}],"curies":[{"name":"wp","href":"https:\/\/api.w.org\/{rel}","templated":true}]}}