{"id":52782,"date":"2024-03-18T13:50:30","date_gmt":"2024-03-18T13:50:30","guid":{"rendered":"https:\/\/permbledhja.com\/?p=52782"},"modified":"2024-03-18T13:50:30","modified_gmt":"2024-03-18T13:50:30","slug":"aak-pasi-peci-njoftoi-per-shkeputjen-e-kontrates-per-zyrat-nenshkruam-sipas-kushteve-te-ministrise-shpejt-veprimet-e-radhes","status":"publish","type":"post","link":"https:\/\/permbledhja.com\/sq\/aak-pasi-peci-njoftoi-per-shkeputjen-e-kontrates-per-zyrat-nenshkruam-sipas-kushteve-te-ministrise-shpejt-veprimet-e-radhes\/","title":{"rendered":"AAK pasi Peci njoftoi p\u00ebr shk\u00ebputjen e kontrat\u00ebs p\u00ebr zyrat: N\u00ebnshkruam sipas kushteve t\u00eb Ministris\u00eb, shpejt veprimet e radh\u00ebs"},"content":{"rendered":"<h3>Aleanca p\u00ebr Ardhm\u00ebrin\u00eb e Kosov\u00ebs ka reaguar pasi i \u00ebsht\u00eb nd\u00ebrprer\u00eb kontrata p\u00ebr shfryt\u00ebzimin e zyrave n\u00eb Prishtin\u00eb.<\/h3>\n<p>AAK ka th\u00ebn\u00eb se sot kan\u00eb pranuar nj\u00eb k\u00ebrkes\u00eb nga Ministria e Bujq\u00ebsis\u00eb p\u00ebr shk\u00ebputje t\u00eb njanshme t\u00eb kontrat\u00ebs, derisa ka shtuar se kontrata \u00ebsht\u00eb n\u00ebnshkruar sipas kushteve t\u00eb parashtruara nga vet\u00eb ministria.<\/p>\n<p>AAK thot\u00eb se shum\u00eb shpejt\u00eb do t\u00eb njoftojn\u00eb p\u00ebr veprimet e radh\u00ebs.<\/p>\n<p>\u201cSot e kemi pranuar nj\u00eb k\u00ebrkes\u00eb nga Ministria e Bujq\u00ebsis\u00eb p\u00ebr shk\u00ebputjen e nj\u00ebanshme t\u00eb kontrat\u00ebs s\u00eb qiras\u00eb e cila \u00ebsht\u00eb n\u00ebnshkruar m\u00eb dat\u00eb 20.11.2023, sipas kushteve t\u00eb parashtruara nga vet\u00eb Ministria. Jemi n\u00eb shqyrtim t\u00eb aspektit juridik t\u00eb k\u00ebsaj k\u00ebrkese dhe shum\u00eb shpejt do t\u00eb ju njoftojm\u00eb p\u00ebr veprimet e radh\u00ebs. P\u00ebr korrekt\u00ebsi, bashk\u00ebngjitur gjeni kontrat\u00ebn e lidhur mes AAK-s\u00eb dhe Ministris\u00eb s\u00eb Bujq\u00ebsis\u00eb, e p\u00ebrpiluar nga vet\u00eb ministria, p\u00ebr shfryt\u00ebzim t\u00eb objektit.\u201d<\/p>\n<p>AAK ka publikuar edhe kontrat\u00ebn:<\/p>\n<p><img loading=\"lazy\" decoding=\"async\" class=\"alignnone size-medium wp-image-52783\" src=\"https:\/\/permbledhja.com\/wp-content\/uploads\/2024\/03\/k-4-233x300.jpg\" alt=\"\" width=\"233\" height=\"300\" srcset=\"https:\/\/permbledhja.com\/wp-content\/uploads\/2024\/03\/k-4-233x300.jpg 233w, https:\/\/permbledhja.com\/wp-content\/uploads\/2024\/03\/k-4-9x12.jpg 9w, https:\/\/permbledhja.com\/wp-content\/uploads\/2024\/03\/k-4.jpg 465w\" sizes=\"(max-width: 233px) 100vw, 233px\" \/> <img loading=\"lazy\" decoding=\"async\" class=\"alignnone size-medium wp-image-52784\" src=\"https:\/\/permbledhja.com\/wp-content\/uploads\/2024\/03\/k1-229x300.jpg\" alt=\"\" width=\"229\" height=\"300\" srcset=\"https:\/\/permbledhja.com\/wp-content\/uploads\/2024\/03\/k1-229x300.jpg 229w, https:\/\/permbledhja.com\/wp-content\/uploads\/2024\/03\/k1-9x12.jpg 9w, https:\/\/permbledhja.com\/wp-content\/uploads\/2024\/03\/k1.jpg 458w\" sizes=\"(max-width: 229px) 100vw, 229px\" \/> <img loading=\"lazy\" decoding=\"async\" class=\"alignnone size-medium wp-image-52785\" src=\"https:\/\/permbledhja.com\/wp-content\/uploads\/2024\/03\/k3-232x300.jpg\" alt=\"\" width=\"232\" height=\"300\" srcset=\"https:\/\/permbledhja.com\/wp-content\/uploads\/2024\/03\/k3-232x300.jpg 232w, https:\/\/permbledhja.com\/wp-content\/uploads\/2024\/03\/k3-9x12.jpg 9w, https:\/\/permbledhja.com\/wp-content\/uploads\/2024\/03\/k3.jpg 463w\" sizes=\"(max-width: 232px) 100vw, 232px\" \/> <img loading=\"lazy\" decoding=\"async\" class=\"alignnone size-medium wp-image-52786\" src=\"https:\/\/permbledhja.com\/wp-content\/uploads\/2024\/03\/k4-232x300.jpg\" alt=\"\" width=\"232\" height=\"300\" srcset=\"https:\/\/permbledhja.com\/wp-content\/uploads\/2024\/03\/k4-232x300.jpg 232w, https:\/\/permbledhja.com\/wp-content\/uploads\/2024\/03\/k4-9x12.jpg 9w, https:\/\/permbledhja.com\/wp-content\/uploads\/2024\/03\/k4.jpg 463w\" sizes=\"(max-width: 232px) 100vw, 232px\" \/><\/p>\n","protected":false},"excerpt":{"rendered":"<p>Aleanca p\u00ebr Ardhm\u00ebrin\u00eb e Kosov\u00ebs ka reaguar pasi i \u00ebsht\u00eb nd\u00ebrprer\u00eb kontrata p\u00ebr shfryt\u00ebzimin e zyrave n\u00eb Prishtin\u00eb. AAK ka th\u00ebn\u00eb se sot kan\u00eb pranuar nj\u00eb k\u00ebrkes\u00eb nga Ministria e Bujq\u00ebsis\u00eb p\u00ebr shk\u00ebputje t\u00eb njanshme t\u00eb kontrat\u00ebs, derisa ka shtuar se kontrata \u00ebsht\u00eb n\u00ebnshkruar sipas kushteve t\u00eb parashtruara nga vet\u00eb ministria. AAK thot\u00eb se shum\u00eb [&hellip;]<\/p>\n","protected":false},"author":5,"featured_media":18666,"comment_status":"closed","ping_status":"closed","sticky":false,"template":"","format":"standard","meta":{"_monsterinsights_skip_tracking":false,"_monsterinsights_sitenote_active":false,"_monsterinsights_sitenote_note":"","_monsterinsights_sitenote_category":0,"_uf_show_specific_survey":0,"_uf_disable_surveys":false,"footnotes":""},"categories":[2645],"tags":[],"yoast_head":"<!-- This site is optimized with the Yoast SEO plugin v21.5 - https:\/\/yoast.com\/wordpress\/plugins\/seo\/ -->\n<title>AAK pasi Peci njoftoi p\u00ebr shk\u00ebputjen e kontrat\u00ebs p\u00ebr zyrat: N\u00ebnshkruam sipas kushteve t\u00eb Ministris\u00eb, shpejt veprimet e radh\u00ebs<\/title>\n<meta name=\"robots\" content=\"index, follow, max-snippet:-1, max-image-preview:large, max-video-preview:-1\" \/>\n<link rel=\"canonical\" href=\"https:\/\/permbledhja.com\/sq\/aak-pasi-peci-njoftoi-per-shkeputjen-e-kontrates-per-zyrat-nenshkruam-sipas-kushteve-te-ministrise-shpejt-veprimet-e-radhes\/\" \/>\n<meta property=\"og:locale\" content=\"sq_AL\" \/>\n<meta property=\"og:type\" content=\"article\" \/>\n<meta property=\"og:title\" content=\"AAK pasi Peci njoftoi p\u00ebr shk\u00ebputjen e kontrat\u00ebs p\u00ebr zyrat: N\u00ebnshkruam sipas kushteve t\u00eb Ministris\u00eb, shpejt veprimet e radh\u00ebs\" \/>\n<meta property=\"og:description\" content=\"Aleanca p\u00ebr Ardhm\u00ebrin\u00eb e Kosov\u00ebs ka reaguar pasi i \u00ebsht\u00eb nd\u00ebrprer\u00eb kontrata p\u00ebr shfryt\u00ebzimin e zyrave n\u00eb Prishtin\u00eb. AAK ka th\u00ebn\u00eb se sot kan\u00eb pranuar nj\u00eb k\u00ebrkes\u00eb nga Ministria e Bujq\u00ebsis\u00eb p\u00ebr shk\u00ebputje t\u00eb njanshme t\u00eb kontrat\u00ebs, derisa ka shtuar se kontrata \u00ebsht\u00eb n\u00ebnshkruar sipas kushteve t\u00eb parashtruara nga vet\u00eb ministria. AAK thot\u00eb se shum\u00eb [&hellip;]\" \/>\n<meta property=\"og:url\" content=\"https:\/\/permbledhja.com\/sq\/aak-pasi-peci-njoftoi-per-shkeputjen-e-kontrates-per-zyrat-nenshkruam-sipas-kushteve-te-ministrise-shpejt-veprimet-e-radhes\/\" \/>\n<meta property=\"og:site_name\" content=\"Ve\u00e7 artikuj p\u00ebrmbledh\u00ebs\" \/>\n<meta property=\"article:publisher\" content=\"https:\/\/www.facebook.com\/press07\/\" \/>\n<meta property=\"article:published_time\" content=\"2024-03-18T13:50:30+00:00\" \/>\n<meta property=\"og:image\" content=\"https:\/\/permbledhja.com\/wp-content\/uploads\/2023\/07\/AAK.jpg\" \/>\n\t<meta property=\"og:image:width\" content=\"696\" \/>\n\t<meta property=\"og:image:height\" content=\"464\" \/>\n\t<meta property=\"og:image:type\" content=\"image\/jpeg\" \/>\n<meta name=\"author\" content=\"DL\" \/>\n<meta name=\"twitter:card\" content=\"summary_large_image\" \/>\n<meta name=\"twitter:label1\" content=\"Written by\" \/>\n\t<meta name=\"twitter:data1\" content=\"DL\" \/>\n\t<meta name=\"twitter:label2\" content=\"Est. reading time\" \/>\n\t<meta name=\"twitter:data2\" content=\"2 minuta\" \/>\n<script type=\"application\/ld+json\" class=\"yoast-schema-graph\">{\"@context\":\"https:\/\/schema.org\",\"@graph\":[{\"@type\":\"Article\",\"@id\":\"https:\/\/permbledhja.com\/sq\/aak-pasi-peci-njoftoi-per-shkeputjen-e-kontrates-per-zyrat-nenshkruam-sipas-kushteve-te-ministrise-shpejt-veprimet-e-radhes\/#article\",\"isPartOf\":{\"@id\":\"https:\/\/permbledhja.com\/sq\/aak-pasi-peci-njoftoi-per-shkeputjen-e-kontrates-per-zyrat-nenshkruam-sipas-kushteve-te-ministrise-shpejt-veprimet-e-radhes\/\"},\"author\":{\"name\":\"DL\",\"@id\":\"https:\/\/permbledhja.com\/#\/schema\/person\/9c54260cbc4c6f792cb100550491638c\"},\"headline\":\"AAK pasi Peci njoftoi p\u00ebr shk\u00ebputjen e kontrat\u00ebs p\u00ebr zyrat: N\u00ebnshkruam sipas kushteve t\u00eb Ministris\u00eb, shpejt veprimet e radh\u00ebs\",\"datePublished\":\"2024-03-18T13:50:30+00:00\",\"dateModified\":\"2024-03-18T13:50:30+00:00\",\"mainEntityOfPage\":{\"@id\":\"https:\/\/permbledhja.com\/sq\/aak-pasi-peci-njoftoi-per-shkeputjen-e-kontrates-per-zyrat-nenshkruam-sipas-kushteve-te-ministrise-shpejt-veprimet-e-radhes\/\"},\"wordCount\":201,\"publisher\":{\"@id\":\"https:\/\/permbledhja.com\/#organization\"},\"articleSection\":[\"T\u00eb r\u00ebnd\u00ebsishme\"],\"inLanguage\":\"sq\"},{\"@type\":\"WebPage\",\"@id\":\"https:\/\/permbledhja.com\/sq\/aak-pasi-peci-njoftoi-per-shkeputjen-e-kontrates-per-zyrat-nenshkruam-sipas-kushteve-te-ministrise-shpejt-veprimet-e-radhes\/\",\"url\":\"https:\/\/permbledhja.com\/sq\/aak-pasi-peci-njoftoi-per-shkeputjen-e-kontrates-per-zyrat-nenshkruam-sipas-kushteve-te-ministrise-shpejt-veprimet-e-radhes\/\",\"name\":\"AAK pasi Peci njoftoi p\u00ebr shk\u00ebputjen e kontrat\u00ebs p\u00ebr zyrat: N\u00ebnshkruam sipas kushteve t\u00eb Ministris\u00eb, shpejt veprimet e radh\u00ebs\",\"isPartOf\":{\"@id\":\"https:\/\/permbledhja.com\/#website\"},\"datePublished\":\"2024-03-18T13:50:30+00:00\",\"dateModified\":\"2024-03-18T13:50:30+00:00\",\"breadcrumb\":{\"@id\":\"https:\/\/permbledhja.com\/sq\/aak-pasi-peci-njoftoi-per-shkeputjen-e-kontrates-per-zyrat-nenshkruam-sipas-kushteve-te-ministrise-shpejt-veprimet-e-radhes\/#breadcrumb\"},\"inLanguage\":\"sq\",\"potentialAction\":[{\"@type\":\"ReadAction\",\"target\":[\"https:\/\/permbledhja.com\/sq\/aak-pasi-peci-njoftoi-per-shkeputjen-e-kontrates-per-zyrat-nenshkruam-sipas-kushteve-te-ministrise-shpejt-veprimet-e-radhes\/\"]}]},{\"@type\":\"BreadcrumbList\",\"@id\":\"https:\/\/permbledhja.com\/sq\/aak-pasi-peci-njoftoi-per-shkeputjen-e-kontrates-per-zyrat-nenshkruam-sipas-kushteve-te-ministrise-shpejt-veprimet-e-radhes\/#breadcrumb\",\"itemListElement\":[{\"@type\":\"ListItem\",\"position\":1,\"name\":\"Ballina\",\"item\":\"https:\/\/permbledhja.com\/sq\/\"},{\"@type\":\"ListItem\",\"position\":2,\"name\":\"AAK pasi Peci njoftoi p\u00ebr shk\u00ebputjen e kontrat\u00ebs p\u00ebr zyrat: N\u00ebnshkruam sipas kushteve t\u00eb Ministris\u00eb, shpejt veprimet e radh\u00ebs\"}]},{\"@type\":\"WebSite\",\"@id\":\"https:\/\/permbledhja.com\/#website\",\"url\":\"https:\/\/permbledhja.com\/\",\"name\":\"Ve\u00e7 artikuj p\u00ebrmbledh\u00ebs\",\"description\":\"\",\"publisher\":{\"@id\":\"https:\/\/permbledhja.com\/#organization\"},\"potentialAction\":[{\"@type\":\"SearchAction\",\"target\":{\"@type\":\"EntryPoint\",\"urlTemplate\":\"https:\/\/permbledhja.com\/?s={search_term_string}\"},\"query-input\":\"required name=search_term_string\"}],\"inLanguage\":\"sq\"},{\"@type\":\"Organization\",\"@id\":\"https:\/\/permbledhja.com\/#organization\",\"name\":\"MK Media & Pr\",\"url\":\"https:\/\/permbledhja.com\/\",\"logo\":{\"@type\":\"ImageObject\",\"inLanguage\":\"sq\",\"@id\":\"https:\/\/permbledhja.com\/#\/schema\/logo\/image\/\",\"url\":\"https:\/\/permbledhja.com\/wp-content\/uploads\/2021\/12\/07-Press-Logo.jpg\",\"contentUrl\":\"https:\/\/permbledhja.com\/wp-content\/uploads\/2021\/12\/07-Press-Logo.jpg\",\"width\":512,\"height\":512,\"caption\":\"MK Media & Pr\"},\"image\":{\"@id\":\"https:\/\/permbledhja.com\/#\/schema\/logo\/image\/\"},\"sameAs\":[\"https:\/\/www.facebook.com\/press07\/\"]},{\"@type\":\"Person\",\"@id\":\"https:\/\/permbledhja.com\/#\/schema\/person\/9c54260cbc4c6f792cb100550491638c\",\"name\":\"DL\",\"image\":{\"@type\":\"ImageObject\",\"inLanguage\":\"sq\",\"@id\":\"https:\/\/permbledhja.com\/#\/schema\/person\/image\/\",\"url\":\"https:\/\/secure.gravatar.com\/avatar\/94503eb28d4c4b2005a5c8753e35fc80?s=96&d=mm&r=g\",\"contentUrl\":\"https:\/\/secure.gravatar.com\/avatar\/94503eb28d4c4b2005a5c8753e35fc80?s=96&d=mm&r=g\",\"caption\":\"DL\"},\"url\":\"https:\/\/permbledhja.com\/sq\/author\/dl\/\"}]}<\/script>\n<!-- \/ Yoast SEO plugin. -->","yoast_head_json":{"title":"AAK pasi Peci njoftoi p\u00ebr shk\u00ebputjen e kontrat\u00ebs p\u00ebr zyrat: N\u00ebnshkruam sipas kushteve t\u00eb Ministris\u00eb, shpejt veprimet e radh\u00ebs","robots":{"index":"index","follow":"follow","max-snippet":"max-snippet:-1","max-image-preview":"max-image-preview:large","max-video-preview":"max-video-preview:-1"},"canonical":"https:\/\/permbledhja.com\/sq\/aak-pasi-peci-njoftoi-per-shkeputjen-e-kontrates-per-zyrat-nenshkruam-sipas-kushteve-te-ministrise-shpejt-veprimet-e-radhes\/","og_locale":"sq_AL","og_type":"article","og_title":"AAK pasi Peci njoftoi p\u00ebr shk\u00ebputjen e kontrat\u00ebs p\u00ebr zyrat: N\u00ebnshkruam sipas kushteve t\u00eb Ministris\u00eb, shpejt veprimet e radh\u00ebs","og_description":"Aleanca p\u00ebr Ardhm\u00ebrin\u00eb e Kosov\u00ebs ka reaguar pasi i \u00ebsht\u00eb nd\u00ebrprer\u00eb kontrata p\u00ebr shfryt\u00ebzimin e zyrave n\u00eb Prishtin\u00eb. AAK ka th\u00ebn\u00eb se sot kan\u00eb pranuar nj\u00eb k\u00ebrkes\u00eb nga Ministria e Bujq\u00ebsis\u00eb p\u00ebr shk\u00ebputje t\u00eb njanshme t\u00eb kontrat\u00ebs, derisa ka shtuar se kontrata \u00ebsht\u00eb n\u00ebnshkruar sipas kushteve t\u00eb parashtruara nga vet\u00eb ministria. AAK thot\u00eb se shum\u00eb [&hellip;]","og_url":"https:\/\/permbledhja.com\/sq\/aak-pasi-peci-njoftoi-per-shkeputjen-e-kontrates-per-zyrat-nenshkruam-sipas-kushteve-te-ministrise-shpejt-veprimet-e-radhes\/","og_site_name":"Ve\u00e7 artikuj p\u00ebrmbledh\u00ebs","article_publisher":"https:\/\/www.facebook.com\/press07\/","article_published_time":"2024-03-18T13:50:30+00:00","og_image":[{"width":696,"height":464,"url":"https:\/\/permbledhja.com\/wp-content\/uploads\/2023\/07\/AAK.jpg","type":"image\/jpeg"}],"author":"DL","twitter_card":"summary_large_image","twitter_misc":{"Written by":"DL","Est. reading time":"2 minuta"},"schema":{"@context":"https:\/\/schema.org","@graph":[{"@type":"Article","@id":"https:\/\/permbledhja.com\/sq\/aak-pasi-peci-njoftoi-per-shkeputjen-e-kontrates-per-zyrat-nenshkruam-sipas-kushteve-te-ministrise-shpejt-veprimet-e-radhes\/#article","isPartOf":{"@id":"https:\/\/permbledhja.com\/sq\/aak-pasi-peci-njoftoi-per-shkeputjen-e-kontrates-per-zyrat-nenshkruam-sipas-kushteve-te-ministrise-shpejt-veprimet-e-radhes\/"},"author":{"name":"DL","@id":"https:\/\/permbledhja.com\/#\/schema\/person\/9c54260cbc4c6f792cb100550491638c"},"headline":"AAK pasi Peci njoftoi p\u00ebr shk\u00ebputjen e kontrat\u00ebs p\u00ebr zyrat: N\u00ebnshkruam sipas kushteve t\u00eb Ministris\u00eb, shpejt veprimet e radh\u00ebs","datePublished":"2024-03-18T13:50:30+00:00","dateModified":"2024-03-18T13:50:30+00:00","mainEntityOfPage":{"@id":"https:\/\/permbledhja.com\/sq\/aak-pasi-peci-njoftoi-per-shkeputjen-e-kontrates-per-zyrat-nenshkruam-sipas-kushteve-te-ministrise-shpejt-veprimet-e-radhes\/"},"wordCount":201,"publisher":{"@id":"https:\/\/permbledhja.com\/#organization"},"articleSection":["T\u00eb r\u00ebnd\u00ebsishme"],"inLanguage":"sq"},{"@type":"WebPage","@id":"https:\/\/permbledhja.com\/sq\/aak-pasi-peci-njoftoi-per-shkeputjen-e-kontrates-per-zyrat-nenshkruam-sipas-kushteve-te-ministrise-shpejt-veprimet-e-radhes\/","url":"https:\/\/permbledhja.com\/sq\/aak-pasi-peci-njoftoi-per-shkeputjen-e-kontrates-per-zyrat-nenshkruam-sipas-kushteve-te-ministrise-shpejt-veprimet-e-radhes\/","name":"AAK pasi Peci njoftoi p\u00ebr shk\u00ebputjen e kontrat\u00ebs p\u00ebr zyrat: N\u00ebnshkruam sipas kushteve t\u00eb Ministris\u00eb, shpejt veprimet e radh\u00ebs","isPartOf":{"@id":"https:\/\/permbledhja.com\/#website"},"datePublished":"2024-03-18T13:50:30+00:00","dateModified":"2024-03-18T13:50:30+00:00","breadcrumb":{"@id":"https:\/\/permbledhja.com\/sq\/aak-pasi-peci-njoftoi-per-shkeputjen-e-kontrates-per-zyrat-nenshkruam-sipas-kushteve-te-ministrise-shpejt-veprimet-e-radhes\/#breadcrumb"},"inLanguage":"sq","potentialAction":[{"@type":"ReadAction","target":["https:\/\/permbledhja.com\/sq\/aak-pasi-peci-njoftoi-per-shkeputjen-e-kontrates-per-zyrat-nenshkruam-sipas-kushteve-te-ministrise-shpejt-veprimet-e-radhes\/"]}]},{"@type":"BreadcrumbList","@id":"https:\/\/permbledhja.com\/sq\/aak-pasi-peci-njoftoi-per-shkeputjen-e-kontrates-per-zyrat-nenshkruam-sipas-kushteve-te-ministrise-shpejt-veprimet-e-radhes\/#breadcrumb","itemListElement":[{"@type":"ListItem","position":1,"name":"Ballina","item":"https:\/\/permbledhja.com\/sq\/"},{"@type":"ListItem","position":2,"name":"AAK pasi Peci njoftoi p\u00ebr shk\u00ebputjen e kontrat\u00ebs p\u00ebr zyrat: N\u00ebnshkruam sipas kushteve t\u00eb Ministris\u00eb, shpejt veprimet e radh\u00ebs"}]},{"@type":"WebSite","@id":"https:\/\/permbledhja.com\/#website","url":"https:\/\/permbledhja.com\/","name":"Ve\u00e7 artikuj p\u00ebrmbledh\u00ebs","description":"","publisher":{"@id":"https:\/\/permbledhja.com\/#organization"},"potentialAction":[{"@type":"SearchAction","target":{"@type":"EntryPoint","urlTemplate":"https:\/\/permbledhja.com\/?s={search_term_string}"},"query-input":"required name=search_term_string"}],"inLanguage":"sq"},{"@type":"Organization","@id":"https:\/\/permbledhja.com\/#organization","name":"MK Media & Pr","url":"https:\/\/permbledhja.com\/","logo":{"@type":"ImageObject","inLanguage":"sq","@id":"https:\/\/permbledhja.com\/#\/schema\/logo\/image\/","url":"https:\/\/permbledhja.com\/wp-content\/uploads\/2021\/12\/07-Press-Logo.jpg","contentUrl":"https:\/\/permbledhja.com\/wp-content\/uploads\/2021\/12\/07-Press-Logo.jpg","width":512,"height":512,"caption":"MK Media & Pr"},"image":{"@id":"https:\/\/permbledhja.com\/#\/schema\/logo\/image\/"},"sameAs":["https:\/\/www.facebook.com\/press07\/"]},{"@type":"Person","@id":"https:\/\/permbledhja.com\/#\/schema\/person\/9c54260cbc4c6f792cb100550491638c","name":"DL","image":{"@type":"ImageObject","inLanguage":"sq","@id":"https:\/\/permbledhja.com\/#\/schema\/person\/image\/","url":"https:\/\/secure.gravatar.com\/avatar\/94503eb28d4c4b2005a5c8753e35fc80?s=96&d=mm&r=g","contentUrl":"https:\/\/secure.gravatar.com\/avatar\/94503eb28d4c4b2005a5c8753e35fc80?s=96&d=mm&r=g","caption":"DL"},"url":"https:\/\/permbledhja.com\/sq\/author\/dl\/"}]}},"_links":{"self":[{"href":"https:\/\/permbledhja.com\/sq\/wp-json\/wp\/v2\/posts\/52782"}],"collection":[{"href":"https:\/\/permbledhja.com\/sq\/wp-json\/wp\/v2\/posts"}],"about":[{"href":"https:\/\/permbledhja.com\/sq\/wp-json\/wp\/v2\/types\/post"}],"author":[{"embeddable":true,"href":"https:\/\/permbledhja.com\/sq\/wp-json\/wp\/v2\/users\/5"}],"replies":[{"embeddable":true,"href":"https:\/\/permbledhja.com\/sq\/wp-json\/wp\/v2\/comments?post=52782"}],"version-history":[{"count":1,"href":"https:\/\/permbledhja.com\/sq\/wp-json\/wp\/v2\/posts\/52782\/revisions"}],"predecessor-version":[{"id":52787,"href":"https:\/\/permbledhja.com\/sq\/wp-json\/wp\/v2\/posts\/52782\/revisions\/52787"}],"wp:featuredmedia":[{"embeddable":true,"href":"https:\/\/permbledhja.com\/sq\/wp-json\/wp\/v2\/media\/18666"}],"wp:attachment":[{"href":"https:\/\/permbledhja.com\/sq\/wp-json\/wp\/v2\/media?parent=52782"}],"wp:term":[{"taxonomy":"category","embeddable":true,"href":"https:\/\/permbledhja.com\/sq\/wp-json\/wp\/v2\/categories?post=52782"},{"taxonomy":"post_tag","embeddable":true,"href":"https:\/\/permbledhja.com\/sq\/wp-json\/wp\/v2\/tags?post=52782"}],"curies":[{"name":"wp","href":"https:\/\/api.w.org\/{rel}","templated":true}]}}