{"id":52777,"date":"2024-03-18T13:43:00","date_gmt":"2024-03-18T13:43:00","guid":{"rendered":"https:\/\/permbledhja.com\/?p=52777"},"modified":"2024-03-18T13:43:00","modified_gmt":"2024-03-18T13:43:00","slug":"osmani-nje-plan-per-zbatimin-e-marreveshjes-po-hartohet-ne-bruksel-nje-te-lajcakut-e-kam-kundershtuar-se-e-favorizonte-serbine","status":"publish","type":"post","link":"https:\/\/permbledhja.com\/sq\/osmani-nje-plan-per-zbatimin-e-marreveshjes-po-hartohet-ne-bruksel-nje-te-lajcakut-e-kam-kundershtuar-se-e-favorizonte-serbine\/","title":{"rendered":"Osmani: Nj\u00eb plan p\u00ebr zbatimin e marr\u00ebveshjes po hartohet n\u00eb Bruksel, nj\u00eb t\u00eb Laj\u00e7akut e kam kund\u00ebrshtuar se e favorizonte Serbin\u00eb"},"content":{"rendered":"<h3>Presidentja e Kosov\u00ebs, Vjosa Osmani tha se n\u00eb Bruksel po hartohet nj\u00eb plan p\u00ebr zbatimin e marr\u00ebveshjes p\u00ebr rrug\u00ebn e normalizimit me Serbin\u00eb, q\u00eb tash i ka mbushur nj\u00eb vit.<\/h3>\n<p>Osmani tha se nj\u00eb plan p\u00ebr zbatimin e plot\u00eb dhe t\u00eb pakusht\u00ebzuar t\u00eb k\u00ebsaj marr\u00ebveshjeje duhet t\u00eb b\u00ebhet, nd\u00ebrsa theksoi se \u00ebsht\u00eb \u201ctejet e qart\u00eb se cila \u00ebsht\u00eb pala e cila po i shkel\u00eb marr\u00ebveshjet\u201d.<\/p>\n<p>\u201cPra, un\u00eb mendoj q\u00eb \u00ebsht\u00eb tejet e qart\u00eb se cila \u00ebsht\u00eb pala e cila po i shkel\u00eb marr\u00ebveshjet e veta. Tani ajo q\u00eb do t\u00eb duhej t\u00eb ndodhte n\u00eb k\u00ebt\u00eb periudh\u00eb, e q\u00eb nuk ka ndodhur, q\u00eb do ta leht\u00ebsonte zbatimin e plot\u00eb t\u00eb pakusht\u00ebzuar dhe t\u00eb menj\u00ebhersh\u00ebm t\u00eb k\u00ebsaj marr\u00ebveshjeje \u2013 jo vet\u00ebm pika-pika, por t\u00eb t\u00ebr\u00eb \u2013 \u00ebsht\u00eb mungesa e nj\u00eb plani t\u00eb zbatimit i cili ende \u00ebsht\u00eb duke u hartuar n\u00eb Bruksel, sepse nuk ka pasur pajtim t\u00eb plot\u00eb\u201d, tha Osmani n\u00eb Lipjan, pas takimit q\u00eb pati me kryetarin e k\u00ebsaj komune, Imri Ahmeti.<\/p>\n<p>Osmani tha se ka kund\u00ebrshtuar nj\u00eb plan t\u00eb propozuar m\u00eb her\u00ebt nga nd\u00ebrmjet\u00ebsi, emisari i BE-s\u00eb p\u00ebr dialogun, Miroslav Laj\u00e7ak, pasi ai ishte i pabalancuar n\u00eb favor t\u00eb Serbis\u00eb.<\/p>\n<p>\u201cDhe t\u00eb ju them sinqerisht, edhe un\u00eb si presidente kam qen\u00eb kund\u00ebr nj\u00eb plani q\u00eb u pat propozuar nga nd\u00ebrmjet\u00ebsuesi, sepse ka parapar\u00eb q\u00eb shumica e p\u00ebrfitimeve q\u00eb i ka Serbia nga ky plan, t\u00eb jen\u00eb n\u00eb fillim t\u00eb zbatimit, kurse ato t\u00eb Kosov\u00ebs t\u00eb vijn\u00eb krejt n\u00eb fund. Pra, nuk ka pas\u00eb balanc, as zbatim paralel t\u00eb k\u00ebsaj marr\u00ebveshjeje sipas atij plani sekuencues, si\u00e7 po e quan Bashkimi Europian\u201d, tha ajo.<\/p>\n<p>Presidentja k\u00ebrkoi edhe nj\u00eb her\u00eb q\u00eb \u201ct\u00eb ket\u00eb trajtim t\u00eb barabart\u00eb t\u00eb pal\u00ebve, q\u00eb plani sekuencues i zbatimit t\u00eb ket\u00eb parasysh q\u00eb si Kosova, si Serbia, t\u00eb zbatojn\u00eb n\u00eb m\u00ebnyr\u00eb paralele, t\u00eb menj\u00ebhershme obligimet e tyre\u201d.<\/p>\n<p>\u201cJo q\u00eb nj\u00ebra pal\u00eb t\u2019i ket\u00eb t\u00eb gjitha p\u00ebrfitimet n\u00eb fillim, e pastaj p\u00ebr Kosov\u00ebn t\u00eb mendohet krejt n\u00eb fund, sepse kjo thjesht do t\u00eb na e krijoj\u00eb edhe nj\u00eb situat\u00eb ku Serbia p\u00ebrfiton, kurse Kosov\u00ebs i thuhet \u2018prit edhe pak, jep edhe m\u00eb shum\u00eb, jep edhe m\u00eb shum\u00eb\u2019, dhe kjo, si\u00e7 e dini, nuk \u00ebsht\u00eb strategji e cila ka sjell\u00eb m\u00eb shum\u00eb paqe, por p\u00ebrkundrazi, vet\u00ebm e ka inkurajuar Serbin\u00eb q\u00eb t\u00eb shkoj\u00eb edhe deri te m\u00eb ekstremja, si\u00e7 ishte 24 shtatori\u201d, tha ajo.<\/p>\n<p>Osmani tha paraprakisht se n\u00ebse gjykohet objektivisht, del se \u201cSerbia e ka shkelur me dhjet\u00ebra her\u00eb k\u00ebt\u00eb marr\u00ebveshje\u201d.<\/p>\n<p>\u201cUn\u00eb mendoj q\u00eb mjafton q\u00eb t\u00eb lexohet marr\u00ebveshja dhe po ashtu aneksi i Ohrit dhe t\u00eb shiqohen veprimet e pal\u00ebve n\u00eb terren p\u00ebr t\u00eb ardhur te nj\u00eb p\u00ebrfundim komplet objektiv, q\u00eb n\u00eb k\u00ebt\u00eb rast besoj nuk \u00ebsht\u00eb vet\u00ebm i imi, por i secilit njeri q\u00eb e lexon at\u00eb marr\u00ebveshje dhe at\u00eb aneks me objektivitet dhe i shiqon edhe veprimet e pal\u00ebve me objektivitet. Serbia e ka shkelur me dhjet\u00ebra her\u00eb k\u00ebt\u00eb marr\u00ebveshje e cila qart\u00eb i k\u00ebrkon q\u00eb t\u00eb mos e shkel\u00eb integritetin territorial t\u00eb Kosov\u00ebs, q\u00eb ta njoh\u00eb subjektivitetin nd\u00ebrkomb\u00ebtar dhe parimin e barazis\u00eb s\u00eb pal\u00ebve, q\u00eb t\u00eb mos votoj\u00eb kund\u00ebr Kosov\u00ebs p\u00ebr an\u00ebtar\u00ebsim n\u00eb organizata nd\u00ebrkomb\u00ebtare, q\u00eb t\u00eb mos p\u00ebrdor\u00eb dhun\u00eb n\u00eb relacionet nd\u00ebrshtet\u00ebrore, e shum\u00eb e shum\u00eb parime t\u00eb tjera, nd\u00ebr t\u00eb tjera, edhe nenet e fundit t\u00eb asaj marr\u00ebveshjeje t\u00eb cilat k\u00ebrkojn\u00eb q\u00eb t\u00eb zbatohen t\u00eb gjitha marr\u00ebveshjet paraprake. Dhe ju si\u00e7 e dini, edhe nga vet\u00eb p\u00ebrmbledhja e Bashkimit Europian, Serbia nuk i ka zbatuar m\u00eb shum\u00eb se gjysm\u00ebn e marr\u00ebveshjeve t\u00eb cilat jan\u00eb n\u00ebnshkruar n\u00eb k\u00ebt\u00eb 12-vje\u00e7ar a m\u00eb shum\u00eb t\u00eb dialogut Kosov\u00eb \u2013 Serbi\u201d, tha ajo.<\/p>\n<div>\n<div id=\"div-gpt-ad-1634289484286-0\" data-google-query-id=\"CP2_zIj4_YQDFV6WUAYdeJAI9g\"><\/div>\n<\/div>\n","protected":false},"excerpt":{"rendered":"<p>Presidentja e Kosov\u00ebs, Vjosa Osmani tha se n\u00eb Bruksel po hartohet nj\u00eb plan p\u00ebr zbatimin e marr\u00ebveshjes p\u00ebr rrug\u00ebn e normalizimit me Serbin\u00eb, q\u00eb tash i ka mbushur nj\u00eb vit. Osmani tha se nj\u00eb plan p\u00ebr zbatimin e plot\u00eb dhe t\u00eb pakusht\u00ebzuar t\u00eb k\u00ebsaj marr\u00ebveshjeje duhet t\u00eb b\u00ebhet, nd\u00ebrsa theksoi se \u00ebsht\u00eb \u201ctejet e qart\u00eb [&hellip;]<\/p>\n","protected":false},"author":5,"featured_media":52780,"comment_status":"closed","ping_status":"closed","sticky":false,"template":"","format":"standard","meta":{"_monsterinsights_skip_tracking":false,"_monsterinsights_sitenote_active":false,"_monsterinsights_sitenote_note":"","_monsterinsights_sitenote_category":0,"_uf_show_specific_survey":0,"_uf_disable_surveys":false,"footnotes":""},"categories":[1146],"tags":[],"yoast_head":"<!-- This site is optimized with the Yoast SEO plugin v21.5 - https:\/\/yoast.com\/wordpress\/plugins\/seo\/ -->\n<title>Osmani: Nj\u00eb plan p\u00ebr zbatimin e marr\u00ebveshjes po hartohet n\u00eb Bruksel, nj\u00eb t\u00eb Laj\u00e7akut e kam kund\u00ebrshtuar se e favorizonte Serbin\u00eb<\/title>\n<meta name=\"robots\" content=\"index, follow, max-snippet:-1, max-image-preview:large, max-video-preview:-1\" \/>\n<link rel=\"canonical\" href=\"https:\/\/permbledhja.com\/sq\/osmani-nje-plan-per-zbatimin-e-marreveshjes-po-hartohet-ne-bruksel-nje-te-lajcakut-e-kam-kundershtuar-se-e-favorizonte-serbine\/\" \/>\n<meta property=\"og:locale\" content=\"sq_AL\" \/>\n<meta property=\"og:type\" content=\"article\" \/>\n<meta property=\"og:title\" content=\"Osmani: Nj\u00eb plan p\u00ebr zbatimin e marr\u00ebveshjes po hartohet n\u00eb Bruksel, nj\u00eb t\u00eb Laj\u00e7akut e kam kund\u00ebrshtuar se e favorizonte Serbin\u00eb\" \/>\n<meta property=\"og:description\" content=\"Presidentja e Kosov\u00ebs, Vjosa Osmani tha se n\u00eb Bruksel po hartohet nj\u00eb plan p\u00ebr zbatimin e marr\u00ebveshjes p\u00ebr rrug\u00ebn e normalizimit me Serbin\u00eb, q\u00eb tash i ka mbushur nj\u00eb vit. Osmani tha se nj\u00eb plan p\u00ebr zbatimin e plot\u00eb dhe t\u00eb pakusht\u00ebzuar t\u00eb k\u00ebsaj marr\u00ebveshjeje duhet t\u00eb b\u00ebhet, nd\u00ebrsa theksoi se \u00ebsht\u00eb \u201ctejet e qart\u00eb [&hellip;]\" \/>\n<meta property=\"og:url\" content=\"https:\/\/permbledhja.com\/sq\/osmani-nje-plan-per-zbatimin-e-marreveshjes-po-hartohet-ne-bruksel-nje-te-lajcakut-e-kam-kundershtuar-se-e-favorizonte-serbine\/\" \/>\n<meta property=\"og:site_name\" content=\"Ve\u00e7 artikuj p\u00ebrmbledh\u00ebs\" \/>\n<meta property=\"article:publisher\" content=\"https:\/\/www.facebook.com\/press07\/\" \/>\n<meta property=\"article:published_time\" content=\"2024-03-18T13:43:00+00:00\" \/>\n<meta property=\"og:image\" content=\"https:\/\/permbledhja.com\/wp-content\/uploads\/2024\/03\/os.png\" \/>\n\t<meta property=\"og:image:width\" content=\"600\" \/>\n\t<meta property=\"og:image:height\" content=\"360\" \/>\n\t<meta property=\"og:image:type\" content=\"image\/png\" \/>\n<meta name=\"author\" content=\"DL\" \/>\n<meta name=\"twitter:card\" content=\"summary_large_image\" \/>\n<meta name=\"twitter:label1\" content=\"Written by\" \/>\n\t<meta name=\"twitter:data1\" content=\"DL\" \/>\n\t<meta name=\"twitter:label2\" content=\"Est. reading time\" \/>\n\t<meta name=\"twitter:data2\" content=\"4 minuta\" \/>\n<script type=\"application\/ld+json\" class=\"yoast-schema-graph\">{\"@context\":\"https:\/\/schema.org\",\"@graph\":[{\"@type\":\"Article\",\"@id\":\"https:\/\/permbledhja.com\/osmani-nje-plan-per-zbatimin-e-marreveshjes-po-hartohet-ne-bruksel-nje-te-lajcakut-e-kam-kundershtuar-se-e-favorizonte-serbine\/#article\",\"isPartOf\":{\"@id\":\"https:\/\/permbledhja.com\/osmani-nje-plan-per-zbatimin-e-marreveshjes-po-hartohet-ne-bruksel-nje-te-lajcakut-e-kam-kundershtuar-se-e-favorizonte-serbine\/\"},\"author\":{\"name\":\"DL\",\"@id\":\"https:\/\/permbledhja.com\/#\/schema\/person\/9c54260cbc4c6f792cb100550491638c\"},\"headline\":\"Osmani: Nj\u00eb plan p\u00ebr zbatimin e marr\u00ebveshjes po hartohet n\u00eb Bruksel, nj\u00eb t\u00eb Laj\u00e7akut e kam kund\u00ebrshtuar se e favorizonte Serbin\u00eb\",\"datePublished\":\"2024-03-18T13:43:00+00:00\",\"dateModified\":\"2024-03-18T13:43:00+00:00\",\"mainEntityOfPage\":{\"@id\":\"https:\/\/permbledhja.com\/osmani-nje-plan-per-zbatimin-e-marreveshjes-po-hartohet-ne-bruksel-nje-te-lajcakut-e-kam-kundershtuar-se-e-favorizonte-serbine\/\"},\"wordCount\":695,\"publisher\":{\"@id\":\"https:\/\/permbledhja.com\/#organization\"},\"articleSection\":[\"Kryesoret\"],\"inLanguage\":\"sq\"},{\"@type\":\"WebPage\",\"@id\":\"https:\/\/permbledhja.com\/osmani-nje-plan-per-zbatimin-e-marreveshjes-po-hartohet-ne-bruksel-nje-te-lajcakut-e-kam-kundershtuar-se-e-favorizonte-serbine\/\",\"url\":\"https:\/\/permbledhja.com\/osmani-nje-plan-per-zbatimin-e-marreveshjes-po-hartohet-ne-bruksel-nje-te-lajcakut-e-kam-kundershtuar-se-e-favorizonte-serbine\/\",\"name\":\"Osmani: Nj\u00eb plan p\u00ebr zbatimin e marr\u00ebveshjes po hartohet n\u00eb Bruksel, nj\u00eb t\u00eb Laj\u00e7akut e kam kund\u00ebrshtuar se e favorizonte Serbin\u00eb\",\"isPartOf\":{\"@id\":\"https:\/\/permbledhja.com\/#website\"},\"datePublished\":\"2024-03-18T13:43:00+00:00\",\"dateModified\":\"2024-03-18T13:43:00+00:00\",\"breadcrumb\":{\"@id\":\"https:\/\/permbledhja.com\/osmani-nje-plan-per-zbatimin-e-marreveshjes-po-hartohet-ne-bruksel-nje-te-lajcakut-e-kam-kundershtuar-se-e-favorizonte-serbine\/#breadcrumb\"},\"inLanguage\":\"sq\",\"potentialAction\":[{\"@type\":\"ReadAction\",\"target\":[\"https:\/\/permbledhja.com\/osmani-nje-plan-per-zbatimin-e-marreveshjes-po-hartohet-ne-bruksel-nje-te-lajcakut-e-kam-kundershtuar-se-e-favorizonte-serbine\/\"]}]},{\"@type\":\"BreadcrumbList\",\"@id\":\"https:\/\/permbledhja.com\/osmani-nje-plan-per-zbatimin-e-marreveshjes-po-hartohet-ne-bruksel-nje-te-lajcakut-e-kam-kundershtuar-se-e-favorizonte-serbine\/#breadcrumb\",\"itemListElement\":[{\"@type\":\"ListItem\",\"position\":1,\"name\":\"Ballina\",\"item\":\"https:\/\/permbledhja.com\/sq\/\"},{\"@type\":\"ListItem\",\"position\":2,\"name\":\"Osmani: Nj\u00eb plan p\u00ebr zbatimin e marr\u00ebveshjes po hartohet n\u00eb Bruksel, nj\u00eb t\u00eb Laj\u00e7akut e kam kund\u00ebrshtuar se e favorizonte Serbin\u00eb\"}]},{\"@type\":\"WebSite\",\"@id\":\"https:\/\/permbledhja.com\/#website\",\"url\":\"https:\/\/permbledhja.com\/\",\"name\":\"Ve\u00e7 artikuj p\u00ebrmbledh\u00ebs\",\"description\":\"\",\"publisher\":{\"@id\":\"https:\/\/permbledhja.com\/#organization\"},\"potentialAction\":[{\"@type\":\"SearchAction\",\"target\":{\"@type\":\"EntryPoint\",\"urlTemplate\":\"https:\/\/permbledhja.com\/?s={search_term_string}\"},\"query-input\":\"required name=search_term_string\"}],\"inLanguage\":\"sq\"},{\"@type\":\"Organization\",\"@id\":\"https:\/\/permbledhja.com\/#organization\",\"name\":\"MK Media & Pr\",\"url\":\"https:\/\/permbledhja.com\/\",\"logo\":{\"@type\":\"ImageObject\",\"inLanguage\":\"sq\",\"@id\":\"https:\/\/permbledhja.com\/#\/schema\/logo\/image\/\",\"url\":\"https:\/\/permbledhja.com\/wp-content\/uploads\/2021\/12\/07-Press-Logo.jpg\",\"contentUrl\":\"https:\/\/permbledhja.com\/wp-content\/uploads\/2021\/12\/07-Press-Logo.jpg\",\"width\":512,\"height\":512,\"caption\":\"MK Media & Pr\"},\"image\":{\"@id\":\"https:\/\/permbledhja.com\/#\/schema\/logo\/image\/\"},\"sameAs\":[\"https:\/\/www.facebook.com\/press07\/\"]},{\"@type\":\"Person\",\"@id\":\"https:\/\/permbledhja.com\/#\/schema\/person\/9c54260cbc4c6f792cb100550491638c\",\"name\":\"DL\",\"image\":{\"@type\":\"ImageObject\",\"inLanguage\":\"sq\",\"@id\":\"https:\/\/permbledhja.com\/#\/schema\/person\/image\/\",\"url\":\"https:\/\/secure.gravatar.com\/avatar\/94503eb28d4c4b2005a5c8753e35fc80?s=96&d=mm&r=g\",\"contentUrl\":\"https:\/\/secure.gravatar.com\/avatar\/94503eb28d4c4b2005a5c8753e35fc80?s=96&d=mm&r=g\",\"caption\":\"DL\"},\"url\":\"https:\/\/permbledhja.com\/sq\/author\/dl\/\"}]}<\/script>\n<!-- \/ Yoast SEO plugin. -->","yoast_head_json":{"title":"Osmani: Nj\u00eb plan p\u00ebr zbatimin e marr\u00ebveshjes po hartohet n\u00eb Bruksel, nj\u00eb t\u00eb Laj\u00e7akut e kam kund\u00ebrshtuar se e favorizonte Serbin\u00eb","robots":{"index":"index","follow":"follow","max-snippet":"max-snippet:-1","max-image-preview":"max-image-preview:large","max-video-preview":"max-video-preview:-1"},"canonical":"https:\/\/permbledhja.com\/sq\/osmani-nje-plan-per-zbatimin-e-marreveshjes-po-hartohet-ne-bruksel-nje-te-lajcakut-e-kam-kundershtuar-se-e-favorizonte-serbine\/","og_locale":"sq_AL","og_type":"article","og_title":"Osmani: Nj\u00eb plan p\u00ebr zbatimin e marr\u00ebveshjes po hartohet n\u00eb Bruksel, nj\u00eb t\u00eb Laj\u00e7akut e kam kund\u00ebrshtuar se e favorizonte Serbin\u00eb","og_description":"Presidentja e Kosov\u00ebs, Vjosa Osmani tha se n\u00eb Bruksel po hartohet nj\u00eb plan p\u00ebr zbatimin e marr\u00ebveshjes p\u00ebr rrug\u00ebn e normalizimit me Serbin\u00eb, q\u00eb tash i ka mbushur nj\u00eb vit. Osmani tha se nj\u00eb plan p\u00ebr zbatimin e plot\u00eb dhe t\u00eb pakusht\u00ebzuar t\u00eb k\u00ebsaj marr\u00ebveshjeje duhet t\u00eb b\u00ebhet, nd\u00ebrsa theksoi se \u00ebsht\u00eb \u201ctejet e qart\u00eb [&hellip;]","og_url":"https:\/\/permbledhja.com\/sq\/osmani-nje-plan-per-zbatimin-e-marreveshjes-po-hartohet-ne-bruksel-nje-te-lajcakut-e-kam-kundershtuar-se-e-favorizonte-serbine\/","og_site_name":"Ve\u00e7 artikuj p\u00ebrmbledh\u00ebs","article_publisher":"https:\/\/www.facebook.com\/press07\/","article_published_time":"2024-03-18T13:43:00+00:00","og_image":[{"width":600,"height":360,"url":"https:\/\/permbledhja.com\/wp-content\/uploads\/2024\/03\/os.png","type":"image\/png"}],"author":"DL","twitter_card":"summary_large_image","twitter_misc":{"Written by":"DL","Est. reading time":"4 minuta"},"schema":{"@context":"https:\/\/schema.org","@graph":[{"@type":"Article","@id":"https:\/\/permbledhja.com\/osmani-nje-plan-per-zbatimin-e-marreveshjes-po-hartohet-ne-bruksel-nje-te-lajcakut-e-kam-kundershtuar-se-e-favorizonte-serbine\/#article","isPartOf":{"@id":"https:\/\/permbledhja.com\/osmani-nje-plan-per-zbatimin-e-marreveshjes-po-hartohet-ne-bruksel-nje-te-lajcakut-e-kam-kundershtuar-se-e-favorizonte-serbine\/"},"author":{"name":"DL","@id":"https:\/\/permbledhja.com\/#\/schema\/person\/9c54260cbc4c6f792cb100550491638c"},"headline":"Osmani: Nj\u00eb plan p\u00ebr zbatimin e marr\u00ebveshjes po hartohet n\u00eb Bruksel, nj\u00eb t\u00eb Laj\u00e7akut e kam kund\u00ebrshtuar se e favorizonte Serbin\u00eb","datePublished":"2024-03-18T13:43:00+00:00","dateModified":"2024-03-18T13:43:00+00:00","mainEntityOfPage":{"@id":"https:\/\/permbledhja.com\/osmani-nje-plan-per-zbatimin-e-marreveshjes-po-hartohet-ne-bruksel-nje-te-lajcakut-e-kam-kundershtuar-se-e-favorizonte-serbine\/"},"wordCount":695,"publisher":{"@id":"https:\/\/permbledhja.com\/#organization"},"articleSection":["Kryesoret"],"inLanguage":"sq"},{"@type":"WebPage","@id":"https:\/\/permbledhja.com\/osmani-nje-plan-per-zbatimin-e-marreveshjes-po-hartohet-ne-bruksel-nje-te-lajcakut-e-kam-kundershtuar-se-e-favorizonte-serbine\/","url":"https:\/\/permbledhja.com\/osmani-nje-plan-per-zbatimin-e-marreveshjes-po-hartohet-ne-bruksel-nje-te-lajcakut-e-kam-kundershtuar-se-e-favorizonte-serbine\/","name":"Osmani: Nj\u00eb plan p\u00ebr zbatimin e marr\u00ebveshjes po hartohet n\u00eb Bruksel, nj\u00eb t\u00eb Laj\u00e7akut e kam kund\u00ebrshtuar se e favorizonte Serbin\u00eb","isPartOf":{"@id":"https:\/\/permbledhja.com\/#website"},"datePublished":"2024-03-18T13:43:00+00:00","dateModified":"2024-03-18T13:43:00+00:00","breadcrumb":{"@id":"https:\/\/permbledhja.com\/osmani-nje-plan-per-zbatimin-e-marreveshjes-po-hartohet-ne-bruksel-nje-te-lajcakut-e-kam-kundershtuar-se-e-favorizonte-serbine\/#breadcrumb"},"inLanguage":"sq","potentialAction":[{"@type":"ReadAction","target":["https:\/\/permbledhja.com\/osmani-nje-plan-per-zbatimin-e-marreveshjes-po-hartohet-ne-bruksel-nje-te-lajcakut-e-kam-kundershtuar-se-e-favorizonte-serbine\/"]}]},{"@type":"BreadcrumbList","@id":"https:\/\/permbledhja.com\/osmani-nje-plan-per-zbatimin-e-marreveshjes-po-hartohet-ne-bruksel-nje-te-lajcakut-e-kam-kundershtuar-se-e-favorizonte-serbine\/#breadcrumb","itemListElement":[{"@type":"ListItem","position":1,"name":"Ballina","item":"https:\/\/permbledhja.com\/sq\/"},{"@type":"ListItem","position":2,"name":"Osmani: Nj\u00eb plan p\u00ebr zbatimin e marr\u00ebveshjes po hartohet n\u00eb Bruksel, nj\u00eb t\u00eb Laj\u00e7akut e kam kund\u00ebrshtuar se e favorizonte Serbin\u00eb"}]},{"@type":"WebSite","@id":"https:\/\/permbledhja.com\/#website","url":"https:\/\/permbledhja.com\/","name":"Ve\u00e7 artikuj p\u00ebrmbledh\u00ebs","description":"","publisher":{"@id":"https:\/\/permbledhja.com\/#organization"},"potentialAction":[{"@type":"SearchAction","target":{"@type":"EntryPoint","urlTemplate":"https:\/\/permbledhja.com\/?s={search_term_string}"},"query-input":"required name=search_term_string"}],"inLanguage":"sq"},{"@type":"Organization","@id":"https:\/\/permbledhja.com\/#organization","name":"MK Media & Pr","url":"https:\/\/permbledhja.com\/","logo":{"@type":"ImageObject","inLanguage":"sq","@id":"https:\/\/permbledhja.com\/#\/schema\/logo\/image\/","url":"https:\/\/permbledhja.com\/wp-content\/uploads\/2021\/12\/07-Press-Logo.jpg","contentUrl":"https:\/\/permbledhja.com\/wp-content\/uploads\/2021\/12\/07-Press-Logo.jpg","width":512,"height":512,"caption":"MK Media & Pr"},"image":{"@id":"https:\/\/permbledhja.com\/#\/schema\/logo\/image\/"},"sameAs":["https:\/\/www.facebook.com\/press07\/"]},{"@type":"Person","@id":"https:\/\/permbledhja.com\/#\/schema\/person\/9c54260cbc4c6f792cb100550491638c","name":"DL","image":{"@type":"ImageObject","inLanguage":"sq","@id":"https:\/\/permbledhja.com\/#\/schema\/person\/image\/","url":"https:\/\/secure.gravatar.com\/avatar\/94503eb28d4c4b2005a5c8753e35fc80?s=96&d=mm&r=g","contentUrl":"https:\/\/secure.gravatar.com\/avatar\/94503eb28d4c4b2005a5c8753e35fc80?s=96&d=mm&r=g","caption":"DL"},"url":"https:\/\/permbledhja.com\/sq\/author\/dl\/"}]}},"_links":{"self":[{"href":"https:\/\/permbledhja.com\/sq\/wp-json\/wp\/v2\/posts\/52777"}],"collection":[{"href":"https:\/\/permbledhja.com\/sq\/wp-json\/wp\/v2\/posts"}],"about":[{"href":"https:\/\/permbledhja.com\/sq\/wp-json\/wp\/v2\/types\/post"}],"author":[{"embeddable":true,"href":"https:\/\/permbledhja.com\/sq\/wp-json\/wp\/v2\/users\/5"}],"replies":[{"embeddable":true,"href":"https:\/\/permbledhja.com\/sq\/wp-json\/wp\/v2\/comments?post=52777"}],"version-history":[{"count":1,"href":"https:\/\/permbledhja.com\/sq\/wp-json\/wp\/v2\/posts\/52777\/revisions"}],"predecessor-version":[{"id":52781,"href":"https:\/\/permbledhja.com\/sq\/wp-json\/wp\/v2\/posts\/52777\/revisions\/52781"}],"wp:featuredmedia":[{"embeddable":true,"href":"https:\/\/permbledhja.com\/sq\/wp-json\/wp\/v2\/media\/52780"}],"wp:attachment":[{"href":"https:\/\/permbledhja.com\/sq\/wp-json\/wp\/v2\/media?parent=52777"}],"wp:term":[{"taxonomy":"category","embeddable":true,"href":"https:\/\/permbledhja.com\/sq\/wp-json\/wp\/v2\/categories?post=52777"},{"taxonomy":"post_tag","embeddable":true,"href":"https:\/\/permbledhja.com\/sq\/wp-json\/wp\/v2\/tags?post=52777"}],"curies":[{"name":"wp","href":"https:\/\/api.w.org\/{rel}","templated":true}]}}