{"id":52691,"date":"2024-03-17T18:37:39","date_gmt":"2024-03-17T18:37:39","guid":{"rendered":"https:\/\/permbledhja.com\/?p=52691"},"modified":"2024-03-17T18:48:41","modified_gmt":"2024-03-17T18:48:41","slug":"profesori-amerikan-nese-dicka-ndodh-ne-bosnje-pershkallezim-te-situates-mund-te-kete-edhe-ne-kosove","status":"publish","type":"post","link":"https:\/\/permbledhja.com\/sq\/profesori-amerikan-nese-dicka-ndodh-ne-bosnje-pershkallezim-te-situates-mund-te-kete-edhe-ne-kosove\/","title":{"rendered":"Profesori amerikan: N\u00ebse di\u00e7ka ndodh n\u00eb Bosnje \u2013 p\u00ebrshkall\u00ebzim t\u00eb situat\u00ebs mund t\u00eb ket\u00eb edhe n\u00eb Kosov\u00eb"},"content":{"rendered":"<h3>N\u00eb vitin 2021, udh\u00ebheq\u00ebsi nacionalist i serb\u00ebve t\u00eb Bosnje e Hercegovin\u00ebs, Millorad Dodik, shkaktoi kriz\u00ebn m\u00eb serioze politike q\u00eb nga lufta e viteve 1992-95, kur tha se do ta t\u00ebrheq\u00eb rajonin serb, t\u00eb njohur si Republika S\u00ebrpska, nga institucionet shtet\u00ebrore t\u00eb Bosnj\u00ebs: gjyq\u00ebsori, sistemi i taksave dhe forcat e armatosura.<\/h3>\n<p>T\u00eb tria k\u00ebto p\u00ebrfaq\u00ebsojn\u00eb shtyllat kryesore t\u00eb shtetit, i cili pas luft\u00ebs u nda n\u00eb dy rajone autonome: Republika S\u00ebrpska dhe Federata e dominuar nga boshnjak\u00ebt dhe kroat\u00ebt.<\/p>\n<p>P\u00ebrfaq\u00ebsuesi i lart\u00eb i komunitetit nd\u00ebrkomb\u00ebtar n\u00eb Bosnje, Christian Schmidt, tha at\u00ebkoh\u00eb se plani i Dodikut \u00ebsht\u00eb i barasvlersh\u00ebm me ndarje.<\/p>\n<p>\u201cPerspektivat p\u00ebr ndarje dhe konflikt t\u00eb m\u00ebtejsh\u00ebm jan\u00eb shum\u00eb reale. Bosnja mund t\u00eb p\u00ebrballet me k\u00ebrc\u00ebnimin m\u00eb t\u00eb madh ekzistencial q\u00eb nga paslufta, n\u00ebse komuniteti nd\u00ebrkomb\u00ebtar nuk merr masa p\u00ebr t\u2019i ndaluar separatist\u00ebt serb\u00eb\u201d, tha Schmidt.<\/p>\n<p>Edhe pse vazhdimisht p\u00ebrs\u00ebriti k\u00ebrc\u00ebnimet p\u00ebr ndarje, Dodik nuk b\u00ebri ndonj\u00eb hap n\u00eb praktik\u00eb, duke th\u00ebn\u00eb se do t\u00eb pres\u00eb p\u00ebr nj\u00eb moment m\u00eb t\u00eb p\u00ebrshtatsh\u00ebm gjeopolitikisht.<\/p>\n<p>Por, inteligjenca amerikane tha se ai, n\u00eb fakt, po merr hapa p\u00ebr shk\u00ebputjen de facto t\u00eb Republik\u00ebs S\u00ebrpska.<\/p>\n<p>N\u00eb nj\u00eb raport t\u00eb Zyr\u00ebs s\u00eb drejtorit t\u00eb inteligjenc\u00ebs komb\u00ebtare t\u00eb SHBA-s\u00eb, q\u00eb u b\u00eb publik k\u00ebt\u00eb jav\u00eb, u tha se \u201cudh\u00ebheq\u00ebsi serb i Bosnj\u00ebs, Millorad Dodik, po nd\u00ebrmerr hapa provokues p\u00ebr t\u00eb neutralizuar mbik\u00ebqyrjen nd\u00ebrkomb\u00ebtare n\u00eb Bosnje dhe p\u00ebr t\u00eb siguruar shk\u00ebputjen de facto t\u00eb Republik\u00ebs S\u00ebrpska\u201d.<\/p>\n<p>\u201cVeprimi i tij mund t\u2019i shtyj\u00eb udh\u00ebheq\u00ebsit e popullsis\u00eb boshnjake q\u00eb t\u2019i forcojn\u00eb kapacitetet n\u00eb mbrojtje t\u00eb interesave t\u00eb veta, dhe t\u00eb \u00e7oj\u00eb ndoshta n\u00eb konflikte t\u00eb dhunshme, q\u00eb mund t\u2019i mposhtin forcat paqeruajt\u00ebse\u201d, tha po ashtu inteligjenca amerikane.<\/p>\n<p>Dodik, i cili \u00ebsht\u00eb i sanksionuar nga SHBA-ja dhe Mbret\u00ebria e Bashkuar p\u00ebr shkak t\u00eb \u201caktiviteteve destabilizuese\u201d, tha se Republika S\u00ebrpska \u201cnuk planifikon ndarje apo rrezikim t\u00eb paqes dhe stabilitetit\u201d.<\/p>\n","protected":false},"excerpt":{"rendered":"<p>N\u00eb vitin 2021, udh\u00ebheq\u00ebsi nacionalist i serb\u00ebve t\u00eb Bosnje e Hercegovin\u00ebs, Millorad Dodik, shkaktoi kriz\u00ebn m\u00eb serioze politike q\u00eb nga lufta e viteve 1992-95, kur tha se do ta t\u00ebrheq\u00eb rajonin serb, t\u00eb njohur si Republika S\u00ebrpska, nga institucionet shtet\u00ebrore t\u00eb Bosnj\u00ebs: gjyq\u00ebsori, sistemi i taksave dhe forcat e armatosura. T\u00eb tria k\u00ebto p\u00ebrfaq\u00ebsojn\u00eb shtyllat [&hellip;]<\/p>\n","protected":false},"author":2,"featured_media":52692,"comment_status":"closed","ping_status":"closed","sticky":false,"template":"","format":"standard","meta":{"_monsterinsights_skip_tracking":false,"_monsterinsights_sitenote_active":false,"_monsterinsights_sitenote_note":"","_monsterinsights_sitenote_category":0,"_uf_show_specific_survey":0,"_uf_disable_surveys":false,"footnotes":""},"categories":[1146],"tags":[257],"yoast_head":"<!-- This site is optimized with the Yoast SEO plugin v21.5 - https:\/\/yoast.com\/wordpress\/plugins\/seo\/ -->\n<title>Profesori amerikan: N\u00ebse di\u00e7ka ndodh n\u00eb Bosnje \u2013 p\u00ebrshkall\u00ebzim t\u00eb situat\u00ebs mund t\u00eb ket\u00eb edhe n\u00eb Kosov\u00eb<\/title>\n<meta name=\"robots\" content=\"index, follow, max-snippet:-1, max-image-preview:large, max-video-preview:-1\" \/>\n<link rel=\"canonical\" href=\"https:\/\/permbledhja.com\/sq\/profesori-amerikan-nese-dicka-ndodh-ne-bosnje-pershkallezim-te-situates-mund-te-kete-edhe-ne-kosove\/\" \/>\n<meta property=\"og:locale\" content=\"sq_AL\" \/>\n<meta property=\"og:type\" content=\"article\" \/>\n<meta property=\"og:title\" content=\"Profesori amerikan: N\u00ebse di\u00e7ka ndodh n\u00eb Bosnje \u2013 p\u00ebrshkall\u00ebzim t\u00eb situat\u00ebs mund t\u00eb ket\u00eb edhe n\u00eb Kosov\u00eb\" \/>\n<meta property=\"og:description\" content=\"N\u00eb vitin 2021, udh\u00ebheq\u00ebsi nacionalist i serb\u00ebve t\u00eb Bosnje e Hercegovin\u00ebs, Millorad Dodik, shkaktoi kriz\u00ebn m\u00eb serioze politike q\u00eb nga lufta e viteve 1992-95, kur tha se do ta t\u00ebrheq\u00eb rajonin serb, t\u00eb njohur si Republika S\u00ebrpska, nga institucionet shtet\u00ebrore t\u00eb Bosnj\u00ebs: gjyq\u00ebsori, sistemi i taksave dhe forcat e armatosura. T\u00eb tria k\u00ebto p\u00ebrfaq\u00ebsojn\u00eb shtyllat [&hellip;]\" \/>\n<meta property=\"og:url\" content=\"https:\/\/permbledhja.com\/sq\/profesori-amerikan-nese-dicka-ndodh-ne-bosnje-pershkallezim-te-situates-mund-te-kete-edhe-ne-kosove\/\" \/>\n<meta property=\"og:site_name\" content=\"Ve\u00e7 artikuj p\u00ebrmbledh\u00ebs\" \/>\n<meta property=\"article:publisher\" content=\"https:\/\/www.facebook.com\/press07\/\" \/>\n<meta property=\"article:published_time\" content=\"2024-03-17T18:37:39+00:00\" \/>\n<meta property=\"article:modified_time\" content=\"2024-03-17T18:48:41+00:00\" \/>\n<meta property=\"og:image\" content=\"https:\/\/permbledhja.com\/wp-content\/uploads\/2024\/03\/VUK1.png\" \/>\n\t<meta property=\"og:image:width\" content=\"1171\" \/>\n\t<meta property=\"og:image:height\" content=\"810\" \/>\n\t<meta property=\"og:image:type\" content=\"image\/png\" \/>\n<meta name=\"author\" content=\"M M\" \/>\n<meta name=\"twitter:card\" content=\"summary_large_image\" \/>\n<meta name=\"twitter:label1\" content=\"Written by\" \/>\n\t<meta name=\"twitter:data1\" content=\"M M\" \/>\n\t<meta name=\"twitter:label2\" content=\"Est. reading time\" \/>\n\t<meta name=\"twitter:data2\" content=\"2 minuta\" \/>\n<script type=\"application\/ld+json\" class=\"yoast-schema-graph\">{\"@context\":\"https:\/\/schema.org\",\"@graph\":[{\"@type\":\"Article\",\"@id\":\"https:\/\/permbledhja.com\/profesori-amerikan-nese-dicka-ndodh-ne-bosnje-pershkallezim-te-situates-mund-te-kete-edhe-ne-kosove\/#article\",\"isPartOf\":{\"@id\":\"https:\/\/permbledhja.com\/profesori-amerikan-nese-dicka-ndodh-ne-bosnje-pershkallezim-te-situates-mund-te-kete-edhe-ne-kosove\/\"},\"author\":{\"name\":\"M M\",\"@id\":\"https:\/\/permbledhja.com\/#\/schema\/person\/d23f13f59b5722643933d6780783acf3\"},\"headline\":\"Profesori amerikan: N\u00ebse di\u00e7ka ndodh n\u00eb Bosnje \u2013 p\u00ebrshkall\u00ebzim t\u00eb situat\u00ebs mund t\u00eb ket\u00eb edhe n\u00eb Kosov\u00eb\",\"datePublished\":\"2024-03-17T18:37:39+00:00\",\"dateModified\":\"2024-03-17T18:48:41+00:00\",\"mainEntityOfPage\":{\"@id\":\"https:\/\/permbledhja.com\/profesori-amerikan-nese-dicka-ndodh-ne-bosnje-pershkallezim-te-situates-mund-te-kete-edhe-ne-kosove\/\"},\"wordCount\":391,\"publisher\":{\"@id\":\"https:\/\/permbledhja.com\/#organization\"},\"keywords\":[\"Profesori\"],\"articleSection\":[\"Kryesoret\"],\"inLanguage\":\"sq\"},{\"@type\":\"WebPage\",\"@id\":\"https:\/\/permbledhja.com\/profesori-amerikan-nese-dicka-ndodh-ne-bosnje-pershkallezim-te-situates-mund-te-kete-edhe-ne-kosove\/\",\"url\":\"https:\/\/permbledhja.com\/profesori-amerikan-nese-dicka-ndodh-ne-bosnje-pershkallezim-te-situates-mund-te-kete-edhe-ne-kosove\/\",\"name\":\"Profesori amerikan: N\u00ebse di\u00e7ka ndodh n\u00eb Bosnje \u2013 p\u00ebrshkall\u00ebzim t\u00eb situat\u00ebs mund t\u00eb ket\u00eb edhe n\u00eb Kosov\u00eb\",\"isPartOf\":{\"@id\":\"https:\/\/permbledhja.com\/#website\"},\"datePublished\":\"2024-03-17T18:37:39+00:00\",\"dateModified\":\"2024-03-17T18:48:41+00:00\",\"breadcrumb\":{\"@id\":\"https:\/\/permbledhja.com\/profesori-amerikan-nese-dicka-ndodh-ne-bosnje-pershkallezim-te-situates-mund-te-kete-edhe-ne-kosove\/#breadcrumb\"},\"inLanguage\":\"sq\",\"potentialAction\":[{\"@type\":\"ReadAction\",\"target\":[\"https:\/\/permbledhja.com\/profesori-amerikan-nese-dicka-ndodh-ne-bosnje-pershkallezim-te-situates-mund-te-kete-edhe-ne-kosove\/\"]}]},{\"@type\":\"BreadcrumbList\",\"@id\":\"https:\/\/permbledhja.com\/profesori-amerikan-nese-dicka-ndodh-ne-bosnje-pershkallezim-te-situates-mund-te-kete-edhe-ne-kosove\/#breadcrumb\",\"itemListElement\":[{\"@type\":\"ListItem\",\"position\":1,\"name\":\"Ballina\",\"item\":\"https:\/\/permbledhja.com\/sq\/\"},{\"@type\":\"ListItem\",\"position\":2,\"name\":\"Profesori amerikan: N\u00ebse di\u00e7ka ndodh n\u00eb Bosnje \u2013 p\u00ebrshkall\u00ebzim t\u00eb situat\u00ebs mund t\u00eb ket\u00eb edhe n\u00eb Kosov\u00eb\"}]},{\"@type\":\"WebSite\",\"@id\":\"https:\/\/permbledhja.com\/#website\",\"url\":\"https:\/\/permbledhja.com\/\",\"name\":\"Ve\u00e7 artikuj p\u00ebrmbledh\u00ebs\",\"description\":\"\",\"publisher\":{\"@id\":\"https:\/\/permbledhja.com\/#organization\"},\"potentialAction\":[{\"@type\":\"SearchAction\",\"target\":{\"@type\":\"EntryPoint\",\"urlTemplate\":\"https:\/\/permbledhja.com\/?s={search_term_string}\"},\"query-input\":\"required name=search_term_string\"}],\"inLanguage\":\"sq\"},{\"@type\":\"Organization\",\"@id\":\"https:\/\/permbledhja.com\/#organization\",\"name\":\"MK Media & Pr\",\"url\":\"https:\/\/permbledhja.com\/\",\"logo\":{\"@type\":\"ImageObject\",\"inLanguage\":\"sq\",\"@id\":\"https:\/\/permbledhja.com\/#\/schema\/logo\/image\/\",\"url\":\"https:\/\/permbledhja.com\/wp-content\/uploads\/2021\/12\/07-Press-Logo.jpg\",\"contentUrl\":\"https:\/\/permbledhja.com\/wp-content\/uploads\/2021\/12\/07-Press-Logo.jpg\",\"width\":512,\"height\":512,\"caption\":\"MK Media & Pr\"},\"image\":{\"@id\":\"https:\/\/permbledhja.com\/#\/schema\/logo\/image\/\"},\"sameAs\":[\"https:\/\/www.facebook.com\/press07\/\"]},{\"@type\":\"Person\",\"@id\":\"https:\/\/permbledhja.com\/#\/schema\/person\/d23f13f59b5722643933d6780783acf3\",\"name\":\"M M\",\"image\":{\"@type\":\"ImageObject\",\"inLanguage\":\"sq\",\"@id\":\"https:\/\/permbledhja.com\/#\/schema\/person\/image\/\",\"url\":\"https:\/\/secure.gravatar.com\/avatar\/e2835a76ca7c31a2416b2d51c4ec9a8f?s=96&d=mm&r=g\",\"contentUrl\":\"https:\/\/secure.gravatar.com\/avatar\/e2835a76ca7c31a2416b2d51c4ec9a8f?s=96&d=mm&r=g\",\"caption\":\"M M\"},\"sameAs\":[\"http:\/\/MM\"],\"url\":\"https:\/\/permbledhja.com\/sq\/author\/muhamet\/\"}]}<\/script>\n<!-- \/ Yoast SEO plugin. -->","yoast_head_json":{"title":"Profesori amerikan: N\u00ebse di\u00e7ka ndodh n\u00eb Bosnje \u2013 p\u00ebrshkall\u00ebzim t\u00eb situat\u00ebs mund t\u00eb ket\u00eb edhe n\u00eb Kosov\u00eb","robots":{"index":"index","follow":"follow","max-snippet":"max-snippet:-1","max-image-preview":"max-image-preview:large","max-video-preview":"max-video-preview:-1"},"canonical":"https:\/\/permbledhja.com\/sq\/profesori-amerikan-nese-dicka-ndodh-ne-bosnje-pershkallezim-te-situates-mund-te-kete-edhe-ne-kosove\/","og_locale":"sq_AL","og_type":"article","og_title":"Profesori amerikan: N\u00ebse di\u00e7ka ndodh n\u00eb Bosnje \u2013 p\u00ebrshkall\u00ebzim t\u00eb situat\u00ebs mund t\u00eb ket\u00eb edhe n\u00eb Kosov\u00eb","og_description":"N\u00eb vitin 2021, udh\u00ebheq\u00ebsi nacionalist i serb\u00ebve t\u00eb Bosnje e Hercegovin\u00ebs, Millorad Dodik, shkaktoi kriz\u00ebn m\u00eb serioze politike q\u00eb nga lufta e viteve 1992-95, kur tha se do ta t\u00ebrheq\u00eb rajonin serb, t\u00eb njohur si Republika S\u00ebrpska, nga institucionet shtet\u00ebrore t\u00eb Bosnj\u00ebs: gjyq\u00ebsori, sistemi i taksave dhe forcat e armatosura. T\u00eb tria k\u00ebto p\u00ebrfaq\u00ebsojn\u00eb shtyllat [&hellip;]","og_url":"https:\/\/permbledhja.com\/sq\/profesori-amerikan-nese-dicka-ndodh-ne-bosnje-pershkallezim-te-situates-mund-te-kete-edhe-ne-kosove\/","og_site_name":"Ve\u00e7 artikuj p\u00ebrmbledh\u00ebs","article_publisher":"https:\/\/www.facebook.com\/press07\/","article_published_time":"2024-03-17T18:37:39+00:00","article_modified_time":"2024-03-17T18:48:41+00:00","og_image":[{"width":1171,"height":810,"url":"https:\/\/permbledhja.com\/wp-content\/uploads\/2024\/03\/VUK1.png","type":"image\/png"}],"author":"M M","twitter_card":"summary_large_image","twitter_misc":{"Written by":"M M","Est. reading time":"2 minuta"},"schema":{"@context":"https:\/\/schema.org","@graph":[{"@type":"Article","@id":"https:\/\/permbledhja.com\/profesori-amerikan-nese-dicka-ndodh-ne-bosnje-pershkallezim-te-situates-mund-te-kete-edhe-ne-kosove\/#article","isPartOf":{"@id":"https:\/\/permbledhja.com\/profesori-amerikan-nese-dicka-ndodh-ne-bosnje-pershkallezim-te-situates-mund-te-kete-edhe-ne-kosove\/"},"author":{"name":"M M","@id":"https:\/\/permbledhja.com\/#\/schema\/person\/d23f13f59b5722643933d6780783acf3"},"headline":"Profesori amerikan: N\u00ebse di\u00e7ka ndodh n\u00eb Bosnje \u2013 p\u00ebrshkall\u00ebzim t\u00eb situat\u00ebs mund t\u00eb ket\u00eb edhe n\u00eb Kosov\u00eb","datePublished":"2024-03-17T18:37:39+00:00","dateModified":"2024-03-17T18:48:41+00:00","mainEntityOfPage":{"@id":"https:\/\/permbledhja.com\/profesori-amerikan-nese-dicka-ndodh-ne-bosnje-pershkallezim-te-situates-mund-te-kete-edhe-ne-kosove\/"},"wordCount":391,"publisher":{"@id":"https:\/\/permbledhja.com\/#organization"},"keywords":["Profesori"],"articleSection":["Kryesoret"],"inLanguage":"sq"},{"@type":"WebPage","@id":"https:\/\/permbledhja.com\/profesori-amerikan-nese-dicka-ndodh-ne-bosnje-pershkallezim-te-situates-mund-te-kete-edhe-ne-kosove\/","url":"https:\/\/permbledhja.com\/profesori-amerikan-nese-dicka-ndodh-ne-bosnje-pershkallezim-te-situates-mund-te-kete-edhe-ne-kosove\/","name":"Profesori amerikan: N\u00ebse di\u00e7ka ndodh n\u00eb Bosnje \u2013 p\u00ebrshkall\u00ebzim t\u00eb situat\u00ebs mund t\u00eb ket\u00eb edhe n\u00eb Kosov\u00eb","isPartOf":{"@id":"https:\/\/permbledhja.com\/#website"},"datePublished":"2024-03-17T18:37:39+00:00","dateModified":"2024-03-17T18:48:41+00:00","breadcrumb":{"@id":"https:\/\/permbledhja.com\/profesori-amerikan-nese-dicka-ndodh-ne-bosnje-pershkallezim-te-situates-mund-te-kete-edhe-ne-kosove\/#breadcrumb"},"inLanguage":"sq","potentialAction":[{"@type":"ReadAction","target":["https:\/\/permbledhja.com\/profesori-amerikan-nese-dicka-ndodh-ne-bosnje-pershkallezim-te-situates-mund-te-kete-edhe-ne-kosove\/"]}]},{"@type":"BreadcrumbList","@id":"https:\/\/permbledhja.com\/profesori-amerikan-nese-dicka-ndodh-ne-bosnje-pershkallezim-te-situates-mund-te-kete-edhe-ne-kosove\/#breadcrumb","itemListElement":[{"@type":"ListItem","position":1,"name":"Ballina","item":"https:\/\/permbledhja.com\/sq\/"},{"@type":"ListItem","position":2,"name":"Profesori amerikan: N\u00ebse di\u00e7ka ndodh n\u00eb Bosnje \u2013 p\u00ebrshkall\u00ebzim t\u00eb situat\u00ebs mund t\u00eb ket\u00eb edhe n\u00eb Kosov\u00eb"}]},{"@type":"WebSite","@id":"https:\/\/permbledhja.com\/#website","url":"https:\/\/permbledhja.com\/","name":"Ve\u00e7 artikuj p\u00ebrmbledh\u00ebs","description":"","publisher":{"@id":"https:\/\/permbledhja.com\/#organization"},"potentialAction":[{"@type":"SearchAction","target":{"@type":"EntryPoint","urlTemplate":"https:\/\/permbledhja.com\/?s={search_term_string}"},"query-input":"required name=search_term_string"}],"inLanguage":"sq"},{"@type":"Organization","@id":"https:\/\/permbledhja.com\/#organization","name":"MK Media & Pr","url":"https:\/\/permbledhja.com\/","logo":{"@type":"ImageObject","inLanguage":"sq","@id":"https:\/\/permbledhja.com\/#\/schema\/logo\/image\/","url":"https:\/\/permbledhja.com\/wp-content\/uploads\/2021\/12\/07-Press-Logo.jpg","contentUrl":"https:\/\/permbledhja.com\/wp-content\/uploads\/2021\/12\/07-Press-Logo.jpg","width":512,"height":512,"caption":"MK Media & Pr"},"image":{"@id":"https:\/\/permbledhja.com\/#\/schema\/logo\/image\/"},"sameAs":["https:\/\/www.facebook.com\/press07\/"]},{"@type":"Person","@id":"https:\/\/permbledhja.com\/#\/schema\/person\/d23f13f59b5722643933d6780783acf3","name":"M M","image":{"@type":"ImageObject","inLanguage":"sq","@id":"https:\/\/permbledhja.com\/#\/schema\/person\/image\/","url":"https:\/\/secure.gravatar.com\/avatar\/e2835a76ca7c31a2416b2d51c4ec9a8f?s=96&d=mm&r=g","contentUrl":"https:\/\/secure.gravatar.com\/avatar\/e2835a76ca7c31a2416b2d51c4ec9a8f?s=96&d=mm&r=g","caption":"M M"},"sameAs":["http:\/\/MM"],"url":"https:\/\/permbledhja.com\/sq\/author\/muhamet\/"}]}},"_links":{"self":[{"href":"https:\/\/permbledhja.com\/sq\/wp-json\/wp\/v2\/posts\/52691"}],"collection":[{"href":"https:\/\/permbledhja.com\/sq\/wp-json\/wp\/v2\/posts"}],"about":[{"href":"https:\/\/permbledhja.com\/sq\/wp-json\/wp\/v2\/types\/post"}],"author":[{"embeddable":true,"href":"https:\/\/permbledhja.com\/sq\/wp-json\/wp\/v2\/users\/2"}],"replies":[{"embeddable":true,"href":"https:\/\/permbledhja.com\/sq\/wp-json\/wp\/v2\/comments?post=52691"}],"version-history":[{"count":1,"href":"https:\/\/permbledhja.com\/sq\/wp-json\/wp\/v2\/posts\/52691\/revisions"}],"predecessor-version":[{"id":52693,"href":"https:\/\/permbledhja.com\/sq\/wp-json\/wp\/v2\/posts\/52691\/revisions\/52693"}],"wp:featuredmedia":[{"embeddable":true,"href":"https:\/\/permbledhja.com\/sq\/wp-json\/wp\/v2\/media\/52692"}],"wp:attachment":[{"href":"https:\/\/permbledhja.com\/sq\/wp-json\/wp\/v2\/media?parent=52691"}],"wp:term":[{"taxonomy":"category","embeddable":true,"href":"https:\/\/permbledhja.com\/sq\/wp-json\/wp\/v2\/categories?post=52691"},{"taxonomy":"post_tag","embeddable":true,"href":"https:\/\/permbledhja.com\/sq\/wp-json\/wp\/v2\/tags?post=52691"}],"curies":[{"name":"wp","href":"https:\/\/api.w.org\/{rel}","templated":true}]}}