{"id":52682,"date":"2024-03-17T17:35:41","date_gmt":"2024-03-17T17:35:41","guid":{"rendered":"https:\/\/permbledhja.com\/?p=52682"},"modified":"2024-03-17T17:35:41","modified_gmt":"2024-03-17T17:35:41","slug":"rama-dronet-bayraktar-gati-per-fluturim-pa-pilot","status":"publish","type":"post","link":"https:\/\/permbledhja.com\/sq\/rama-dronet-bayraktar-gati-per-fluturim-pa-pilot\/","title":{"rendered":"Rama: Dron\u00ebt \u201cBayraktar\u201d gati p\u00ebr fluturim pa pilot"},"content":{"rendered":"<h3>Kryeministri i Shqip\u00ebris\u00eb, Edi Rama ka njoftuar se dron\u00ebt Bayraktar t\u00eb Forcave t\u00eb Armatosura t\u00eb Shqip\u00ebris\u00eb, tashm\u00eb kan\u00eb edhe detashmentin e tyre t\u00eb certifikuar t\u00eb mjeteve fluturuese pa pilot.<\/h3>\n<p>Rama tha se oficer\u00ebt, n\u00ebnoficer\u00ebt dhe ushtar\u00ebt tan\u00eb t\u00eb k\u00ebtij detashmenti u trajnuan p\u00ebr kat\u00ebr muaj n\u00eb Keshan t\u00eb Turqis\u00eb.<\/p>\n<p>\u201cDron\u00ebt Bayraktar t\u00eb Forcave t\u00eb Armatosura kan\u00eb tanim\u00eb edhe detashmentin e tyre t\u00eb certifikuar t\u00eb Mjeteve Fluturuese pa Pilot. Oficer\u00ebt, n\u00ebnoficer\u00ebt dhe ushtar\u00ebt tan\u00eb t\u00eb k\u00ebtij detashmenti u trajnuan p\u00ebr 4 muaj n\u00eb Keshan t\u00eb Turqis\u00eb dhe sot jan\u00eb n\u00eb gatishm\u00ebri si pilot\u00eb, elektroteknik\u00eb, mekanik\u00eb dhe operator\u00eb ngarkesash, duke rritur aft\u00ebsit\u00eb dhe zgjeruar kapacitetet operacionale t\u00eb Forc\u00ebs Ajrore dhe Forcave t\u00eb Armatosura\u201d, shkroi Rama.<\/p>\n","protected":false},"excerpt":{"rendered":"<p>Kryeministri i Shqip\u00ebris\u00eb, Edi Rama ka njoftuar se dron\u00ebt Bayraktar t\u00eb Forcave t\u00eb Armatosura t\u00eb Shqip\u00ebris\u00eb, tashm\u00eb kan\u00eb edhe detashmentin e tyre t\u00eb certifikuar t\u00eb mjeteve fluturuese pa pilot. Rama tha se oficer\u00ebt, n\u00ebnoficer\u00ebt dhe ushtar\u00ebt tan\u00eb t\u00eb k\u00ebtij detashmenti u trajnuan p\u00ebr kat\u00ebr muaj n\u00eb Keshan t\u00eb Turqis\u00eb. \u201cDron\u00ebt Bayraktar t\u00eb Forcave t\u00eb Armatosura [&hellip;]<\/p>\n","protected":false},"author":2,"featured_media":52683,"comment_status":"closed","ping_status":"closed","sticky":false,"template":"","format":"standard","meta":{"_monsterinsights_skip_tracking":false,"_monsterinsights_sitenote_active":false,"_monsterinsights_sitenote_note":"","_monsterinsights_sitenote_category":0,"_uf_show_specific_survey":0,"_uf_disable_surveys":false,"footnotes":""},"categories":[2729],"tags":[474],"yoast_head":"<!-- This site is optimized with the Yoast SEO plugin v21.5 - https:\/\/yoast.com\/wordpress\/plugins\/seo\/ -->\n<title>Rama: Dron\u00ebt \u201cBayraktar\u201d gati p\u00ebr fluturim pa pilot<\/title>\n<meta name=\"robots\" content=\"index, follow, max-snippet:-1, max-image-preview:large, max-video-preview:-1\" \/>\n<link rel=\"canonical\" href=\"https:\/\/permbledhja.com\/sq\/rama-dronet-bayraktar-gati-per-fluturim-pa-pilot\/\" \/>\n<meta property=\"og:locale\" content=\"sq_AL\" \/>\n<meta property=\"og:type\" content=\"article\" \/>\n<meta property=\"og:title\" content=\"Rama: Dron\u00ebt \u201cBayraktar\u201d gati p\u00ebr fluturim pa pilot\" \/>\n<meta property=\"og:description\" content=\"Kryeministri i Shqip\u00ebris\u00eb, Edi Rama ka njoftuar se dron\u00ebt Bayraktar t\u00eb Forcave t\u00eb Armatosura t\u00eb Shqip\u00ebris\u00eb, tashm\u00eb kan\u00eb edhe detashmentin e tyre t\u00eb certifikuar t\u00eb mjeteve fluturuese pa pilot. Rama tha se oficer\u00ebt, n\u00ebnoficer\u00ebt dhe ushtar\u00ebt tan\u00eb t\u00eb k\u00ebtij detashmenti u trajnuan p\u00ebr kat\u00ebr muaj n\u00eb Keshan t\u00eb Turqis\u00eb. \u201cDron\u00ebt Bayraktar t\u00eb Forcave t\u00eb Armatosura [&hellip;]\" \/>\n<meta property=\"og:url\" content=\"https:\/\/permbledhja.com\/sq\/rama-dronet-bayraktar-gati-per-fluturim-pa-pilot\/\" \/>\n<meta property=\"og:site_name\" content=\"Ve\u00e7 artikuj p\u00ebrmbledh\u00ebs\" \/>\n<meta property=\"article:publisher\" content=\"https:\/\/www.facebook.com\/press07\/\" \/>\n<meta property=\"article:published_time\" content=\"2024-03-17T17:35:41+00:00\" \/>\n<meta property=\"og:image\" content=\"https:\/\/permbledhja.com\/wp-content\/uploads\/2024\/03\/Dronet-Bayraktar-1.jpg\" \/>\n\t<meta property=\"og:image:width\" content=\"1440\" \/>\n\t<meta property=\"og:image:height\" content=\"960\" \/>\n\t<meta property=\"og:image:type\" content=\"image\/jpeg\" \/>\n<meta name=\"author\" content=\"M M\" \/>\n<meta name=\"twitter:card\" content=\"summary_large_image\" \/>\n<meta name=\"twitter:label1\" content=\"Written by\" \/>\n\t<meta name=\"twitter:data1\" content=\"M M\" \/>\n\t<meta name=\"twitter:label2\" content=\"Est. reading time\" \/>\n\t<meta name=\"twitter:data2\" content=\"1 minut\u00eb\" \/>\n<script type=\"application\/ld+json\" class=\"yoast-schema-graph\">{\"@context\":\"https:\/\/schema.org\",\"@graph\":[{\"@type\":\"Article\",\"@id\":\"https:\/\/permbledhja.com\/sq\/rama-dronet-bayraktar-gati-per-fluturim-pa-pilot\/#article\",\"isPartOf\":{\"@id\":\"https:\/\/permbledhja.com\/sq\/rama-dronet-bayraktar-gati-per-fluturim-pa-pilot\/\"},\"author\":{\"name\":\"M M\",\"@id\":\"https:\/\/permbledhja.com\/#\/schema\/person\/d23f13f59b5722643933d6780783acf3\"},\"headline\":\"Rama: Dron\u00ebt \u201cBayraktar\u201d gati p\u00ebr fluturim pa pilot\",\"datePublished\":\"2024-03-17T17:35:41+00:00\",\"dateModified\":\"2024-03-17T17:35:41+00:00\",\"mainEntityOfPage\":{\"@id\":\"https:\/\/permbledhja.com\/sq\/rama-dronet-bayraktar-gati-per-fluturim-pa-pilot\/\"},\"wordCount\":142,\"publisher\":{\"@id\":\"https:\/\/permbledhja.com\/#organization\"},\"keywords\":[\"Edi Rama\"],\"articleSection\":[\"Shqip\u00ebri\"],\"inLanguage\":\"sq\"},{\"@type\":\"WebPage\",\"@id\":\"https:\/\/permbledhja.com\/sq\/rama-dronet-bayraktar-gati-per-fluturim-pa-pilot\/\",\"url\":\"https:\/\/permbledhja.com\/sq\/rama-dronet-bayraktar-gati-per-fluturim-pa-pilot\/\",\"name\":\"Rama: Dron\u00ebt \u201cBayraktar\u201d gati p\u00ebr fluturim pa pilot\",\"isPartOf\":{\"@id\":\"https:\/\/permbledhja.com\/#website\"},\"datePublished\":\"2024-03-17T17:35:41+00:00\",\"dateModified\":\"2024-03-17T17:35:41+00:00\",\"breadcrumb\":{\"@id\":\"https:\/\/permbledhja.com\/sq\/rama-dronet-bayraktar-gati-per-fluturim-pa-pilot\/#breadcrumb\"},\"inLanguage\":\"sq\",\"potentialAction\":[{\"@type\":\"ReadAction\",\"target\":[\"https:\/\/permbledhja.com\/sq\/rama-dronet-bayraktar-gati-per-fluturim-pa-pilot\/\"]}]},{\"@type\":\"BreadcrumbList\",\"@id\":\"https:\/\/permbledhja.com\/sq\/rama-dronet-bayraktar-gati-per-fluturim-pa-pilot\/#breadcrumb\",\"itemListElement\":[{\"@type\":\"ListItem\",\"position\":1,\"name\":\"Ballina\",\"item\":\"https:\/\/permbledhja.com\/sq\/\"},{\"@type\":\"ListItem\",\"position\":2,\"name\":\"Rama: Dron\u00ebt \u201cBayraktar\u201d gati p\u00ebr fluturim pa pilot\"}]},{\"@type\":\"WebSite\",\"@id\":\"https:\/\/permbledhja.com\/#website\",\"url\":\"https:\/\/permbledhja.com\/\",\"name\":\"Ve\u00e7 artikuj p\u00ebrmbledh\u00ebs\",\"description\":\"\",\"publisher\":{\"@id\":\"https:\/\/permbledhja.com\/#organization\"},\"potentialAction\":[{\"@type\":\"SearchAction\",\"target\":{\"@type\":\"EntryPoint\",\"urlTemplate\":\"https:\/\/permbledhja.com\/?s={search_term_string}\"},\"query-input\":\"required name=search_term_string\"}],\"inLanguage\":\"sq\"},{\"@type\":\"Organization\",\"@id\":\"https:\/\/permbledhja.com\/#organization\",\"name\":\"MK Media & Pr\",\"url\":\"https:\/\/permbledhja.com\/\",\"logo\":{\"@type\":\"ImageObject\",\"inLanguage\":\"sq\",\"@id\":\"https:\/\/permbledhja.com\/#\/schema\/logo\/image\/\",\"url\":\"https:\/\/permbledhja.com\/wp-content\/uploads\/2021\/12\/07-Press-Logo.jpg\",\"contentUrl\":\"https:\/\/permbledhja.com\/wp-content\/uploads\/2021\/12\/07-Press-Logo.jpg\",\"width\":512,\"height\":512,\"caption\":\"MK Media & Pr\"},\"image\":{\"@id\":\"https:\/\/permbledhja.com\/#\/schema\/logo\/image\/\"},\"sameAs\":[\"https:\/\/www.facebook.com\/press07\/\"]},{\"@type\":\"Person\",\"@id\":\"https:\/\/permbledhja.com\/#\/schema\/person\/d23f13f59b5722643933d6780783acf3\",\"name\":\"M M\",\"image\":{\"@type\":\"ImageObject\",\"inLanguage\":\"sq\",\"@id\":\"https:\/\/permbledhja.com\/#\/schema\/person\/image\/\",\"url\":\"https:\/\/secure.gravatar.com\/avatar\/e2835a76ca7c31a2416b2d51c4ec9a8f?s=96&d=mm&r=g\",\"contentUrl\":\"https:\/\/secure.gravatar.com\/avatar\/e2835a76ca7c31a2416b2d51c4ec9a8f?s=96&d=mm&r=g\",\"caption\":\"M M\"},\"sameAs\":[\"http:\/\/MM\"],\"url\":\"https:\/\/permbledhja.com\/sq\/author\/muhamet\/\"}]}<\/script>\n<!-- \/ Yoast SEO plugin. -->","yoast_head_json":{"title":"Rama: Dron\u00ebt \u201cBayraktar\u201d gati p\u00ebr fluturim pa pilot","robots":{"index":"index","follow":"follow","max-snippet":"max-snippet:-1","max-image-preview":"max-image-preview:large","max-video-preview":"max-video-preview:-1"},"canonical":"https:\/\/permbledhja.com\/sq\/rama-dronet-bayraktar-gati-per-fluturim-pa-pilot\/","og_locale":"sq_AL","og_type":"article","og_title":"Rama: Dron\u00ebt \u201cBayraktar\u201d gati p\u00ebr fluturim pa pilot","og_description":"Kryeministri i Shqip\u00ebris\u00eb, Edi Rama ka njoftuar se dron\u00ebt Bayraktar t\u00eb Forcave t\u00eb Armatosura t\u00eb Shqip\u00ebris\u00eb, tashm\u00eb kan\u00eb edhe detashmentin e tyre t\u00eb certifikuar t\u00eb mjeteve fluturuese pa pilot. Rama tha se oficer\u00ebt, n\u00ebnoficer\u00ebt dhe ushtar\u00ebt tan\u00eb t\u00eb k\u00ebtij detashmenti u trajnuan p\u00ebr kat\u00ebr muaj n\u00eb Keshan t\u00eb Turqis\u00eb. \u201cDron\u00ebt Bayraktar t\u00eb Forcave t\u00eb Armatosura [&hellip;]","og_url":"https:\/\/permbledhja.com\/sq\/rama-dronet-bayraktar-gati-per-fluturim-pa-pilot\/","og_site_name":"Ve\u00e7 artikuj p\u00ebrmbledh\u00ebs","article_publisher":"https:\/\/www.facebook.com\/press07\/","article_published_time":"2024-03-17T17:35:41+00:00","og_image":[{"width":1440,"height":960,"url":"https:\/\/permbledhja.com\/wp-content\/uploads\/2024\/03\/Dronet-Bayraktar-1.jpg","type":"image\/jpeg"}],"author":"M M","twitter_card":"summary_large_image","twitter_misc":{"Written by":"M M","Est. reading time":"1 minut\u00eb"},"schema":{"@context":"https:\/\/schema.org","@graph":[{"@type":"Article","@id":"https:\/\/permbledhja.com\/sq\/rama-dronet-bayraktar-gati-per-fluturim-pa-pilot\/#article","isPartOf":{"@id":"https:\/\/permbledhja.com\/sq\/rama-dronet-bayraktar-gati-per-fluturim-pa-pilot\/"},"author":{"name":"M M","@id":"https:\/\/permbledhja.com\/#\/schema\/person\/d23f13f59b5722643933d6780783acf3"},"headline":"Rama: Dron\u00ebt \u201cBayraktar\u201d gati p\u00ebr fluturim pa pilot","datePublished":"2024-03-17T17:35:41+00:00","dateModified":"2024-03-17T17:35:41+00:00","mainEntityOfPage":{"@id":"https:\/\/permbledhja.com\/sq\/rama-dronet-bayraktar-gati-per-fluturim-pa-pilot\/"},"wordCount":142,"publisher":{"@id":"https:\/\/permbledhja.com\/#organization"},"keywords":["Edi Rama"],"articleSection":["Shqip\u00ebri"],"inLanguage":"sq"},{"@type":"WebPage","@id":"https:\/\/permbledhja.com\/sq\/rama-dronet-bayraktar-gati-per-fluturim-pa-pilot\/","url":"https:\/\/permbledhja.com\/sq\/rama-dronet-bayraktar-gati-per-fluturim-pa-pilot\/","name":"Rama: Dron\u00ebt \u201cBayraktar\u201d gati p\u00ebr fluturim pa pilot","isPartOf":{"@id":"https:\/\/permbledhja.com\/#website"},"datePublished":"2024-03-17T17:35:41+00:00","dateModified":"2024-03-17T17:35:41+00:00","breadcrumb":{"@id":"https:\/\/permbledhja.com\/sq\/rama-dronet-bayraktar-gati-per-fluturim-pa-pilot\/#breadcrumb"},"inLanguage":"sq","potentialAction":[{"@type":"ReadAction","target":["https:\/\/permbledhja.com\/sq\/rama-dronet-bayraktar-gati-per-fluturim-pa-pilot\/"]}]},{"@type":"BreadcrumbList","@id":"https:\/\/permbledhja.com\/sq\/rama-dronet-bayraktar-gati-per-fluturim-pa-pilot\/#breadcrumb","itemListElement":[{"@type":"ListItem","position":1,"name":"Ballina","item":"https:\/\/permbledhja.com\/sq\/"},{"@type":"ListItem","position":2,"name":"Rama: Dron\u00ebt \u201cBayraktar\u201d gati p\u00ebr fluturim pa pilot"}]},{"@type":"WebSite","@id":"https:\/\/permbledhja.com\/#website","url":"https:\/\/permbledhja.com\/","name":"Ve\u00e7 artikuj p\u00ebrmbledh\u00ebs","description":"","publisher":{"@id":"https:\/\/permbledhja.com\/#organization"},"potentialAction":[{"@type":"SearchAction","target":{"@type":"EntryPoint","urlTemplate":"https:\/\/permbledhja.com\/?s={search_term_string}"},"query-input":"required name=search_term_string"}],"inLanguage":"sq"},{"@type":"Organization","@id":"https:\/\/permbledhja.com\/#organization","name":"MK Media & Pr","url":"https:\/\/permbledhja.com\/","logo":{"@type":"ImageObject","inLanguage":"sq","@id":"https:\/\/permbledhja.com\/#\/schema\/logo\/image\/","url":"https:\/\/permbledhja.com\/wp-content\/uploads\/2021\/12\/07-Press-Logo.jpg","contentUrl":"https:\/\/permbledhja.com\/wp-content\/uploads\/2021\/12\/07-Press-Logo.jpg","width":512,"height":512,"caption":"MK Media & Pr"},"image":{"@id":"https:\/\/permbledhja.com\/#\/schema\/logo\/image\/"},"sameAs":["https:\/\/www.facebook.com\/press07\/"]},{"@type":"Person","@id":"https:\/\/permbledhja.com\/#\/schema\/person\/d23f13f59b5722643933d6780783acf3","name":"M M","image":{"@type":"ImageObject","inLanguage":"sq","@id":"https:\/\/permbledhja.com\/#\/schema\/person\/image\/","url":"https:\/\/secure.gravatar.com\/avatar\/e2835a76ca7c31a2416b2d51c4ec9a8f?s=96&d=mm&r=g","contentUrl":"https:\/\/secure.gravatar.com\/avatar\/e2835a76ca7c31a2416b2d51c4ec9a8f?s=96&d=mm&r=g","caption":"M M"},"sameAs":["http:\/\/MM"],"url":"https:\/\/permbledhja.com\/sq\/author\/muhamet\/"}]}},"_links":{"self":[{"href":"https:\/\/permbledhja.com\/sq\/wp-json\/wp\/v2\/posts\/52682"}],"collection":[{"href":"https:\/\/permbledhja.com\/sq\/wp-json\/wp\/v2\/posts"}],"about":[{"href":"https:\/\/permbledhja.com\/sq\/wp-json\/wp\/v2\/types\/post"}],"author":[{"embeddable":true,"href":"https:\/\/permbledhja.com\/sq\/wp-json\/wp\/v2\/users\/2"}],"replies":[{"embeddable":true,"href":"https:\/\/permbledhja.com\/sq\/wp-json\/wp\/v2\/comments?post=52682"}],"version-history":[{"count":1,"href":"https:\/\/permbledhja.com\/sq\/wp-json\/wp\/v2\/posts\/52682\/revisions"}],"predecessor-version":[{"id":52684,"href":"https:\/\/permbledhja.com\/sq\/wp-json\/wp\/v2\/posts\/52682\/revisions\/52684"}],"wp:featuredmedia":[{"embeddable":true,"href":"https:\/\/permbledhja.com\/sq\/wp-json\/wp\/v2\/media\/52683"}],"wp:attachment":[{"href":"https:\/\/permbledhja.com\/sq\/wp-json\/wp\/v2\/media?parent=52682"}],"wp:term":[{"taxonomy":"category","embeddable":true,"href":"https:\/\/permbledhja.com\/sq\/wp-json\/wp\/v2\/categories?post=52682"},{"taxonomy":"post_tag","embeddable":true,"href":"https:\/\/permbledhja.com\/sq\/wp-json\/wp\/v2\/tags?post=52682"}],"curies":[{"name":"wp","href":"https:\/\/api.w.org\/{rel}","templated":true}]}}