{"id":52656,"date":"2024-03-17T15:05:17","date_gmt":"2024-03-17T15:05:17","guid":{"rendered":"https:\/\/permbledhja.com\/?p=52656"},"modified":"2024-03-17T15:05:17","modified_gmt":"2024-03-17T15:05:17","slug":"perforcohet-mbrojtja-e-thacit-ekipit-mbrojtes-i-bashkohet-edhe-avokatja-nina-tavakoli","status":"publish","type":"post","link":"https:\/\/permbledhja.com\/sq\/perforcohet-mbrojtja-e-thacit-ekipit-mbrojtes-i-bashkohet-edhe-avokatja-nina-tavakoli\/","title":{"rendered":"P\u00ebrforcohet mbrojtja e Tha\u00e7it: Ekipit mbrojt\u00ebs i bashkohet edhe avokatja Nina Tavakoli"},"content":{"rendered":"<h3>Ekipit mbrojt\u00ebs t\u00eb ish-presidentit t\u00eb Kosov\u00ebs, Hashim Tha\u00e7i, i \u00ebsht\u00eb bashkuar avokatja Nina Tavakoli.<\/h3>\n<p>K\u00ebshtu \u00ebsht\u00eb b\u00ebr\u00eb e ditur nj\u00eb njoftimin e publikuar n\u00eb faqen zyrtare t\u00eb Dhomave t\u00eb Specializuara.<\/p>\n<p>\u201cN\u00eb baz\u00eb t\u00eb Rregull\u00ebs 26(1) t\u00eb Rregullores,1 Sekretari njofton Trupin Gjykues t\u00eb miratimit t\u00eb znj. Nina Tavakoli si bashk\u00ebavokate p\u00ebr z. Hashim Tha\u00e7i dhe, n\u00eb p\u00ebrputhje me rregull\u00ebn 26(1) t\u00eb Rregullores dhe nenin 18(6) t\u00eb Direktiv\u00ebs p\u00ebr avokatin, 2 e informon Trupin Gjykues p\u00ebr pushimin nga puna t\u00eb z. Albert Mosko\u00ebitz si bashk\u00ebavokat i z. Tha\u00e7i\u201d, thuhet n\u00eb njoftim.<\/p>\n<p>Dhomat e Specializuara t\u00eb Kosov\u00ebs, kan\u00eb njoftuar se m\u00eb 4 mars t\u00eb k\u00ebtij viti, avokati Misetic e ka informuar sekretarin se do t\u00eb d\u00ebshironte t\u00eb ndihmohej nga Tavakoli si bashk\u00ebavokate.<\/p>\n<p>\u201cTavakoli \u00ebsht\u00eb pranuar n\u00eb list\u00ebn e avokat\u00ebve n\u00eb p\u00ebrputhje me nenin 7(3) dhe 18(1) t\u00eb Direktiv\u00ebs p\u00ebr avokatin.3\u201d, vijon njoftimi.<\/p>\n<p>Ndryshe,trupi gjykues n\u00eb \u00e7\u00ebshtjen gjyq\u00ebsore Tha\u00e7i dhe t\u00eb tjer\u00ebt, miratoi t\u00ebrheqjen e Gregory Kehoe si mbrojt\u00ebs kryesor i Hashim Tha\u00e7it.<\/p>\n","protected":false},"excerpt":{"rendered":"<p>Ekipit mbrojt\u00ebs t\u00eb ish-presidentit t\u00eb Kosov\u00ebs, Hashim Tha\u00e7i, i \u00ebsht\u00eb bashkuar avokatja Nina Tavakoli. K\u00ebshtu \u00ebsht\u00eb b\u00ebr\u00eb e ditur nj\u00eb njoftimin e publikuar n\u00eb faqen zyrtare t\u00eb Dhomave t\u00eb Specializuara. \u201cN\u00eb baz\u00eb t\u00eb Rregull\u00ebs 26(1) t\u00eb Rregullores,1 Sekretari njofton Trupin Gjykues t\u00eb miratimit t\u00eb znj. Nina Tavakoli si bashk\u00ebavokate p\u00ebr z. Hashim Tha\u00e7i dhe, n\u00eb [&hellip;]<\/p>\n","protected":false},"author":2,"featured_media":52657,"comment_status":"closed","ping_status":"closed","sticky":false,"template":"","format":"standard","meta":{"_monsterinsights_skip_tracking":false,"_monsterinsights_sitenote_active":false,"_monsterinsights_sitenote_note":"","_monsterinsights_sitenote_category":0,"_uf_show_specific_survey":0,"_uf_disable_surveys":false,"footnotes":""},"categories":[2645],"tags":[299],"yoast_head":"<!-- This site is optimized with the Yoast SEO plugin v21.5 - https:\/\/yoast.com\/wordpress\/plugins\/seo\/ -->\n<title>P\u00ebrforcohet mbrojtja e Tha\u00e7it: Ekipit mbrojt\u00ebs i bashkohet edhe avokatja Nina Tavakoli<\/title>\n<meta name=\"robots\" content=\"index, follow, max-snippet:-1, max-image-preview:large, max-video-preview:-1\" \/>\n<link rel=\"canonical\" href=\"https:\/\/permbledhja.com\/sq\/perforcohet-mbrojtja-e-thacit-ekipit-mbrojtes-i-bashkohet-edhe-avokatja-nina-tavakoli\/\" \/>\n<meta property=\"og:locale\" content=\"sq_AL\" \/>\n<meta property=\"og:type\" content=\"article\" \/>\n<meta property=\"og:title\" content=\"P\u00ebrforcohet mbrojtja e Tha\u00e7it: Ekipit mbrojt\u00ebs i bashkohet edhe avokatja Nina Tavakoli\" \/>\n<meta property=\"og:description\" content=\"Ekipit mbrojt\u00ebs t\u00eb ish-presidentit t\u00eb Kosov\u00ebs, Hashim Tha\u00e7i, i \u00ebsht\u00eb bashkuar avokatja Nina Tavakoli. K\u00ebshtu \u00ebsht\u00eb b\u00ebr\u00eb e ditur nj\u00eb njoftimin e publikuar n\u00eb faqen zyrtare t\u00eb Dhomave t\u00eb Specializuara. \u201cN\u00eb baz\u00eb t\u00eb Rregull\u00ebs 26(1) t\u00eb Rregullores,1 Sekretari njofton Trupin Gjykues t\u00eb miratimit t\u00eb znj. Nina Tavakoli si bashk\u00ebavokate p\u00ebr z. Hashim Tha\u00e7i dhe, n\u00eb [&hellip;]\" \/>\n<meta property=\"og:url\" content=\"https:\/\/permbledhja.com\/sq\/perforcohet-mbrojtja-e-thacit-ekipit-mbrojtes-i-bashkohet-edhe-avokatja-nina-tavakoli\/\" \/>\n<meta property=\"og:site_name\" content=\"Ve\u00e7 artikuj p\u00ebrmbledh\u00ebs\" \/>\n<meta property=\"article:publisher\" content=\"https:\/\/www.facebook.com\/press07\/\" \/>\n<meta property=\"article:published_time\" content=\"2024-03-17T15:05:17+00:00\" \/>\n<meta property=\"og:image\" content=\"https:\/\/permbledhja.com\/wp-content\/uploads\/2024\/03\/hashim-thaci.png\" \/>\n\t<meta property=\"og:image:width\" content=\"1004\" \/>\n\t<meta property=\"og:image:height\" content=\"565\" \/>\n\t<meta property=\"og:image:type\" content=\"image\/png\" \/>\n<meta name=\"author\" content=\"M M\" \/>\n<meta name=\"twitter:card\" content=\"summary_large_image\" \/>\n<meta name=\"twitter:label1\" content=\"Written by\" \/>\n\t<meta name=\"twitter:data1\" content=\"M M\" \/>\n\t<meta name=\"twitter:label2\" content=\"Est. reading time\" \/>\n\t<meta name=\"twitter:data2\" content=\"1 minut\u00eb\" \/>\n<script type=\"application\/ld+json\" class=\"yoast-schema-graph\">{\"@context\":\"https:\/\/schema.org\",\"@graph\":[{\"@type\":\"Article\",\"@id\":\"https:\/\/permbledhja.com\/perforcohet-mbrojtja-e-thacit-ekipit-mbrojtes-i-bashkohet-edhe-avokatja-nina-tavakoli\/#article\",\"isPartOf\":{\"@id\":\"https:\/\/permbledhja.com\/perforcohet-mbrojtja-e-thacit-ekipit-mbrojtes-i-bashkohet-edhe-avokatja-nina-tavakoli\/\"},\"author\":{\"name\":\"M M\",\"@id\":\"https:\/\/permbledhja.com\/#\/schema\/person\/d23f13f59b5722643933d6780783acf3\"},\"headline\":\"P\u00ebrforcohet mbrojtja e Tha\u00e7it: Ekipit mbrojt\u00ebs i bashkohet edhe avokatja Nina Tavakoli\",\"datePublished\":\"2024-03-17T15:05:17+00:00\",\"dateModified\":\"2024-03-17T15:05:17+00:00\",\"mainEntityOfPage\":{\"@id\":\"https:\/\/permbledhja.com\/perforcohet-mbrojtja-e-thacit-ekipit-mbrojtes-i-bashkohet-edhe-avokatja-nina-tavakoli\/\"},\"wordCount\":200,\"publisher\":{\"@id\":\"https:\/\/permbledhja.com\/#organization\"},\"keywords\":[\"Hashim Tha\u00e7i\"],\"articleSection\":[\"T\u00eb r\u00ebnd\u00ebsishme\"],\"inLanguage\":\"sq\"},{\"@type\":\"WebPage\",\"@id\":\"https:\/\/permbledhja.com\/perforcohet-mbrojtja-e-thacit-ekipit-mbrojtes-i-bashkohet-edhe-avokatja-nina-tavakoli\/\",\"url\":\"https:\/\/permbledhja.com\/perforcohet-mbrojtja-e-thacit-ekipit-mbrojtes-i-bashkohet-edhe-avokatja-nina-tavakoli\/\",\"name\":\"P\u00ebrforcohet mbrojtja e Tha\u00e7it: Ekipit mbrojt\u00ebs i bashkohet edhe avokatja Nina Tavakoli\",\"isPartOf\":{\"@id\":\"https:\/\/permbledhja.com\/#website\"},\"datePublished\":\"2024-03-17T15:05:17+00:00\",\"dateModified\":\"2024-03-17T15:05:17+00:00\",\"breadcrumb\":{\"@id\":\"https:\/\/permbledhja.com\/perforcohet-mbrojtja-e-thacit-ekipit-mbrojtes-i-bashkohet-edhe-avokatja-nina-tavakoli\/#breadcrumb\"},\"inLanguage\":\"sq\",\"potentialAction\":[{\"@type\":\"ReadAction\",\"target\":[\"https:\/\/permbledhja.com\/perforcohet-mbrojtja-e-thacit-ekipit-mbrojtes-i-bashkohet-edhe-avokatja-nina-tavakoli\/\"]}]},{\"@type\":\"BreadcrumbList\",\"@id\":\"https:\/\/permbledhja.com\/perforcohet-mbrojtja-e-thacit-ekipit-mbrojtes-i-bashkohet-edhe-avokatja-nina-tavakoli\/#breadcrumb\",\"itemListElement\":[{\"@type\":\"ListItem\",\"position\":1,\"name\":\"Ballina\",\"item\":\"https:\/\/permbledhja.com\/sq\/\"},{\"@type\":\"ListItem\",\"position\":2,\"name\":\"P\u00ebrforcohet mbrojtja e Tha\u00e7it: Ekipit mbrojt\u00ebs i bashkohet edhe avokatja Nina Tavakoli\"}]},{\"@type\":\"WebSite\",\"@id\":\"https:\/\/permbledhja.com\/#website\",\"url\":\"https:\/\/permbledhja.com\/\",\"name\":\"Ve\u00e7 artikuj p\u00ebrmbledh\u00ebs\",\"description\":\"\",\"publisher\":{\"@id\":\"https:\/\/permbledhja.com\/#organization\"},\"potentialAction\":[{\"@type\":\"SearchAction\",\"target\":{\"@type\":\"EntryPoint\",\"urlTemplate\":\"https:\/\/permbledhja.com\/?s={search_term_string}\"},\"query-input\":\"required name=search_term_string\"}],\"inLanguage\":\"sq\"},{\"@type\":\"Organization\",\"@id\":\"https:\/\/permbledhja.com\/#organization\",\"name\":\"MK Media & Pr\",\"url\":\"https:\/\/permbledhja.com\/\",\"logo\":{\"@type\":\"ImageObject\",\"inLanguage\":\"sq\",\"@id\":\"https:\/\/permbledhja.com\/#\/schema\/logo\/image\/\",\"url\":\"https:\/\/permbledhja.com\/wp-content\/uploads\/2021\/12\/07-Press-Logo.jpg\",\"contentUrl\":\"https:\/\/permbledhja.com\/wp-content\/uploads\/2021\/12\/07-Press-Logo.jpg\",\"width\":512,\"height\":512,\"caption\":\"MK Media & Pr\"},\"image\":{\"@id\":\"https:\/\/permbledhja.com\/#\/schema\/logo\/image\/\"},\"sameAs\":[\"https:\/\/www.facebook.com\/press07\/\"]},{\"@type\":\"Person\",\"@id\":\"https:\/\/permbledhja.com\/#\/schema\/person\/d23f13f59b5722643933d6780783acf3\",\"name\":\"M M\",\"image\":{\"@type\":\"ImageObject\",\"inLanguage\":\"sq\",\"@id\":\"https:\/\/permbledhja.com\/#\/schema\/person\/image\/\",\"url\":\"https:\/\/secure.gravatar.com\/avatar\/e2835a76ca7c31a2416b2d51c4ec9a8f?s=96&d=mm&r=g\",\"contentUrl\":\"https:\/\/secure.gravatar.com\/avatar\/e2835a76ca7c31a2416b2d51c4ec9a8f?s=96&d=mm&r=g\",\"caption\":\"M M\"},\"sameAs\":[\"http:\/\/MM\"],\"url\":\"https:\/\/permbledhja.com\/sq\/author\/muhamet\/\"}]}<\/script>\n<!-- \/ Yoast SEO plugin. -->","yoast_head_json":{"title":"P\u00ebrforcohet mbrojtja e Tha\u00e7it: Ekipit mbrojt\u00ebs i bashkohet edhe avokatja Nina Tavakoli","robots":{"index":"index","follow":"follow","max-snippet":"max-snippet:-1","max-image-preview":"max-image-preview:large","max-video-preview":"max-video-preview:-1"},"canonical":"https:\/\/permbledhja.com\/sq\/perforcohet-mbrojtja-e-thacit-ekipit-mbrojtes-i-bashkohet-edhe-avokatja-nina-tavakoli\/","og_locale":"sq_AL","og_type":"article","og_title":"P\u00ebrforcohet mbrojtja e Tha\u00e7it: Ekipit mbrojt\u00ebs i bashkohet edhe avokatja Nina Tavakoli","og_description":"Ekipit mbrojt\u00ebs t\u00eb ish-presidentit t\u00eb Kosov\u00ebs, Hashim Tha\u00e7i, i \u00ebsht\u00eb bashkuar avokatja Nina Tavakoli. K\u00ebshtu \u00ebsht\u00eb b\u00ebr\u00eb e ditur nj\u00eb njoftimin e publikuar n\u00eb faqen zyrtare t\u00eb Dhomave t\u00eb Specializuara. \u201cN\u00eb baz\u00eb t\u00eb Rregull\u00ebs 26(1) t\u00eb Rregullores,1 Sekretari njofton Trupin Gjykues t\u00eb miratimit t\u00eb znj. Nina Tavakoli si bashk\u00ebavokate p\u00ebr z. Hashim Tha\u00e7i dhe, n\u00eb [&hellip;]","og_url":"https:\/\/permbledhja.com\/sq\/perforcohet-mbrojtja-e-thacit-ekipit-mbrojtes-i-bashkohet-edhe-avokatja-nina-tavakoli\/","og_site_name":"Ve\u00e7 artikuj p\u00ebrmbledh\u00ebs","article_publisher":"https:\/\/www.facebook.com\/press07\/","article_published_time":"2024-03-17T15:05:17+00:00","og_image":[{"width":1004,"height":565,"url":"https:\/\/permbledhja.com\/wp-content\/uploads\/2024\/03\/hashim-thaci.png","type":"image\/png"}],"author":"M M","twitter_card":"summary_large_image","twitter_misc":{"Written by":"M M","Est. reading time":"1 minut\u00eb"},"schema":{"@context":"https:\/\/schema.org","@graph":[{"@type":"Article","@id":"https:\/\/permbledhja.com\/perforcohet-mbrojtja-e-thacit-ekipit-mbrojtes-i-bashkohet-edhe-avokatja-nina-tavakoli\/#article","isPartOf":{"@id":"https:\/\/permbledhja.com\/perforcohet-mbrojtja-e-thacit-ekipit-mbrojtes-i-bashkohet-edhe-avokatja-nina-tavakoli\/"},"author":{"name":"M M","@id":"https:\/\/permbledhja.com\/#\/schema\/person\/d23f13f59b5722643933d6780783acf3"},"headline":"P\u00ebrforcohet mbrojtja e Tha\u00e7it: Ekipit mbrojt\u00ebs i bashkohet edhe avokatja Nina Tavakoli","datePublished":"2024-03-17T15:05:17+00:00","dateModified":"2024-03-17T15:05:17+00:00","mainEntityOfPage":{"@id":"https:\/\/permbledhja.com\/perforcohet-mbrojtja-e-thacit-ekipit-mbrojtes-i-bashkohet-edhe-avokatja-nina-tavakoli\/"},"wordCount":200,"publisher":{"@id":"https:\/\/permbledhja.com\/#organization"},"keywords":["Hashim Tha\u00e7i"],"articleSection":["T\u00eb r\u00ebnd\u00ebsishme"],"inLanguage":"sq"},{"@type":"WebPage","@id":"https:\/\/permbledhja.com\/perforcohet-mbrojtja-e-thacit-ekipit-mbrojtes-i-bashkohet-edhe-avokatja-nina-tavakoli\/","url":"https:\/\/permbledhja.com\/perforcohet-mbrojtja-e-thacit-ekipit-mbrojtes-i-bashkohet-edhe-avokatja-nina-tavakoli\/","name":"P\u00ebrforcohet mbrojtja e Tha\u00e7it: Ekipit mbrojt\u00ebs i bashkohet edhe avokatja Nina Tavakoli","isPartOf":{"@id":"https:\/\/permbledhja.com\/#website"},"datePublished":"2024-03-17T15:05:17+00:00","dateModified":"2024-03-17T15:05:17+00:00","breadcrumb":{"@id":"https:\/\/permbledhja.com\/perforcohet-mbrojtja-e-thacit-ekipit-mbrojtes-i-bashkohet-edhe-avokatja-nina-tavakoli\/#breadcrumb"},"inLanguage":"sq","potentialAction":[{"@type":"ReadAction","target":["https:\/\/permbledhja.com\/perforcohet-mbrojtja-e-thacit-ekipit-mbrojtes-i-bashkohet-edhe-avokatja-nina-tavakoli\/"]}]},{"@type":"BreadcrumbList","@id":"https:\/\/permbledhja.com\/perforcohet-mbrojtja-e-thacit-ekipit-mbrojtes-i-bashkohet-edhe-avokatja-nina-tavakoli\/#breadcrumb","itemListElement":[{"@type":"ListItem","position":1,"name":"Ballina","item":"https:\/\/permbledhja.com\/sq\/"},{"@type":"ListItem","position":2,"name":"P\u00ebrforcohet mbrojtja e Tha\u00e7it: Ekipit mbrojt\u00ebs i bashkohet edhe avokatja Nina Tavakoli"}]},{"@type":"WebSite","@id":"https:\/\/permbledhja.com\/#website","url":"https:\/\/permbledhja.com\/","name":"Ve\u00e7 artikuj p\u00ebrmbledh\u00ebs","description":"","publisher":{"@id":"https:\/\/permbledhja.com\/#organization"},"potentialAction":[{"@type":"SearchAction","target":{"@type":"EntryPoint","urlTemplate":"https:\/\/permbledhja.com\/?s={search_term_string}"},"query-input":"required name=search_term_string"}],"inLanguage":"sq"},{"@type":"Organization","@id":"https:\/\/permbledhja.com\/#organization","name":"MK Media & Pr","url":"https:\/\/permbledhja.com\/","logo":{"@type":"ImageObject","inLanguage":"sq","@id":"https:\/\/permbledhja.com\/#\/schema\/logo\/image\/","url":"https:\/\/permbledhja.com\/wp-content\/uploads\/2021\/12\/07-Press-Logo.jpg","contentUrl":"https:\/\/permbledhja.com\/wp-content\/uploads\/2021\/12\/07-Press-Logo.jpg","width":512,"height":512,"caption":"MK Media & Pr"},"image":{"@id":"https:\/\/permbledhja.com\/#\/schema\/logo\/image\/"},"sameAs":["https:\/\/www.facebook.com\/press07\/"]},{"@type":"Person","@id":"https:\/\/permbledhja.com\/#\/schema\/person\/d23f13f59b5722643933d6780783acf3","name":"M M","image":{"@type":"ImageObject","inLanguage":"sq","@id":"https:\/\/permbledhja.com\/#\/schema\/person\/image\/","url":"https:\/\/secure.gravatar.com\/avatar\/e2835a76ca7c31a2416b2d51c4ec9a8f?s=96&d=mm&r=g","contentUrl":"https:\/\/secure.gravatar.com\/avatar\/e2835a76ca7c31a2416b2d51c4ec9a8f?s=96&d=mm&r=g","caption":"M M"},"sameAs":["http:\/\/MM"],"url":"https:\/\/permbledhja.com\/sq\/author\/muhamet\/"}]}},"_links":{"self":[{"href":"https:\/\/permbledhja.com\/sq\/wp-json\/wp\/v2\/posts\/52656"}],"collection":[{"href":"https:\/\/permbledhja.com\/sq\/wp-json\/wp\/v2\/posts"}],"about":[{"href":"https:\/\/permbledhja.com\/sq\/wp-json\/wp\/v2\/types\/post"}],"author":[{"embeddable":true,"href":"https:\/\/permbledhja.com\/sq\/wp-json\/wp\/v2\/users\/2"}],"replies":[{"embeddable":true,"href":"https:\/\/permbledhja.com\/sq\/wp-json\/wp\/v2\/comments?post=52656"}],"version-history":[{"count":1,"href":"https:\/\/permbledhja.com\/sq\/wp-json\/wp\/v2\/posts\/52656\/revisions"}],"predecessor-version":[{"id":52658,"href":"https:\/\/permbledhja.com\/sq\/wp-json\/wp\/v2\/posts\/52656\/revisions\/52658"}],"wp:featuredmedia":[{"embeddable":true,"href":"https:\/\/permbledhja.com\/sq\/wp-json\/wp\/v2\/media\/52657"}],"wp:attachment":[{"href":"https:\/\/permbledhja.com\/sq\/wp-json\/wp\/v2\/media?parent=52656"}],"wp:term":[{"taxonomy":"category","embeddable":true,"href":"https:\/\/permbledhja.com\/sq\/wp-json\/wp\/v2\/categories?post=52656"},{"taxonomy":"post_tag","embeddable":true,"href":"https:\/\/permbledhja.com\/sq\/wp-json\/wp\/v2\/tags?post=52656"}],"curies":[{"name":"wp","href":"https:\/\/api.w.org\/{rel}","templated":true}]}}