{"id":52515,"date":"2024-03-15T09:06:29","date_gmt":"2024-03-15T09:06:29","guid":{"rendered":"https:\/\/permbledhja.com\/?p=52515"},"modified":"2024-03-15T09:06:29","modified_gmt":"2024-03-15T09:06:29","slug":"shaban-gogaj-denohet-me-7-vjet-e-6-muaj-burg-per-vrasjen-e-agonis-tetajt","status":"publish","type":"post","link":"https:\/\/permbledhja.com\/sq\/shaban-gogaj-denohet-me-7-vjet-e-6-muaj-burg-per-vrasjen-e-agonis-tetajt\/","title":{"rendered":"Shaban Gogaj d\u00ebnohet me 7 vjet e 6 muaj burg p\u00ebr vrasjen e Agonis Tetajt"},"content":{"rendered":"<p><strong>Edhe n\u00eb rigjykim, Shaban Gogaj \u00ebsht\u00eb d\u00ebnuar me 7 vjet e 6 muaj burgim p\u00ebr vrasjen nga pakujdesia t\u00eb Agonis Tetajt n\u00eb shtator t\u00eb 2018-\u00ebs. Her\u00ebn e par\u00eb, poashtu, ishte d\u00ebnuar me 7 vite e 6 muaj burgim.<br \/>\n<\/strong><\/p>\n<p>Aktgjykimi \u00ebsht\u00eb shpallur t\u00eb premten n\u00eb Gjykat\u00ebn Themelore n\u00eb Pej\u00eb nga kryetarja e trupit gjykues, Violeta Husaj-Rugova, raporton \u201cBetimi p\u00ebr Drejt\u00ebsi\u201d.<\/p>\n<p>P\u00ebr vrasje nga pakujdesia, Gogaj \u00ebsht\u00eb d\u00ebnuar me 5 vite burgim nd\u00ebrsa p\u00ebr arm\u00ebmbajtje pa leje me 3 vite. Gjykata ka shqiptuar d\u00ebnimin unik prej 7 vjet e 6 muaj burgim ndaj t\u00eb akuzuarit Gogaj, duke e llogaritur edhe koh\u00ebn e kaluar n\u00eb paraburgim prej 23 shtatorit 2018.<\/p>\n<p>Nd\u00ebrsa, Isuf Cacaj \u00ebsht\u00eb d\u00ebnuar me 2 mij\u00eb euro gjob\u00eb p\u00ebr arm\u00ebmbajtje pa leje.<\/p>\n<p>Kjo \u00ebsht\u00eb hera e dyt\u00eb q\u00eb Shaban Gogaj d\u00ebnohet me burgim pasi \u00ebsht\u00eb gjetur fajtor p\u00ebr \u201cvrasje nga pakujdesia\u201d q\u00eb kishte ndodhur n\u00eb lokalin e familjes Gogaj.<\/p>\n<p>N\u00eb seanc\u00ebn e fundit, bashk\u00ebshortja e t\u00eb ndjerit Tetaj, Albesa Cacaj ka hequr dor\u00eb nga k\u00ebrkesa pasurore-juridike, duke k\u00ebrkuar q\u00eb t\u00eb vendoset drejt\u00ebsia e t\u00eb mbyllet \u00e7\u00ebshtja penale.<\/p>\n<p>N\u00eb seanc\u00ebn e 31 janarit, i akuzuari Gogaj kishte th\u00ebn\u00eb se asgj\u00eb s\u2019kishte ndodhur me d\u00ebshir\u00ebn e tij dhe se do t\u00eb jepte gjith\u00eb jet\u00ebn q\u00eb t\u00eb ishte i gjall\u00eb Agonis Tetaj.<\/p>\n<p>M\u00eb 14 tetor 2022, Gjykata Themelore n\u00eb Pej\u00eb kishte shpallur aktgjykim d\u00ebnues ndaj t\u00eb akuzuarit Shaban Gogaj, duke e d\u00ebnuar\u00a0 me 7 vite e 6 muaj burgim p\u00ebr vrasje nga pakujdesia t\u00eb Agonis Tetajt.<\/p>\n<p>Gjykata e Apelit m\u00eb 23 mars 2023 kishte shqyrtuar ankesat e mbrojt\u00ebsit t\u00eb Gogajt, avokatit Besnik Berisha, pal\u00ebs s\u00eb d\u00ebmtuar, avokatit Berat Tmava dhe ankes\u00ebn e Prokuroris\u00eb Themelore n\u00eb Gjilan.\u00a0Kurse, pas shqyrtimit t\u00eb ankesave, Apeli m\u00eb 23 mars 2023 e ka kthyer l\u00ebnd\u00ebn n\u00eb rigjykim.<\/p>\n<p>Sipas aktakuz\u00ebs s\u00eb ngritur nga Prokuroria Themelore n\u00eb Pej\u00eb, m\u00eb 12 qershor 2019, Shaban Gogaj akuzohet se m\u00eb 23 shtator 2018, rreth or\u00ebs 11:04, n\u00eb De\u00e7an, n\u00eb rrug\u00ebn \u201cLuan Haradinaj\u201d, p\u00ebrkat\u00ebsisht n\u00eb kompanin\u00eb \u201cGogaj AG\u201d, me dashje e privon nga jeta Agonis Tetajn dhe me k\u00ebt\u00eb ka v\u00ebn\u00eb n\u00eb rrezik edhe jet\u00ebn e t\u00eb d\u00ebmtuarve A.H dhe F.Z. N\u00eb k\u00ebt\u00eb rast, p\u00ebr arm\u00ebmbajtje pa leje akuzohet edhe Isuf Cacaj, ku sipas aktakuz\u00ebs, n\u00eb dyqanin \u201cGogaj AG\u201d, ka mbajt n\u00eb pron\u00ebsi arm\u00ebn, e gjetur nga policia n\u00eb sirtar\u00ebt n\u00ebn banakun e ark\u00ebs.<\/p>\n<p>Detajet nga kronologjia e k\u00ebtij procesi gjyq\u00ebsor dhe aktakuza, mund t\u2019i gjeni:\u00a0<a href=\"https:\/\/betimiperdrejtesi.com\/shaban-gogaj-nuk-deklarohet-per-vrasje-te-rende-e-pranon-fajesine-per-armembajtje-pa-leje\/\">K\u00cbTU<\/a>.\u00a0<strong>\/Betimip\u00ebrDrejt\u00ebsi<\/strong><\/p>\n<p><strong><em>She\u0308nim: Personat e pe\u0308rmendur ne\u0308 ke\u0308te\u0308 artikull konsiderohen t\u00eb pafajshe\u0308m, pe\u0308rvec\u0327 ne\u0308se nga gjykata ve\u0308rtetohet se jan\u00eb fajtore\u0308 me vendim te\u0308 forme\u0308s se\u0308 prere\u0308.<\/em><\/strong><\/p>\n","protected":false},"excerpt":{"rendered":"<p>Edhe n\u00eb rigjykim, Shaban Gogaj \u00ebsht\u00eb d\u00ebnuar me 7 vjet e 6 muaj burgim p\u00ebr vrasjen nga pakujdesia t\u00eb Agonis Tetajt n\u00eb shtator t\u00eb 2018-\u00ebs. Her\u00ebn e par\u00eb, poashtu, ishte d\u00ebnuar me 7 vite e 6 muaj burgim. Aktgjykimi \u00ebsht\u00eb shpallur t\u00eb premten n\u00eb Gjykat\u00ebn Themelore n\u00eb Pej\u00eb nga kryetarja e trupit gjykues, Violeta Husaj-Rugova, [&hellip;]<\/p>\n","protected":false},"author":1,"featured_media":52516,"comment_status":"closed","ping_status":"closed","sticky":false,"template":"","format":"standard","meta":{"_monsterinsights_skip_tracking":false,"_monsterinsights_sitenote_active":false,"_monsterinsights_sitenote_note":"","_monsterinsights_sitenote_category":0,"_uf_show_specific_survey":0,"_uf_disable_surveys":false,"footnotes":""},"categories":[1146],"tags":[918],"yoast_head":"<!-- This site is optimized with the Yoast SEO plugin v21.5 - https:\/\/yoast.com\/wordpress\/plugins\/seo\/ -->\n<title>Shaban Gogaj d\u00ebnohet me 7 vjet e 6 muaj burg p\u00ebr vrasjen e Agonis Tetajt<\/title>\n<meta name=\"robots\" content=\"index, follow, max-snippet:-1, max-image-preview:large, max-video-preview:-1\" \/>\n<link rel=\"canonical\" href=\"https:\/\/permbledhja.com\/sq\/shaban-gogaj-denohet-me-7-vjet-e-6-muaj-burg-per-vrasjen-e-agonis-tetajt\/\" \/>\n<meta property=\"og:locale\" content=\"sq_AL\" \/>\n<meta property=\"og:type\" content=\"article\" \/>\n<meta property=\"og:title\" content=\"Shaban Gogaj d\u00ebnohet me 7 vjet e 6 muaj burg p\u00ebr vrasjen e Agonis Tetajt\" \/>\n<meta property=\"og:description\" content=\"Edhe n\u00eb rigjykim, Shaban Gogaj \u00ebsht\u00eb d\u00ebnuar me 7 vjet e 6 muaj burgim p\u00ebr vrasjen nga pakujdesia t\u00eb Agonis Tetajt n\u00eb shtator t\u00eb 2018-\u00ebs. Her\u00ebn e par\u00eb, poashtu, ishte d\u00ebnuar me 7 vite e 6 muaj burgim. Aktgjykimi \u00ebsht\u00eb shpallur t\u00eb premten n\u00eb Gjykat\u00ebn Themelore n\u00eb Pej\u00eb nga kryetarja e trupit gjykues, Violeta Husaj-Rugova, [&hellip;]\" \/>\n<meta property=\"og:url\" content=\"https:\/\/permbledhja.com\/sq\/shaban-gogaj-denohet-me-7-vjet-e-6-muaj-burg-per-vrasjen-e-agonis-tetajt\/\" \/>\n<meta property=\"og:site_name\" content=\"Ve\u00e7 artikuj p\u00ebrmbledh\u00ebs\" \/>\n<meta property=\"article:publisher\" content=\"https:\/\/www.facebook.com\/press07\/\" \/>\n<meta property=\"article:author\" content=\"https:\/\/www.facebook.com\/kafexhiu.muharrem\/\" \/>\n<meta property=\"article:published_time\" content=\"2024-03-15T09:06:29+00:00\" \/>\n<meta property=\"og:image\" content=\"https:\/\/permbledhja.com\/wp-content\/uploads\/2024\/03\/666BCCB7-DF2B-4F40-A64C-9E4FC9DE0629.jpeg\" \/>\n\t<meta property=\"og:image:width\" content=\"600\" \/>\n\t<meta property=\"og:image:height\" content=\"360\" \/>\n\t<meta property=\"og:image:type\" content=\"image\/jpeg\" \/>\n<meta name=\"author\" content=\"P\u00ebrmbledhja\" \/>\n<meta name=\"twitter:card\" content=\"summary_large_image\" \/>\n<meta name=\"twitter:label1\" content=\"Written by\" \/>\n\t<meta name=\"twitter:data1\" content=\"P\u00ebrmbledhja\" \/>\n\t<meta name=\"twitter:label2\" content=\"Est. reading time\" \/>\n\t<meta name=\"twitter:data2\" content=\"3 minuta\" \/>\n<script type=\"application\/ld+json\" class=\"yoast-schema-graph\">{\"@context\":\"https:\/\/schema.org\",\"@graph\":[{\"@type\":\"Article\",\"@id\":\"https:\/\/permbledhja.com\/shaban-gogaj-denohet-me-7-vjet-e-6-muaj-burg-per-vrasjen-e-agonis-tetajt\/#article\",\"isPartOf\":{\"@id\":\"https:\/\/permbledhja.com\/shaban-gogaj-denohet-me-7-vjet-e-6-muaj-burg-per-vrasjen-e-agonis-tetajt\/\"},\"author\":{\"name\":\"P\u00ebrmbledhja\",\"@id\":\"https:\/\/permbledhja.com\/#\/schema\/person\/0d064377258d3221e50693947b9eb4fe\"},\"headline\":\"Shaban Gogaj d\u00ebnohet me 7 vjet e 6 muaj burg p\u00ebr vrasjen e Agonis Tetajt\",\"datePublished\":\"2024-03-15T09:06:29+00:00\",\"dateModified\":\"2024-03-15T09:06:29+00:00\",\"mainEntityOfPage\":{\"@id\":\"https:\/\/permbledhja.com\/shaban-gogaj-denohet-me-7-vjet-e-6-muaj-burg-per-vrasjen-e-agonis-tetajt\/\"},\"wordCount\":483,\"publisher\":{\"@id\":\"https:\/\/permbledhja.com\/#organization\"},\"keywords\":[\"Shaban Gogaj\"],\"articleSection\":[\"Kryesoret\"],\"inLanguage\":\"sq\"},{\"@type\":\"WebPage\",\"@id\":\"https:\/\/permbledhja.com\/shaban-gogaj-denohet-me-7-vjet-e-6-muaj-burg-per-vrasjen-e-agonis-tetajt\/\",\"url\":\"https:\/\/permbledhja.com\/shaban-gogaj-denohet-me-7-vjet-e-6-muaj-burg-per-vrasjen-e-agonis-tetajt\/\",\"name\":\"Shaban Gogaj d\u00ebnohet me 7 vjet e 6 muaj burg p\u00ebr vrasjen e Agonis Tetajt\",\"isPartOf\":{\"@id\":\"https:\/\/permbledhja.com\/#website\"},\"datePublished\":\"2024-03-15T09:06:29+00:00\",\"dateModified\":\"2024-03-15T09:06:29+00:00\",\"breadcrumb\":{\"@id\":\"https:\/\/permbledhja.com\/shaban-gogaj-denohet-me-7-vjet-e-6-muaj-burg-per-vrasjen-e-agonis-tetajt\/#breadcrumb\"},\"inLanguage\":\"sq\",\"potentialAction\":[{\"@type\":\"ReadAction\",\"target\":[\"https:\/\/permbledhja.com\/shaban-gogaj-denohet-me-7-vjet-e-6-muaj-burg-per-vrasjen-e-agonis-tetajt\/\"]}]},{\"@type\":\"BreadcrumbList\",\"@id\":\"https:\/\/permbledhja.com\/shaban-gogaj-denohet-me-7-vjet-e-6-muaj-burg-per-vrasjen-e-agonis-tetajt\/#breadcrumb\",\"itemListElement\":[{\"@type\":\"ListItem\",\"position\":1,\"name\":\"Ballina\",\"item\":\"https:\/\/permbledhja.com\/sq\/\"},{\"@type\":\"ListItem\",\"position\":2,\"name\":\"Shaban Gogaj d\u00ebnohet me 7 vjet e 6 muaj burg p\u00ebr vrasjen e Agonis Tetajt\"}]},{\"@type\":\"WebSite\",\"@id\":\"https:\/\/permbledhja.com\/#website\",\"url\":\"https:\/\/permbledhja.com\/\",\"name\":\"Ve\u00e7 artikuj p\u00ebrmbledh\u00ebs\",\"description\":\"\",\"publisher\":{\"@id\":\"https:\/\/permbledhja.com\/#organization\"},\"potentialAction\":[{\"@type\":\"SearchAction\",\"target\":{\"@type\":\"EntryPoint\",\"urlTemplate\":\"https:\/\/permbledhja.com\/?s={search_term_string}\"},\"query-input\":\"required name=search_term_string\"}],\"inLanguage\":\"sq\"},{\"@type\":\"Organization\",\"@id\":\"https:\/\/permbledhja.com\/#organization\",\"name\":\"MK Media & Pr\",\"url\":\"https:\/\/permbledhja.com\/\",\"logo\":{\"@type\":\"ImageObject\",\"inLanguage\":\"sq\",\"@id\":\"https:\/\/permbledhja.com\/#\/schema\/logo\/image\/\",\"url\":\"https:\/\/permbledhja.com\/wp-content\/uploads\/2021\/12\/07-Press-Logo.jpg\",\"contentUrl\":\"https:\/\/permbledhja.com\/wp-content\/uploads\/2021\/12\/07-Press-Logo.jpg\",\"width\":512,\"height\":512,\"caption\":\"MK Media & Pr\"},\"image\":{\"@id\":\"https:\/\/permbledhja.com\/#\/schema\/logo\/image\/\"},\"sameAs\":[\"https:\/\/www.facebook.com\/press07\/\"]},{\"@type\":\"Person\",\"@id\":\"https:\/\/permbledhja.com\/#\/schema\/person\/0d064377258d3221e50693947b9eb4fe\",\"name\":\"P\u00ebrmbledhja\",\"image\":{\"@type\":\"ImageObject\",\"inLanguage\":\"sq\",\"@id\":\"https:\/\/permbledhja.com\/#\/schema\/person\/image\/\",\"url\":\"https:\/\/permbledhja.com\/wp-content\/uploads\/2026\/01\/452004717_1040944174702970_8932037511805513407_n-96x96.jpg\",\"contentUrl\":\"https:\/\/permbledhja.com\/wp-content\/uploads\/2026\/01\/452004717_1040944174702970_8932037511805513407_n-96x96.jpg\",\"caption\":\"P\u00ebrmbledhja\"},\"sameAs\":[\"https:\/\/www.facebook.com\/kafexhiu.muharrem\/\",\"https:\/\/www.instagram.com\/muharrem_kafexhiu\/\"],\"url\":\"https:\/\/permbledhja.com\/sq\/author\/admin\/\"}]}<\/script>\n<!-- \/ Yoast SEO plugin. -->","yoast_head_json":{"title":"Shaban Gogaj d\u00ebnohet me 7 vjet e 6 muaj burg p\u00ebr vrasjen e Agonis Tetajt","robots":{"index":"index","follow":"follow","max-snippet":"max-snippet:-1","max-image-preview":"max-image-preview:large","max-video-preview":"max-video-preview:-1"},"canonical":"https:\/\/permbledhja.com\/sq\/shaban-gogaj-denohet-me-7-vjet-e-6-muaj-burg-per-vrasjen-e-agonis-tetajt\/","og_locale":"sq_AL","og_type":"article","og_title":"Shaban Gogaj d\u00ebnohet me 7 vjet e 6 muaj burg p\u00ebr vrasjen e Agonis Tetajt","og_description":"Edhe n\u00eb rigjykim, Shaban Gogaj \u00ebsht\u00eb d\u00ebnuar me 7 vjet e 6 muaj burgim p\u00ebr vrasjen nga pakujdesia t\u00eb Agonis Tetajt n\u00eb shtator t\u00eb 2018-\u00ebs. Her\u00ebn e par\u00eb, poashtu, ishte d\u00ebnuar me 7 vite e 6 muaj burgim. Aktgjykimi \u00ebsht\u00eb shpallur t\u00eb premten n\u00eb Gjykat\u00ebn Themelore n\u00eb Pej\u00eb nga kryetarja e trupit gjykues, Violeta Husaj-Rugova, [&hellip;]","og_url":"https:\/\/permbledhja.com\/sq\/shaban-gogaj-denohet-me-7-vjet-e-6-muaj-burg-per-vrasjen-e-agonis-tetajt\/","og_site_name":"Ve\u00e7 artikuj p\u00ebrmbledh\u00ebs","article_publisher":"https:\/\/www.facebook.com\/press07\/","article_author":"https:\/\/www.facebook.com\/kafexhiu.muharrem\/","article_published_time":"2024-03-15T09:06:29+00:00","og_image":[{"width":600,"height":360,"url":"https:\/\/permbledhja.com\/wp-content\/uploads\/2024\/03\/666BCCB7-DF2B-4F40-A64C-9E4FC9DE0629.jpeg","type":"image\/jpeg"}],"author":"P\u00ebrmbledhja","twitter_card":"summary_large_image","twitter_misc":{"Written by":"P\u00ebrmbledhja","Est. reading time":"3 minuta"},"schema":{"@context":"https:\/\/schema.org","@graph":[{"@type":"Article","@id":"https:\/\/permbledhja.com\/shaban-gogaj-denohet-me-7-vjet-e-6-muaj-burg-per-vrasjen-e-agonis-tetajt\/#article","isPartOf":{"@id":"https:\/\/permbledhja.com\/shaban-gogaj-denohet-me-7-vjet-e-6-muaj-burg-per-vrasjen-e-agonis-tetajt\/"},"author":{"name":"P\u00ebrmbledhja","@id":"https:\/\/permbledhja.com\/#\/schema\/person\/0d064377258d3221e50693947b9eb4fe"},"headline":"Shaban Gogaj d\u00ebnohet me 7 vjet e 6 muaj burg p\u00ebr vrasjen e Agonis Tetajt","datePublished":"2024-03-15T09:06:29+00:00","dateModified":"2024-03-15T09:06:29+00:00","mainEntityOfPage":{"@id":"https:\/\/permbledhja.com\/shaban-gogaj-denohet-me-7-vjet-e-6-muaj-burg-per-vrasjen-e-agonis-tetajt\/"},"wordCount":483,"publisher":{"@id":"https:\/\/permbledhja.com\/#organization"},"keywords":["Shaban Gogaj"],"articleSection":["Kryesoret"],"inLanguage":"sq"},{"@type":"WebPage","@id":"https:\/\/permbledhja.com\/shaban-gogaj-denohet-me-7-vjet-e-6-muaj-burg-per-vrasjen-e-agonis-tetajt\/","url":"https:\/\/permbledhja.com\/shaban-gogaj-denohet-me-7-vjet-e-6-muaj-burg-per-vrasjen-e-agonis-tetajt\/","name":"Shaban Gogaj d\u00ebnohet me 7 vjet e 6 muaj burg p\u00ebr vrasjen e Agonis Tetajt","isPartOf":{"@id":"https:\/\/permbledhja.com\/#website"},"datePublished":"2024-03-15T09:06:29+00:00","dateModified":"2024-03-15T09:06:29+00:00","breadcrumb":{"@id":"https:\/\/permbledhja.com\/shaban-gogaj-denohet-me-7-vjet-e-6-muaj-burg-per-vrasjen-e-agonis-tetajt\/#breadcrumb"},"inLanguage":"sq","potentialAction":[{"@type":"ReadAction","target":["https:\/\/permbledhja.com\/shaban-gogaj-denohet-me-7-vjet-e-6-muaj-burg-per-vrasjen-e-agonis-tetajt\/"]}]},{"@type":"BreadcrumbList","@id":"https:\/\/permbledhja.com\/shaban-gogaj-denohet-me-7-vjet-e-6-muaj-burg-per-vrasjen-e-agonis-tetajt\/#breadcrumb","itemListElement":[{"@type":"ListItem","position":1,"name":"Ballina","item":"https:\/\/permbledhja.com\/sq\/"},{"@type":"ListItem","position":2,"name":"Shaban Gogaj d\u00ebnohet me 7 vjet e 6 muaj burg p\u00ebr vrasjen e Agonis Tetajt"}]},{"@type":"WebSite","@id":"https:\/\/permbledhja.com\/#website","url":"https:\/\/permbledhja.com\/","name":"Ve\u00e7 artikuj p\u00ebrmbledh\u00ebs","description":"","publisher":{"@id":"https:\/\/permbledhja.com\/#organization"},"potentialAction":[{"@type":"SearchAction","target":{"@type":"EntryPoint","urlTemplate":"https:\/\/permbledhja.com\/?s={search_term_string}"},"query-input":"required name=search_term_string"}],"inLanguage":"sq"},{"@type":"Organization","@id":"https:\/\/permbledhja.com\/#organization","name":"MK Media & Pr","url":"https:\/\/permbledhja.com\/","logo":{"@type":"ImageObject","inLanguage":"sq","@id":"https:\/\/permbledhja.com\/#\/schema\/logo\/image\/","url":"https:\/\/permbledhja.com\/wp-content\/uploads\/2021\/12\/07-Press-Logo.jpg","contentUrl":"https:\/\/permbledhja.com\/wp-content\/uploads\/2021\/12\/07-Press-Logo.jpg","width":512,"height":512,"caption":"MK Media & Pr"},"image":{"@id":"https:\/\/permbledhja.com\/#\/schema\/logo\/image\/"},"sameAs":["https:\/\/www.facebook.com\/press07\/"]},{"@type":"Person","@id":"https:\/\/permbledhja.com\/#\/schema\/person\/0d064377258d3221e50693947b9eb4fe","name":"P\u00ebrmbledhja","image":{"@type":"ImageObject","inLanguage":"sq","@id":"https:\/\/permbledhja.com\/#\/schema\/person\/image\/","url":"https:\/\/permbledhja.com\/wp-content\/uploads\/2026\/01\/452004717_1040944174702970_8932037511805513407_n-96x96.jpg","contentUrl":"https:\/\/permbledhja.com\/wp-content\/uploads\/2026\/01\/452004717_1040944174702970_8932037511805513407_n-96x96.jpg","caption":"P\u00ebrmbledhja"},"sameAs":["https:\/\/www.facebook.com\/kafexhiu.muharrem\/","https:\/\/www.instagram.com\/muharrem_kafexhiu\/"],"url":"https:\/\/permbledhja.com\/sq\/author\/admin\/"}]}},"_links":{"self":[{"href":"https:\/\/permbledhja.com\/sq\/wp-json\/wp\/v2\/posts\/52515"}],"collection":[{"href":"https:\/\/permbledhja.com\/sq\/wp-json\/wp\/v2\/posts"}],"about":[{"href":"https:\/\/permbledhja.com\/sq\/wp-json\/wp\/v2\/types\/post"}],"author":[{"embeddable":true,"href":"https:\/\/permbledhja.com\/sq\/wp-json\/wp\/v2\/users\/1"}],"replies":[{"embeddable":true,"href":"https:\/\/permbledhja.com\/sq\/wp-json\/wp\/v2\/comments?post=52515"}],"version-history":[{"count":1,"href":"https:\/\/permbledhja.com\/sq\/wp-json\/wp\/v2\/posts\/52515\/revisions"}],"predecessor-version":[{"id":52517,"href":"https:\/\/permbledhja.com\/sq\/wp-json\/wp\/v2\/posts\/52515\/revisions\/52517"}],"wp:featuredmedia":[{"embeddable":true,"href":"https:\/\/permbledhja.com\/sq\/wp-json\/wp\/v2\/media\/52516"}],"wp:attachment":[{"href":"https:\/\/permbledhja.com\/sq\/wp-json\/wp\/v2\/media?parent=52515"}],"wp:term":[{"taxonomy":"category","embeddable":true,"href":"https:\/\/permbledhja.com\/sq\/wp-json\/wp\/v2\/categories?post=52515"},{"taxonomy":"post_tag","embeddable":true,"href":"https:\/\/permbledhja.com\/sq\/wp-json\/wp\/v2\/tags?post=52515"}],"curies":[{"name":"wp","href":"https:\/\/api.w.org\/{rel}","templated":true}]}}