{"id":52180,"date":"2024-03-13T09:06:18","date_gmt":"2024-03-13T09:06:18","guid":{"rendered":"https:\/\/permbledhja.com\/?p=52180"},"modified":"2024-03-13T09:06:18","modified_gmt":"2024-03-13T09:06:18","slug":"osmani-shqiptaret-ne-maqedoni-e-kane-flamurin-kombetar-zyrtar-kosova-nuk-e-ka","status":"publish","type":"post","link":"https:\/\/permbledhja.com\/sq\/osmani-shqiptaret-ne-maqedoni-e-kane-flamurin-kombetar-zyrtar-kosova-nuk-e-ka\/","title":{"rendered":"Osmani: Shqiptar\u00ebt n\u00eb Maqedoni e kan\u00eb flamurin komb\u00ebtar zyrtar, Kosova nuk e ka"},"content":{"rendered":"<h3>Ministri i Pun\u00ebve t\u00eb Jashtme n\u00eb Maqedonin\u00eb e Veriut, Bujar Osmani ka qen\u00eb i ftuar sonte n\u00eb emisionin \u201cRubikon\u201d n\u00eb Klan Kosova, ku foli p\u00ebr disa \u00e7\u00ebshtje.<\/h3>\n<p>Nd\u00ebr t\u00eb tjera, Osmani u shpreh se shqiptar\u00ebt e Maqedonis\u00eb kan\u00eb flamurin komb\u00ebtar zyrtar, Kosova nuk e ka k\u00ebt\u00eb.<\/p>\n<p>Ai u shpreh se kan\u00eb edhe gjuh\u00ebn zyrtare dhe si\u00e7 u shpreh, t\u00eb gjitha institucionet jan\u00eb mund\u00ebsi e barabart\u00eb p\u00ebr t\u00eb gjitha komunitetet.<\/p>\n<p>\u201cSot shqiptar\u00ebt e Maqedonis\u00eb kan\u00eb flamurin komb\u00ebtar zyrtar, Kosova nuk e ka flamurin komb\u00ebtar zyrtar\u201d.<\/p>\n<p>\u201cNe e kemi atje, si shtet i vet\u00ebm n\u00eb bot\u00eb q\u00eb ka flamur zyrtar, flamur q\u00eb e ka edhe nj\u00eb shtet tjet\u00ebr, ne kemi gjuh\u00ebn zyrtare, t\u00eb gjitha institucionet\u00a0 jan\u00eb tani mund\u00ebsi e barabart\u00eb p\u00ebr t\u00eb gjitha komunitetet\u201d, u shpreh ai.<\/p>\n","protected":false},"excerpt":{"rendered":"<p>Ministri i Pun\u00ebve t\u00eb Jashtme n\u00eb Maqedonin\u00eb e Veriut, Bujar Osmani ka qen\u00eb i ftuar sonte n\u00eb emisionin \u201cRubikon\u201d n\u00eb Klan Kosova, ku foli p\u00ebr disa \u00e7\u00ebshtje. Nd\u00ebr t\u00eb tjera, Osmani u shpreh se shqiptar\u00ebt e Maqedonis\u00eb kan\u00eb flamurin komb\u00ebtar zyrtar, Kosova nuk e ka k\u00ebt\u00eb. Ai u shpreh se kan\u00eb edhe gjuh\u00ebn zyrtare dhe [&hellip;]<\/p>\n","protected":false},"author":5,"featured_media":52181,"comment_status":"closed","ping_status":"closed","sticky":false,"template":"","format":"standard","meta":{"_monsterinsights_skip_tracking":false,"_monsterinsights_sitenote_active":false,"_monsterinsights_sitenote_note":"","_monsterinsights_sitenote_category":0,"_uf_show_specific_survey":0,"_uf_disable_surveys":false,"footnotes":""},"categories":[15],"tags":[],"yoast_head":"<!-- This site is optimized with the Yoast SEO plugin v21.5 - https:\/\/yoast.com\/wordpress\/plugins\/seo\/ -->\n<title>Osmani: Shqiptar\u00ebt n\u00eb Maqedoni e kan\u00eb flamurin komb\u00ebtar zyrtar, Kosova nuk e ka<\/title>\n<meta name=\"robots\" content=\"index, follow, max-snippet:-1, max-image-preview:large, max-video-preview:-1\" \/>\n<link rel=\"canonical\" href=\"https:\/\/permbledhja.com\/sq\/osmani-shqiptaret-ne-maqedoni-e-kane-flamurin-kombetar-zyrtar-kosova-nuk-e-ka\/\" \/>\n<meta property=\"og:locale\" content=\"sq_AL\" \/>\n<meta property=\"og:type\" content=\"article\" \/>\n<meta property=\"og:title\" content=\"Osmani: Shqiptar\u00ebt n\u00eb Maqedoni e kan\u00eb flamurin komb\u00ebtar zyrtar, Kosova nuk e ka\" \/>\n<meta property=\"og:description\" content=\"Ministri i Pun\u00ebve t\u00eb Jashtme n\u00eb Maqedonin\u00eb e Veriut, Bujar Osmani ka qen\u00eb i ftuar sonte n\u00eb emisionin \u201cRubikon\u201d n\u00eb Klan Kosova, ku foli p\u00ebr disa \u00e7\u00ebshtje. Nd\u00ebr t\u00eb tjera, Osmani u shpreh se shqiptar\u00ebt e Maqedonis\u00eb kan\u00eb flamurin komb\u00ebtar zyrtar, Kosova nuk e ka k\u00ebt\u00eb. Ai u shpreh se kan\u00eb edhe gjuh\u00ebn zyrtare dhe [&hellip;]\" \/>\n<meta property=\"og:url\" content=\"https:\/\/permbledhja.com\/sq\/osmani-shqiptaret-ne-maqedoni-e-kane-flamurin-kombetar-zyrtar-kosova-nuk-e-ka\/\" \/>\n<meta property=\"og:site_name\" content=\"Ve\u00e7 artikuj p\u00ebrmbledh\u00ebs\" \/>\n<meta property=\"article:publisher\" content=\"https:\/\/www.facebook.com\/press07\/\" \/>\n<meta property=\"article:published_time\" content=\"2024-03-13T09:06:18+00:00\" \/>\n<meta property=\"og:image\" content=\"https:\/\/permbledhja.com\/wp-content\/uploads\/2024\/03\/osmani.jpeg\" \/>\n\t<meta property=\"og:image:width\" content=\"600\" \/>\n\t<meta property=\"og:image:height\" content=\"360\" \/>\n\t<meta property=\"og:image:type\" content=\"image\/jpeg\" \/>\n<meta name=\"author\" content=\"DL\" \/>\n<meta name=\"twitter:card\" content=\"summary_large_image\" \/>\n<meta name=\"twitter:label1\" content=\"Written by\" \/>\n\t<meta name=\"twitter:data1\" content=\"DL\" \/>\n\t<meta name=\"twitter:label2\" content=\"Est. reading time\" \/>\n\t<meta name=\"twitter:data2\" content=\"1 minut\u00eb\" \/>\n<script type=\"application\/ld+json\" class=\"yoast-schema-graph\">{\"@context\":\"https:\/\/schema.org\",\"@graph\":[{\"@type\":\"Article\",\"@id\":\"https:\/\/permbledhja.com\/osmani-shqiptaret-ne-maqedoni-e-kane-flamurin-kombetar-zyrtar-kosova-nuk-e-ka\/#article\",\"isPartOf\":{\"@id\":\"https:\/\/permbledhja.com\/osmani-shqiptaret-ne-maqedoni-e-kane-flamurin-kombetar-zyrtar-kosova-nuk-e-ka\/\"},\"author\":{\"name\":\"DL\",\"@id\":\"https:\/\/permbledhja.com\/#\/schema\/person\/9c54260cbc4c6f792cb100550491638c\"},\"headline\":\"Osmani: Shqiptar\u00ebt n\u00eb Maqedoni e kan\u00eb flamurin komb\u00ebtar zyrtar, Kosova nuk e ka\",\"datePublished\":\"2024-03-13T09:06:18+00:00\",\"dateModified\":\"2024-03-13T09:06:18+00:00\",\"mainEntityOfPage\":{\"@id\":\"https:\/\/permbledhja.com\/osmani-shqiptaret-ne-maqedoni-e-kane-flamurin-kombetar-zyrtar-kosova-nuk-e-ka\/\"},\"wordCount\":157,\"publisher\":{\"@id\":\"https:\/\/permbledhja.com\/#organization\"},\"articleSection\":[\"Lajme\"],\"inLanguage\":\"sq\"},{\"@type\":\"WebPage\",\"@id\":\"https:\/\/permbledhja.com\/osmani-shqiptaret-ne-maqedoni-e-kane-flamurin-kombetar-zyrtar-kosova-nuk-e-ka\/\",\"url\":\"https:\/\/permbledhja.com\/osmani-shqiptaret-ne-maqedoni-e-kane-flamurin-kombetar-zyrtar-kosova-nuk-e-ka\/\",\"name\":\"Osmani: Shqiptar\u00ebt n\u00eb Maqedoni e kan\u00eb flamurin komb\u00ebtar zyrtar, Kosova nuk e ka\",\"isPartOf\":{\"@id\":\"https:\/\/permbledhja.com\/#website\"},\"datePublished\":\"2024-03-13T09:06:18+00:00\",\"dateModified\":\"2024-03-13T09:06:18+00:00\",\"breadcrumb\":{\"@id\":\"https:\/\/permbledhja.com\/osmani-shqiptaret-ne-maqedoni-e-kane-flamurin-kombetar-zyrtar-kosova-nuk-e-ka\/#breadcrumb\"},\"inLanguage\":\"sq\",\"potentialAction\":[{\"@type\":\"ReadAction\",\"target\":[\"https:\/\/permbledhja.com\/osmani-shqiptaret-ne-maqedoni-e-kane-flamurin-kombetar-zyrtar-kosova-nuk-e-ka\/\"]}]},{\"@type\":\"BreadcrumbList\",\"@id\":\"https:\/\/permbledhja.com\/osmani-shqiptaret-ne-maqedoni-e-kane-flamurin-kombetar-zyrtar-kosova-nuk-e-ka\/#breadcrumb\",\"itemListElement\":[{\"@type\":\"ListItem\",\"position\":1,\"name\":\"Ballina\",\"item\":\"https:\/\/permbledhja.com\/sq\/\"},{\"@type\":\"ListItem\",\"position\":2,\"name\":\"Osmani: Shqiptar\u00ebt n\u00eb Maqedoni e kan\u00eb flamurin komb\u00ebtar zyrtar, Kosova nuk e ka\"}]},{\"@type\":\"WebSite\",\"@id\":\"https:\/\/permbledhja.com\/#website\",\"url\":\"https:\/\/permbledhja.com\/\",\"name\":\"Ve\u00e7 artikuj p\u00ebrmbledh\u00ebs\",\"description\":\"\",\"publisher\":{\"@id\":\"https:\/\/permbledhja.com\/#organization\"},\"potentialAction\":[{\"@type\":\"SearchAction\",\"target\":{\"@type\":\"EntryPoint\",\"urlTemplate\":\"https:\/\/permbledhja.com\/?s={search_term_string}\"},\"query-input\":\"required name=search_term_string\"}],\"inLanguage\":\"sq\"},{\"@type\":\"Organization\",\"@id\":\"https:\/\/permbledhja.com\/#organization\",\"name\":\"MK Media & Pr\",\"url\":\"https:\/\/permbledhja.com\/\",\"logo\":{\"@type\":\"ImageObject\",\"inLanguage\":\"sq\",\"@id\":\"https:\/\/permbledhja.com\/#\/schema\/logo\/image\/\",\"url\":\"https:\/\/permbledhja.com\/wp-content\/uploads\/2021\/12\/07-Press-Logo.jpg\",\"contentUrl\":\"https:\/\/permbledhja.com\/wp-content\/uploads\/2021\/12\/07-Press-Logo.jpg\",\"width\":512,\"height\":512,\"caption\":\"MK Media & Pr\"},\"image\":{\"@id\":\"https:\/\/permbledhja.com\/#\/schema\/logo\/image\/\"},\"sameAs\":[\"https:\/\/www.facebook.com\/press07\/\"]},{\"@type\":\"Person\",\"@id\":\"https:\/\/permbledhja.com\/#\/schema\/person\/9c54260cbc4c6f792cb100550491638c\",\"name\":\"DL\",\"image\":{\"@type\":\"ImageObject\",\"inLanguage\":\"sq\",\"@id\":\"https:\/\/permbledhja.com\/#\/schema\/person\/image\/\",\"url\":\"https:\/\/secure.gravatar.com\/avatar\/94503eb28d4c4b2005a5c8753e35fc80?s=96&d=mm&r=g\",\"contentUrl\":\"https:\/\/secure.gravatar.com\/avatar\/94503eb28d4c4b2005a5c8753e35fc80?s=96&d=mm&r=g\",\"caption\":\"DL\"},\"url\":\"https:\/\/permbledhja.com\/sq\/author\/dl\/\"}]}<\/script>\n<!-- \/ Yoast SEO plugin. -->","yoast_head_json":{"title":"Osmani: Shqiptar\u00ebt n\u00eb Maqedoni e kan\u00eb flamurin komb\u00ebtar zyrtar, Kosova nuk e ka","robots":{"index":"index","follow":"follow","max-snippet":"max-snippet:-1","max-image-preview":"max-image-preview:large","max-video-preview":"max-video-preview:-1"},"canonical":"https:\/\/permbledhja.com\/sq\/osmani-shqiptaret-ne-maqedoni-e-kane-flamurin-kombetar-zyrtar-kosova-nuk-e-ka\/","og_locale":"sq_AL","og_type":"article","og_title":"Osmani: Shqiptar\u00ebt n\u00eb Maqedoni e kan\u00eb flamurin komb\u00ebtar zyrtar, Kosova nuk e ka","og_description":"Ministri i Pun\u00ebve t\u00eb Jashtme n\u00eb Maqedonin\u00eb e Veriut, Bujar Osmani ka qen\u00eb i ftuar sonte n\u00eb emisionin \u201cRubikon\u201d n\u00eb Klan Kosova, ku foli p\u00ebr disa \u00e7\u00ebshtje. Nd\u00ebr t\u00eb tjera, Osmani u shpreh se shqiptar\u00ebt e Maqedonis\u00eb kan\u00eb flamurin komb\u00ebtar zyrtar, Kosova nuk e ka k\u00ebt\u00eb. Ai u shpreh se kan\u00eb edhe gjuh\u00ebn zyrtare dhe [&hellip;]","og_url":"https:\/\/permbledhja.com\/sq\/osmani-shqiptaret-ne-maqedoni-e-kane-flamurin-kombetar-zyrtar-kosova-nuk-e-ka\/","og_site_name":"Ve\u00e7 artikuj p\u00ebrmbledh\u00ebs","article_publisher":"https:\/\/www.facebook.com\/press07\/","article_published_time":"2024-03-13T09:06:18+00:00","og_image":[{"width":600,"height":360,"url":"https:\/\/permbledhja.com\/wp-content\/uploads\/2024\/03\/osmani.jpeg","type":"image\/jpeg"}],"author":"DL","twitter_card":"summary_large_image","twitter_misc":{"Written by":"DL","Est. reading time":"1 minut\u00eb"},"schema":{"@context":"https:\/\/schema.org","@graph":[{"@type":"Article","@id":"https:\/\/permbledhja.com\/osmani-shqiptaret-ne-maqedoni-e-kane-flamurin-kombetar-zyrtar-kosova-nuk-e-ka\/#article","isPartOf":{"@id":"https:\/\/permbledhja.com\/osmani-shqiptaret-ne-maqedoni-e-kane-flamurin-kombetar-zyrtar-kosova-nuk-e-ka\/"},"author":{"name":"DL","@id":"https:\/\/permbledhja.com\/#\/schema\/person\/9c54260cbc4c6f792cb100550491638c"},"headline":"Osmani: Shqiptar\u00ebt n\u00eb Maqedoni e kan\u00eb flamurin komb\u00ebtar zyrtar, Kosova nuk e ka","datePublished":"2024-03-13T09:06:18+00:00","dateModified":"2024-03-13T09:06:18+00:00","mainEntityOfPage":{"@id":"https:\/\/permbledhja.com\/osmani-shqiptaret-ne-maqedoni-e-kane-flamurin-kombetar-zyrtar-kosova-nuk-e-ka\/"},"wordCount":157,"publisher":{"@id":"https:\/\/permbledhja.com\/#organization"},"articleSection":["Lajme"],"inLanguage":"sq"},{"@type":"WebPage","@id":"https:\/\/permbledhja.com\/osmani-shqiptaret-ne-maqedoni-e-kane-flamurin-kombetar-zyrtar-kosova-nuk-e-ka\/","url":"https:\/\/permbledhja.com\/osmani-shqiptaret-ne-maqedoni-e-kane-flamurin-kombetar-zyrtar-kosova-nuk-e-ka\/","name":"Osmani: Shqiptar\u00ebt n\u00eb Maqedoni e kan\u00eb flamurin komb\u00ebtar zyrtar, Kosova nuk e ka","isPartOf":{"@id":"https:\/\/permbledhja.com\/#website"},"datePublished":"2024-03-13T09:06:18+00:00","dateModified":"2024-03-13T09:06:18+00:00","breadcrumb":{"@id":"https:\/\/permbledhja.com\/osmani-shqiptaret-ne-maqedoni-e-kane-flamurin-kombetar-zyrtar-kosova-nuk-e-ka\/#breadcrumb"},"inLanguage":"sq","potentialAction":[{"@type":"ReadAction","target":["https:\/\/permbledhja.com\/osmani-shqiptaret-ne-maqedoni-e-kane-flamurin-kombetar-zyrtar-kosova-nuk-e-ka\/"]}]},{"@type":"BreadcrumbList","@id":"https:\/\/permbledhja.com\/osmani-shqiptaret-ne-maqedoni-e-kane-flamurin-kombetar-zyrtar-kosova-nuk-e-ka\/#breadcrumb","itemListElement":[{"@type":"ListItem","position":1,"name":"Ballina","item":"https:\/\/permbledhja.com\/sq\/"},{"@type":"ListItem","position":2,"name":"Osmani: Shqiptar\u00ebt n\u00eb Maqedoni e kan\u00eb flamurin komb\u00ebtar zyrtar, Kosova nuk e ka"}]},{"@type":"WebSite","@id":"https:\/\/permbledhja.com\/#website","url":"https:\/\/permbledhja.com\/","name":"Ve\u00e7 artikuj p\u00ebrmbledh\u00ebs","description":"","publisher":{"@id":"https:\/\/permbledhja.com\/#organization"},"potentialAction":[{"@type":"SearchAction","target":{"@type":"EntryPoint","urlTemplate":"https:\/\/permbledhja.com\/?s={search_term_string}"},"query-input":"required name=search_term_string"}],"inLanguage":"sq"},{"@type":"Organization","@id":"https:\/\/permbledhja.com\/#organization","name":"MK Media & Pr","url":"https:\/\/permbledhja.com\/","logo":{"@type":"ImageObject","inLanguage":"sq","@id":"https:\/\/permbledhja.com\/#\/schema\/logo\/image\/","url":"https:\/\/permbledhja.com\/wp-content\/uploads\/2021\/12\/07-Press-Logo.jpg","contentUrl":"https:\/\/permbledhja.com\/wp-content\/uploads\/2021\/12\/07-Press-Logo.jpg","width":512,"height":512,"caption":"MK Media & Pr"},"image":{"@id":"https:\/\/permbledhja.com\/#\/schema\/logo\/image\/"},"sameAs":["https:\/\/www.facebook.com\/press07\/"]},{"@type":"Person","@id":"https:\/\/permbledhja.com\/#\/schema\/person\/9c54260cbc4c6f792cb100550491638c","name":"DL","image":{"@type":"ImageObject","inLanguage":"sq","@id":"https:\/\/permbledhja.com\/#\/schema\/person\/image\/","url":"https:\/\/secure.gravatar.com\/avatar\/94503eb28d4c4b2005a5c8753e35fc80?s=96&d=mm&r=g","contentUrl":"https:\/\/secure.gravatar.com\/avatar\/94503eb28d4c4b2005a5c8753e35fc80?s=96&d=mm&r=g","caption":"DL"},"url":"https:\/\/permbledhja.com\/sq\/author\/dl\/"}]}},"_links":{"self":[{"href":"https:\/\/permbledhja.com\/sq\/wp-json\/wp\/v2\/posts\/52180"}],"collection":[{"href":"https:\/\/permbledhja.com\/sq\/wp-json\/wp\/v2\/posts"}],"about":[{"href":"https:\/\/permbledhja.com\/sq\/wp-json\/wp\/v2\/types\/post"}],"author":[{"embeddable":true,"href":"https:\/\/permbledhja.com\/sq\/wp-json\/wp\/v2\/users\/5"}],"replies":[{"embeddable":true,"href":"https:\/\/permbledhja.com\/sq\/wp-json\/wp\/v2\/comments?post=52180"}],"version-history":[{"count":1,"href":"https:\/\/permbledhja.com\/sq\/wp-json\/wp\/v2\/posts\/52180\/revisions"}],"predecessor-version":[{"id":52185,"href":"https:\/\/permbledhja.com\/sq\/wp-json\/wp\/v2\/posts\/52180\/revisions\/52185"}],"wp:featuredmedia":[{"embeddable":true,"href":"https:\/\/permbledhja.com\/sq\/wp-json\/wp\/v2\/media\/52181"}],"wp:attachment":[{"href":"https:\/\/permbledhja.com\/sq\/wp-json\/wp\/v2\/media?parent=52180"}],"wp:term":[{"taxonomy":"category","embeddable":true,"href":"https:\/\/permbledhja.com\/sq\/wp-json\/wp\/v2\/categories?post=52180"},{"taxonomy":"post_tag","embeddable":true,"href":"https:\/\/permbledhja.com\/sq\/wp-json\/wp\/v2\/tags?post=52180"}],"curies":[{"name":"wp","href":"https:\/\/api.w.org\/{rel}","templated":true}]}}