{"id":52099,"date":"2024-03-12T18:06:44","date_gmt":"2024-03-12T18:06:44","guid":{"rendered":"https:\/\/permbledhja.com\/?p=52099"},"modified":"2024-03-12T18:06:44","modified_gmt":"2024-03-12T18:06:44","slug":"kmdlnj-te-hetohet-urgjentisht-zrre-ja-kompensimi-i-qytetareve-te-behet-brenda-tre-muajve","status":"publish","type":"post","link":"https:\/\/permbledhja.com\/sq\/kmdlnj-te-hetohet-urgjentisht-zrre-ja-kompensimi-i-qytetareve-te-behet-brenda-tre-muajve\/","title":{"rendered":"KMDLNj: T\u00eb hetohet urgjentisht ZRrE-ja, kompensimi i qytetar\u00ebve t\u00eb b\u00ebhet brenda tre muajve"},"content":{"rendered":"<h3>Gjykata Kushtetuese ka marr\u00eb vendim q\u00eb rreth 40 milion\u00eb euro do t\u2019u kthehen konsumator\u00ebve t\u00eb energjis\u00eb elektrike, t\u00eb cil\u00ebt e kan\u00eb paguar rrym\u00ebn p\u00ebr serb\u00ebt n\u00eb kat\u00ebr komunat n\u00eb veri t\u00eb Kosov\u00ebs, bazuar n\u00eb nj\u00eb vendim q\u00eb ishte marr\u00eb nga Zyra e Rregullatorit p\u00ebr Energji (ZRrE).<\/h3>\n<p>P\u00ebr k\u00ebt\u00eb \u00e7\u00ebshtje ka reaguar t\u00eb mart\u00ebn K\u00ebshilli p\u00ebr Mbrojtjen e t\u00eb Drejtave dhe Lirive t\u00eb Njeriut (KMDLNj), ku ka k\u00ebrkuar q\u00eb kompensimi i qytetar\u00ebve t\u00eb b\u00ebhet brenda tre muajve.<\/p>\n<p>\u201cGjykata Kushtetuese e Kosov\u00ebs mori vendim q\u00eb qytetar\u00ebt \u2013 konsumator\u00ebt e Kosov\u00ebs q\u00eb nuk jan\u00eb serb\u00eb apo q\u00eb nuk kan\u00eb jetuar n\u00eb komunat me shumic\u00eb serbe t\u00eb kompensohen me 40 milion\u00eb euro q\u00eb q\u00eb me vet\u00ebdije t\u00eb plot\u00eb jan\u00eb pla\u00e7kitur nga ZRrE p\u00ebrmes fryerjes s\u00eb faturave n\u00eb periudh\u00ebn 2012 \u2013 2017, mjete q\u00eb pastaj jan\u00eb keqp\u00ebrdorur p\u00ebr t\u2019ua paguar faturat serb\u00ebve dhe t\u00eb tjer\u00ebve n\u00eb komunat me shumic\u00eb serbe. KMDLNJ- \u00eb, q\u00eb nga p\u00ebrfundimi i luft\u00ebs ka ngritur z\u00ebrin p\u00ebr k\u00ebt\u00eb diskriminim flagrant n\u00eb baza etnike dhe politike t\u00eb konsumator\u00ebve t\u00eb energjis\u00eb elektrike e q\u00eb Avokati i Popullit, n\u00eb p\u00ebrputhje me mandatin kushtetues e ka adresuar k\u00ebt\u00eb shkelje n\u00eb gjykatat kompetente t\u00eb cilat fillimisht kan\u00eb k\u00ebrkuar q\u00eb t\u00eb nd\u00ebrpritet me pages\u00ebn diskriminiuese t\u00eb faturave dhe, n\u00eb t\u00eb nj\u00ebjt\u00ebn koh\u00eb q\u00eb t\u00eb kompensohen qytetar\u00ebt e Kosov\u00ebs nga ZRrE q\u00eb n\u00eb m\u00ebnyr\u00eb kriminale i ka pla\u00e7kitur 95 % t\u00eb qytetar\u00ebve p\u00ebr dobi t\u00eb 5 % t\u00eb qytetar\u00ebve\u201d, thuhet n\u00eb reagimin e KMDLNj-s\u00eb.<\/p>\n<p>Sipas K\u00ebshillit, vendimi i Gjykat\u00ebs Kushtetuese t\u00eb Kosov\u00ebs siguron vet\u00ebm drejt\u00ebsi t\u00eb pjesshme (n\u00ebse ata do t\u00eb kompensohen p\u00ebr pla\u00e7kitjet nga ZRrE) nd\u00ebrsa ndjekja penale e pla\u00e7kit\u00ebsve do ta b\u00ebnte t\u00eb plot\u00eb mozaikun e kompensimit.<\/p>\n<p>\u201cN\u00eb koh\u00ebn e kryeministrit Haradinaj, pas nj\u00eb takimi t\u00eb KMDLNj- s\u00eb dhe k\u00ebrkes\u00ebs p\u00ebr kompensim ishte b\u00ebr\u00eb nj\u00eb kompensim i pap\u00ebrfillsh\u00ebm q\u00eb zgjati dy \u2013 tre muaj, me shum\u00eb simbolike 2-3 euro dhe aty p\u00ebrfundoi sepse nuk kishte nj\u00eb vendim t\u00eb form\u00ebs s\u00eb prer\u00eb (detyruese) p\u00ebr kompensim. Pas vendimit t\u00eb Gjykat\u00ebs Kushtetuese p\u00ebr kompensim, qytetar\u00ebt \u2013 konsumator\u00ebt e pla\u00e7kitur nga ZRrE nuk duhet t\u00eb pranojn\u00eb t\u00eb kompensohen p\u00ebrmes faturave por duhet t\u00eb k\u00ebrkojn\u00eb t\u00eb kompensohen me euro p\u00ebrfshir\u00eb k\u00ebtu kamatat e rregullta dhe nd\u00ebshkuese q\u00eb i p\u00ebrcakton autoriteti kompetent, n\u00eb p\u00ebrputhje me shkall\u00ebn e inflacionit dhe \u00e7mimin e energjis\u00eb elektrike. Si mbik\u00ebqyr\u00ebs i procesit t\u00eb zhd\u00ebmtimit t\u00eb qytetar\u00ebve \u2013 konsumator\u00ebve t\u00eb pla\u00e7kitur nga ZRrE duhet t\u00eb jet\u00eb nj\u00eb komision i pavarur nga Kuvendi i Kosov\u00ebs q\u00eb do t\u00eb udh\u00ebhiqej nga opozita dhe nj\u00eb p\u00ebrfaq\u00ebsues i shoq\u00ebris\u00eb civile. ZRrE do t\u00eb b\u00ebj\u00eb p\u00ebrpjekje q\u00eb t\u00eb bishtnoj\u00eb n\u00eb zbatimin e vendimit t\u00eb Gjykat\u00ebs Kushtetuese t\u00eb Kosov\u00ebs por se duhet t\u00eb caktohet nj\u00eb afat kohor, maksimumi 3 muaj q\u00eb t\u00eb p\u00ebrfundoj\u00eb ky kompensim\u201d, thuhet n\u00eb komunikat\u00eb.<\/p>\n<p>KMDLNJ- \u00eb th\u00ebrret publikisht Prokurorin e Shtetit ta hetoj\u00eb baz\u00ebn ligjore n\u00eb baz\u00eb t\u00eb s\u00eb cil\u00ebs, q\u00eb nga p\u00ebrfundimi i luft\u00ebs iu jan\u00eb paguar faturat e rrym\u00ebs nj\u00eb 5 % t\u00eb qytetar\u00ebve duke d\u00ebmtuar 95 %, n\u00eb baza etnike dhe politike q\u00eb p\u00ebrb\u00ebn\u00eb shkelje t\u00eb r\u00ebnd\u00eb t\u00eb drejtave t\u00eb njeriut dhe q\u00eb t\u00eb merren masa ligjore ndaj shkel\u00ebsve eventual\u00eb pavar\u00ebsisht cil\u00ebs qeveri i kan\u00eb takuar apo i takojn\u00eb.<\/p>\n<p>\u201cKMDLNj k\u00ebrkon hetime urgjente ndaj ZRrE, ministrave Hekuran Murati, Elbert Krasniqi, Artane Rizvanolli dhe Rozeta Hajdari p\u00ebr vazhdimin e trajtimit diskriminues t\u00eb qytetar\u00ebve \u2013 konsumator\u00ebve t\u00eb Kosov\u00ebs n\u00eb baza etnike dhe politike, qoft\u00eb duke paguar fatura, qoft\u00eb edhe duke shp\u00ebrndar\u00eb fatura fiktive lineare pre 21ceutosh pavar\u00ebsisht se mund t\u00eb ken\u00eb shpenzuar rrym\u00eb disa qindra euro gjat\u00eb periudh\u00ebs s\u00eb faturimit\u201d, thuhet n\u00eb reagimin e KMDLNj-s\u00eb.<\/p>\n","protected":false},"excerpt":{"rendered":"<p>Gjykata Kushtetuese ka marr\u00eb vendim q\u00eb rreth 40 milion\u00eb euro do t\u2019u kthehen konsumator\u00ebve t\u00eb energjis\u00eb elektrike, t\u00eb cil\u00ebt e kan\u00eb paguar rrym\u00ebn p\u00ebr serb\u00ebt n\u00eb kat\u00ebr komunat n\u00eb veri t\u00eb Kosov\u00ebs, bazuar n\u00eb nj\u00eb vendim q\u00eb ishte marr\u00eb nga Zyra e Rregullatorit p\u00ebr Energji (ZRrE). P\u00ebr k\u00ebt\u00eb \u00e7\u00ebshtje ka reaguar t\u00eb mart\u00ebn K\u00ebshilli p\u00ebr [&hellip;]<\/p>\n","protected":false},"author":2,"featured_media":52100,"comment_status":"closed","ping_status":"closed","sticky":false,"template":"","format":"standard","meta":{"_monsterinsights_skip_tracking":false,"_monsterinsights_sitenote_active":false,"_monsterinsights_sitenote_note":"","_monsterinsights_sitenote_category":0,"_uf_show_specific_survey":0,"_uf_disable_surveys":false,"footnotes":""},"categories":[2645],"tags":[685],"yoast_head":"<!-- This site is optimized with the Yoast SEO plugin v21.5 - https:\/\/yoast.com\/wordpress\/plugins\/seo\/ -->\n<title>KMDLNj: T\u00eb hetohet urgjentisht ZRrE-ja, kompensimi i qytetar\u00ebve t\u00eb b\u00ebhet brenda tre muajve<\/title>\n<meta name=\"robots\" content=\"index, follow, max-snippet:-1, max-image-preview:large, max-video-preview:-1\" \/>\n<link rel=\"canonical\" href=\"https:\/\/permbledhja.com\/sq\/kmdlnj-te-hetohet-urgjentisht-zrre-ja-kompensimi-i-qytetareve-te-behet-brenda-tre-muajve\/\" \/>\n<meta property=\"og:locale\" content=\"sq_AL\" \/>\n<meta property=\"og:type\" content=\"article\" \/>\n<meta property=\"og:title\" content=\"KMDLNj: T\u00eb hetohet urgjentisht ZRrE-ja, kompensimi i qytetar\u00ebve t\u00eb b\u00ebhet brenda tre muajve\" \/>\n<meta property=\"og:description\" content=\"Gjykata Kushtetuese ka marr\u00eb vendim q\u00eb rreth 40 milion\u00eb euro do t\u2019u kthehen konsumator\u00ebve t\u00eb energjis\u00eb elektrike, t\u00eb cil\u00ebt e kan\u00eb paguar rrym\u00ebn p\u00ebr serb\u00ebt n\u00eb kat\u00ebr komunat n\u00eb veri t\u00eb Kosov\u00ebs, bazuar n\u00eb nj\u00eb vendim q\u00eb ishte marr\u00eb nga Zyra e Rregullatorit p\u00ebr Energji (ZRrE). P\u00ebr k\u00ebt\u00eb \u00e7\u00ebshtje ka reaguar t\u00eb mart\u00ebn K\u00ebshilli p\u00ebr [&hellip;]\" \/>\n<meta property=\"og:url\" content=\"https:\/\/permbledhja.com\/sq\/kmdlnj-te-hetohet-urgjentisht-zrre-ja-kompensimi-i-qytetareve-te-behet-brenda-tre-muajve\/\" \/>\n<meta property=\"og:site_name\" content=\"Ve\u00e7 artikuj p\u00ebrmbledh\u00ebs\" \/>\n<meta property=\"article:publisher\" content=\"https:\/\/www.facebook.com\/press07\/\" \/>\n<meta property=\"article:published_time\" content=\"2024-03-12T18:06:44+00:00\" \/>\n<meta property=\"og:image\" content=\"https:\/\/permbledhja.com\/wp-content\/uploads\/2024\/03\/faturat-1.jpg\" \/>\n\t<meta property=\"og:image:width\" content=\"1200\" \/>\n\t<meta property=\"og:image:height\" content=\"630\" \/>\n\t<meta property=\"og:image:type\" content=\"image\/jpeg\" \/>\n<meta name=\"author\" content=\"M M\" \/>\n<meta name=\"twitter:card\" content=\"summary_large_image\" \/>\n<meta name=\"twitter:label1\" content=\"Written by\" \/>\n\t<meta name=\"twitter:data1\" content=\"M M\" \/>\n\t<meta name=\"twitter:label2\" content=\"Est. reading time\" \/>\n\t<meta name=\"twitter:data2\" content=\"4 minuta\" \/>\n<script type=\"application\/ld+json\" class=\"yoast-schema-graph\">{\"@context\":\"https:\/\/schema.org\",\"@graph\":[{\"@type\":\"Article\",\"@id\":\"https:\/\/permbledhja.com\/sq\/kmdlnj-te-hetohet-urgjentisht-zrre-ja-kompensimi-i-qytetareve-te-behet-brenda-tre-muajve\/#article\",\"isPartOf\":{\"@id\":\"https:\/\/permbledhja.com\/sq\/kmdlnj-te-hetohet-urgjentisht-zrre-ja-kompensimi-i-qytetareve-te-behet-brenda-tre-muajve\/\"},\"author\":{\"name\":\"M M\",\"@id\":\"https:\/\/permbledhja.com\/#\/schema\/person\/d23f13f59b5722643933d6780783acf3\"},\"headline\":\"KMDLNj: T\u00eb hetohet urgjentisht ZRrE-ja, kompensimi i qytetar\u00ebve t\u00eb b\u00ebhet brenda tre muajve\",\"datePublished\":\"2024-03-12T18:06:44+00:00\",\"dateModified\":\"2024-03-12T18:06:44+00:00\",\"mainEntityOfPage\":{\"@id\":\"https:\/\/permbledhja.com\/sq\/kmdlnj-te-hetohet-urgjentisht-zrre-ja-kompensimi-i-qytetareve-te-behet-brenda-tre-muajve\/\"},\"wordCount\":693,\"publisher\":{\"@id\":\"https:\/\/permbledhja.com\/#organization\"},\"keywords\":[\"KMDLNj\"],\"articleSection\":[\"T\u00eb r\u00ebnd\u00ebsishme\"],\"inLanguage\":\"sq\"},{\"@type\":\"WebPage\",\"@id\":\"https:\/\/permbledhja.com\/sq\/kmdlnj-te-hetohet-urgjentisht-zrre-ja-kompensimi-i-qytetareve-te-behet-brenda-tre-muajve\/\",\"url\":\"https:\/\/permbledhja.com\/sq\/kmdlnj-te-hetohet-urgjentisht-zrre-ja-kompensimi-i-qytetareve-te-behet-brenda-tre-muajve\/\",\"name\":\"KMDLNj: T\u00eb hetohet urgjentisht ZRrE-ja, kompensimi i qytetar\u00ebve t\u00eb b\u00ebhet brenda tre muajve\",\"isPartOf\":{\"@id\":\"https:\/\/permbledhja.com\/#website\"},\"datePublished\":\"2024-03-12T18:06:44+00:00\",\"dateModified\":\"2024-03-12T18:06:44+00:00\",\"breadcrumb\":{\"@id\":\"https:\/\/permbledhja.com\/sq\/kmdlnj-te-hetohet-urgjentisht-zrre-ja-kompensimi-i-qytetareve-te-behet-brenda-tre-muajve\/#breadcrumb\"},\"inLanguage\":\"sq\",\"potentialAction\":[{\"@type\":\"ReadAction\",\"target\":[\"https:\/\/permbledhja.com\/sq\/kmdlnj-te-hetohet-urgjentisht-zrre-ja-kompensimi-i-qytetareve-te-behet-brenda-tre-muajve\/\"]}]},{\"@type\":\"BreadcrumbList\",\"@id\":\"https:\/\/permbledhja.com\/sq\/kmdlnj-te-hetohet-urgjentisht-zrre-ja-kompensimi-i-qytetareve-te-behet-brenda-tre-muajve\/#breadcrumb\",\"itemListElement\":[{\"@type\":\"ListItem\",\"position\":1,\"name\":\"Ballina\",\"item\":\"https:\/\/permbledhja.com\/sq\/\"},{\"@type\":\"ListItem\",\"position\":2,\"name\":\"KMDLNj: T\u00eb hetohet urgjentisht ZRrE-ja, kompensimi i qytetar\u00ebve t\u00eb b\u00ebhet brenda tre muajve\"}]},{\"@type\":\"WebSite\",\"@id\":\"https:\/\/permbledhja.com\/#website\",\"url\":\"https:\/\/permbledhja.com\/\",\"name\":\"Ve\u00e7 artikuj p\u00ebrmbledh\u00ebs\",\"description\":\"\",\"publisher\":{\"@id\":\"https:\/\/permbledhja.com\/#organization\"},\"potentialAction\":[{\"@type\":\"SearchAction\",\"target\":{\"@type\":\"EntryPoint\",\"urlTemplate\":\"https:\/\/permbledhja.com\/?s={search_term_string}\"},\"query-input\":\"required name=search_term_string\"}],\"inLanguage\":\"sq\"},{\"@type\":\"Organization\",\"@id\":\"https:\/\/permbledhja.com\/#organization\",\"name\":\"MK Media & Pr\",\"url\":\"https:\/\/permbledhja.com\/\",\"logo\":{\"@type\":\"ImageObject\",\"inLanguage\":\"sq\",\"@id\":\"https:\/\/permbledhja.com\/#\/schema\/logo\/image\/\",\"url\":\"https:\/\/permbledhja.com\/wp-content\/uploads\/2021\/12\/07-Press-Logo.jpg\",\"contentUrl\":\"https:\/\/permbledhja.com\/wp-content\/uploads\/2021\/12\/07-Press-Logo.jpg\",\"width\":512,\"height\":512,\"caption\":\"MK Media & Pr\"},\"image\":{\"@id\":\"https:\/\/permbledhja.com\/#\/schema\/logo\/image\/\"},\"sameAs\":[\"https:\/\/www.facebook.com\/press07\/\"]},{\"@type\":\"Person\",\"@id\":\"https:\/\/permbledhja.com\/#\/schema\/person\/d23f13f59b5722643933d6780783acf3\",\"name\":\"M M\",\"image\":{\"@type\":\"ImageObject\",\"inLanguage\":\"sq\",\"@id\":\"https:\/\/permbledhja.com\/#\/schema\/person\/image\/\",\"url\":\"https:\/\/secure.gravatar.com\/avatar\/e2835a76ca7c31a2416b2d51c4ec9a8f?s=96&d=mm&r=g\",\"contentUrl\":\"https:\/\/secure.gravatar.com\/avatar\/e2835a76ca7c31a2416b2d51c4ec9a8f?s=96&d=mm&r=g\",\"caption\":\"M M\"},\"sameAs\":[\"http:\/\/MM\"],\"url\":\"https:\/\/permbledhja.com\/sq\/author\/muhamet\/\"}]}<\/script>\n<!-- \/ Yoast SEO plugin. -->","yoast_head_json":{"title":"KMDLNj: T\u00eb hetohet urgjentisht ZRrE-ja, kompensimi i qytetar\u00ebve t\u00eb b\u00ebhet brenda tre muajve","robots":{"index":"index","follow":"follow","max-snippet":"max-snippet:-1","max-image-preview":"max-image-preview:large","max-video-preview":"max-video-preview:-1"},"canonical":"https:\/\/permbledhja.com\/sq\/kmdlnj-te-hetohet-urgjentisht-zrre-ja-kompensimi-i-qytetareve-te-behet-brenda-tre-muajve\/","og_locale":"sq_AL","og_type":"article","og_title":"KMDLNj: T\u00eb hetohet urgjentisht ZRrE-ja, kompensimi i qytetar\u00ebve t\u00eb b\u00ebhet brenda tre muajve","og_description":"Gjykata Kushtetuese ka marr\u00eb vendim q\u00eb rreth 40 milion\u00eb euro do t\u2019u kthehen konsumator\u00ebve t\u00eb energjis\u00eb elektrike, t\u00eb cil\u00ebt e kan\u00eb paguar rrym\u00ebn p\u00ebr serb\u00ebt n\u00eb kat\u00ebr komunat n\u00eb veri t\u00eb Kosov\u00ebs, bazuar n\u00eb nj\u00eb vendim q\u00eb ishte marr\u00eb nga Zyra e Rregullatorit p\u00ebr Energji (ZRrE). P\u00ebr k\u00ebt\u00eb \u00e7\u00ebshtje ka reaguar t\u00eb mart\u00ebn K\u00ebshilli p\u00ebr [&hellip;]","og_url":"https:\/\/permbledhja.com\/sq\/kmdlnj-te-hetohet-urgjentisht-zrre-ja-kompensimi-i-qytetareve-te-behet-brenda-tre-muajve\/","og_site_name":"Ve\u00e7 artikuj p\u00ebrmbledh\u00ebs","article_publisher":"https:\/\/www.facebook.com\/press07\/","article_published_time":"2024-03-12T18:06:44+00:00","og_image":[{"width":1200,"height":630,"url":"https:\/\/permbledhja.com\/wp-content\/uploads\/2024\/03\/faturat-1.jpg","type":"image\/jpeg"}],"author":"M M","twitter_card":"summary_large_image","twitter_misc":{"Written by":"M M","Est. reading time":"4 minuta"},"schema":{"@context":"https:\/\/schema.org","@graph":[{"@type":"Article","@id":"https:\/\/permbledhja.com\/sq\/kmdlnj-te-hetohet-urgjentisht-zrre-ja-kompensimi-i-qytetareve-te-behet-brenda-tre-muajve\/#article","isPartOf":{"@id":"https:\/\/permbledhja.com\/sq\/kmdlnj-te-hetohet-urgjentisht-zrre-ja-kompensimi-i-qytetareve-te-behet-brenda-tre-muajve\/"},"author":{"name":"M M","@id":"https:\/\/permbledhja.com\/#\/schema\/person\/d23f13f59b5722643933d6780783acf3"},"headline":"KMDLNj: T\u00eb hetohet urgjentisht ZRrE-ja, kompensimi i qytetar\u00ebve t\u00eb b\u00ebhet brenda tre muajve","datePublished":"2024-03-12T18:06:44+00:00","dateModified":"2024-03-12T18:06:44+00:00","mainEntityOfPage":{"@id":"https:\/\/permbledhja.com\/sq\/kmdlnj-te-hetohet-urgjentisht-zrre-ja-kompensimi-i-qytetareve-te-behet-brenda-tre-muajve\/"},"wordCount":693,"publisher":{"@id":"https:\/\/permbledhja.com\/#organization"},"keywords":["KMDLNj"],"articleSection":["T\u00eb r\u00ebnd\u00ebsishme"],"inLanguage":"sq"},{"@type":"WebPage","@id":"https:\/\/permbledhja.com\/sq\/kmdlnj-te-hetohet-urgjentisht-zrre-ja-kompensimi-i-qytetareve-te-behet-brenda-tre-muajve\/","url":"https:\/\/permbledhja.com\/sq\/kmdlnj-te-hetohet-urgjentisht-zrre-ja-kompensimi-i-qytetareve-te-behet-brenda-tre-muajve\/","name":"KMDLNj: T\u00eb hetohet urgjentisht ZRrE-ja, kompensimi i qytetar\u00ebve t\u00eb b\u00ebhet brenda tre muajve","isPartOf":{"@id":"https:\/\/permbledhja.com\/#website"},"datePublished":"2024-03-12T18:06:44+00:00","dateModified":"2024-03-12T18:06:44+00:00","breadcrumb":{"@id":"https:\/\/permbledhja.com\/sq\/kmdlnj-te-hetohet-urgjentisht-zrre-ja-kompensimi-i-qytetareve-te-behet-brenda-tre-muajve\/#breadcrumb"},"inLanguage":"sq","potentialAction":[{"@type":"ReadAction","target":["https:\/\/permbledhja.com\/sq\/kmdlnj-te-hetohet-urgjentisht-zrre-ja-kompensimi-i-qytetareve-te-behet-brenda-tre-muajve\/"]}]},{"@type":"BreadcrumbList","@id":"https:\/\/permbledhja.com\/sq\/kmdlnj-te-hetohet-urgjentisht-zrre-ja-kompensimi-i-qytetareve-te-behet-brenda-tre-muajve\/#breadcrumb","itemListElement":[{"@type":"ListItem","position":1,"name":"Ballina","item":"https:\/\/permbledhja.com\/sq\/"},{"@type":"ListItem","position":2,"name":"KMDLNj: T\u00eb hetohet urgjentisht ZRrE-ja, kompensimi i qytetar\u00ebve t\u00eb b\u00ebhet brenda tre muajve"}]},{"@type":"WebSite","@id":"https:\/\/permbledhja.com\/#website","url":"https:\/\/permbledhja.com\/","name":"Ve\u00e7 artikuj p\u00ebrmbledh\u00ebs","description":"","publisher":{"@id":"https:\/\/permbledhja.com\/#organization"},"potentialAction":[{"@type":"SearchAction","target":{"@type":"EntryPoint","urlTemplate":"https:\/\/permbledhja.com\/?s={search_term_string}"},"query-input":"required name=search_term_string"}],"inLanguage":"sq"},{"@type":"Organization","@id":"https:\/\/permbledhja.com\/#organization","name":"MK Media & Pr","url":"https:\/\/permbledhja.com\/","logo":{"@type":"ImageObject","inLanguage":"sq","@id":"https:\/\/permbledhja.com\/#\/schema\/logo\/image\/","url":"https:\/\/permbledhja.com\/wp-content\/uploads\/2021\/12\/07-Press-Logo.jpg","contentUrl":"https:\/\/permbledhja.com\/wp-content\/uploads\/2021\/12\/07-Press-Logo.jpg","width":512,"height":512,"caption":"MK Media & Pr"},"image":{"@id":"https:\/\/permbledhja.com\/#\/schema\/logo\/image\/"},"sameAs":["https:\/\/www.facebook.com\/press07\/"]},{"@type":"Person","@id":"https:\/\/permbledhja.com\/#\/schema\/person\/d23f13f59b5722643933d6780783acf3","name":"M M","image":{"@type":"ImageObject","inLanguage":"sq","@id":"https:\/\/permbledhja.com\/#\/schema\/person\/image\/","url":"https:\/\/secure.gravatar.com\/avatar\/e2835a76ca7c31a2416b2d51c4ec9a8f?s=96&d=mm&r=g","contentUrl":"https:\/\/secure.gravatar.com\/avatar\/e2835a76ca7c31a2416b2d51c4ec9a8f?s=96&d=mm&r=g","caption":"M M"},"sameAs":["http:\/\/MM"],"url":"https:\/\/permbledhja.com\/sq\/author\/muhamet\/"}]}},"_links":{"self":[{"href":"https:\/\/permbledhja.com\/sq\/wp-json\/wp\/v2\/posts\/52099"}],"collection":[{"href":"https:\/\/permbledhja.com\/sq\/wp-json\/wp\/v2\/posts"}],"about":[{"href":"https:\/\/permbledhja.com\/sq\/wp-json\/wp\/v2\/types\/post"}],"author":[{"embeddable":true,"href":"https:\/\/permbledhja.com\/sq\/wp-json\/wp\/v2\/users\/2"}],"replies":[{"embeddable":true,"href":"https:\/\/permbledhja.com\/sq\/wp-json\/wp\/v2\/comments?post=52099"}],"version-history":[{"count":1,"href":"https:\/\/permbledhja.com\/sq\/wp-json\/wp\/v2\/posts\/52099\/revisions"}],"predecessor-version":[{"id":52101,"href":"https:\/\/permbledhja.com\/sq\/wp-json\/wp\/v2\/posts\/52099\/revisions\/52101"}],"wp:featuredmedia":[{"embeddable":true,"href":"https:\/\/permbledhja.com\/sq\/wp-json\/wp\/v2\/media\/52100"}],"wp:attachment":[{"href":"https:\/\/permbledhja.com\/sq\/wp-json\/wp\/v2\/media?parent=52099"}],"wp:term":[{"taxonomy":"category","embeddable":true,"href":"https:\/\/permbledhja.com\/sq\/wp-json\/wp\/v2\/categories?post=52099"},{"taxonomy":"post_tag","embeddable":true,"href":"https:\/\/permbledhja.com\/sq\/wp-json\/wp\/v2\/tags?post=52099"}],"curies":[{"name":"wp","href":"https:\/\/api.w.org\/{rel}","templated":true}]}}