{"id":52073,"date":"2024-03-12T15:35:41","date_gmt":"2024-03-12T15:35:41","guid":{"rendered":"https:\/\/permbledhja.com\/?p=52073"},"modified":"2024-03-12T15:35:41","modified_gmt":"2024-03-12T15:35:41","slug":"dhunimi-i-13-vjecares-rrgk-kerkon-hetim-serioz-dhunuesit-te-marrin-denimin-e-merituar","status":"publish","type":"post","link":"https:\/\/permbledhja.com\/sq\/dhunimi-i-13-vjecares-rrgk-kerkon-hetim-serioz-dhunuesit-te-marrin-denimin-e-merituar\/","title":{"rendered":"Dhunimi i 13-vje\u00e7ares, RrGK k\u00ebrkon hetim serioz: Dhunuesit t\u00eb marrin d\u00ebnimin e merituar"},"content":{"rendered":"<h3>Rrjeti i Grave t\u00eb Kosov\u00ebs ka k\u00ebrkuar reagim institucional dhe shoq\u00ebror lidhur me rastin e 13 vje\u00e7ares q\u00eb dyshohet se u dhunua nga dy persona.<\/h3>\n<p>\u201cRrjeti i Grave t\u00eb Kosov\u00ebs (RrGK) k\u00ebrkon reagim institucional dhe reagim shoq\u00ebror lidhur me rastin e 13 vje\u00e7ares nga Peja e cila u raportua e zhdukur, e p\u00ebr t\u00eb cil\u00ebn dyshohet se u abuzua seksualisht nga dy persona t\u00eb mosh\u00ebs madhore.\u201d<\/p>\n<p>RrGK ka k\u00ebrkuar nga institucionet q\u00eb t\u00eb b\u00ebhet hetim serioz.<\/p>\n<p>\u201cGjithnj\u00eb duke pasur p\u00ebr baz\u00eb raportimet nga mediat, t\u00eb dy t\u00eb dyshuarit tashm\u00eb jan\u00eb v\u00ebn\u00eb n\u00eb pranga nga policia. RrGK k\u00ebrkon nga institucionet, posa\u00e7\u00ebrisht nga Prokuroria e Pej\u00ebs q\u00eb t\u00eb b\u00ebhet nj\u00eb hetim serioz i vepr\u00ebs dhe t\u00eb p\u00ebrpilohet aktakuza n\u00eb m\u00ebnyr\u00eb q\u00eb dhunuesit t\u00eb marrin d\u00ebnimin e merituar.\u201d<\/p>\n<p>Rrjeti i Grave thot\u00eb se p\u00ebrdhunimi i vajzave dhe grave mbetet nj\u00eb nd\u00ebr brengat kryesore.<\/p>\n<p>\u201cP\u00ebrdhunimi i vajzave dhe grave n\u00eb shoq\u00ebrin\u00eb ton\u00eb mbetet nd\u00ebr brengat kryesore, p\u00ebr t\u00eb cil\u00ebn duhet t\u00eb ngrisim z\u00ebrin t\u00eb gjith\u00eb ne, vazhdimisht dhe pa asnj\u00eb kompromis. Kurse, reagimi i duhur institucional ndaj k\u00ebtyre rasteve ndikon n\u00eb luftimin e tyre dhe krijimin e nj\u00eb shoq\u00ebrie ku vajzat dhe grat\u00eb g\u00ebzojn\u00eb nj\u00eb jet\u00eb t\u00eb barabart\u00eb dhe pa dhun\u00eb me baz\u00eb gjinore.\u201d<\/p>\n<p>\u201cRrGK do t\u00eb monitoroj\u00eb reagimin instituconal ndaj k\u00ebtij rasti dhe ndaj t\u00eb gjitha rasteve t\u00eb dhun\u00ebs me baz\u00eb gjinore. RrGK mbetet e hapur ndaj bashk\u00ebpunimit dhe ndihm\u00ebs p\u00ebr viktimat e dhun\u00ebs me baz\u00eb gjinore p\u00ebrmes k\u00ebshillimit ligjor falas dhe referimit tek institucionet relevante. N\u00ebse keni nevoj\u00eb p\u00ebr ndihm\u00eb juridike falas p\u00ebr rastet e dhun\u00ebs me baz\u00eb gjinore, apo njihni dik\u00eb q\u00eb ka nevoj\u00eb, na kontaktoni n\u00eb numrin: 048 105 800.\u201d<\/p>\n","protected":false},"excerpt":{"rendered":"<p>Rrjeti i Grave t\u00eb Kosov\u00ebs ka k\u00ebrkuar reagim institucional dhe shoq\u00ebror lidhur me rastin e 13 vje\u00e7ares q\u00eb dyshohet se u dhunua nga dy persona. \u201cRrjeti i Grave t\u00eb Kosov\u00ebs (RrGK) k\u00ebrkon reagim institucional dhe reagim shoq\u00ebror lidhur me rastin e 13 vje\u00e7ares nga Peja e cila u raportua e zhdukur, e p\u00ebr t\u00eb cil\u00ebn [&hellip;]<\/p>\n","protected":false},"author":2,"featured_media":52074,"comment_status":"closed","ping_status":"closed","sticky":false,"template":"","format":"standard","meta":{"_monsterinsights_skip_tracking":false,"_monsterinsights_sitenote_active":false,"_monsterinsights_sitenote_note":"","_monsterinsights_sitenote_category":0,"_uf_show_specific_survey":0,"_uf_disable_surveys":false,"footnotes":""},"categories":[15],"tags":[],"yoast_head":"<!-- This site is optimized with the Yoast SEO plugin v21.5 - https:\/\/yoast.com\/wordpress\/plugins\/seo\/ -->\n<title>Dhunimi i 13-vje\u00e7ares, RrGK k\u00ebrkon hetim serioz: Dhunuesit t\u00eb marrin d\u00ebnimin e merituar<\/title>\n<meta name=\"robots\" content=\"index, follow, max-snippet:-1, max-image-preview:large, max-video-preview:-1\" \/>\n<link rel=\"canonical\" href=\"https:\/\/permbledhja.com\/sq\/dhunimi-i-13-vjecares-rrgk-kerkon-hetim-serioz-dhunuesit-te-marrin-denimin-e-merituar\/\" \/>\n<meta property=\"og:locale\" content=\"sq_AL\" \/>\n<meta property=\"og:type\" content=\"article\" \/>\n<meta property=\"og:title\" content=\"Dhunimi i 13-vje\u00e7ares, RrGK k\u00ebrkon hetim serioz: Dhunuesit t\u00eb marrin d\u00ebnimin e merituar\" \/>\n<meta property=\"og:description\" content=\"Rrjeti i Grave t\u00eb Kosov\u00ebs ka k\u00ebrkuar reagim institucional dhe shoq\u00ebror lidhur me rastin e 13 vje\u00e7ares q\u00eb dyshohet se u dhunua nga dy persona. \u201cRrjeti i Grave t\u00eb Kosov\u00ebs (RrGK) k\u00ebrkon reagim institucional dhe reagim shoq\u00ebror lidhur me rastin e 13 vje\u00e7ares nga Peja e cila u raportua e zhdukur, e p\u00ebr t\u00eb cil\u00ebn [&hellip;]\" \/>\n<meta property=\"og:url\" content=\"https:\/\/permbledhja.com\/sq\/dhunimi-i-13-vjecares-rrgk-kerkon-hetim-serioz-dhunuesit-te-marrin-denimin-e-merituar\/\" \/>\n<meta property=\"og:site_name\" content=\"Ve\u00e7 artikuj p\u00ebrmbledh\u00ebs\" \/>\n<meta property=\"article:publisher\" content=\"https:\/\/www.facebook.com\/press07\/\" \/>\n<meta property=\"article:published_time\" content=\"2024-03-12T15:35:41+00:00\" \/>\n<meta property=\"og:image\" content=\"https:\/\/permbledhja.com\/wp-content\/uploads\/2024\/03\/auto_11rrgk1570795607-728x430-1-600x360-1.jpg\" \/>\n\t<meta property=\"og:image:width\" content=\"600\" \/>\n\t<meta property=\"og:image:height\" content=\"360\" \/>\n\t<meta property=\"og:image:type\" content=\"image\/jpeg\" \/>\n<meta name=\"author\" content=\"M M\" \/>\n<meta name=\"twitter:card\" content=\"summary_large_image\" \/>\n<meta name=\"twitter:label1\" content=\"Written by\" \/>\n\t<meta name=\"twitter:data1\" content=\"M M\" \/>\n\t<meta name=\"twitter:label2\" content=\"Est. reading time\" \/>\n\t<meta name=\"twitter:data2\" content=\"2 minuta\" \/>\n<script type=\"application\/ld+json\" class=\"yoast-schema-graph\">{\"@context\":\"https:\/\/schema.org\",\"@graph\":[{\"@type\":\"Article\",\"@id\":\"https:\/\/permbledhja.com\/sq\/dhunimi-i-13-vjecares-rrgk-kerkon-hetim-serioz-dhunuesit-te-marrin-denimin-e-merituar\/#article\",\"isPartOf\":{\"@id\":\"https:\/\/permbledhja.com\/sq\/dhunimi-i-13-vjecares-rrgk-kerkon-hetim-serioz-dhunuesit-te-marrin-denimin-e-merituar\/\"},\"author\":{\"name\":\"M M\",\"@id\":\"https:\/\/permbledhja.com\/#\/schema\/person\/d23f13f59b5722643933d6780783acf3\"},\"headline\":\"Dhunimi i 13-vje\u00e7ares, RrGK k\u00ebrkon hetim serioz: Dhunuesit t\u00eb marrin d\u00ebnimin e merituar\",\"datePublished\":\"2024-03-12T15:35:41+00:00\",\"dateModified\":\"2024-03-12T15:35:41+00:00\",\"mainEntityOfPage\":{\"@id\":\"https:\/\/permbledhja.com\/sq\/dhunimi-i-13-vjecares-rrgk-kerkon-hetim-serioz-dhunuesit-te-marrin-denimin-e-merituar\/\"},\"wordCount\":327,\"publisher\":{\"@id\":\"https:\/\/permbledhja.com\/#organization\"},\"articleSection\":[\"Lajme\"],\"inLanguage\":\"sq\"},{\"@type\":\"WebPage\",\"@id\":\"https:\/\/permbledhja.com\/sq\/dhunimi-i-13-vjecares-rrgk-kerkon-hetim-serioz-dhunuesit-te-marrin-denimin-e-merituar\/\",\"url\":\"https:\/\/permbledhja.com\/sq\/dhunimi-i-13-vjecares-rrgk-kerkon-hetim-serioz-dhunuesit-te-marrin-denimin-e-merituar\/\",\"name\":\"Dhunimi i 13-vje\u00e7ares, RrGK k\u00ebrkon hetim serioz: Dhunuesit t\u00eb marrin d\u00ebnimin e merituar\",\"isPartOf\":{\"@id\":\"https:\/\/permbledhja.com\/#website\"},\"datePublished\":\"2024-03-12T15:35:41+00:00\",\"dateModified\":\"2024-03-12T15:35:41+00:00\",\"breadcrumb\":{\"@id\":\"https:\/\/permbledhja.com\/sq\/dhunimi-i-13-vjecares-rrgk-kerkon-hetim-serioz-dhunuesit-te-marrin-denimin-e-merituar\/#breadcrumb\"},\"inLanguage\":\"sq\",\"potentialAction\":[{\"@type\":\"ReadAction\",\"target\":[\"https:\/\/permbledhja.com\/sq\/dhunimi-i-13-vjecares-rrgk-kerkon-hetim-serioz-dhunuesit-te-marrin-denimin-e-merituar\/\"]}]},{\"@type\":\"BreadcrumbList\",\"@id\":\"https:\/\/permbledhja.com\/sq\/dhunimi-i-13-vjecares-rrgk-kerkon-hetim-serioz-dhunuesit-te-marrin-denimin-e-merituar\/#breadcrumb\",\"itemListElement\":[{\"@type\":\"ListItem\",\"position\":1,\"name\":\"Ballina\",\"item\":\"https:\/\/permbledhja.com\/sq\/\"},{\"@type\":\"ListItem\",\"position\":2,\"name\":\"Dhunimi i 13-vje\u00e7ares, RrGK k\u00ebrkon hetim serioz: Dhunuesit t\u00eb marrin d\u00ebnimin e merituar\"}]},{\"@type\":\"WebSite\",\"@id\":\"https:\/\/permbledhja.com\/#website\",\"url\":\"https:\/\/permbledhja.com\/\",\"name\":\"Ve\u00e7 artikuj p\u00ebrmbledh\u00ebs\",\"description\":\"\",\"publisher\":{\"@id\":\"https:\/\/permbledhja.com\/#organization\"},\"potentialAction\":[{\"@type\":\"SearchAction\",\"target\":{\"@type\":\"EntryPoint\",\"urlTemplate\":\"https:\/\/permbledhja.com\/?s={search_term_string}\"},\"query-input\":\"required name=search_term_string\"}],\"inLanguage\":\"sq\"},{\"@type\":\"Organization\",\"@id\":\"https:\/\/permbledhja.com\/#organization\",\"name\":\"MK Media & Pr\",\"url\":\"https:\/\/permbledhja.com\/\",\"logo\":{\"@type\":\"ImageObject\",\"inLanguage\":\"sq\",\"@id\":\"https:\/\/permbledhja.com\/#\/schema\/logo\/image\/\",\"url\":\"https:\/\/permbledhja.com\/wp-content\/uploads\/2021\/12\/07-Press-Logo.jpg\",\"contentUrl\":\"https:\/\/permbledhja.com\/wp-content\/uploads\/2021\/12\/07-Press-Logo.jpg\",\"width\":512,\"height\":512,\"caption\":\"MK Media & Pr\"},\"image\":{\"@id\":\"https:\/\/permbledhja.com\/#\/schema\/logo\/image\/\"},\"sameAs\":[\"https:\/\/www.facebook.com\/press07\/\"]},{\"@type\":\"Person\",\"@id\":\"https:\/\/permbledhja.com\/#\/schema\/person\/d23f13f59b5722643933d6780783acf3\",\"name\":\"M M\",\"image\":{\"@type\":\"ImageObject\",\"inLanguage\":\"sq\",\"@id\":\"https:\/\/permbledhja.com\/#\/schema\/person\/image\/\",\"url\":\"https:\/\/secure.gravatar.com\/avatar\/e2835a76ca7c31a2416b2d51c4ec9a8f?s=96&d=mm&r=g\",\"contentUrl\":\"https:\/\/secure.gravatar.com\/avatar\/e2835a76ca7c31a2416b2d51c4ec9a8f?s=96&d=mm&r=g\",\"caption\":\"M M\"},\"sameAs\":[\"http:\/\/MM\"],\"url\":\"https:\/\/permbledhja.com\/sq\/author\/muhamet\/\"}]}<\/script>\n<!-- \/ Yoast SEO plugin. -->","yoast_head_json":{"title":"Dhunimi i 13-vje\u00e7ares, RrGK k\u00ebrkon hetim serioz: Dhunuesit t\u00eb marrin d\u00ebnimin e merituar","robots":{"index":"index","follow":"follow","max-snippet":"max-snippet:-1","max-image-preview":"max-image-preview:large","max-video-preview":"max-video-preview:-1"},"canonical":"https:\/\/permbledhja.com\/sq\/dhunimi-i-13-vjecares-rrgk-kerkon-hetim-serioz-dhunuesit-te-marrin-denimin-e-merituar\/","og_locale":"sq_AL","og_type":"article","og_title":"Dhunimi i 13-vje\u00e7ares, RrGK k\u00ebrkon hetim serioz: Dhunuesit t\u00eb marrin d\u00ebnimin e merituar","og_description":"Rrjeti i Grave t\u00eb Kosov\u00ebs ka k\u00ebrkuar reagim institucional dhe shoq\u00ebror lidhur me rastin e 13 vje\u00e7ares q\u00eb dyshohet se u dhunua nga dy persona. \u201cRrjeti i Grave t\u00eb Kosov\u00ebs (RrGK) k\u00ebrkon reagim institucional dhe reagim shoq\u00ebror lidhur me rastin e 13 vje\u00e7ares nga Peja e cila u raportua e zhdukur, e p\u00ebr t\u00eb cil\u00ebn [&hellip;]","og_url":"https:\/\/permbledhja.com\/sq\/dhunimi-i-13-vjecares-rrgk-kerkon-hetim-serioz-dhunuesit-te-marrin-denimin-e-merituar\/","og_site_name":"Ve\u00e7 artikuj p\u00ebrmbledh\u00ebs","article_publisher":"https:\/\/www.facebook.com\/press07\/","article_published_time":"2024-03-12T15:35:41+00:00","og_image":[{"width":600,"height":360,"url":"https:\/\/permbledhja.com\/wp-content\/uploads\/2024\/03\/auto_11rrgk1570795607-728x430-1-600x360-1.jpg","type":"image\/jpeg"}],"author":"M M","twitter_card":"summary_large_image","twitter_misc":{"Written by":"M M","Est. reading time":"2 minuta"},"schema":{"@context":"https:\/\/schema.org","@graph":[{"@type":"Article","@id":"https:\/\/permbledhja.com\/sq\/dhunimi-i-13-vjecares-rrgk-kerkon-hetim-serioz-dhunuesit-te-marrin-denimin-e-merituar\/#article","isPartOf":{"@id":"https:\/\/permbledhja.com\/sq\/dhunimi-i-13-vjecares-rrgk-kerkon-hetim-serioz-dhunuesit-te-marrin-denimin-e-merituar\/"},"author":{"name":"M M","@id":"https:\/\/permbledhja.com\/#\/schema\/person\/d23f13f59b5722643933d6780783acf3"},"headline":"Dhunimi i 13-vje\u00e7ares, RrGK k\u00ebrkon hetim serioz: Dhunuesit t\u00eb marrin d\u00ebnimin e merituar","datePublished":"2024-03-12T15:35:41+00:00","dateModified":"2024-03-12T15:35:41+00:00","mainEntityOfPage":{"@id":"https:\/\/permbledhja.com\/sq\/dhunimi-i-13-vjecares-rrgk-kerkon-hetim-serioz-dhunuesit-te-marrin-denimin-e-merituar\/"},"wordCount":327,"publisher":{"@id":"https:\/\/permbledhja.com\/#organization"},"articleSection":["Lajme"],"inLanguage":"sq"},{"@type":"WebPage","@id":"https:\/\/permbledhja.com\/sq\/dhunimi-i-13-vjecares-rrgk-kerkon-hetim-serioz-dhunuesit-te-marrin-denimin-e-merituar\/","url":"https:\/\/permbledhja.com\/sq\/dhunimi-i-13-vjecares-rrgk-kerkon-hetim-serioz-dhunuesit-te-marrin-denimin-e-merituar\/","name":"Dhunimi i 13-vje\u00e7ares, RrGK k\u00ebrkon hetim serioz: Dhunuesit t\u00eb marrin d\u00ebnimin e merituar","isPartOf":{"@id":"https:\/\/permbledhja.com\/#website"},"datePublished":"2024-03-12T15:35:41+00:00","dateModified":"2024-03-12T15:35:41+00:00","breadcrumb":{"@id":"https:\/\/permbledhja.com\/sq\/dhunimi-i-13-vjecares-rrgk-kerkon-hetim-serioz-dhunuesit-te-marrin-denimin-e-merituar\/#breadcrumb"},"inLanguage":"sq","potentialAction":[{"@type":"ReadAction","target":["https:\/\/permbledhja.com\/sq\/dhunimi-i-13-vjecares-rrgk-kerkon-hetim-serioz-dhunuesit-te-marrin-denimin-e-merituar\/"]}]},{"@type":"BreadcrumbList","@id":"https:\/\/permbledhja.com\/sq\/dhunimi-i-13-vjecares-rrgk-kerkon-hetim-serioz-dhunuesit-te-marrin-denimin-e-merituar\/#breadcrumb","itemListElement":[{"@type":"ListItem","position":1,"name":"Ballina","item":"https:\/\/permbledhja.com\/sq\/"},{"@type":"ListItem","position":2,"name":"Dhunimi i 13-vje\u00e7ares, RrGK k\u00ebrkon hetim serioz: Dhunuesit t\u00eb marrin d\u00ebnimin e merituar"}]},{"@type":"WebSite","@id":"https:\/\/permbledhja.com\/#website","url":"https:\/\/permbledhja.com\/","name":"Ve\u00e7 artikuj p\u00ebrmbledh\u00ebs","description":"","publisher":{"@id":"https:\/\/permbledhja.com\/#organization"},"potentialAction":[{"@type":"SearchAction","target":{"@type":"EntryPoint","urlTemplate":"https:\/\/permbledhja.com\/?s={search_term_string}"},"query-input":"required name=search_term_string"}],"inLanguage":"sq"},{"@type":"Organization","@id":"https:\/\/permbledhja.com\/#organization","name":"MK Media & Pr","url":"https:\/\/permbledhja.com\/","logo":{"@type":"ImageObject","inLanguage":"sq","@id":"https:\/\/permbledhja.com\/#\/schema\/logo\/image\/","url":"https:\/\/permbledhja.com\/wp-content\/uploads\/2021\/12\/07-Press-Logo.jpg","contentUrl":"https:\/\/permbledhja.com\/wp-content\/uploads\/2021\/12\/07-Press-Logo.jpg","width":512,"height":512,"caption":"MK Media & Pr"},"image":{"@id":"https:\/\/permbledhja.com\/#\/schema\/logo\/image\/"},"sameAs":["https:\/\/www.facebook.com\/press07\/"]},{"@type":"Person","@id":"https:\/\/permbledhja.com\/#\/schema\/person\/d23f13f59b5722643933d6780783acf3","name":"M M","image":{"@type":"ImageObject","inLanguage":"sq","@id":"https:\/\/permbledhja.com\/#\/schema\/person\/image\/","url":"https:\/\/secure.gravatar.com\/avatar\/e2835a76ca7c31a2416b2d51c4ec9a8f?s=96&d=mm&r=g","contentUrl":"https:\/\/secure.gravatar.com\/avatar\/e2835a76ca7c31a2416b2d51c4ec9a8f?s=96&d=mm&r=g","caption":"M M"},"sameAs":["http:\/\/MM"],"url":"https:\/\/permbledhja.com\/sq\/author\/muhamet\/"}]}},"_links":{"self":[{"href":"https:\/\/permbledhja.com\/sq\/wp-json\/wp\/v2\/posts\/52073"}],"collection":[{"href":"https:\/\/permbledhja.com\/sq\/wp-json\/wp\/v2\/posts"}],"about":[{"href":"https:\/\/permbledhja.com\/sq\/wp-json\/wp\/v2\/types\/post"}],"author":[{"embeddable":true,"href":"https:\/\/permbledhja.com\/sq\/wp-json\/wp\/v2\/users\/2"}],"replies":[{"embeddable":true,"href":"https:\/\/permbledhja.com\/sq\/wp-json\/wp\/v2\/comments?post=52073"}],"version-history":[{"count":1,"href":"https:\/\/permbledhja.com\/sq\/wp-json\/wp\/v2\/posts\/52073\/revisions"}],"predecessor-version":[{"id":52075,"href":"https:\/\/permbledhja.com\/sq\/wp-json\/wp\/v2\/posts\/52073\/revisions\/52075"}],"wp:featuredmedia":[{"embeddable":true,"href":"https:\/\/permbledhja.com\/sq\/wp-json\/wp\/v2\/media\/52074"}],"wp:attachment":[{"href":"https:\/\/permbledhja.com\/sq\/wp-json\/wp\/v2\/media?parent=52073"}],"wp:term":[{"taxonomy":"category","embeddable":true,"href":"https:\/\/permbledhja.com\/sq\/wp-json\/wp\/v2\/categories?post=52073"},{"taxonomy":"post_tag","embeddable":true,"href":"https:\/\/permbledhja.com\/sq\/wp-json\/wp\/v2\/tags?post=52073"}],"curies":[{"name":"wp","href":"https:\/\/api.w.org\/{rel}","templated":true}]}}