{"id":52031,"date":"2024-03-12T11:03:10","date_gmt":"2024-03-12T11:03:10","guid":{"rendered":"https:\/\/permbledhja.com\/?p=52031"},"modified":"2024-03-12T11:03:10","modified_gmt":"2024-03-12T11:03:10","slug":"zjarri-ne-fabriken-e-plastikes-po-vazhdon-lladrovci-premton-ndihme-per-kompanine","status":"publish","type":"post","link":"https:\/\/permbledhja.com\/sq\/zjarri-ne-fabriken-e-plastikes-po-vazhdon-lladrovci-premton-ndihme-per-kompanine\/","title":{"rendered":"Zjarri n\u00eb fabrik\u00ebn e plastik\u00ebs po vazhdon, Lladrovci premton ndihm\u00eb p\u00ebr kompanin\u00eb"},"content":{"rendered":"<h3>Zjarri q\u00eb p\u00ebrfshiu nj\u00eb fabrik\u00eb t\u00eb plastik\u00ebs n\u00eb Parkun e Biznesit n\u00eb Drenas, po vazhdon edhe sot por me intensitete t\u00eb vog\u00ebl.<\/h3>\n<p>P\u00ebr ndihm\u00ebn e ofruar p\u00ebr shuarjen e zjarrit, Lladrovci fal\u00ebnderoi komunat tjera e Nj\u00ebsin\u00eb Speciale t\u00eb Kosov\u00ebs.<\/p>\n<p>\u201cSot, presim t\u00eb p\u00ebrfundoj\u00eb shuarja e plot\u00eb e zjarrit, pas pun\u00ebs intensive t\u00eb zjarrfik\u00ebsve t\u00eb komun\u00ebs s\u00eb Drenasit, ndihma nga Malisheva, Skenderaj, Prishtina, Lipjani, Rahoveci, si dhe Nj\u00ebsia Speciale e Kosov\u00ebs dhe KFOR-i. \u00cbsht\u00eb djegur Fabrika e Plastik\u00ebs, me d\u00ebme t\u00eb m\u00ebdha p\u00ebr kompanin\u00eb, nj\u00ebher\u00ebsh \u00ebsht\u00eb katastrof\u00eb ambientale. Fal\u00ebnderoj personat dhe kompanit\u00eb, po ashtu edhe mediat t\u00eb cilat u gjenden pran\u00eb zjarrfik\u00ebsve tan\u00eb p\u00ebr t\u00eb zvog\u00ebluar d\u00ebmet si dhe raportuan nga vendi i ngjarjes. Shpreh fal\u00ebnderim t\u00eb ve\u00e7ant\u00eb p\u00ebr kompanin\u00eb \u2018Trasing\u2019 q\u00eb arriti e para me mjet t\u00eb madh dhe ka penguar p\u00ebrhapjen e vatr\u00ebs s\u00eb zjarrit\u201d, ka th\u00ebn\u00eb Lladrovci p\u00ebrmes nj\u00eb p\u00ebrgjigje me shkrim.<\/p>\n<p>Ndon\u00ebse nuk dihet sa mund t\u00eb jet\u00eb vlera e d\u00ebmit, Lladrovci ka premtuar ndihm\u00eb me mund\u00ebsit\u00eb buxhetore q\u00eb i ka komuna.<\/p>\n<p>\u201cEnde nuk kemi asnj\u00eb informat\u00eb nga institucionet q\u00eb merren me vler\u00ebsimin e d\u00ebmeve, por, ato duken t\u00eb konsiderueshme dhe shprehim keqardhje p\u00ebr k\u00ebt\u00eb katastrof\u00eb. Buxheti i komun\u00ebs p\u00ebr rastet e emergjencave \u00ebsht\u00eb i kufizuar, megjithat\u00eb, dit\u00ebve n\u00eb vijim, do t\u00eb shohim mund\u00ebsit\u00eb, natyr\u00ebn e ndihm\u00ebs dhe \u00e7far\u00eb ndihme mund t\u00eb ofrojm\u00eb\u201d, u shpreh Lladrovci, duke th\u00ebn\u00eb se nuk kan\u00eb shum\u00eb informacione p\u00ebr shkaktarin e k\u00ebtij zjarri.<\/p>\n<p>\u201cDeri m\u00eb tash, nuk kemi informata rreth shkaqeve t\u00eb shp\u00ebrthimit t\u00eb zjarrit, sigurisht se organet p\u00ebrgjegj\u00ebse jan\u00eb duke punuar rreth raportit zyrtar, do t\u00eb marr\u00eb koh\u00eb p\u00ebr t\u00eb gjetur shkakun dhe pasojat e k\u00ebsaj katastrofe p\u00ebr kompanin\u00eb dhe p\u00ebr ambientin\u201d.<\/p>\n","protected":false},"excerpt":{"rendered":"<p>Zjarri q\u00eb p\u00ebrfshiu nj\u00eb fabrik\u00eb t\u00eb plastik\u00ebs n\u00eb Parkun e Biznesit n\u00eb Drenas, po vazhdon edhe sot por me intensitete t\u00eb vog\u00ebl. P\u00ebr ndihm\u00ebn e ofruar p\u00ebr shuarjen e zjarrit, Lladrovci fal\u00ebnderoi komunat tjera e Nj\u00ebsin\u00eb Speciale t\u00eb Kosov\u00ebs. \u201cSot, presim t\u00eb p\u00ebrfundoj\u00eb shuarja e plot\u00eb e zjarrit, pas pun\u00ebs intensive t\u00eb zjarrfik\u00ebsve t\u00eb komun\u00ebs [&hellip;]<\/p>\n","protected":false},"author":5,"featured_media":51908,"comment_status":"closed","ping_status":"closed","sticky":false,"template":"","format":"standard","meta":{"_monsterinsights_skip_tracking":false,"_monsterinsights_sitenote_active":false,"_monsterinsights_sitenote_note":"","_monsterinsights_sitenote_category":0,"_uf_show_specific_survey":0,"_uf_disable_surveys":false,"footnotes":""},"categories":[15],"tags":[],"yoast_head":"<!-- This site is optimized with the Yoast SEO plugin v21.5 - https:\/\/yoast.com\/wordpress\/plugins\/seo\/ -->\n<title>Zjarri n\u00eb fabrik\u00ebn e plastik\u00ebs po vazhdon, Lladrovci premton ndihm\u00eb p\u00ebr kompanin\u00eb<\/title>\n<meta name=\"robots\" content=\"index, follow, max-snippet:-1, max-image-preview:large, max-video-preview:-1\" \/>\n<link rel=\"canonical\" href=\"https:\/\/permbledhja.com\/sq\/zjarri-ne-fabriken-e-plastikes-po-vazhdon-lladrovci-premton-ndihme-per-kompanine\/\" \/>\n<meta property=\"og:locale\" content=\"sq_AL\" \/>\n<meta property=\"og:type\" content=\"article\" \/>\n<meta property=\"og:title\" content=\"Zjarri n\u00eb fabrik\u00ebn e plastik\u00ebs po vazhdon, Lladrovci premton ndihm\u00eb p\u00ebr kompanin\u00eb\" \/>\n<meta property=\"og:description\" content=\"Zjarri q\u00eb p\u00ebrfshiu nj\u00eb fabrik\u00eb t\u00eb plastik\u00ebs n\u00eb Parkun e Biznesit n\u00eb Drenas, po vazhdon edhe sot por me intensitete t\u00eb vog\u00ebl. P\u00ebr ndihm\u00ebn e ofruar p\u00ebr shuarjen e zjarrit, Lladrovci fal\u00ebnderoi komunat tjera e Nj\u00ebsin\u00eb Speciale t\u00eb Kosov\u00ebs. \u201cSot, presim t\u00eb p\u00ebrfundoj\u00eb shuarja e plot\u00eb e zjarrit, pas pun\u00ebs intensive t\u00eb zjarrfik\u00ebsve t\u00eb komun\u00ebs [&hellip;]\" \/>\n<meta property=\"og:url\" content=\"https:\/\/permbledhja.com\/sq\/zjarri-ne-fabriken-e-plastikes-po-vazhdon-lladrovci-premton-ndihme-per-kompanine\/\" \/>\n<meta property=\"og:site_name\" content=\"Ve\u00e7 artikuj p\u00ebrmbledh\u00ebs\" \/>\n<meta property=\"article:publisher\" content=\"https:\/\/www.facebook.com\/press07\/\" \/>\n<meta property=\"article:published_time\" content=\"2024-03-12T11:03:10+00:00\" \/>\n<meta property=\"og:image\" content=\"https:\/\/permbledhja.com\/wp-content\/uploads\/2024\/03\/z-1.png\" \/>\n\t<meta property=\"og:image:width\" content=\"600\" \/>\n\t<meta property=\"og:image:height\" content=\"360\" \/>\n\t<meta property=\"og:image:type\" content=\"image\/png\" \/>\n<meta name=\"author\" content=\"DL\" \/>\n<meta name=\"twitter:card\" content=\"summary_large_image\" \/>\n<meta name=\"twitter:label1\" content=\"Written by\" \/>\n\t<meta name=\"twitter:data1\" content=\"DL\" \/>\n\t<meta name=\"twitter:label2\" content=\"Est. reading time\" \/>\n\t<meta name=\"twitter:data2\" content=\"2 minuta\" \/>\n<script type=\"application\/ld+json\" class=\"yoast-schema-graph\">{\"@context\":\"https:\/\/schema.org\",\"@graph\":[{\"@type\":\"Article\",\"@id\":\"https:\/\/permbledhja.com\/zjarri-ne-fabriken-e-plastikes-po-vazhdon-lladrovci-premton-ndihme-per-kompanine\/#article\",\"isPartOf\":{\"@id\":\"https:\/\/permbledhja.com\/zjarri-ne-fabriken-e-plastikes-po-vazhdon-lladrovci-premton-ndihme-per-kompanine\/\"},\"author\":{\"name\":\"DL\",\"@id\":\"https:\/\/permbledhja.com\/#\/schema\/person\/9c54260cbc4c6f792cb100550491638c\"},\"headline\":\"Zjarri n\u00eb fabrik\u00ebn e plastik\u00ebs po vazhdon, Lladrovci premton ndihm\u00eb p\u00ebr kompanin\u00eb\",\"datePublished\":\"2024-03-12T11:03:10+00:00\",\"dateModified\":\"2024-03-12T11:03:10+00:00\",\"mainEntityOfPage\":{\"@id\":\"https:\/\/permbledhja.com\/zjarri-ne-fabriken-e-plastikes-po-vazhdon-lladrovci-premton-ndihme-per-kompanine\/\"},\"wordCount\":343,\"publisher\":{\"@id\":\"https:\/\/permbledhja.com\/#organization\"},\"articleSection\":[\"Lajme\"],\"inLanguage\":\"sq\"},{\"@type\":\"WebPage\",\"@id\":\"https:\/\/permbledhja.com\/zjarri-ne-fabriken-e-plastikes-po-vazhdon-lladrovci-premton-ndihme-per-kompanine\/\",\"url\":\"https:\/\/permbledhja.com\/zjarri-ne-fabriken-e-plastikes-po-vazhdon-lladrovci-premton-ndihme-per-kompanine\/\",\"name\":\"Zjarri n\u00eb fabrik\u00ebn e plastik\u00ebs po vazhdon, Lladrovci premton ndihm\u00eb p\u00ebr kompanin\u00eb\",\"isPartOf\":{\"@id\":\"https:\/\/permbledhja.com\/#website\"},\"datePublished\":\"2024-03-12T11:03:10+00:00\",\"dateModified\":\"2024-03-12T11:03:10+00:00\",\"breadcrumb\":{\"@id\":\"https:\/\/permbledhja.com\/zjarri-ne-fabriken-e-plastikes-po-vazhdon-lladrovci-premton-ndihme-per-kompanine\/#breadcrumb\"},\"inLanguage\":\"sq\",\"potentialAction\":[{\"@type\":\"ReadAction\",\"target\":[\"https:\/\/permbledhja.com\/zjarri-ne-fabriken-e-plastikes-po-vazhdon-lladrovci-premton-ndihme-per-kompanine\/\"]}]},{\"@type\":\"BreadcrumbList\",\"@id\":\"https:\/\/permbledhja.com\/zjarri-ne-fabriken-e-plastikes-po-vazhdon-lladrovci-premton-ndihme-per-kompanine\/#breadcrumb\",\"itemListElement\":[{\"@type\":\"ListItem\",\"position\":1,\"name\":\"Ballina\",\"item\":\"https:\/\/permbledhja.com\/sq\/\"},{\"@type\":\"ListItem\",\"position\":2,\"name\":\"Zjarri n\u00eb fabrik\u00ebn e plastik\u00ebs po vazhdon, Lladrovci premton ndihm\u00eb p\u00ebr kompanin\u00eb\"}]},{\"@type\":\"WebSite\",\"@id\":\"https:\/\/permbledhja.com\/#website\",\"url\":\"https:\/\/permbledhja.com\/\",\"name\":\"Ve\u00e7 artikuj p\u00ebrmbledh\u00ebs\",\"description\":\"\",\"publisher\":{\"@id\":\"https:\/\/permbledhja.com\/#organization\"},\"potentialAction\":[{\"@type\":\"SearchAction\",\"target\":{\"@type\":\"EntryPoint\",\"urlTemplate\":\"https:\/\/permbledhja.com\/?s={search_term_string}\"},\"query-input\":\"required name=search_term_string\"}],\"inLanguage\":\"sq\"},{\"@type\":\"Organization\",\"@id\":\"https:\/\/permbledhja.com\/#organization\",\"name\":\"MK Media & Pr\",\"url\":\"https:\/\/permbledhja.com\/\",\"logo\":{\"@type\":\"ImageObject\",\"inLanguage\":\"sq\",\"@id\":\"https:\/\/permbledhja.com\/#\/schema\/logo\/image\/\",\"url\":\"https:\/\/permbledhja.com\/wp-content\/uploads\/2021\/12\/07-Press-Logo.jpg\",\"contentUrl\":\"https:\/\/permbledhja.com\/wp-content\/uploads\/2021\/12\/07-Press-Logo.jpg\",\"width\":512,\"height\":512,\"caption\":\"MK Media & Pr\"},\"image\":{\"@id\":\"https:\/\/permbledhja.com\/#\/schema\/logo\/image\/\"},\"sameAs\":[\"https:\/\/www.facebook.com\/press07\/\"]},{\"@type\":\"Person\",\"@id\":\"https:\/\/permbledhja.com\/#\/schema\/person\/9c54260cbc4c6f792cb100550491638c\",\"name\":\"DL\",\"image\":{\"@type\":\"ImageObject\",\"inLanguage\":\"sq\",\"@id\":\"https:\/\/permbledhja.com\/#\/schema\/person\/image\/\",\"url\":\"https:\/\/secure.gravatar.com\/avatar\/94503eb28d4c4b2005a5c8753e35fc80?s=96&d=mm&r=g\",\"contentUrl\":\"https:\/\/secure.gravatar.com\/avatar\/94503eb28d4c4b2005a5c8753e35fc80?s=96&d=mm&r=g\",\"caption\":\"DL\"},\"url\":\"https:\/\/permbledhja.com\/sq\/author\/dl\/\"}]}<\/script>\n<!-- \/ Yoast SEO plugin. -->","yoast_head_json":{"title":"Zjarri n\u00eb fabrik\u00ebn e plastik\u00ebs po vazhdon, Lladrovci premton ndihm\u00eb p\u00ebr kompanin\u00eb","robots":{"index":"index","follow":"follow","max-snippet":"max-snippet:-1","max-image-preview":"max-image-preview:large","max-video-preview":"max-video-preview:-1"},"canonical":"https:\/\/permbledhja.com\/sq\/zjarri-ne-fabriken-e-plastikes-po-vazhdon-lladrovci-premton-ndihme-per-kompanine\/","og_locale":"sq_AL","og_type":"article","og_title":"Zjarri n\u00eb fabrik\u00ebn e plastik\u00ebs po vazhdon, Lladrovci premton ndihm\u00eb p\u00ebr kompanin\u00eb","og_description":"Zjarri q\u00eb p\u00ebrfshiu nj\u00eb fabrik\u00eb t\u00eb plastik\u00ebs n\u00eb Parkun e Biznesit n\u00eb Drenas, po vazhdon edhe sot por me intensitete t\u00eb vog\u00ebl. P\u00ebr ndihm\u00ebn e ofruar p\u00ebr shuarjen e zjarrit, Lladrovci fal\u00ebnderoi komunat tjera e Nj\u00ebsin\u00eb Speciale t\u00eb Kosov\u00ebs. \u201cSot, presim t\u00eb p\u00ebrfundoj\u00eb shuarja e plot\u00eb e zjarrit, pas pun\u00ebs intensive t\u00eb zjarrfik\u00ebsve t\u00eb komun\u00ebs [&hellip;]","og_url":"https:\/\/permbledhja.com\/sq\/zjarri-ne-fabriken-e-plastikes-po-vazhdon-lladrovci-premton-ndihme-per-kompanine\/","og_site_name":"Ve\u00e7 artikuj p\u00ebrmbledh\u00ebs","article_publisher":"https:\/\/www.facebook.com\/press07\/","article_published_time":"2024-03-12T11:03:10+00:00","og_image":[{"width":600,"height":360,"url":"https:\/\/permbledhja.com\/wp-content\/uploads\/2024\/03\/z-1.png","type":"image\/png"}],"author":"DL","twitter_card":"summary_large_image","twitter_misc":{"Written by":"DL","Est. reading time":"2 minuta"},"schema":{"@context":"https:\/\/schema.org","@graph":[{"@type":"Article","@id":"https:\/\/permbledhja.com\/zjarri-ne-fabriken-e-plastikes-po-vazhdon-lladrovci-premton-ndihme-per-kompanine\/#article","isPartOf":{"@id":"https:\/\/permbledhja.com\/zjarri-ne-fabriken-e-plastikes-po-vazhdon-lladrovci-premton-ndihme-per-kompanine\/"},"author":{"name":"DL","@id":"https:\/\/permbledhja.com\/#\/schema\/person\/9c54260cbc4c6f792cb100550491638c"},"headline":"Zjarri n\u00eb fabrik\u00ebn e plastik\u00ebs po vazhdon, Lladrovci premton ndihm\u00eb p\u00ebr kompanin\u00eb","datePublished":"2024-03-12T11:03:10+00:00","dateModified":"2024-03-12T11:03:10+00:00","mainEntityOfPage":{"@id":"https:\/\/permbledhja.com\/zjarri-ne-fabriken-e-plastikes-po-vazhdon-lladrovci-premton-ndihme-per-kompanine\/"},"wordCount":343,"publisher":{"@id":"https:\/\/permbledhja.com\/#organization"},"articleSection":["Lajme"],"inLanguage":"sq"},{"@type":"WebPage","@id":"https:\/\/permbledhja.com\/zjarri-ne-fabriken-e-plastikes-po-vazhdon-lladrovci-premton-ndihme-per-kompanine\/","url":"https:\/\/permbledhja.com\/zjarri-ne-fabriken-e-plastikes-po-vazhdon-lladrovci-premton-ndihme-per-kompanine\/","name":"Zjarri n\u00eb fabrik\u00ebn e plastik\u00ebs po vazhdon, Lladrovci premton ndihm\u00eb p\u00ebr kompanin\u00eb","isPartOf":{"@id":"https:\/\/permbledhja.com\/#website"},"datePublished":"2024-03-12T11:03:10+00:00","dateModified":"2024-03-12T11:03:10+00:00","breadcrumb":{"@id":"https:\/\/permbledhja.com\/zjarri-ne-fabriken-e-plastikes-po-vazhdon-lladrovci-premton-ndihme-per-kompanine\/#breadcrumb"},"inLanguage":"sq","potentialAction":[{"@type":"ReadAction","target":["https:\/\/permbledhja.com\/zjarri-ne-fabriken-e-plastikes-po-vazhdon-lladrovci-premton-ndihme-per-kompanine\/"]}]},{"@type":"BreadcrumbList","@id":"https:\/\/permbledhja.com\/zjarri-ne-fabriken-e-plastikes-po-vazhdon-lladrovci-premton-ndihme-per-kompanine\/#breadcrumb","itemListElement":[{"@type":"ListItem","position":1,"name":"Ballina","item":"https:\/\/permbledhja.com\/sq\/"},{"@type":"ListItem","position":2,"name":"Zjarri n\u00eb fabrik\u00ebn e plastik\u00ebs po vazhdon, Lladrovci premton ndihm\u00eb p\u00ebr kompanin\u00eb"}]},{"@type":"WebSite","@id":"https:\/\/permbledhja.com\/#website","url":"https:\/\/permbledhja.com\/","name":"Ve\u00e7 artikuj p\u00ebrmbledh\u00ebs","description":"","publisher":{"@id":"https:\/\/permbledhja.com\/#organization"},"potentialAction":[{"@type":"SearchAction","target":{"@type":"EntryPoint","urlTemplate":"https:\/\/permbledhja.com\/?s={search_term_string}"},"query-input":"required name=search_term_string"}],"inLanguage":"sq"},{"@type":"Organization","@id":"https:\/\/permbledhja.com\/#organization","name":"MK Media & Pr","url":"https:\/\/permbledhja.com\/","logo":{"@type":"ImageObject","inLanguage":"sq","@id":"https:\/\/permbledhja.com\/#\/schema\/logo\/image\/","url":"https:\/\/permbledhja.com\/wp-content\/uploads\/2021\/12\/07-Press-Logo.jpg","contentUrl":"https:\/\/permbledhja.com\/wp-content\/uploads\/2021\/12\/07-Press-Logo.jpg","width":512,"height":512,"caption":"MK Media & Pr"},"image":{"@id":"https:\/\/permbledhja.com\/#\/schema\/logo\/image\/"},"sameAs":["https:\/\/www.facebook.com\/press07\/"]},{"@type":"Person","@id":"https:\/\/permbledhja.com\/#\/schema\/person\/9c54260cbc4c6f792cb100550491638c","name":"DL","image":{"@type":"ImageObject","inLanguage":"sq","@id":"https:\/\/permbledhja.com\/#\/schema\/person\/image\/","url":"https:\/\/secure.gravatar.com\/avatar\/94503eb28d4c4b2005a5c8753e35fc80?s=96&d=mm&r=g","contentUrl":"https:\/\/secure.gravatar.com\/avatar\/94503eb28d4c4b2005a5c8753e35fc80?s=96&d=mm&r=g","caption":"DL"},"url":"https:\/\/permbledhja.com\/sq\/author\/dl\/"}]}},"_links":{"self":[{"href":"https:\/\/permbledhja.com\/sq\/wp-json\/wp\/v2\/posts\/52031"}],"collection":[{"href":"https:\/\/permbledhja.com\/sq\/wp-json\/wp\/v2\/posts"}],"about":[{"href":"https:\/\/permbledhja.com\/sq\/wp-json\/wp\/v2\/types\/post"}],"author":[{"embeddable":true,"href":"https:\/\/permbledhja.com\/sq\/wp-json\/wp\/v2\/users\/5"}],"replies":[{"embeddable":true,"href":"https:\/\/permbledhja.com\/sq\/wp-json\/wp\/v2\/comments?post=52031"}],"version-history":[{"count":1,"href":"https:\/\/permbledhja.com\/sq\/wp-json\/wp\/v2\/posts\/52031\/revisions"}],"predecessor-version":[{"id":52032,"href":"https:\/\/permbledhja.com\/sq\/wp-json\/wp\/v2\/posts\/52031\/revisions\/52032"}],"wp:featuredmedia":[{"embeddable":true,"href":"https:\/\/permbledhja.com\/sq\/wp-json\/wp\/v2\/media\/51908"}],"wp:attachment":[{"href":"https:\/\/permbledhja.com\/sq\/wp-json\/wp\/v2\/media?parent=52031"}],"wp:term":[{"taxonomy":"category","embeddable":true,"href":"https:\/\/permbledhja.com\/sq\/wp-json\/wp\/v2\/categories?post=52031"},{"taxonomy":"post_tag","embeddable":true,"href":"https:\/\/permbledhja.com\/sq\/wp-json\/wp\/v2\/tags?post=52031"}],"curies":[{"name":"wp","href":"https:\/\/api.w.org\/{rel}","templated":true}]}}