{"id":52028,"date":"2024-03-12T10:35:08","date_gmt":"2024-03-12T10:35:08","guid":{"rendered":"https:\/\/permbledhja.com\/?p=52028"},"modified":"2024-03-12T10:35:08","modified_gmt":"2024-03-12T10:35:08","slug":"kurti-serbia-eshte-agresive-e-nevrike-na-bene-te-jemi-te-kujdesshem-e-assesi-te-frikesuar","status":"publish","type":"post","link":"https:\/\/permbledhja.com\/sq\/kurti-serbia-eshte-agresive-e-nevrike-na-bene-te-jemi-te-kujdesshem-e-assesi-te-frikesuar\/","title":{"rendered":"Kurti: Serbia \u00ebsht\u00eb agresive e nevrike, na b\u00ebn\u00eb t\u00eb jemi t\u00eb kujdessh\u00ebm e assesi t\u00eb frik\u00ebsuar"},"content":{"rendered":"<h3>Kryeministri i Kosov\u00ebs, Albin Kurti, \u00ebsht\u00eb i vet\u00ebdijsh\u00ebm p\u00ebr rrezikun e siguris\u00eb n\u00eb Ballkan e Evrop\u00eb por q\u00eb k\u00ebt\u00eb thot\u00eb e di m\u00eb mir\u00eb ShBA.<\/h3>\n<p>P\u00ebr kryeministrin Kurti, inaugurimi i Qendr\u00ebs Shtet\u00ebrore Trajnuese p\u00ebr Siguri Kibernetike n\u00eb Kosov\u00eb, \u00ebsht\u00eb lajm i mir\u00eb, teksa tha se po p\u00ebrgatiten p\u00ebr siguri n\u00eb maksimum.<\/p>\n<p>\u201cKonfliktet nuk jan\u00eb nder-etnike, nuk \u00ebsht\u00eb dallimi etnik ai q\u00eb shkakton konflikt por \u00ebsht\u00eb autokracia n\u00eb Beograd e nd\u00ebrlidhur me despotin n\u00eb Mosk\u00eb. Ne kemi paralajm\u00ebruar kaher\u00eb q\u00eb shtetet jo demokratike edhe n\u00eb rajonin ton\u00eb jo vet\u00ebm ne lindje t\u00eb Evrop\u00ebs jan\u00eb n\u00eb rrezik p\u00ebr sigurin\u00eb dhe paqen por natyrisht q\u00eb k\u00ebt\u00eb gj\u00eb holl\u00ebsisht dhe thell\u00ebsisht sikurse SHBA nuk mund ta di askush. Ajo \u00e7far\u00eb b\u00ebjm\u00eb ne \u00ebsht\u00eb q\u00eb ne p\u00ebrgatitemi maksimalisht at\u00eb \u00e7ka mundemi dhe dim\u00eb, andaj p\u00ebruruam k\u00ebt\u00eb Qend\u00ebr Shtet\u00ebrore p\u00ebr Siguri Kibernetike p\u00ebr trajnime t\u00eb cilat do t\u00eb merren dhe do t\u00eb ofrohen aty\u201d, tha Kurti n\u00eb inaugurimin e Qendr\u00ebs Shtet\u00ebrore Trajnuese p\u00ebr Siguri Kibernetike n\u00eb Kosov\u00eb.<\/p>\n","protected":false},"excerpt":{"rendered":"<p>Kryeministri i Kosov\u00ebs, Albin Kurti, \u00ebsht\u00eb i vet\u00ebdijsh\u00ebm p\u00ebr rrezikun e siguris\u00eb n\u00eb Ballkan e Evrop\u00eb por q\u00eb k\u00ebt\u00eb thot\u00eb e di m\u00eb mir\u00eb ShBA. P\u00ebr kryeministrin Kurti, inaugurimi i Qendr\u00ebs Shtet\u00ebrore Trajnuese p\u00ebr Siguri Kibernetike n\u00eb Kosov\u00eb, \u00ebsht\u00eb lajm i mir\u00eb, teksa tha se po p\u00ebrgatiten p\u00ebr siguri n\u00eb maksimum. \u201cKonfliktet nuk jan\u00eb nder-etnike, [&hellip;]<\/p>\n","protected":false},"author":5,"featured_media":52029,"comment_status":"closed","ping_status":"closed","sticky":false,"template":"","format":"standard","meta":{"_monsterinsights_skip_tracking":false,"_monsterinsights_sitenote_active":false,"_monsterinsights_sitenote_note":"","_monsterinsights_sitenote_category":0,"_uf_show_specific_survey":0,"_uf_disable_surveys":false,"footnotes":""},"categories":[2645],"tags":[],"yoast_head":"<!-- This site is optimized with the Yoast SEO plugin v21.5 - https:\/\/yoast.com\/wordpress\/plugins\/seo\/ -->\n<title>Kurti: Serbia \u00ebsht\u00eb agresive e nevrike, na b\u00ebn\u00eb t\u00eb jemi t\u00eb kujdessh\u00ebm e assesi t\u00eb frik\u00ebsuar<\/title>\n<meta name=\"robots\" content=\"index, follow, max-snippet:-1, max-image-preview:large, max-video-preview:-1\" \/>\n<link rel=\"canonical\" href=\"https:\/\/permbledhja.com\/sq\/kurti-serbia-eshte-agresive-e-nevrike-na-bene-te-jemi-te-kujdesshem-e-assesi-te-frikesuar\/\" \/>\n<meta property=\"og:locale\" content=\"sq_AL\" \/>\n<meta property=\"og:type\" content=\"article\" \/>\n<meta property=\"og:title\" content=\"Kurti: Serbia \u00ebsht\u00eb agresive e nevrike, na b\u00ebn\u00eb t\u00eb jemi t\u00eb kujdessh\u00ebm e assesi t\u00eb frik\u00ebsuar\" \/>\n<meta property=\"og:description\" content=\"Kryeministri i Kosov\u00ebs, Albin Kurti, \u00ebsht\u00eb i vet\u00ebdijsh\u00ebm p\u00ebr rrezikun e siguris\u00eb n\u00eb Ballkan e Evrop\u00eb por q\u00eb k\u00ebt\u00eb thot\u00eb e di m\u00eb mir\u00eb ShBA. P\u00ebr kryeministrin Kurti, inaugurimi i Qendr\u00ebs Shtet\u00ebrore Trajnuese p\u00ebr Siguri Kibernetike n\u00eb Kosov\u00eb, \u00ebsht\u00eb lajm i mir\u00eb, teksa tha se po p\u00ebrgatiten p\u00ebr siguri n\u00eb maksimum. \u201cKonfliktet nuk jan\u00eb nder-etnike, [&hellip;]\" \/>\n<meta property=\"og:url\" content=\"https:\/\/permbledhja.com\/sq\/kurti-serbia-eshte-agresive-e-nevrike-na-bene-te-jemi-te-kujdesshem-e-assesi-te-frikesuar\/\" \/>\n<meta property=\"og:site_name\" content=\"Ve\u00e7 artikuj p\u00ebrmbledh\u00ebs\" \/>\n<meta property=\"article:publisher\" content=\"https:\/\/www.facebook.com\/press07\/\" \/>\n<meta property=\"article:published_time\" content=\"2024-03-12T10:35:08+00:00\" \/>\n<meta property=\"og:image\" content=\"https:\/\/permbledhja.com\/wp-content\/uploads\/2024\/03\/kr.jpg\" \/>\n\t<meta property=\"og:image:width\" content=\"850\" \/>\n\t<meta property=\"og:image:height\" content=\"638\" \/>\n\t<meta property=\"og:image:type\" content=\"image\/jpeg\" \/>\n<meta name=\"author\" content=\"DL\" \/>\n<meta name=\"twitter:card\" content=\"summary_large_image\" \/>\n<meta name=\"twitter:label1\" content=\"Written by\" \/>\n\t<meta name=\"twitter:data1\" content=\"DL\" \/>\n\t<meta name=\"twitter:label2\" content=\"Est. reading time\" \/>\n\t<meta name=\"twitter:data2\" content=\"1 minut\u00eb\" \/>\n<script type=\"application\/ld+json\" class=\"yoast-schema-graph\">{\"@context\":\"https:\/\/schema.org\",\"@graph\":[{\"@type\":\"Article\",\"@id\":\"https:\/\/permbledhja.com\/kurti-serbia-eshte-agresive-e-nevrike-na-bene-te-jemi-te-kujdesshem-e-assesi-te-frikesuar\/#article\",\"isPartOf\":{\"@id\":\"https:\/\/permbledhja.com\/kurti-serbia-eshte-agresive-e-nevrike-na-bene-te-jemi-te-kujdesshem-e-assesi-te-frikesuar\/\"},\"author\":{\"name\":\"DL\",\"@id\":\"https:\/\/permbledhja.com\/#\/schema\/person\/9c54260cbc4c6f792cb100550491638c\"},\"headline\":\"Kurti: Serbia \u00ebsht\u00eb agresive e nevrike, na b\u00ebn\u00eb t\u00eb jemi t\u00eb kujdessh\u00ebm e assesi t\u00eb frik\u00ebsuar\",\"datePublished\":\"2024-03-12T10:35:08+00:00\",\"dateModified\":\"2024-03-12T10:35:08+00:00\",\"mainEntityOfPage\":{\"@id\":\"https:\/\/permbledhja.com\/kurti-serbia-eshte-agresive-e-nevrike-na-bene-te-jemi-te-kujdesshem-e-assesi-te-frikesuar\/\"},\"wordCount\":210,\"publisher\":{\"@id\":\"https:\/\/permbledhja.com\/#organization\"},\"articleSection\":[\"T\u00eb r\u00ebnd\u00ebsishme\"],\"inLanguage\":\"sq\"},{\"@type\":\"WebPage\",\"@id\":\"https:\/\/permbledhja.com\/kurti-serbia-eshte-agresive-e-nevrike-na-bene-te-jemi-te-kujdesshem-e-assesi-te-frikesuar\/\",\"url\":\"https:\/\/permbledhja.com\/kurti-serbia-eshte-agresive-e-nevrike-na-bene-te-jemi-te-kujdesshem-e-assesi-te-frikesuar\/\",\"name\":\"Kurti: Serbia \u00ebsht\u00eb agresive e nevrike, na b\u00ebn\u00eb t\u00eb jemi t\u00eb kujdessh\u00ebm e assesi t\u00eb frik\u00ebsuar\",\"isPartOf\":{\"@id\":\"https:\/\/permbledhja.com\/#website\"},\"datePublished\":\"2024-03-12T10:35:08+00:00\",\"dateModified\":\"2024-03-12T10:35:08+00:00\",\"breadcrumb\":{\"@id\":\"https:\/\/permbledhja.com\/kurti-serbia-eshte-agresive-e-nevrike-na-bene-te-jemi-te-kujdesshem-e-assesi-te-frikesuar\/#breadcrumb\"},\"inLanguage\":\"sq\",\"potentialAction\":[{\"@type\":\"ReadAction\",\"target\":[\"https:\/\/permbledhja.com\/kurti-serbia-eshte-agresive-e-nevrike-na-bene-te-jemi-te-kujdesshem-e-assesi-te-frikesuar\/\"]}]},{\"@type\":\"BreadcrumbList\",\"@id\":\"https:\/\/permbledhja.com\/kurti-serbia-eshte-agresive-e-nevrike-na-bene-te-jemi-te-kujdesshem-e-assesi-te-frikesuar\/#breadcrumb\",\"itemListElement\":[{\"@type\":\"ListItem\",\"position\":1,\"name\":\"Ballina\",\"item\":\"https:\/\/permbledhja.com\/sq\/\"},{\"@type\":\"ListItem\",\"position\":2,\"name\":\"Kurti: Serbia \u00ebsht\u00eb agresive e nevrike, na b\u00ebn\u00eb t\u00eb jemi t\u00eb kujdessh\u00ebm e assesi t\u00eb frik\u00ebsuar\"}]},{\"@type\":\"WebSite\",\"@id\":\"https:\/\/permbledhja.com\/#website\",\"url\":\"https:\/\/permbledhja.com\/\",\"name\":\"Ve\u00e7 artikuj p\u00ebrmbledh\u00ebs\",\"description\":\"\",\"publisher\":{\"@id\":\"https:\/\/permbledhja.com\/#organization\"},\"potentialAction\":[{\"@type\":\"SearchAction\",\"target\":{\"@type\":\"EntryPoint\",\"urlTemplate\":\"https:\/\/permbledhja.com\/?s={search_term_string}\"},\"query-input\":\"required name=search_term_string\"}],\"inLanguage\":\"sq\"},{\"@type\":\"Organization\",\"@id\":\"https:\/\/permbledhja.com\/#organization\",\"name\":\"MK Media & Pr\",\"url\":\"https:\/\/permbledhja.com\/\",\"logo\":{\"@type\":\"ImageObject\",\"inLanguage\":\"sq\",\"@id\":\"https:\/\/permbledhja.com\/#\/schema\/logo\/image\/\",\"url\":\"https:\/\/permbledhja.com\/wp-content\/uploads\/2021\/12\/07-Press-Logo.jpg\",\"contentUrl\":\"https:\/\/permbledhja.com\/wp-content\/uploads\/2021\/12\/07-Press-Logo.jpg\",\"width\":512,\"height\":512,\"caption\":\"MK Media & Pr\"},\"image\":{\"@id\":\"https:\/\/permbledhja.com\/#\/schema\/logo\/image\/\"},\"sameAs\":[\"https:\/\/www.facebook.com\/press07\/\"]},{\"@type\":\"Person\",\"@id\":\"https:\/\/permbledhja.com\/#\/schema\/person\/9c54260cbc4c6f792cb100550491638c\",\"name\":\"DL\",\"image\":{\"@type\":\"ImageObject\",\"inLanguage\":\"sq\",\"@id\":\"https:\/\/permbledhja.com\/#\/schema\/person\/image\/\",\"url\":\"https:\/\/secure.gravatar.com\/avatar\/94503eb28d4c4b2005a5c8753e35fc80?s=96&d=mm&r=g\",\"contentUrl\":\"https:\/\/secure.gravatar.com\/avatar\/94503eb28d4c4b2005a5c8753e35fc80?s=96&d=mm&r=g\",\"caption\":\"DL\"},\"url\":\"https:\/\/permbledhja.com\/sq\/author\/dl\/\"}]}<\/script>\n<!-- \/ Yoast SEO plugin. -->","yoast_head_json":{"title":"Kurti: Serbia \u00ebsht\u00eb agresive e nevrike, na b\u00ebn\u00eb t\u00eb jemi t\u00eb kujdessh\u00ebm e assesi t\u00eb frik\u00ebsuar","robots":{"index":"index","follow":"follow","max-snippet":"max-snippet:-1","max-image-preview":"max-image-preview:large","max-video-preview":"max-video-preview:-1"},"canonical":"https:\/\/permbledhja.com\/sq\/kurti-serbia-eshte-agresive-e-nevrike-na-bene-te-jemi-te-kujdesshem-e-assesi-te-frikesuar\/","og_locale":"sq_AL","og_type":"article","og_title":"Kurti: Serbia \u00ebsht\u00eb agresive e nevrike, na b\u00ebn\u00eb t\u00eb jemi t\u00eb kujdessh\u00ebm e assesi t\u00eb frik\u00ebsuar","og_description":"Kryeministri i Kosov\u00ebs, Albin Kurti, \u00ebsht\u00eb i vet\u00ebdijsh\u00ebm p\u00ebr rrezikun e siguris\u00eb n\u00eb Ballkan e Evrop\u00eb por q\u00eb k\u00ebt\u00eb thot\u00eb e di m\u00eb mir\u00eb ShBA. P\u00ebr kryeministrin Kurti, inaugurimi i Qendr\u00ebs Shtet\u00ebrore Trajnuese p\u00ebr Siguri Kibernetike n\u00eb Kosov\u00eb, \u00ebsht\u00eb lajm i mir\u00eb, teksa tha se po p\u00ebrgatiten p\u00ebr siguri n\u00eb maksimum. \u201cKonfliktet nuk jan\u00eb nder-etnike, [&hellip;]","og_url":"https:\/\/permbledhja.com\/sq\/kurti-serbia-eshte-agresive-e-nevrike-na-bene-te-jemi-te-kujdesshem-e-assesi-te-frikesuar\/","og_site_name":"Ve\u00e7 artikuj p\u00ebrmbledh\u00ebs","article_publisher":"https:\/\/www.facebook.com\/press07\/","article_published_time":"2024-03-12T10:35:08+00:00","og_image":[{"width":850,"height":638,"url":"https:\/\/permbledhja.com\/wp-content\/uploads\/2024\/03\/kr.jpg","type":"image\/jpeg"}],"author":"DL","twitter_card":"summary_large_image","twitter_misc":{"Written by":"DL","Est. reading time":"1 minut\u00eb"},"schema":{"@context":"https:\/\/schema.org","@graph":[{"@type":"Article","@id":"https:\/\/permbledhja.com\/kurti-serbia-eshte-agresive-e-nevrike-na-bene-te-jemi-te-kujdesshem-e-assesi-te-frikesuar\/#article","isPartOf":{"@id":"https:\/\/permbledhja.com\/kurti-serbia-eshte-agresive-e-nevrike-na-bene-te-jemi-te-kujdesshem-e-assesi-te-frikesuar\/"},"author":{"name":"DL","@id":"https:\/\/permbledhja.com\/#\/schema\/person\/9c54260cbc4c6f792cb100550491638c"},"headline":"Kurti: Serbia \u00ebsht\u00eb agresive e nevrike, na b\u00ebn\u00eb t\u00eb jemi t\u00eb kujdessh\u00ebm e assesi t\u00eb frik\u00ebsuar","datePublished":"2024-03-12T10:35:08+00:00","dateModified":"2024-03-12T10:35:08+00:00","mainEntityOfPage":{"@id":"https:\/\/permbledhja.com\/kurti-serbia-eshte-agresive-e-nevrike-na-bene-te-jemi-te-kujdesshem-e-assesi-te-frikesuar\/"},"wordCount":210,"publisher":{"@id":"https:\/\/permbledhja.com\/#organization"},"articleSection":["T\u00eb r\u00ebnd\u00ebsishme"],"inLanguage":"sq"},{"@type":"WebPage","@id":"https:\/\/permbledhja.com\/kurti-serbia-eshte-agresive-e-nevrike-na-bene-te-jemi-te-kujdesshem-e-assesi-te-frikesuar\/","url":"https:\/\/permbledhja.com\/kurti-serbia-eshte-agresive-e-nevrike-na-bene-te-jemi-te-kujdesshem-e-assesi-te-frikesuar\/","name":"Kurti: Serbia \u00ebsht\u00eb agresive e nevrike, na b\u00ebn\u00eb t\u00eb jemi t\u00eb kujdessh\u00ebm e assesi t\u00eb frik\u00ebsuar","isPartOf":{"@id":"https:\/\/permbledhja.com\/#website"},"datePublished":"2024-03-12T10:35:08+00:00","dateModified":"2024-03-12T10:35:08+00:00","breadcrumb":{"@id":"https:\/\/permbledhja.com\/kurti-serbia-eshte-agresive-e-nevrike-na-bene-te-jemi-te-kujdesshem-e-assesi-te-frikesuar\/#breadcrumb"},"inLanguage":"sq","potentialAction":[{"@type":"ReadAction","target":["https:\/\/permbledhja.com\/kurti-serbia-eshte-agresive-e-nevrike-na-bene-te-jemi-te-kujdesshem-e-assesi-te-frikesuar\/"]}]},{"@type":"BreadcrumbList","@id":"https:\/\/permbledhja.com\/kurti-serbia-eshte-agresive-e-nevrike-na-bene-te-jemi-te-kujdesshem-e-assesi-te-frikesuar\/#breadcrumb","itemListElement":[{"@type":"ListItem","position":1,"name":"Ballina","item":"https:\/\/permbledhja.com\/sq\/"},{"@type":"ListItem","position":2,"name":"Kurti: Serbia \u00ebsht\u00eb agresive e nevrike, na b\u00ebn\u00eb t\u00eb jemi t\u00eb kujdessh\u00ebm e assesi t\u00eb frik\u00ebsuar"}]},{"@type":"WebSite","@id":"https:\/\/permbledhja.com\/#website","url":"https:\/\/permbledhja.com\/","name":"Ve\u00e7 artikuj p\u00ebrmbledh\u00ebs","description":"","publisher":{"@id":"https:\/\/permbledhja.com\/#organization"},"potentialAction":[{"@type":"SearchAction","target":{"@type":"EntryPoint","urlTemplate":"https:\/\/permbledhja.com\/?s={search_term_string}"},"query-input":"required name=search_term_string"}],"inLanguage":"sq"},{"@type":"Organization","@id":"https:\/\/permbledhja.com\/#organization","name":"MK Media & Pr","url":"https:\/\/permbledhja.com\/","logo":{"@type":"ImageObject","inLanguage":"sq","@id":"https:\/\/permbledhja.com\/#\/schema\/logo\/image\/","url":"https:\/\/permbledhja.com\/wp-content\/uploads\/2021\/12\/07-Press-Logo.jpg","contentUrl":"https:\/\/permbledhja.com\/wp-content\/uploads\/2021\/12\/07-Press-Logo.jpg","width":512,"height":512,"caption":"MK Media & Pr"},"image":{"@id":"https:\/\/permbledhja.com\/#\/schema\/logo\/image\/"},"sameAs":["https:\/\/www.facebook.com\/press07\/"]},{"@type":"Person","@id":"https:\/\/permbledhja.com\/#\/schema\/person\/9c54260cbc4c6f792cb100550491638c","name":"DL","image":{"@type":"ImageObject","inLanguage":"sq","@id":"https:\/\/permbledhja.com\/#\/schema\/person\/image\/","url":"https:\/\/secure.gravatar.com\/avatar\/94503eb28d4c4b2005a5c8753e35fc80?s=96&d=mm&r=g","contentUrl":"https:\/\/secure.gravatar.com\/avatar\/94503eb28d4c4b2005a5c8753e35fc80?s=96&d=mm&r=g","caption":"DL"},"url":"https:\/\/permbledhja.com\/sq\/author\/dl\/"}]}},"_links":{"self":[{"href":"https:\/\/permbledhja.com\/sq\/wp-json\/wp\/v2\/posts\/52028"}],"collection":[{"href":"https:\/\/permbledhja.com\/sq\/wp-json\/wp\/v2\/posts"}],"about":[{"href":"https:\/\/permbledhja.com\/sq\/wp-json\/wp\/v2\/types\/post"}],"author":[{"embeddable":true,"href":"https:\/\/permbledhja.com\/sq\/wp-json\/wp\/v2\/users\/5"}],"replies":[{"embeddable":true,"href":"https:\/\/permbledhja.com\/sq\/wp-json\/wp\/v2\/comments?post=52028"}],"version-history":[{"count":1,"href":"https:\/\/permbledhja.com\/sq\/wp-json\/wp\/v2\/posts\/52028\/revisions"}],"predecessor-version":[{"id":52030,"href":"https:\/\/permbledhja.com\/sq\/wp-json\/wp\/v2\/posts\/52028\/revisions\/52030"}],"wp:featuredmedia":[{"embeddable":true,"href":"https:\/\/permbledhja.com\/sq\/wp-json\/wp\/v2\/media\/52029"}],"wp:attachment":[{"href":"https:\/\/permbledhja.com\/sq\/wp-json\/wp\/v2\/media?parent=52028"}],"wp:term":[{"taxonomy":"category","embeddable":true,"href":"https:\/\/permbledhja.com\/sq\/wp-json\/wp\/v2\/categories?post=52028"},{"taxonomy":"post_tag","embeddable":true,"href":"https:\/\/permbledhja.com\/sq\/wp-json\/wp\/v2\/tags?post=52028"}],"curies":[{"name":"wp","href":"https:\/\/api.w.org\/{rel}","templated":true}]}}