{"id":51953,"date":"2024-03-11T17:37:30","date_gmt":"2024-03-11T17:37:30","guid":{"rendered":"https:\/\/permbledhja.com\/?p=51953"},"modified":"2024-03-11T17:37:30","modified_gmt":"2024-03-11T17:37:30","slug":"escobar-viziton-kosoven-kete-jave-per-te-diskutuar-per-dialogun-dhe-dinarin","status":"publish","type":"post","link":"https:\/\/permbledhja.com\/sq\/escobar-viziton-kosoven-kete-jave-per-te-diskutuar-per-dialogun-dhe-dinarin\/","title":{"rendered":"Escobar viziton Kosov\u00ebn k\u00ebt\u00eb jav\u00eb p\u00ebr t\u00eb diskutuar p\u00ebr dialogun dhe dinarin"},"content":{"rendered":"<h3>I d\u00ebrguari amerikan p\u00ebr Ballkanin Per\u00ebndimor, Gabriel Escobar, do ta vizitoj\u00eb Prishtin\u00ebn k\u00ebt\u00eb jav\u00eb p\u00ebr t\u00eb biseduar me lider\u00ebt e Qeveris\u00eb s\u00eb Kosov\u00ebs p\u00ebr dialogun mes saj dhe Serbis\u00eb, si dhe p\u00ebr dinarin e ndalur serb n\u00eb Kosov\u00eb, njoftoi Departamenti amerikan i Shtetit t\u00eb diel\u00ebn.<\/h3>\n<p>Escobar do ta vizitoj\u00eb Belgjik\u00ebn, Kosov\u00ebn, Austrin\u00eb dhe Malin e Zi nga 10 deri m\u00eb 18 mars 2024, sipas njoftimit. Ai pritet t\u00eb jet\u00eb n\u00eb Prishtin\u00eb nga e m\u00ebrkura.<\/p>\n<p>\u201cVizita e tij do ta ritheksoj\u00eb p\u00ebrkushtimin e shteteve t\u00eb Bashkuara p\u00ebr vendet e Ballkanit Per\u00ebndimor, t\u00eb cilat e synojn\u00eb integrimin Euroatlantik dhe nj\u00eb bashk\u00ebpunim m\u00eb t\u00eb thell\u00eb rajonal\u201d, tha Departamenti i Shtetit.<\/p>\n<p>Escobari e viziton Kosov\u00ebn n\u00eb nj\u00eb koh\u00eb kur marr\u00ebdh\u00ebniet e zyrtar\u00ebve amerikan\u00eb me Qeverin\u00eb e Kosov\u00ebs duken t\u00eb tensionuara p\u00ebr shkak t\u00eb \u00e7\u00ebshtjes s\u00eb dinarit serb, t\u00eb cilin Banka Qendrore e Kosov\u00ebs e ndaloi p\u00ebrmes nj\u00eb rregulloreje muajin e kaluar.<\/p>\n<p>Muajin e kaluar, Escobari tha se Qeveria e Kosov\u00ebs nuk po e trajton SHBA-n\u00eb si partnere, p\u00ebr shkak t\u00eb mosd\u00ebgjimit t\u00eb k\u00ebrkes\u00ebs amerikane p\u00ebr \u00e7\u00ebshtjen e dinarit serb.<\/p>\n<p>\u201cNe jemi shum\u00eb t\u00eb shqet\u00ebsuar sepse Qeveria e Kosov\u00ebs nuk po na trajton si partner, ata nuk punojn\u00eb me ne p\u00ebr stabilitetin rajonal dhe minojn\u00eb dialogun, proces p\u00ebr t\u00eb cilin SHBA-ja \u00ebsht\u00eb e p\u00ebrkushtuar plot\u00ebsisht\u201d, kishte th\u00ebn\u00eb Escobar m\u00eb 23 shkurt.<\/p>\n<p>SHBA-ja ka k\u00ebrkuar shtyrjen e zbatimit t\u00eb k\u00ebtij vendimi, duke argumentuar se ai \u00ebsht\u00eb miratuar pa konsultime paraprake dhe pa marr\u00eb p\u00ebr baz\u00eb ndikimet negative te komuniteti serb n\u00eb Kosov\u00eb, q\u00eb p\u00ebrdor valut\u00ebn komb\u00ebtare t\u00eb Serbis\u00eb.<\/p>\n<p>Departamenti i Shtetit tha se i d\u00ebrguari amerikan do t\u00eb takohet edhe me shoq\u00ebrin\u00eb civile dhe komunitetin serb n\u00eb Kosov\u00eb, p\u00ebrve\u00e7 zyrtar\u00ebve qeveritar\u00eb.<\/p>\n<p>\u201cAi do t\u00eb mbaj\u00eb takime edhe n\u00eb lidhje me ndikimin e rregullores s\u00eb re t\u00eb Bank\u00ebs Qendrore t\u00eb Kosov\u00ebs p\u00ebr pagesat me para t\u00eb gatshme dhe p\u00ebr t\u00eb b\u00ebr\u00eb thirrje p\u00ebr nd\u00ebrmarrjen e hapave p\u00ebr plot\u00ebsimin e nevojave t\u00eb qytetar\u00ebve t\u00eb Kosov\u00ebs pa pengesa\u201d, thuhet n\u00eb njoftim.<\/p>\n<p>Rregullorja e BQK-s\u00eb, q\u00eb parasheh vet\u00ebm euron valut\u00eb me t\u00eb cil\u00ebn mund t\u00eb kryhen pagesat me para t\u00eb gatshme, filloi t\u00eb zbatohet nga 1 shkurti.<\/p>\n<p>Shteti serb ndan miliona euro p\u00ebr serb\u00ebt n\u00eb Kosov\u00eb pasi ua paguan atyre n\u00eb dinar\u00eb \u2013 p\u00ebrmes nj\u00eb sistemi paralel \u2013 rrogat, pensionet dhe ndihm\u00ebn shtes\u00eb.<\/p>\n<p>Rregullorja \u00ebsht\u00eb kritikuar nga Bashkimi Evropian.<\/p>\n<p>M\u00eb 4 mars, ambasadori amerikan n\u00eb Kosov\u00eb, Jeffrey Hovenier, dhe shefi i Zyr\u00ebs s\u00eb Bashkimit Evropian (BE) n\u00eb Kosov\u00eb, Tomas Szunyog, i b\u00ebn\u00eb thirrje Kosov\u00ebs t\u2019i p\u00ebrmbush\u00eb marr\u00ebveshjet e arritura n\u00eb dialogun me Serbin\u00eb, n\u00ebse d\u00ebshiron t\u00eb an\u00ebtar\u00ebsohet n\u00eb BE dhe n\u00eb NATO.<\/p>\n<p>\u201cBashk\u00ebsia nd\u00ebrkomb\u00ebtare do q\u00eb Kosova t\u00eb p\u00ebrparoj\u00eb n\u00eb rrug\u00ebn evropiane, kemi krijuar kushtet p\u00ebr ta arritur k\u00ebt\u00eb, dhe m\u00ebnyra e vetme \u00ebsht\u00eb p\u00ebrmes dialogut t\u00eb nd\u00ebrmjet\u00ebsuar nga BE-ja\u2026 Shpresojm\u00eb t\u00eb shohim p\u00ebrpjekje p\u00ebr t\u00eb ecur para\u201d, tha Hovenier.<\/p>\n<p>Me nd\u00ebrmjet\u00ebsimin e BE-s\u00eb, Kosova dhe Serbia arrit\u00ebn Marr\u00ebveshjen p\u00ebr normalizimin e marr\u00ebdh\u00ebnieve m\u00eb 27 shkurt t\u00eb vitit 2023.<\/p>\n<p>Marr\u00ebveshja p\u00ebr normalizim, prej 11 nenesh, nd\u00ebr tjerash parasheh edhe nj\u00eb nivel t\u00eb vet\u00ebmenaxhimit p\u00ebr komunitetin serb n\u00eb Kosov\u00eb dhe njohje t\u00eb nd\u00ebrsjell\u00eb t\u00eb simboleve shtet\u00ebrore, nd\u00ebrsa k\u00ebrkon nga Prishtina dhe Beogradi q\u00eb t\u2019i zbatojn\u00eb, po ashtu, t\u00eb gjitha marr\u00ebveshjet e m\u00ebhershme t\u00eb arritura gjat\u00eb dialogut.<\/p>\n<p>BE-ja ka th\u00ebn\u00eb se marr\u00ebveshja, e cila edhe pse nuk \u00ebsht\u00eb n\u00ebnshkruar \u00ebsht\u00eb detyrim p\u00ebr pal\u00ebt, ende nuk ka nisur t\u00eb zbatohet.<\/p>\n<p>Nd\u00ebrkoh\u00eb, n\u00eb Belgjik\u00eb, Escobar do t\u00eb takohet me t\u00eb d\u00ebrguarin e Bashkimit Evropian Mirosllav Laj\u00e7ak dhe me zyrtar\u00eb evropian\u00eb dhe t\u00eb NATO-s p\u00ebr t\u00eb biseduar \u201cp\u00ebr p\u00ebrpjekjet p\u00ebr t\u2019i \u00e7uar p\u00ebrpara reformat t\u00eb cilat do t\u00eb sjell\u00eb prosperitet, stabilitet dhe paqe afatgjate n\u00eb rajonin e Ballkanit Per\u00ebndimor\u201d, thuhet n\u00eb njoftim. \/REL<\/p>\n","protected":false},"excerpt":{"rendered":"<p>I d\u00ebrguari amerikan p\u00ebr Ballkanin Per\u00ebndimor, Gabriel Escobar, do ta vizitoj\u00eb Prishtin\u00ebn k\u00ebt\u00eb jav\u00eb p\u00ebr t\u00eb biseduar me lider\u00ebt e Qeveris\u00eb s\u00eb Kosov\u00ebs p\u00ebr dialogun mes saj dhe Serbis\u00eb, si dhe p\u00ebr dinarin e ndalur serb n\u00eb Kosov\u00eb, njoftoi Departamenti amerikan i Shtetit t\u00eb diel\u00ebn. Escobar do ta vizitoj\u00eb Belgjik\u00ebn, Kosov\u00ebn, Austrin\u00eb dhe Malin e [&hellip;]<\/p>\n","protected":false},"author":2,"featured_media":51954,"comment_status":"closed","ping_status":"closed","sticky":false,"template":"","format":"standard","meta":{"_monsterinsights_skip_tracking":false,"_monsterinsights_sitenote_active":false,"_monsterinsights_sitenote_note":"","_monsterinsights_sitenote_category":0,"_uf_show_specific_survey":0,"_uf_disable_surveys":false,"footnotes":""},"categories":[2645],"tags":[1362],"yoast_head":"<!-- This site is optimized with the Yoast SEO plugin v21.5 - https:\/\/yoast.com\/wordpress\/plugins\/seo\/ -->\n<title>Escobar viziton Kosov\u00ebn k\u00ebt\u00eb jav\u00eb p\u00ebr t\u00eb diskutuar p\u00ebr dialogun dhe dinarin<\/title>\n<meta name=\"robots\" content=\"index, follow, max-snippet:-1, max-image-preview:large, max-video-preview:-1\" \/>\n<link rel=\"canonical\" href=\"https:\/\/permbledhja.com\/sq\/escobar-viziton-kosoven-kete-jave-per-te-diskutuar-per-dialogun-dhe-dinarin\/\" \/>\n<meta property=\"og:locale\" content=\"sq_AL\" \/>\n<meta property=\"og:type\" content=\"article\" \/>\n<meta property=\"og:title\" content=\"Escobar viziton Kosov\u00ebn k\u00ebt\u00eb jav\u00eb p\u00ebr t\u00eb diskutuar p\u00ebr dialogun dhe dinarin\" \/>\n<meta property=\"og:description\" content=\"I d\u00ebrguari amerikan p\u00ebr Ballkanin Per\u00ebndimor, Gabriel Escobar, do ta vizitoj\u00eb Prishtin\u00ebn k\u00ebt\u00eb jav\u00eb p\u00ebr t\u00eb biseduar me lider\u00ebt e Qeveris\u00eb s\u00eb Kosov\u00ebs p\u00ebr dialogun mes saj dhe Serbis\u00eb, si dhe p\u00ebr dinarin e ndalur serb n\u00eb Kosov\u00eb, njoftoi Departamenti amerikan i Shtetit t\u00eb diel\u00ebn. Escobar do ta vizitoj\u00eb Belgjik\u00ebn, Kosov\u00ebn, Austrin\u00eb dhe Malin e [&hellip;]\" \/>\n<meta property=\"og:url\" content=\"https:\/\/permbledhja.com\/sq\/escobar-viziton-kosoven-kete-jave-per-te-diskutuar-per-dialogun-dhe-dinarin\/\" \/>\n<meta property=\"og:site_name\" content=\"Ve\u00e7 artikuj p\u00ebrmbledh\u00ebs\" \/>\n<meta property=\"article:publisher\" content=\"https:\/\/www.facebook.com\/press07\/\" \/>\n<meta property=\"article:published_time\" content=\"2024-03-11T17:37:30+00:00\" \/>\n<meta property=\"og:image\" content=\"https:\/\/permbledhja.com\/wp-content\/uploads\/2024\/03\/Screenshot_16.png\" \/>\n\t<meta property=\"og:image:width\" content=\"1312\" \/>\n\t<meta property=\"og:image:height\" content=\"800\" \/>\n\t<meta property=\"og:image:type\" content=\"image\/png\" \/>\n<meta name=\"author\" content=\"M M\" \/>\n<meta name=\"twitter:card\" content=\"summary_large_image\" \/>\n<meta name=\"twitter:label1\" content=\"Written by\" \/>\n\t<meta name=\"twitter:data1\" content=\"M M\" \/>\n\t<meta name=\"twitter:label2\" content=\"Est. reading time\" \/>\n\t<meta name=\"twitter:data2\" content=\"4 minuta\" \/>\n<script type=\"application\/ld+json\" class=\"yoast-schema-graph\">{\"@context\":\"https:\/\/schema.org\",\"@graph\":[{\"@type\":\"Article\",\"@id\":\"https:\/\/permbledhja.com\/escobar-viziton-kosoven-kete-jave-per-te-diskutuar-per-dialogun-dhe-dinarin\/#article\",\"isPartOf\":{\"@id\":\"https:\/\/permbledhja.com\/escobar-viziton-kosoven-kete-jave-per-te-diskutuar-per-dialogun-dhe-dinarin\/\"},\"author\":{\"name\":\"M M\",\"@id\":\"https:\/\/permbledhja.com\/#\/schema\/person\/d23f13f59b5722643933d6780783acf3\"},\"headline\":\"Escobar viziton Kosov\u00ebn k\u00ebt\u00eb jav\u00eb p\u00ebr t\u00eb diskutuar p\u00ebr dialogun dhe dinarin\",\"datePublished\":\"2024-03-11T17:37:30+00:00\",\"dateModified\":\"2024-03-11T17:37:30+00:00\",\"mainEntityOfPage\":{\"@id\":\"https:\/\/permbledhja.com\/escobar-viziton-kosoven-kete-jave-per-te-diskutuar-per-dialogun-dhe-dinarin\/\"},\"wordCount\":726,\"publisher\":{\"@id\":\"https:\/\/permbledhja.com\/#organization\"},\"keywords\":[\"Gabriel Escobar\"],\"articleSection\":[\"T\u00eb r\u00ebnd\u00ebsishme\"],\"inLanguage\":\"sq\"},{\"@type\":\"WebPage\",\"@id\":\"https:\/\/permbledhja.com\/escobar-viziton-kosoven-kete-jave-per-te-diskutuar-per-dialogun-dhe-dinarin\/\",\"url\":\"https:\/\/permbledhja.com\/escobar-viziton-kosoven-kete-jave-per-te-diskutuar-per-dialogun-dhe-dinarin\/\",\"name\":\"Escobar viziton Kosov\u00ebn k\u00ebt\u00eb jav\u00eb p\u00ebr t\u00eb diskutuar p\u00ebr dialogun dhe dinarin\",\"isPartOf\":{\"@id\":\"https:\/\/permbledhja.com\/#website\"},\"datePublished\":\"2024-03-11T17:37:30+00:00\",\"dateModified\":\"2024-03-11T17:37:30+00:00\",\"breadcrumb\":{\"@id\":\"https:\/\/permbledhja.com\/escobar-viziton-kosoven-kete-jave-per-te-diskutuar-per-dialogun-dhe-dinarin\/#breadcrumb\"},\"inLanguage\":\"sq\",\"potentialAction\":[{\"@type\":\"ReadAction\",\"target\":[\"https:\/\/permbledhja.com\/escobar-viziton-kosoven-kete-jave-per-te-diskutuar-per-dialogun-dhe-dinarin\/\"]}]},{\"@type\":\"BreadcrumbList\",\"@id\":\"https:\/\/permbledhja.com\/escobar-viziton-kosoven-kete-jave-per-te-diskutuar-per-dialogun-dhe-dinarin\/#breadcrumb\",\"itemListElement\":[{\"@type\":\"ListItem\",\"position\":1,\"name\":\"Ballina\",\"item\":\"https:\/\/permbledhja.com\/sq\/\"},{\"@type\":\"ListItem\",\"position\":2,\"name\":\"Escobar viziton Kosov\u00ebn k\u00ebt\u00eb jav\u00eb p\u00ebr t\u00eb diskutuar p\u00ebr dialogun dhe dinarin\"}]},{\"@type\":\"WebSite\",\"@id\":\"https:\/\/permbledhja.com\/#website\",\"url\":\"https:\/\/permbledhja.com\/\",\"name\":\"Ve\u00e7 artikuj p\u00ebrmbledh\u00ebs\",\"description\":\"\",\"publisher\":{\"@id\":\"https:\/\/permbledhja.com\/#organization\"},\"potentialAction\":[{\"@type\":\"SearchAction\",\"target\":{\"@type\":\"EntryPoint\",\"urlTemplate\":\"https:\/\/permbledhja.com\/?s={search_term_string}\"},\"query-input\":\"required name=search_term_string\"}],\"inLanguage\":\"sq\"},{\"@type\":\"Organization\",\"@id\":\"https:\/\/permbledhja.com\/#organization\",\"name\":\"MK Media & Pr\",\"url\":\"https:\/\/permbledhja.com\/\",\"logo\":{\"@type\":\"ImageObject\",\"inLanguage\":\"sq\",\"@id\":\"https:\/\/permbledhja.com\/#\/schema\/logo\/image\/\",\"url\":\"https:\/\/permbledhja.com\/wp-content\/uploads\/2021\/12\/07-Press-Logo.jpg\",\"contentUrl\":\"https:\/\/permbledhja.com\/wp-content\/uploads\/2021\/12\/07-Press-Logo.jpg\",\"width\":512,\"height\":512,\"caption\":\"MK Media & Pr\"},\"image\":{\"@id\":\"https:\/\/permbledhja.com\/#\/schema\/logo\/image\/\"},\"sameAs\":[\"https:\/\/www.facebook.com\/press07\/\"]},{\"@type\":\"Person\",\"@id\":\"https:\/\/permbledhja.com\/#\/schema\/person\/d23f13f59b5722643933d6780783acf3\",\"name\":\"M M\",\"image\":{\"@type\":\"ImageObject\",\"inLanguage\":\"sq\",\"@id\":\"https:\/\/permbledhja.com\/#\/schema\/person\/image\/\",\"url\":\"https:\/\/secure.gravatar.com\/avatar\/e2835a76ca7c31a2416b2d51c4ec9a8f?s=96&d=mm&r=g\",\"contentUrl\":\"https:\/\/secure.gravatar.com\/avatar\/e2835a76ca7c31a2416b2d51c4ec9a8f?s=96&d=mm&r=g\",\"caption\":\"M M\"},\"sameAs\":[\"http:\/\/MM\"],\"url\":\"https:\/\/permbledhja.com\/sq\/author\/muhamet\/\"}]}<\/script>\n<!-- \/ Yoast SEO plugin. -->","yoast_head_json":{"title":"Escobar viziton Kosov\u00ebn k\u00ebt\u00eb jav\u00eb p\u00ebr t\u00eb diskutuar p\u00ebr dialogun dhe dinarin","robots":{"index":"index","follow":"follow","max-snippet":"max-snippet:-1","max-image-preview":"max-image-preview:large","max-video-preview":"max-video-preview:-1"},"canonical":"https:\/\/permbledhja.com\/sq\/escobar-viziton-kosoven-kete-jave-per-te-diskutuar-per-dialogun-dhe-dinarin\/","og_locale":"sq_AL","og_type":"article","og_title":"Escobar viziton Kosov\u00ebn k\u00ebt\u00eb jav\u00eb p\u00ebr t\u00eb diskutuar p\u00ebr dialogun dhe dinarin","og_description":"I d\u00ebrguari amerikan p\u00ebr Ballkanin Per\u00ebndimor, Gabriel Escobar, do ta vizitoj\u00eb Prishtin\u00ebn k\u00ebt\u00eb jav\u00eb p\u00ebr t\u00eb biseduar me lider\u00ebt e Qeveris\u00eb s\u00eb Kosov\u00ebs p\u00ebr dialogun mes saj dhe Serbis\u00eb, si dhe p\u00ebr dinarin e ndalur serb n\u00eb Kosov\u00eb, njoftoi Departamenti amerikan i Shtetit t\u00eb diel\u00ebn. Escobar do ta vizitoj\u00eb Belgjik\u00ebn, Kosov\u00ebn, Austrin\u00eb dhe Malin e [&hellip;]","og_url":"https:\/\/permbledhja.com\/sq\/escobar-viziton-kosoven-kete-jave-per-te-diskutuar-per-dialogun-dhe-dinarin\/","og_site_name":"Ve\u00e7 artikuj p\u00ebrmbledh\u00ebs","article_publisher":"https:\/\/www.facebook.com\/press07\/","article_published_time":"2024-03-11T17:37:30+00:00","og_image":[{"width":1312,"height":800,"url":"https:\/\/permbledhja.com\/wp-content\/uploads\/2024\/03\/Screenshot_16.png","type":"image\/png"}],"author":"M M","twitter_card":"summary_large_image","twitter_misc":{"Written by":"M M","Est. reading time":"4 minuta"},"schema":{"@context":"https:\/\/schema.org","@graph":[{"@type":"Article","@id":"https:\/\/permbledhja.com\/escobar-viziton-kosoven-kete-jave-per-te-diskutuar-per-dialogun-dhe-dinarin\/#article","isPartOf":{"@id":"https:\/\/permbledhja.com\/escobar-viziton-kosoven-kete-jave-per-te-diskutuar-per-dialogun-dhe-dinarin\/"},"author":{"name":"M M","@id":"https:\/\/permbledhja.com\/#\/schema\/person\/d23f13f59b5722643933d6780783acf3"},"headline":"Escobar viziton Kosov\u00ebn k\u00ebt\u00eb jav\u00eb p\u00ebr t\u00eb diskutuar p\u00ebr dialogun dhe dinarin","datePublished":"2024-03-11T17:37:30+00:00","dateModified":"2024-03-11T17:37:30+00:00","mainEntityOfPage":{"@id":"https:\/\/permbledhja.com\/escobar-viziton-kosoven-kete-jave-per-te-diskutuar-per-dialogun-dhe-dinarin\/"},"wordCount":726,"publisher":{"@id":"https:\/\/permbledhja.com\/#organization"},"keywords":["Gabriel Escobar"],"articleSection":["T\u00eb r\u00ebnd\u00ebsishme"],"inLanguage":"sq"},{"@type":"WebPage","@id":"https:\/\/permbledhja.com\/escobar-viziton-kosoven-kete-jave-per-te-diskutuar-per-dialogun-dhe-dinarin\/","url":"https:\/\/permbledhja.com\/escobar-viziton-kosoven-kete-jave-per-te-diskutuar-per-dialogun-dhe-dinarin\/","name":"Escobar viziton Kosov\u00ebn k\u00ebt\u00eb jav\u00eb p\u00ebr t\u00eb diskutuar p\u00ebr dialogun dhe dinarin","isPartOf":{"@id":"https:\/\/permbledhja.com\/#website"},"datePublished":"2024-03-11T17:37:30+00:00","dateModified":"2024-03-11T17:37:30+00:00","breadcrumb":{"@id":"https:\/\/permbledhja.com\/escobar-viziton-kosoven-kete-jave-per-te-diskutuar-per-dialogun-dhe-dinarin\/#breadcrumb"},"inLanguage":"sq","potentialAction":[{"@type":"ReadAction","target":["https:\/\/permbledhja.com\/escobar-viziton-kosoven-kete-jave-per-te-diskutuar-per-dialogun-dhe-dinarin\/"]}]},{"@type":"BreadcrumbList","@id":"https:\/\/permbledhja.com\/escobar-viziton-kosoven-kete-jave-per-te-diskutuar-per-dialogun-dhe-dinarin\/#breadcrumb","itemListElement":[{"@type":"ListItem","position":1,"name":"Ballina","item":"https:\/\/permbledhja.com\/sq\/"},{"@type":"ListItem","position":2,"name":"Escobar viziton Kosov\u00ebn k\u00ebt\u00eb jav\u00eb p\u00ebr t\u00eb diskutuar p\u00ebr dialogun dhe dinarin"}]},{"@type":"WebSite","@id":"https:\/\/permbledhja.com\/#website","url":"https:\/\/permbledhja.com\/","name":"Ve\u00e7 artikuj p\u00ebrmbledh\u00ebs","description":"","publisher":{"@id":"https:\/\/permbledhja.com\/#organization"},"potentialAction":[{"@type":"SearchAction","target":{"@type":"EntryPoint","urlTemplate":"https:\/\/permbledhja.com\/?s={search_term_string}"},"query-input":"required name=search_term_string"}],"inLanguage":"sq"},{"@type":"Organization","@id":"https:\/\/permbledhja.com\/#organization","name":"MK Media & Pr","url":"https:\/\/permbledhja.com\/","logo":{"@type":"ImageObject","inLanguage":"sq","@id":"https:\/\/permbledhja.com\/#\/schema\/logo\/image\/","url":"https:\/\/permbledhja.com\/wp-content\/uploads\/2021\/12\/07-Press-Logo.jpg","contentUrl":"https:\/\/permbledhja.com\/wp-content\/uploads\/2021\/12\/07-Press-Logo.jpg","width":512,"height":512,"caption":"MK Media & Pr"},"image":{"@id":"https:\/\/permbledhja.com\/#\/schema\/logo\/image\/"},"sameAs":["https:\/\/www.facebook.com\/press07\/"]},{"@type":"Person","@id":"https:\/\/permbledhja.com\/#\/schema\/person\/d23f13f59b5722643933d6780783acf3","name":"M M","image":{"@type":"ImageObject","inLanguage":"sq","@id":"https:\/\/permbledhja.com\/#\/schema\/person\/image\/","url":"https:\/\/secure.gravatar.com\/avatar\/e2835a76ca7c31a2416b2d51c4ec9a8f?s=96&d=mm&r=g","contentUrl":"https:\/\/secure.gravatar.com\/avatar\/e2835a76ca7c31a2416b2d51c4ec9a8f?s=96&d=mm&r=g","caption":"M M"},"sameAs":["http:\/\/MM"],"url":"https:\/\/permbledhja.com\/sq\/author\/muhamet\/"}]}},"_links":{"self":[{"href":"https:\/\/permbledhja.com\/sq\/wp-json\/wp\/v2\/posts\/51953"}],"collection":[{"href":"https:\/\/permbledhja.com\/sq\/wp-json\/wp\/v2\/posts"}],"about":[{"href":"https:\/\/permbledhja.com\/sq\/wp-json\/wp\/v2\/types\/post"}],"author":[{"embeddable":true,"href":"https:\/\/permbledhja.com\/sq\/wp-json\/wp\/v2\/users\/2"}],"replies":[{"embeddable":true,"href":"https:\/\/permbledhja.com\/sq\/wp-json\/wp\/v2\/comments?post=51953"}],"version-history":[{"count":1,"href":"https:\/\/permbledhja.com\/sq\/wp-json\/wp\/v2\/posts\/51953\/revisions"}],"predecessor-version":[{"id":51955,"href":"https:\/\/permbledhja.com\/sq\/wp-json\/wp\/v2\/posts\/51953\/revisions\/51955"}],"wp:featuredmedia":[{"embeddable":true,"href":"https:\/\/permbledhja.com\/sq\/wp-json\/wp\/v2\/media\/51954"}],"wp:attachment":[{"href":"https:\/\/permbledhja.com\/sq\/wp-json\/wp\/v2\/media?parent=51953"}],"wp:term":[{"taxonomy":"category","embeddable":true,"href":"https:\/\/permbledhja.com\/sq\/wp-json\/wp\/v2\/categories?post=51953"},{"taxonomy":"post_tag","embeddable":true,"href":"https:\/\/permbledhja.com\/sq\/wp-json\/wp\/v2\/tags?post=51953"}],"curies":[{"name":"wp","href":"https:\/\/api.w.org\/{rel}","templated":true}]}}