{"id":51922,"date":"2024-03-11T15:13:40","date_gmt":"2024-03-11T15:13:40","guid":{"rendered":"https:\/\/permbledhja.com\/?p=51922"},"modified":"2024-03-11T15:13:40","modified_gmt":"2024-03-11T15:13:40","slug":"kushtetuesja-i-jep-te-drejte-supremes-pro-kompensimit-te-qytetareve-per-rrymen-ne-veri","status":"publish","type":"post","link":"https:\/\/permbledhja.com\/sq\/kushtetuesja-i-jep-te-drejte-supremes-pro-kompensimit-te-qytetareve-per-rrymen-ne-veri\/","title":{"rendered":"Kushtetuesja i jep t\u00eb drejt\u00eb Supremes: Pro kompensimit t\u00eb qytetar\u00ebve p\u00ebr rrym\u00ebn n\u00eb veri"},"content":{"rendered":"<h3>Gjykata Kushtetuese e Kosov\u00ebs i ka jep t\u00eb drejt\u00eb Supremes, lidhur me k\u00ebrkes\u00ebn p\u00ebr kompensimin e qytetar\u00ebve p\u00ebr faturat e rrym\u00ebs n\u00eb veri.<\/h3>\n<p>Kushtetuesja e ka publikuar aktgjykimin lidhur me k\u00ebrkes\u00ebn e d\u00ebrguar Zyra e Rregullatorit t\u00eb Energjis\u00eb e cila ka k\u00ebrkuar q\u00eb t\u00eb b\u00ebhet vler\u00ebsimi i kushtetutshm\u00ebris\u00eb s\u00eb Aktgjykimit [Arj.nr.116\/2022] t\u00eb 9 marsit 2023 t\u00eb Gjykat\u00ebs Supreme t\u00eb Republik\u00ebs s\u00eb Kosov\u00ebs.<\/p>\n<p>K\u00ebrkesa p\u00ebr kompensim ishte d\u00ebrguar nga Avokati i Popullit.<\/p>\n<p>\u201cPas vler\u00ebsimit t\u00eb pretendimeve t\u00eb Avokatit t\u00eb Popullit, Gjykata Themelore kishte anuluar si t\u00eb kund\u00ebrligjsh\u00ebm Vendimin e lartcekur t\u00eb Zyr\u00ebs p\u00ebr Rregullatorin p\u00ebr Energji dhe kishte urdh\u00ebruar kthimin e shum\u00ebs s\u00eb faturuar, respektivisht kompensimin e d\u00ebmit konsumator\u00ebve t\u00eb cil\u00ebt jan\u00eb faturuar p\u00ebr shpenzimin e energjis\u00eb elektrike n\u00eb kat\u00ebr (4) komunat veriore t\u00eb Republik\u00ebs s\u00eb Kosov\u00ebs p\u00ebr periudh\u00ebn 6 shkurt 2012 deri m\u00eb 20 tetor 2017, n\u00eb vler\u00ebn prej dyzet milion\u00eb e tet\u00ebqind e pes\u00ebdhjet\u00eb e pes\u00eb mij\u00eb e kat\u00ebrqind e tet\u00ebdhjet\u00eb euro (40.855.480.00 EUR). Konstatimi i Gjykat\u00ebs Themelore, u konfirmua nga Gjykata e Apelit dhe Gjykata Supreme. Sipas gjykatave t\u00eb rregullta, n\u00eb esenc\u00eb dhe nd\u00ebr tjerash, pavar\u00ebsisht q\u00eb Zyra p\u00ebr Rregullatorin p\u00ebr Energji ka kompetenc\u00ebn lidhur me trajtimin e parametrave rregullative dhe faturimin e kostos s\u00eb rrym\u00ebs s\u00eb humbur n\u00eb sistemin e transmisionit dhe shp\u00ebrndarjes, t\u00eb faturuarit e humbjeve t\u00eb shkaktuara n\u00eb kat\u00ebr (4) komunat veriore t\u00eb Republik\u00ebs s\u00eb Kosov\u00ebs tek konsumator\u00ebt tjer\u00eb t\u00eb Republik\u00ebs s\u00eb Kosov\u00ebs, kishte rezultuar n\u00eb trajtim t\u00eb pabarabart\u00eb t\u00eb qytetar\u00ebve, n\u00eb kund\u00ebrshtim me p\u00ebrcaktimet e nenit 55 [Kufizimi i t\u00eb Drejtave dhe Lirive Themelore] t\u00eb Kushtetut\u00ebs dhe Ligjit nr.05\/L-021 p\u00ebr Mbrojtjen nga Diskriminimi, sepse nuk ka pasur q\u00ebllim legjitim dhe proporcionalitet nd\u00ebrmjet mjeteve t\u00eb p\u00ebrdorura dhe q\u00ebllimit t\u00eb synuar\u201d, thuhet n\u00eb publikimin e Gjykat\u00ebs transmeton Klankosova.tv<\/p>\n","protected":false},"excerpt":{"rendered":"<p>Gjykata Kushtetuese e Kosov\u00ebs i ka jep t\u00eb drejt\u00eb Supremes, lidhur me k\u00ebrkes\u00ebn p\u00ebr kompensimin e qytetar\u00ebve p\u00ebr faturat e rrym\u00ebs n\u00eb veri. Kushtetuesja e ka publikuar aktgjykimin lidhur me k\u00ebrkes\u00ebn e d\u00ebrguar Zyra e Rregullatorit t\u00eb Energjis\u00eb e cila ka k\u00ebrkuar q\u00eb t\u00eb b\u00ebhet vler\u00ebsimi i kushtetutshm\u00ebris\u00eb s\u00eb Aktgjykimit [Arj.nr.116\/2022] t\u00eb 9 marsit 2023 [&hellip;]<\/p>\n","protected":false},"author":2,"featured_media":51923,"comment_status":"closed","ping_status":"closed","sticky":false,"template":"","format":"standard","meta":{"_monsterinsights_skip_tracking":false,"_monsterinsights_sitenote_active":false,"_monsterinsights_sitenote_note":"","_monsterinsights_sitenote_category":0,"_uf_show_specific_survey":0,"_uf_disable_surveys":false,"footnotes":""},"categories":[1146],"tags":[1241],"yoast_head":"<!-- This site is optimized with the Yoast SEO plugin v21.5 - https:\/\/yoast.com\/wordpress\/plugins\/seo\/ -->\n<title>Kushtetuesja i jep t\u00eb drejt\u00eb Supremes: Pro kompensimit t\u00eb qytetar\u00ebve p\u00ebr rrym\u00ebn n\u00eb veri<\/title>\n<meta name=\"robots\" content=\"index, follow, max-snippet:-1, max-image-preview:large, max-video-preview:-1\" \/>\n<link rel=\"canonical\" href=\"https:\/\/permbledhja.com\/sq\/kushtetuesja-i-jep-te-drejte-supremes-pro-kompensimit-te-qytetareve-per-rrymen-ne-veri\/\" \/>\n<meta property=\"og:locale\" content=\"sq_AL\" \/>\n<meta property=\"og:type\" content=\"article\" \/>\n<meta property=\"og:title\" content=\"Kushtetuesja i jep t\u00eb drejt\u00eb Supremes: Pro kompensimit t\u00eb qytetar\u00ebve p\u00ebr rrym\u00ebn n\u00eb veri\" \/>\n<meta property=\"og:description\" content=\"Gjykata Kushtetuese e Kosov\u00ebs i ka jep t\u00eb drejt\u00eb Supremes, lidhur me k\u00ebrkes\u00ebn p\u00ebr kompensimin e qytetar\u00ebve p\u00ebr faturat e rrym\u00ebs n\u00eb veri. Kushtetuesja e ka publikuar aktgjykimin lidhur me k\u00ebrkes\u00ebn e d\u00ebrguar Zyra e Rregullatorit t\u00eb Energjis\u00eb e cila ka k\u00ebrkuar q\u00eb t\u00eb b\u00ebhet vler\u00ebsimi i kushtetutshm\u00ebris\u00eb s\u00eb Aktgjykimit [Arj.nr.116\/2022] t\u00eb 9 marsit 2023 [&hellip;]\" \/>\n<meta property=\"og:url\" content=\"https:\/\/permbledhja.com\/sq\/kushtetuesja-i-jep-te-drejte-supremes-pro-kompensimit-te-qytetareve-per-rrymen-ne-veri\/\" \/>\n<meta property=\"og:site_name\" content=\"Ve\u00e7 artikuj p\u00ebrmbledh\u00ebs\" \/>\n<meta property=\"article:publisher\" content=\"https:\/\/www.facebook.com\/press07\/\" \/>\n<meta property=\"article:published_time\" content=\"2024-03-11T15:13:40+00:00\" \/>\n<meta property=\"og:image\" content=\"https:\/\/permbledhja.com\/wp-content\/uploads\/2024\/03\/Gjykata-Kushtetuese.jpg\" \/>\n\t<meta property=\"og:image:width\" content=\"1597\" \/>\n\t<meta property=\"og:image:height\" content=\"898\" \/>\n\t<meta property=\"og:image:type\" content=\"image\/jpeg\" \/>\n<meta name=\"author\" content=\"M M\" \/>\n<meta name=\"twitter:card\" content=\"summary_large_image\" \/>\n<meta name=\"twitter:label1\" content=\"Written by\" \/>\n\t<meta name=\"twitter:data1\" content=\"M M\" \/>\n\t<meta name=\"twitter:label2\" content=\"Est. reading time\" \/>\n\t<meta name=\"twitter:data2\" content=\"2 minuta\" \/>\n<script type=\"application\/ld+json\" class=\"yoast-schema-graph\">{\"@context\":\"https:\/\/schema.org\",\"@graph\":[{\"@type\":\"Article\",\"@id\":\"https:\/\/permbledhja.com\/kushtetuesja-i-jep-te-drejte-supremes-pro-kompensimit-te-qytetareve-per-rrymen-ne-veri\/#article\",\"isPartOf\":{\"@id\":\"https:\/\/permbledhja.com\/kushtetuesja-i-jep-te-drejte-supremes-pro-kompensimit-te-qytetareve-per-rrymen-ne-veri\/\"},\"author\":{\"name\":\"M M\",\"@id\":\"https:\/\/permbledhja.com\/#\/schema\/person\/d23f13f59b5722643933d6780783acf3\"},\"headline\":\"Kushtetuesja i jep t\u00eb drejt\u00eb Supremes: Pro kompensimit t\u00eb qytetar\u00ebve p\u00ebr rrym\u00ebn n\u00eb veri\",\"datePublished\":\"2024-03-11T15:13:40+00:00\",\"dateModified\":\"2024-03-11T15:13:40+00:00\",\"mainEntityOfPage\":{\"@id\":\"https:\/\/permbledhja.com\/kushtetuesja-i-jep-te-drejte-supremes-pro-kompensimit-te-qytetareve-per-rrymen-ne-veri\/\"},\"wordCount\":358,\"publisher\":{\"@id\":\"https:\/\/permbledhja.com\/#organization\"},\"keywords\":[\"Gjykata Kushtetuese\"],\"articleSection\":[\"Kryesoret\"],\"inLanguage\":\"sq\"},{\"@type\":\"WebPage\",\"@id\":\"https:\/\/permbledhja.com\/kushtetuesja-i-jep-te-drejte-supremes-pro-kompensimit-te-qytetareve-per-rrymen-ne-veri\/\",\"url\":\"https:\/\/permbledhja.com\/kushtetuesja-i-jep-te-drejte-supremes-pro-kompensimit-te-qytetareve-per-rrymen-ne-veri\/\",\"name\":\"Kushtetuesja i jep t\u00eb drejt\u00eb Supremes: Pro kompensimit t\u00eb qytetar\u00ebve p\u00ebr rrym\u00ebn n\u00eb veri\",\"isPartOf\":{\"@id\":\"https:\/\/permbledhja.com\/#website\"},\"datePublished\":\"2024-03-11T15:13:40+00:00\",\"dateModified\":\"2024-03-11T15:13:40+00:00\",\"breadcrumb\":{\"@id\":\"https:\/\/permbledhja.com\/kushtetuesja-i-jep-te-drejte-supremes-pro-kompensimit-te-qytetareve-per-rrymen-ne-veri\/#breadcrumb\"},\"inLanguage\":\"sq\",\"potentialAction\":[{\"@type\":\"ReadAction\",\"target\":[\"https:\/\/permbledhja.com\/kushtetuesja-i-jep-te-drejte-supremes-pro-kompensimit-te-qytetareve-per-rrymen-ne-veri\/\"]}]},{\"@type\":\"BreadcrumbList\",\"@id\":\"https:\/\/permbledhja.com\/kushtetuesja-i-jep-te-drejte-supremes-pro-kompensimit-te-qytetareve-per-rrymen-ne-veri\/#breadcrumb\",\"itemListElement\":[{\"@type\":\"ListItem\",\"position\":1,\"name\":\"Ballina\",\"item\":\"https:\/\/permbledhja.com\/sq\/\"},{\"@type\":\"ListItem\",\"position\":2,\"name\":\"Kushtetuesja i jep t\u00eb drejt\u00eb Supremes: Pro kompensimit t\u00eb qytetar\u00ebve p\u00ebr rrym\u00ebn n\u00eb veri\"}]},{\"@type\":\"WebSite\",\"@id\":\"https:\/\/permbledhja.com\/#website\",\"url\":\"https:\/\/permbledhja.com\/\",\"name\":\"Ve\u00e7 artikuj p\u00ebrmbledh\u00ebs\",\"description\":\"\",\"publisher\":{\"@id\":\"https:\/\/permbledhja.com\/#organization\"},\"potentialAction\":[{\"@type\":\"SearchAction\",\"target\":{\"@type\":\"EntryPoint\",\"urlTemplate\":\"https:\/\/permbledhja.com\/?s={search_term_string}\"},\"query-input\":\"required name=search_term_string\"}],\"inLanguage\":\"sq\"},{\"@type\":\"Organization\",\"@id\":\"https:\/\/permbledhja.com\/#organization\",\"name\":\"MK Media & Pr\",\"url\":\"https:\/\/permbledhja.com\/\",\"logo\":{\"@type\":\"ImageObject\",\"inLanguage\":\"sq\",\"@id\":\"https:\/\/permbledhja.com\/#\/schema\/logo\/image\/\",\"url\":\"https:\/\/permbledhja.com\/wp-content\/uploads\/2021\/12\/07-Press-Logo.jpg\",\"contentUrl\":\"https:\/\/permbledhja.com\/wp-content\/uploads\/2021\/12\/07-Press-Logo.jpg\",\"width\":512,\"height\":512,\"caption\":\"MK Media & Pr\"},\"image\":{\"@id\":\"https:\/\/permbledhja.com\/#\/schema\/logo\/image\/\"},\"sameAs\":[\"https:\/\/www.facebook.com\/press07\/\"]},{\"@type\":\"Person\",\"@id\":\"https:\/\/permbledhja.com\/#\/schema\/person\/d23f13f59b5722643933d6780783acf3\",\"name\":\"M M\",\"image\":{\"@type\":\"ImageObject\",\"inLanguage\":\"sq\",\"@id\":\"https:\/\/permbledhja.com\/#\/schema\/person\/image\/\",\"url\":\"https:\/\/secure.gravatar.com\/avatar\/e2835a76ca7c31a2416b2d51c4ec9a8f?s=96&d=mm&r=g\",\"contentUrl\":\"https:\/\/secure.gravatar.com\/avatar\/e2835a76ca7c31a2416b2d51c4ec9a8f?s=96&d=mm&r=g\",\"caption\":\"M M\"},\"sameAs\":[\"http:\/\/MM\"],\"url\":\"https:\/\/permbledhja.com\/sq\/author\/muhamet\/\"}]}<\/script>\n<!-- \/ Yoast SEO plugin. -->","yoast_head_json":{"title":"Kushtetuesja i jep t\u00eb drejt\u00eb Supremes: Pro kompensimit t\u00eb qytetar\u00ebve p\u00ebr rrym\u00ebn n\u00eb veri","robots":{"index":"index","follow":"follow","max-snippet":"max-snippet:-1","max-image-preview":"max-image-preview:large","max-video-preview":"max-video-preview:-1"},"canonical":"https:\/\/permbledhja.com\/sq\/kushtetuesja-i-jep-te-drejte-supremes-pro-kompensimit-te-qytetareve-per-rrymen-ne-veri\/","og_locale":"sq_AL","og_type":"article","og_title":"Kushtetuesja i jep t\u00eb drejt\u00eb Supremes: Pro kompensimit t\u00eb qytetar\u00ebve p\u00ebr rrym\u00ebn n\u00eb veri","og_description":"Gjykata Kushtetuese e Kosov\u00ebs i ka jep t\u00eb drejt\u00eb Supremes, lidhur me k\u00ebrkes\u00ebn p\u00ebr kompensimin e qytetar\u00ebve p\u00ebr faturat e rrym\u00ebs n\u00eb veri. Kushtetuesja e ka publikuar aktgjykimin lidhur me k\u00ebrkes\u00ebn e d\u00ebrguar Zyra e Rregullatorit t\u00eb Energjis\u00eb e cila ka k\u00ebrkuar q\u00eb t\u00eb b\u00ebhet vler\u00ebsimi i kushtetutshm\u00ebris\u00eb s\u00eb Aktgjykimit [Arj.nr.116\/2022] t\u00eb 9 marsit 2023 [&hellip;]","og_url":"https:\/\/permbledhja.com\/sq\/kushtetuesja-i-jep-te-drejte-supremes-pro-kompensimit-te-qytetareve-per-rrymen-ne-veri\/","og_site_name":"Ve\u00e7 artikuj p\u00ebrmbledh\u00ebs","article_publisher":"https:\/\/www.facebook.com\/press07\/","article_published_time":"2024-03-11T15:13:40+00:00","og_image":[{"width":1597,"height":898,"url":"https:\/\/permbledhja.com\/wp-content\/uploads\/2024\/03\/Gjykata-Kushtetuese.jpg","type":"image\/jpeg"}],"author":"M M","twitter_card":"summary_large_image","twitter_misc":{"Written by":"M M","Est. reading time":"2 minuta"},"schema":{"@context":"https:\/\/schema.org","@graph":[{"@type":"Article","@id":"https:\/\/permbledhja.com\/kushtetuesja-i-jep-te-drejte-supremes-pro-kompensimit-te-qytetareve-per-rrymen-ne-veri\/#article","isPartOf":{"@id":"https:\/\/permbledhja.com\/kushtetuesja-i-jep-te-drejte-supremes-pro-kompensimit-te-qytetareve-per-rrymen-ne-veri\/"},"author":{"name":"M M","@id":"https:\/\/permbledhja.com\/#\/schema\/person\/d23f13f59b5722643933d6780783acf3"},"headline":"Kushtetuesja i jep t\u00eb drejt\u00eb Supremes: Pro kompensimit t\u00eb qytetar\u00ebve p\u00ebr rrym\u00ebn n\u00eb veri","datePublished":"2024-03-11T15:13:40+00:00","dateModified":"2024-03-11T15:13:40+00:00","mainEntityOfPage":{"@id":"https:\/\/permbledhja.com\/kushtetuesja-i-jep-te-drejte-supremes-pro-kompensimit-te-qytetareve-per-rrymen-ne-veri\/"},"wordCount":358,"publisher":{"@id":"https:\/\/permbledhja.com\/#organization"},"keywords":["Gjykata Kushtetuese"],"articleSection":["Kryesoret"],"inLanguage":"sq"},{"@type":"WebPage","@id":"https:\/\/permbledhja.com\/kushtetuesja-i-jep-te-drejte-supremes-pro-kompensimit-te-qytetareve-per-rrymen-ne-veri\/","url":"https:\/\/permbledhja.com\/kushtetuesja-i-jep-te-drejte-supremes-pro-kompensimit-te-qytetareve-per-rrymen-ne-veri\/","name":"Kushtetuesja i jep t\u00eb drejt\u00eb Supremes: Pro kompensimit t\u00eb qytetar\u00ebve p\u00ebr rrym\u00ebn n\u00eb veri","isPartOf":{"@id":"https:\/\/permbledhja.com\/#website"},"datePublished":"2024-03-11T15:13:40+00:00","dateModified":"2024-03-11T15:13:40+00:00","breadcrumb":{"@id":"https:\/\/permbledhja.com\/kushtetuesja-i-jep-te-drejte-supremes-pro-kompensimit-te-qytetareve-per-rrymen-ne-veri\/#breadcrumb"},"inLanguage":"sq","potentialAction":[{"@type":"ReadAction","target":["https:\/\/permbledhja.com\/kushtetuesja-i-jep-te-drejte-supremes-pro-kompensimit-te-qytetareve-per-rrymen-ne-veri\/"]}]},{"@type":"BreadcrumbList","@id":"https:\/\/permbledhja.com\/kushtetuesja-i-jep-te-drejte-supremes-pro-kompensimit-te-qytetareve-per-rrymen-ne-veri\/#breadcrumb","itemListElement":[{"@type":"ListItem","position":1,"name":"Ballina","item":"https:\/\/permbledhja.com\/sq\/"},{"@type":"ListItem","position":2,"name":"Kushtetuesja i jep t\u00eb drejt\u00eb Supremes: Pro kompensimit t\u00eb qytetar\u00ebve p\u00ebr rrym\u00ebn n\u00eb veri"}]},{"@type":"WebSite","@id":"https:\/\/permbledhja.com\/#website","url":"https:\/\/permbledhja.com\/","name":"Ve\u00e7 artikuj p\u00ebrmbledh\u00ebs","description":"","publisher":{"@id":"https:\/\/permbledhja.com\/#organization"},"potentialAction":[{"@type":"SearchAction","target":{"@type":"EntryPoint","urlTemplate":"https:\/\/permbledhja.com\/?s={search_term_string}"},"query-input":"required name=search_term_string"}],"inLanguage":"sq"},{"@type":"Organization","@id":"https:\/\/permbledhja.com\/#organization","name":"MK Media & Pr","url":"https:\/\/permbledhja.com\/","logo":{"@type":"ImageObject","inLanguage":"sq","@id":"https:\/\/permbledhja.com\/#\/schema\/logo\/image\/","url":"https:\/\/permbledhja.com\/wp-content\/uploads\/2021\/12\/07-Press-Logo.jpg","contentUrl":"https:\/\/permbledhja.com\/wp-content\/uploads\/2021\/12\/07-Press-Logo.jpg","width":512,"height":512,"caption":"MK Media & Pr"},"image":{"@id":"https:\/\/permbledhja.com\/#\/schema\/logo\/image\/"},"sameAs":["https:\/\/www.facebook.com\/press07\/"]},{"@type":"Person","@id":"https:\/\/permbledhja.com\/#\/schema\/person\/d23f13f59b5722643933d6780783acf3","name":"M M","image":{"@type":"ImageObject","inLanguage":"sq","@id":"https:\/\/permbledhja.com\/#\/schema\/person\/image\/","url":"https:\/\/secure.gravatar.com\/avatar\/e2835a76ca7c31a2416b2d51c4ec9a8f?s=96&d=mm&r=g","contentUrl":"https:\/\/secure.gravatar.com\/avatar\/e2835a76ca7c31a2416b2d51c4ec9a8f?s=96&d=mm&r=g","caption":"M M"},"sameAs":["http:\/\/MM"],"url":"https:\/\/permbledhja.com\/sq\/author\/muhamet\/"}]}},"_links":{"self":[{"href":"https:\/\/permbledhja.com\/sq\/wp-json\/wp\/v2\/posts\/51922"}],"collection":[{"href":"https:\/\/permbledhja.com\/sq\/wp-json\/wp\/v2\/posts"}],"about":[{"href":"https:\/\/permbledhja.com\/sq\/wp-json\/wp\/v2\/types\/post"}],"author":[{"embeddable":true,"href":"https:\/\/permbledhja.com\/sq\/wp-json\/wp\/v2\/users\/2"}],"replies":[{"embeddable":true,"href":"https:\/\/permbledhja.com\/sq\/wp-json\/wp\/v2\/comments?post=51922"}],"version-history":[{"count":1,"href":"https:\/\/permbledhja.com\/sq\/wp-json\/wp\/v2\/posts\/51922\/revisions"}],"predecessor-version":[{"id":51924,"href":"https:\/\/permbledhja.com\/sq\/wp-json\/wp\/v2\/posts\/51922\/revisions\/51924"}],"wp:featuredmedia":[{"embeddable":true,"href":"https:\/\/permbledhja.com\/sq\/wp-json\/wp\/v2\/media\/51923"}],"wp:attachment":[{"href":"https:\/\/permbledhja.com\/sq\/wp-json\/wp\/v2\/media?parent=51922"}],"wp:term":[{"taxonomy":"category","embeddable":true,"href":"https:\/\/permbledhja.com\/sq\/wp-json\/wp\/v2\/categories?post=51922"},{"taxonomy":"post_tag","embeddable":true,"href":"https:\/\/permbledhja.com\/sq\/wp-json\/wp\/v2\/tags?post=51922"}],"curies":[{"name":"wp","href":"https:\/\/api.w.org\/{rel}","templated":true}]}}