{"id":51919,"date":"2024-03-11T13:55:29","date_gmt":"2024-03-11T13:55:29","guid":{"rendered":"https:\/\/permbledhja.com\/?p=51919"},"modified":"2024-03-11T13:55:29","modified_gmt":"2024-03-11T13:55:29","slug":"bllokohet-nje-pjese-e-sheshit-kulmi-i-nje-ndertese-rrezikon-te-bie-nga-ererat-e-forta","status":"publish","type":"post","link":"https:\/\/permbledhja.com\/sq\/bllokohet-nje-pjese-e-sheshit-kulmi-i-nje-ndertese-rrezikon-te-bie-nga-ererat-e-forta\/","title":{"rendered":"Bllokohet nj\u00eb pjes\u00eb e sheshit, kulmi i nj\u00eb nd\u00ebrtese rrezikon t\u00eb bie nga er\u00ebrat e forta"},"content":{"rendered":"<h3>Komuna e Prishtin\u00ebs e ka bllokuar nj\u00eb hap\u00ebsir\u00eb n\u00eb sheshin \u201cN\u00ebn\u00eb Tereza\u201d, pasi kulmi i nj\u00eb nd\u00ebrtese rrezikon t\u00eb bie p\u00ebr shkak t\u00eb er\u00ebrave s\u00eb fuqishme.<\/h3>\n<p>N\u00eb vendin e ngjarjes, jan\u00eb par\u00eb ekipe t\u00eb zjarrfik\u00ebsve dhe kamioni intervenues p\u00ebr heqjen e kulmit.<\/p>\n<p>Komuna i ka ftuar qytetar\u00ebt q\u00eb t\u00eb ken\u00eb kujdes p\u00ebr shkak t\u00eb er\u00ebrave.<\/p>\n<p>\u201cJu lutemi keni kujdes gjat\u00eb ecjes n\u00eb parqe, af\u00ebr pem\u00ebve apo objekteve t\u00eb larta, mos kaloni af\u00ebr tyre p\u00ebr shkak t\u00eb er\u00ebrave t\u00eb forta t\u00eb cilat po fryjn\u00eb me shpejt\u00ebsi 70km\/h\u201d, thuhet n\u00eb njoftim.<\/p>\n","protected":false},"excerpt":{"rendered":"<p>Komuna e Prishtin\u00ebs e ka bllokuar nj\u00eb hap\u00ebsir\u00eb n\u00eb sheshin \u201cN\u00ebn\u00eb Tereza\u201d, pasi kulmi i nj\u00eb nd\u00ebrtese rrezikon t\u00eb bie p\u00ebr shkak t\u00eb er\u00ebrave s\u00eb fuqishme. N\u00eb vendin e ngjarjes, jan\u00eb par\u00eb ekipe t\u00eb zjarrfik\u00ebsve dhe kamioni intervenues p\u00ebr heqjen e kulmit. Komuna i ka ftuar qytetar\u00ebt q\u00eb t\u00eb ken\u00eb kujdes p\u00ebr shkak t\u00eb er\u00ebrave. [&hellip;]<\/p>\n","protected":false},"author":5,"featured_media":51920,"comment_status":"closed","ping_status":"closed","sticky":false,"template":"","format":"standard","meta":{"_monsterinsights_skip_tracking":false,"_monsterinsights_sitenote_active":false,"_monsterinsights_sitenote_note":"","_monsterinsights_sitenote_category":0,"_uf_show_specific_survey":0,"_uf_disable_surveys":false,"footnotes":""},"categories":[2645],"tags":[],"yoast_head":"<!-- This site is optimized with the Yoast SEO plugin v21.5 - https:\/\/yoast.com\/wordpress\/plugins\/seo\/ -->\n<title>Bllokohet nj\u00eb pjes\u00eb e sheshit, kulmi i nj\u00eb nd\u00ebrtese rrezikon t\u00eb bie nga er\u00ebrat e forta<\/title>\n<meta name=\"robots\" content=\"index, follow, max-snippet:-1, max-image-preview:large, max-video-preview:-1\" \/>\n<link rel=\"canonical\" href=\"https:\/\/permbledhja.com\/sq\/bllokohet-nje-pjese-e-sheshit-kulmi-i-nje-ndertese-rrezikon-te-bie-nga-ererat-e-forta\/\" \/>\n<meta property=\"og:locale\" content=\"sq_AL\" \/>\n<meta property=\"og:type\" content=\"article\" \/>\n<meta property=\"og:title\" content=\"Bllokohet nj\u00eb pjes\u00eb e sheshit, kulmi i nj\u00eb nd\u00ebrtese rrezikon t\u00eb bie nga er\u00ebrat e forta\" \/>\n<meta property=\"og:description\" content=\"Komuna e Prishtin\u00ebs e ka bllokuar nj\u00eb hap\u00ebsir\u00eb n\u00eb sheshin \u201cN\u00ebn\u00eb Tereza\u201d, pasi kulmi i nj\u00eb nd\u00ebrtese rrezikon t\u00eb bie p\u00ebr shkak t\u00eb er\u00ebrave s\u00eb fuqishme. N\u00eb vendin e ngjarjes, jan\u00eb par\u00eb ekipe t\u00eb zjarrfik\u00ebsve dhe kamioni intervenues p\u00ebr heqjen e kulmit. Komuna i ka ftuar qytetar\u00ebt q\u00eb t\u00eb ken\u00eb kujdes p\u00ebr shkak t\u00eb er\u00ebrave. [&hellip;]\" \/>\n<meta property=\"og:url\" content=\"https:\/\/permbledhja.com\/sq\/bllokohet-nje-pjese-e-sheshit-kulmi-i-nje-ndertese-rrezikon-te-bie-nga-ererat-e-forta\/\" \/>\n<meta property=\"og:site_name\" content=\"Ve\u00e7 artikuj p\u00ebrmbledh\u00ebs\" \/>\n<meta property=\"article:publisher\" content=\"https:\/\/www.facebook.com\/press07\/\" \/>\n<meta property=\"article:published_time\" content=\"2024-03-11T13:55:29+00:00\" \/>\n<meta property=\"og:image\" content=\"https:\/\/permbledhja.com\/wp-content\/uploads\/2024\/03\/bl.jpg\" \/>\n\t<meta property=\"og:image:width\" content=\"600\" \/>\n\t<meta property=\"og:image:height\" content=\"360\" \/>\n\t<meta property=\"og:image:type\" content=\"image\/jpeg\" \/>\n<meta name=\"author\" content=\"DL\" \/>\n<meta name=\"twitter:card\" content=\"summary_large_image\" \/>\n<meta name=\"twitter:label1\" content=\"Written by\" \/>\n\t<meta name=\"twitter:data1\" content=\"DL\" \/>\n\t<meta name=\"twitter:label2\" content=\"Est. reading time\" \/>\n\t<meta name=\"twitter:data2\" content=\"1 minut\u00eb\" \/>\n<script type=\"application\/ld+json\" class=\"yoast-schema-graph\">{\"@context\":\"https:\/\/schema.org\",\"@graph\":[{\"@type\":\"Article\",\"@id\":\"https:\/\/permbledhja.com\/sq\/bllokohet-nje-pjese-e-sheshit-kulmi-i-nje-ndertese-rrezikon-te-bie-nga-ererat-e-forta\/#article\",\"isPartOf\":{\"@id\":\"https:\/\/permbledhja.com\/sq\/bllokohet-nje-pjese-e-sheshit-kulmi-i-nje-ndertese-rrezikon-te-bie-nga-ererat-e-forta\/\"},\"author\":{\"name\":\"DL\",\"@id\":\"https:\/\/permbledhja.com\/#\/schema\/person\/9c54260cbc4c6f792cb100550491638c\"},\"headline\":\"Bllokohet nj\u00eb pjes\u00eb e sheshit, kulmi i nj\u00eb nd\u00ebrtese rrezikon t\u00eb bie nga er\u00ebrat e forta\",\"datePublished\":\"2024-03-11T13:55:29+00:00\",\"dateModified\":\"2024-03-11T13:55:29+00:00\",\"mainEntityOfPage\":{\"@id\":\"https:\/\/permbledhja.com\/sq\/bllokohet-nje-pjese-e-sheshit-kulmi-i-nje-ndertese-rrezikon-te-bie-nga-ererat-e-forta\/\"},\"wordCount\":125,\"publisher\":{\"@id\":\"https:\/\/permbledhja.com\/#organization\"},\"articleSection\":[\"T\u00eb r\u00ebnd\u00ebsishme\"],\"inLanguage\":\"sq\"},{\"@type\":\"WebPage\",\"@id\":\"https:\/\/permbledhja.com\/sq\/bllokohet-nje-pjese-e-sheshit-kulmi-i-nje-ndertese-rrezikon-te-bie-nga-ererat-e-forta\/\",\"url\":\"https:\/\/permbledhja.com\/sq\/bllokohet-nje-pjese-e-sheshit-kulmi-i-nje-ndertese-rrezikon-te-bie-nga-ererat-e-forta\/\",\"name\":\"Bllokohet nj\u00eb pjes\u00eb e sheshit, kulmi i nj\u00eb nd\u00ebrtese rrezikon t\u00eb bie nga er\u00ebrat e forta\",\"isPartOf\":{\"@id\":\"https:\/\/permbledhja.com\/#website\"},\"datePublished\":\"2024-03-11T13:55:29+00:00\",\"dateModified\":\"2024-03-11T13:55:29+00:00\",\"breadcrumb\":{\"@id\":\"https:\/\/permbledhja.com\/sq\/bllokohet-nje-pjese-e-sheshit-kulmi-i-nje-ndertese-rrezikon-te-bie-nga-ererat-e-forta\/#breadcrumb\"},\"inLanguage\":\"sq\",\"potentialAction\":[{\"@type\":\"ReadAction\",\"target\":[\"https:\/\/permbledhja.com\/sq\/bllokohet-nje-pjese-e-sheshit-kulmi-i-nje-ndertese-rrezikon-te-bie-nga-ererat-e-forta\/\"]}]},{\"@type\":\"BreadcrumbList\",\"@id\":\"https:\/\/permbledhja.com\/sq\/bllokohet-nje-pjese-e-sheshit-kulmi-i-nje-ndertese-rrezikon-te-bie-nga-ererat-e-forta\/#breadcrumb\",\"itemListElement\":[{\"@type\":\"ListItem\",\"position\":1,\"name\":\"Ballina\",\"item\":\"https:\/\/permbledhja.com\/sq\/\"},{\"@type\":\"ListItem\",\"position\":2,\"name\":\"Bllokohet nj\u00eb pjes\u00eb e sheshit, kulmi i nj\u00eb nd\u00ebrtese rrezikon t\u00eb bie nga er\u00ebrat e forta\"}]},{\"@type\":\"WebSite\",\"@id\":\"https:\/\/permbledhja.com\/#website\",\"url\":\"https:\/\/permbledhja.com\/\",\"name\":\"Ve\u00e7 artikuj p\u00ebrmbledh\u00ebs\",\"description\":\"\",\"publisher\":{\"@id\":\"https:\/\/permbledhja.com\/#organization\"},\"potentialAction\":[{\"@type\":\"SearchAction\",\"target\":{\"@type\":\"EntryPoint\",\"urlTemplate\":\"https:\/\/permbledhja.com\/?s={search_term_string}\"},\"query-input\":\"required name=search_term_string\"}],\"inLanguage\":\"sq\"},{\"@type\":\"Organization\",\"@id\":\"https:\/\/permbledhja.com\/#organization\",\"name\":\"MK Media & Pr\",\"url\":\"https:\/\/permbledhja.com\/\",\"logo\":{\"@type\":\"ImageObject\",\"inLanguage\":\"sq\",\"@id\":\"https:\/\/permbledhja.com\/#\/schema\/logo\/image\/\",\"url\":\"https:\/\/permbledhja.com\/wp-content\/uploads\/2021\/12\/07-Press-Logo.jpg\",\"contentUrl\":\"https:\/\/permbledhja.com\/wp-content\/uploads\/2021\/12\/07-Press-Logo.jpg\",\"width\":512,\"height\":512,\"caption\":\"MK Media & Pr\"},\"image\":{\"@id\":\"https:\/\/permbledhja.com\/#\/schema\/logo\/image\/\"},\"sameAs\":[\"https:\/\/www.facebook.com\/press07\/\"]},{\"@type\":\"Person\",\"@id\":\"https:\/\/permbledhja.com\/#\/schema\/person\/9c54260cbc4c6f792cb100550491638c\",\"name\":\"DL\",\"image\":{\"@type\":\"ImageObject\",\"inLanguage\":\"sq\",\"@id\":\"https:\/\/permbledhja.com\/#\/schema\/person\/image\/\",\"url\":\"https:\/\/secure.gravatar.com\/avatar\/94503eb28d4c4b2005a5c8753e35fc80?s=96&d=mm&r=g\",\"contentUrl\":\"https:\/\/secure.gravatar.com\/avatar\/94503eb28d4c4b2005a5c8753e35fc80?s=96&d=mm&r=g\",\"caption\":\"DL\"},\"url\":\"https:\/\/permbledhja.com\/sq\/author\/dl\/\"}]}<\/script>\n<!-- \/ Yoast SEO plugin. -->","yoast_head_json":{"title":"Bllokohet nj\u00eb pjes\u00eb e sheshit, kulmi i nj\u00eb nd\u00ebrtese rrezikon t\u00eb bie nga er\u00ebrat e forta","robots":{"index":"index","follow":"follow","max-snippet":"max-snippet:-1","max-image-preview":"max-image-preview:large","max-video-preview":"max-video-preview:-1"},"canonical":"https:\/\/permbledhja.com\/sq\/bllokohet-nje-pjese-e-sheshit-kulmi-i-nje-ndertese-rrezikon-te-bie-nga-ererat-e-forta\/","og_locale":"sq_AL","og_type":"article","og_title":"Bllokohet nj\u00eb pjes\u00eb e sheshit, kulmi i nj\u00eb nd\u00ebrtese rrezikon t\u00eb bie nga er\u00ebrat e forta","og_description":"Komuna e Prishtin\u00ebs e ka bllokuar nj\u00eb hap\u00ebsir\u00eb n\u00eb sheshin \u201cN\u00ebn\u00eb Tereza\u201d, pasi kulmi i nj\u00eb nd\u00ebrtese rrezikon t\u00eb bie p\u00ebr shkak t\u00eb er\u00ebrave s\u00eb fuqishme. N\u00eb vendin e ngjarjes, jan\u00eb par\u00eb ekipe t\u00eb zjarrfik\u00ebsve dhe kamioni intervenues p\u00ebr heqjen e kulmit. Komuna i ka ftuar qytetar\u00ebt q\u00eb t\u00eb ken\u00eb kujdes p\u00ebr shkak t\u00eb er\u00ebrave. [&hellip;]","og_url":"https:\/\/permbledhja.com\/sq\/bllokohet-nje-pjese-e-sheshit-kulmi-i-nje-ndertese-rrezikon-te-bie-nga-ererat-e-forta\/","og_site_name":"Ve\u00e7 artikuj p\u00ebrmbledh\u00ebs","article_publisher":"https:\/\/www.facebook.com\/press07\/","article_published_time":"2024-03-11T13:55:29+00:00","og_image":[{"width":600,"height":360,"url":"https:\/\/permbledhja.com\/wp-content\/uploads\/2024\/03\/bl.jpg","type":"image\/jpeg"}],"author":"DL","twitter_card":"summary_large_image","twitter_misc":{"Written by":"DL","Est. reading time":"1 minut\u00eb"},"schema":{"@context":"https:\/\/schema.org","@graph":[{"@type":"Article","@id":"https:\/\/permbledhja.com\/sq\/bllokohet-nje-pjese-e-sheshit-kulmi-i-nje-ndertese-rrezikon-te-bie-nga-ererat-e-forta\/#article","isPartOf":{"@id":"https:\/\/permbledhja.com\/sq\/bllokohet-nje-pjese-e-sheshit-kulmi-i-nje-ndertese-rrezikon-te-bie-nga-ererat-e-forta\/"},"author":{"name":"DL","@id":"https:\/\/permbledhja.com\/#\/schema\/person\/9c54260cbc4c6f792cb100550491638c"},"headline":"Bllokohet nj\u00eb pjes\u00eb e sheshit, kulmi i nj\u00eb nd\u00ebrtese rrezikon t\u00eb bie nga er\u00ebrat e forta","datePublished":"2024-03-11T13:55:29+00:00","dateModified":"2024-03-11T13:55:29+00:00","mainEntityOfPage":{"@id":"https:\/\/permbledhja.com\/sq\/bllokohet-nje-pjese-e-sheshit-kulmi-i-nje-ndertese-rrezikon-te-bie-nga-ererat-e-forta\/"},"wordCount":125,"publisher":{"@id":"https:\/\/permbledhja.com\/#organization"},"articleSection":["T\u00eb r\u00ebnd\u00ebsishme"],"inLanguage":"sq"},{"@type":"WebPage","@id":"https:\/\/permbledhja.com\/sq\/bllokohet-nje-pjese-e-sheshit-kulmi-i-nje-ndertese-rrezikon-te-bie-nga-ererat-e-forta\/","url":"https:\/\/permbledhja.com\/sq\/bllokohet-nje-pjese-e-sheshit-kulmi-i-nje-ndertese-rrezikon-te-bie-nga-ererat-e-forta\/","name":"Bllokohet nj\u00eb pjes\u00eb e sheshit, kulmi i nj\u00eb nd\u00ebrtese rrezikon t\u00eb bie nga er\u00ebrat e forta","isPartOf":{"@id":"https:\/\/permbledhja.com\/#website"},"datePublished":"2024-03-11T13:55:29+00:00","dateModified":"2024-03-11T13:55:29+00:00","breadcrumb":{"@id":"https:\/\/permbledhja.com\/sq\/bllokohet-nje-pjese-e-sheshit-kulmi-i-nje-ndertese-rrezikon-te-bie-nga-ererat-e-forta\/#breadcrumb"},"inLanguage":"sq","potentialAction":[{"@type":"ReadAction","target":["https:\/\/permbledhja.com\/sq\/bllokohet-nje-pjese-e-sheshit-kulmi-i-nje-ndertese-rrezikon-te-bie-nga-ererat-e-forta\/"]}]},{"@type":"BreadcrumbList","@id":"https:\/\/permbledhja.com\/sq\/bllokohet-nje-pjese-e-sheshit-kulmi-i-nje-ndertese-rrezikon-te-bie-nga-ererat-e-forta\/#breadcrumb","itemListElement":[{"@type":"ListItem","position":1,"name":"Ballina","item":"https:\/\/permbledhja.com\/sq\/"},{"@type":"ListItem","position":2,"name":"Bllokohet nj\u00eb pjes\u00eb e sheshit, kulmi i nj\u00eb nd\u00ebrtese rrezikon t\u00eb bie nga er\u00ebrat e forta"}]},{"@type":"WebSite","@id":"https:\/\/permbledhja.com\/#website","url":"https:\/\/permbledhja.com\/","name":"Ve\u00e7 artikuj p\u00ebrmbledh\u00ebs","description":"","publisher":{"@id":"https:\/\/permbledhja.com\/#organization"},"potentialAction":[{"@type":"SearchAction","target":{"@type":"EntryPoint","urlTemplate":"https:\/\/permbledhja.com\/?s={search_term_string}"},"query-input":"required name=search_term_string"}],"inLanguage":"sq"},{"@type":"Organization","@id":"https:\/\/permbledhja.com\/#organization","name":"MK Media & Pr","url":"https:\/\/permbledhja.com\/","logo":{"@type":"ImageObject","inLanguage":"sq","@id":"https:\/\/permbledhja.com\/#\/schema\/logo\/image\/","url":"https:\/\/permbledhja.com\/wp-content\/uploads\/2021\/12\/07-Press-Logo.jpg","contentUrl":"https:\/\/permbledhja.com\/wp-content\/uploads\/2021\/12\/07-Press-Logo.jpg","width":512,"height":512,"caption":"MK Media & Pr"},"image":{"@id":"https:\/\/permbledhja.com\/#\/schema\/logo\/image\/"},"sameAs":["https:\/\/www.facebook.com\/press07\/"]},{"@type":"Person","@id":"https:\/\/permbledhja.com\/#\/schema\/person\/9c54260cbc4c6f792cb100550491638c","name":"DL","image":{"@type":"ImageObject","inLanguage":"sq","@id":"https:\/\/permbledhja.com\/#\/schema\/person\/image\/","url":"https:\/\/secure.gravatar.com\/avatar\/94503eb28d4c4b2005a5c8753e35fc80?s=96&d=mm&r=g","contentUrl":"https:\/\/secure.gravatar.com\/avatar\/94503eb28d4c4b2005a5c8753e35fc80?s=96&d=mm&r=g","caption":"DL"},"url":"https:\/\/permbledhja.com\/sq\/author\/dl\/"}]}},"_links":{"self":[{"href":"https:\/\/permbledhja.com\/sq\/wp-json\/wp\/v2\/posts\/51919"}],"collection":[{"href":"https:\/\/permbledhja.com\/sq\/wp-json\/wp\/v2\/posts"}],"about":[{"href":"https:\/\/permbledhja.com\/sq\/wp-json\/wp\/v2\/types\/post"}],"author":[{"embeddable":true,"href":"https:\/\/permbledhja.com\/sq\/wp-json\/wp\/v2\/users\/5"}],"replies":[{"embeddable":true,"href":"https:\/\/permbledhja.com\/sq\/wp-json\/wp\/v2\/comments?post=51919"}],"version-history":[{"count":1,"href":"https:\/\/permbledhja.com\/sq\/wp-json\/wp\/v2\/posts\/51919\/revisions"}],"predecessor-version":[{"id":51921,"href":"https:\/\/permbledhja.com\/sq\/wp-json\/wp\/v2\/posts\/51919\/revisions\/51921"}],"wp:featuredmedia":[{"embeddable":true,"href":"https:\/\/permbledhja.com\/sq\/wp-json\/wp\/v2\/media\/51920"}],"wp:attachment":[{"href":"https:\/\/permbledhja.com\/sq\/wp-json\/wp\/v2\/media?parent=51919"}],"wp:term":[{"taxonomy":"category","embeddable":true,"href":"https:\/\/permbledhja.com\/sq\/wp-json\/wp\/v2\/categories?post=51919"},{"taxonomy":"post_tag","embeddable":true,"href":"https:\/\/permbledhja.com\/sq\/wp-json\/wp\/v2\/tags?post=51919"}],"curies":[{"name":"wp","href":"https:\/\/api.w.org\/{rel}","templated":true}]}}