{"id":51916,"date":"2024-03-11T13:49:41","date_gmt":"2024-03-11T13:49:41","guid":{"rendered":"https:\/\/permbledhja.com\/?p=51916"},"modified":"2024-03-11T13:49:41","modified_gmt":"2024-03-11T13:49:41","slug":"stano-per-takimin-gjuriq-radoiciq-po-presim-nje-raport-zyrtar-te-hetimeve-dhe-pastaj-do-te-shohim-si-ta-trajtojme-pergjegjesine","status":"publish","type":"post","link":"https:\/\/permbledhja.com\/sq\/stano-per-takimin-gjuriq-radoiciq-po-presim-nje-raport-zyrtar-te-hetimeve-dhe-pastaj-do-te-shohim-si-ta-trajtojme-pergjegjesine\/","title":{"rendered":"Stano p\u00ebr takimin Gjuriq-Radoi\u00e7iq: Po presim nj\u00eb raport zyrtar t\u00eb hetimeve dhe pastaj do t\u00eb shohim si ta trajtojm\u00eb p\u00ebrgjegj\u00ebsin\u00eb"},"content":{"rendered":"<p>Z\u00ebdh\u00ebn\u00ebsi i Bashkimit Evropian, Peter Stano tha se nuk ka pasur shum\u00eb pun\u00eb q\u00eb \u00ebsht\u00eb kryer n\u00eb zbatim, p\u00ebr shkak t\u00eb q\u00ebndrimeve t\u00eb t\u00eb dyja pal\u00ebve Kosov\u00eb-Serbi.<\/p>\n<p>\u201cNe asnj\u00ebher\u00eb nuk paralajm\u00ebrojm\u00eb agjendat e cilitdo takim t\u00eb radh\u00ebs n\u00eb kuad\u00ebr t\u00eb dialogut t\u00eb Prishtin\u00ebs dhe Beogradit, qoft\u00eb t\u00eb nivelit t\u00eb kryenegociator\u00ebve ose t\u00eb nivelit t\u00eb lart\u00eb. Mund ta them nj\u00eb gj\u00eb: fatkeq\u00ebsisht nuk ka pasur shum\u00eb pun\u00eb q\u00eb \u00ebsht\u00eb kryer n\u00eb zbatim, p\u00ebr shkak t\u00eb q\u00ebndrimeve t\u00eb t\u00eb dyja pal\u00ebve\u201d ka th\u00ebn\u00eb stano n\u00eb konferenc\u00eb.<\/p>\n<p>Nd\u00ebrsa, sa i p\u00ebrket takimit nd\u00ebrmjet t\u00eb dyshuarit kryesor p\u00ebr sulmin n\u00eb Banjsk\u00eb, Milan Radoi\u00e7iq, me Marko Gjuriq, ambasador i Serbis\u00eb n\u00eb Shtetet e Bashkuara t\u00eb Amerik\u00ebs, Stano ka th\u00ebn\u00eb se nuk iu takon t\u00eb komentojn\u00eb \u201c\u00e7do takim\u201d dhe se po presin nj\u00eb raport p\u00ebrfundimtar zyrtar t\u00eb hetimeve.<\/p>\n<p>\u201cNuk na takon neve q\u00eb ta komentojm\u00eb \u00e7do takim t\u00eb pjes\u00ebtar\u00ebve t\u00eb administrat\u00ebs serbe q\u00eb zhvillojn\u00eb me njer\u00ebz t\u00eb ndrysh\u00ebm. Mendoj se at\u00eb q\u00eb takoni reflekton mbi ju posa\u00e7\u00ebrisht kur takoheni, posa\u00e7\u00ebrisht, me nj\u00eb t\u00eb dyshuar p\u00ebr vepra kriminale. Por kur aludoni n\u00eb Banjsk\u00eb: q\u00ebndrimi i BE-s\u00eb mbetet i pandryshuar: ne po presim nj\u00eb raport p\u00ebrfundimtar zyrtar t\u00eb hetimeve dhe pastaj do t\u00eb shohim se si ta trajtojm\u00eb p\u00ebrgjegj\u00ebsin\u00eb. Tani p\u00ebr tani nuk kemi par\u00eb nj\u00eb raport t\u00eb till\u00eb k\u00ebtu n\u00eb Bruksel\u201d, tha Stano.<\/p>\n<p>Shtoi se prioritet kryesor i BE-s\u00eb \u00ebsht\u00eb q\u00eb pal\u00ebt t\u00eb fillojn\u00eb t\u00eb zbatojn\u00eb, n\u00eb mir\u00ebbesim, at\u00eb p\u00ebr t\u00eb cil\u00ebn jan\u00eb p\u00ebrkushtuar.<\/p>\n<div>\n<div id=\"div-gpt-ad-1634289484286-0\" data-google-query-id=\"CMme-v2o7IQDFXcIVQgdalALwg\">\n<p>\u201cPrioritet yni kryesor \u00ebsht\u00eb q\u00eb ata t\u00eb fillojn\u00eb t\u00eb zbatojn\u00eb, n\u00eb mir\u00ebbesim, at\u00eb p\u00ebr t\u00eb cil\u00ebn jan\u00eb p\u00ebrkushtuar. Pa i diskutuar hapat procedural\u00eb, ajo q\u00eb \u00ebsht\u00eb prioritet kryesor \u00ebsht\u00eb t\u00eb sigurohemi q\u00eb zbatimi t\u00eb nis sa m\u00eb shpejt t\u00eb jet\u00eb e mundur. Kjo \u00ebsht\u00eb ku jemi p\u00ebrqendruar dhe kjo \u00ebsht\u00eb ajo q\u00eb mund t\u00eb komentojm\u00eb sa m\u00eb shum\u00eb q\u00eb t\u00eb jet\u00eb e nevojshme por p\u00ebr procedurat ne nuk do ta b\u00ebjm\u00eb. E kemi th\u00ebn\u00eb shum\u00eb her\u00eb gjat\u00eb procesit t\u00eb dialogut, p\u00ebrgatitjet n\u00eb hapat individual, fazat individuale jan\u00eb di\u00e7ka q\u00eb supozohet se duhet t\u00eb trajtohet n\u00eb procesin e pun\u00ebs dhe puna p\u00ebrgjith\u00ebsisht nuk \u00ebsht\u00eb b\u00ebr\u00eb dhe nuk mund ta komentojm\u00eb \u00e7do dit\u00eb\u201d, tha ai.<\/p>\n<\/div>\n<\/div>\n","protected":false},"excerpt":{"rendered":"<p>Z\u00ebdh\u00ebn\u00ebsi i Bashkimit Evropian, Peter Stano tha se nuk ka pasur shum\u00eb pun\u00eb q\u00eb \u00ebsht\u00eb kryer n\u00eb zbatim, p\u00ebr shkak t\u00eb q\u00ebndrimeve t\u00eb t\u00eb dyja pal\u00ebve Kosov\u00eb-Serbi. \u201cNe asnj\u00ebher\u00eb nuk paralajm\u00ebrojm\u00eb agjendat e cilitdo takim t\u00eb radh\u00ebs n\u00eb kuad\u00ebr t\u00eb dialogut t\u00eb Prishtin\u00ebs dhe Beogradit, qoft\u00eb t\u00eb nivelit t\u00eb kryenegociator\u00ebve ose t\u00eb nivelit t\u00eb lart\u00eb. [&hellip;]<\/p>\n","protected":false},"author":5,"featured_media":51917,"comment_status":"closed","ping_status":"closed","sticky":false,"template":"","format":"standard","meta":{"_monsterinsights_skip_tracking":false,"_monsterinsights_sitenote_active":false,"_monsterinsights_sitenote_note":"","_monsterinsights_sitenote_category":0,"_uf_show_specific_survey":0,"_uf_disable_surveys":false,"footnotes":""},"categories":[1146],"tags":[],"yoast_head":"<!-- This site is optimized with the Yoast SEO plugin v21.5 - https:\/\/yoast.com\/wordpress\/plugins\/seo\/ -->\n<title>Stano p\u00ebr takimin Gjuriq-Radoi\u00e7iq: Po presim nj\u00eb raport zyrtar t\u00eb hetimeve dhe pastaj do t\u00eb shohim si ta trajtojm\u00eb p\u00ebrgjegj\u00ebsin\u00eb<\/title>\n<meta name=\"robots\" content=\"index, follow, max-snippet:-1, max-image-preview:large, max-video-preview:-1\" \/>\n<link rel=\"canonical\" href=\"https:\/\/permbledhja.com\/sq\/stano-per-takimin-gjuriq-radoiciq-po-presim-nje-raport-zyrtar-te-hetimeve-dhe-pastaj-do-te-shohim-si-ta-trajtojme-pergjegjesine\/\" \/>\n<meta property=\"og:locale\" content=\"sq_AL\" \/>\n<meta property=\"og:type\" content=\"article\" \/>\n<meta property=\"og:title\" content=\"Stano p\u00ebr takimin Gjuriq-Radoi\u00e7iq: Po presim nj\u00eb raport zyrtar t\u00eb hetimeve dhe pastaj do t\u00eb shohim si ta trajtojm\u00eb p\u00ebrgjegj\u00ebsin\u00eb\" \/>\n<meta property=\"og:description\" content=\"Z\u00ebdh\u00ebn\u00ebsi i Bashkimit Evropian, Peter Stano tha se nuk ka pasur shum\u00eb pun\u00eb q\u00eb \u00ebsht\u00eb kryer n\u00eb zbatim, p\u00ebr shkak t\u00eb q\u00ebndrimeve t\u00eb t\u00eb dyja pal\u00ebve Kosov\u00eb-Serbi. \u201cNe asnj\u00ebher\u00eb nuk paralajm\u00ebrojm\u00eb agjendat e cilitdo takim t\u00eb radh\u00ebs n\u00eb kuad\u00ebr t\u00eb dialogut t\u00eb Prishtin\u00ebs dhe Beogradit, qoft\u00eb t\u00eb nivelit t\u00eb kryenegociator\u00ebve ose t\u00eb nivelit t\u00eb lart\u00eb. [&hellip;]\" \/>\n<meta property=\"og:url\" content=\"https:\/\/permbledhja.com\/sq\/stano-per-takimin-gjuriq-radoiciq-po-presim-nje-raport-zyrtar-te-hetimeve-dhe-pastaj-do-te-shohim-si-ta-trajtojme-pergjegjesine\/\" \/>\n<meta property=\"og:site_name\" content=\"Ve\u00e7 artikuj p\u00ebrmbledh\u00ebs\" \/>\n<meta property=\"article:publisher\" content=\"https:\/\/www.facebook.com\/press07\/\" \/>\n<meta property=\"article:published_time\" content=\"2024-03-11T13:49:41+00:00\" \/>\n<meta property=\"og:image\" content=\"https:\/\/permbledhja.com\/wp-content\/uploads\/2024\/03\/st.jpg\" \/>\n\t<meta property=\"og:image:width\" content=\"600\" \/>\n\t<meta property=\"og:image:height\" content=\"360\" \/>\n\t<meta property=\"og:image:type\" content=\"image\/jpeg\" \/>\n<meta name=\"author\" content=\"DL\" \/>\n<meta name=\"twitter:card\" content=\"summary_large_image\" \/>\n<meta name=\"twitter:label1\" content=\"Written by\" \/>\n\t<meta name=\"twitter:data1\" content=\"DL\" \/>\n\t<meta name=\"twitter:label2\" content=\"Est. reading time\" \/>\n\t<meta name=\"twitter:data2\" content=\"2 minuta\" \/>\n<script type=\"application\/ld+json\" class=\"yoast-schema-graph\">{\"@context\":\"https:\/\/schema.org\",\"@graph\":[{\"@type\":\"Article\",\"@id\":\"https:\/\/permbledhja.com\/sq\/stano-per-takimin-gjuriq-radoiciq-po-presim-nje-raport-zyrtar-te-hetimeve-dhe-pastaj-do-te-shohim-si-ta-trajtojme-pergjegjesine\/#article\",\"isPartOf\":{\"@id\":\"https:\/\/permbledhja.com\/sq\/stano-per-takimin-gjuriq-radoiciq-po-presim-nje-raport-zyrtar-te-hetimeve-dhe-pastaj-do-te-shohim-si-ta-trajtojme-pergjegjesine\/\"},\"author\":{\"name\":\"DL\",\"@id\":\"https:\/\/permbledhja.com\/#\/schema\/person\/9c54260cbc4c6f792cb100550491638c\"},\"headline\":\"Stano p\u00ebr takimin Gjuriq-Radoi\u00e7iq: Po presim nj\u00eb raport zyrtar t\u00eb hetimeve dhe pastaj do t\u00eb shohim si ta trajtojm\u00eb p\u00ebrgjegj\u00ebsin\u00eb\",\"datePublished\":\"2024-03-11T13:49:41+00:00\",\"dateModified\":\"2024-03-11T13:49:41+00:00\",\"mainEntityOfPage\":{\"@id\":\"https:\/\/permbledhja.com\/sq\/stano-per-takimin-gjuriq-radoiciq-po-presim-nje-raport-zyrtar-te-hetimeve-dhe-pastaj-do-te-shohim-si-ta-trajtojme-pergjegjesine\/\"},\"wordCount\":433,\"publisher\":{\"@id\":\"https:\/\/permbledhja.com\/#organization\"},\"articleSection\":[\"Kryesoret\"],\"inLanguage\":\"sq\"},{\"@type\":\"WebPage\",\"@id\":\"https:\/\/permbledhja.com\/sq\/stano-per-takimin-gjuriq-radoiciq-po-presim-nje-raport-zyrtar-te-hetimeve-dhe-pastaj-do-te-shohim-si-ta-trajtojme-pergjegjesine\/\",\"url\":\"https:\/\/permbledhja.com\/sq\/stano-per-takimin-gjuriq-radoiciq-po-presim-nje-raport-zyrtar-te-hetimeve-dhe-pastaj-do-te-shohim-si-ta-trajtojme-pergjegjesine\/\",\"name\":\"Stano p\u00ebr takimin Gjuriq-Radoi\u00e7iq: Po presim nj\u00eb raport zyrtar t\u00eb hetimeve dhe pastaj do t\u00eb shohim si ta trajtojm\u00eb p\u00ebrgjegj\u00ebsin\u00eb\",\"isPartOf\":{\"@id\":\"https:\/\/permbledhja.com\/#website\"},\"datePublished\":\"2024-03-11T13:49:41+00:00\",\"dateModified\":\"2024-03-11T13:49:41+00:00\",\"breadcrumb\":{\"@id\":\"https:\/\/permbledhja.com\/sq\/stano-per-takimin-gjuriq-radoiciq-po-presim-nje-raport-zyrtar-te-hetimeve-dhe-pastaj-do-te-shohim-si-ta-trajtojme-pergjegjesine\/#breadcrumb\"},\"inLanguage\":\"sq\",\"potentialAction\":[{\"@type\":\"ReadAction\",\"target\":[\"https:\/\/permbledhja.com\/sq\/stano-per-takimin-gjuriq-radoiciq-po-presim-nje-raport-zyrtar-te-hetimeve-dhe-pastaj-do-te-shohim-si-ta-trajtojme-pergjegjesine\/\"]}]},{\"@type\":\"BreadcrumbList\",\"@id\":\"https:\/\/permbledhja.com\/sq\/stano-per-takimin-gjuriq-radoiciq-po-presim-nje-raport-zyrtar-te-hetimeve-dhe-pastaj-do-te-shohim-si-ta-trajtojme-pergjegjesine\/#breadcrumb\",\"itemListElement\":[{\"@type\":\"ListItem\",\"position\":1,\"name\":\"Ballina\",\"item\":\"https:\/\/permbledhja.com\/sq\/\"},{\"@type\":\"ListItem\",\"position\":2,\"name\":\"Stano p\u00ebr takimin Gjuriq-Radoi\u00e7iq: Po presim nj\u00eb raport zyrtar t\u00eb hetimeve dhe pastaj do t\u00eb shohim si ta trajtojm\u00eb p\u00ebrgjegj\u00ebsin\u00eb\"}]},{\"@type\":\"WebSite\",\"@id\":\"https:\/\/permbledhja.com\/#website\",\"url\":\"https:\/\/permbledhja.com\/\",\"name\":\"Ve\u00e7 artikuj p\u00ebrmbledh\u00ebs\",\"description\":\"\",\"publisher\":{\"@id\":\"https:\/\/permbledhja.com\/#organization\"},\"potentialAction\":[{\"@type\":\"SearchAction\",\"target\":{\"@type\":\"EntryPoint\",\"urlTemplate\":\"https:\/\/permbledhja.com\/?s={search_term_string}\"},\"query-input\":\"required name=search_term_string\"}],\"inLanguage\":\"sq\"},{\"@type\":\"Organization\",\"@id\":\"https:\/\/permbledhja.com\/#organization\",\"name\":\"MK Media & Pr\",\"url\":\"https:\/\/permbledhja.com\/\",\"logo\":{\"@type\":\"ImageObject\",\"inLanguage\":\"sq\",\"@id\":\"https:\/\/permbledhja.com\/#\/schema\/logo\/image\/\",\"url\":\"https:\/\/permbledhja.com\/wp-content\/uploads\/2021\/12\/07-Press-Logo.jpg\",\"contentUrl\":\"https:\/\/permbledhja.com\/wp-content\/uploads\/2021\/12\/07-Press-Logo.jpg\",\"width\":512,\"height\":512,\"caption\":\"MK Media & Pr\"},\"image\":{\"@id\":\"https:\/\/permbledhja.com\/#\/schema\/logo\/image\/\"},\"sameAs\":[\"https:\/\/www.facebook.com\/press07\/\"]},{\"@type\":\"Person\",\"@id\":\"https:\/\/permbledhja.com\/#\/schema\/person\/9c54260cbc4c6f792cb100550491638c\",\"name\":\"DL\",\"image\":{\"@type\":\"ImageObject\",\"inLanguage\":\"sq\",\"@id\":\"https:\/\/permbledhja.com\/#\/schema\/person\/image\/\",\"url\":\"https:\/\/secure.gravatar.com\/avatar\/94503eb28d4c4b2005a5c8753e35fc80?s=96&d=mm&r=g\",\"contentUrl\":\"https:\/\/secure.gravatar.com\/avatar\/94503eb28d4c4b2005a5c8753e35fc80?s=96&d=mm&r=g\",\"caption\":\"DL\"},\"url\":\"https:\/\/permbledhja.com\/sq\/author\/dl\/\"}]}<\/script>\n<!-- \/ Yoast SEO plugin. -->","yoast_head_json":{"title":"Stano p\u00ebr takimin Gjuriq-Radoi\u00e7iq: Po presim nj\u00eb raport zyrtar t\u00eb hetimeve dhe pastaj do t\u00eb shohim si ta trajtojm\u00eb p\u00ebrgjegj\u00ebsin\u00eb","robots":{"index":"index","follow":"follow","max-snippet":"max-snippet:-1","max-image-preview":"max-image-preview:large","max-video-preview":"max-video-preview:-1"},"canonical":"https:\/\/permbledhja.com\/sq\/stano-per-takimin-gjuriq-radoiciq-po-presim-nje-raport-zyrtar-te-hetimeve-dhe-pastaj-do-te-shohim-si-ta-trajtojme-pergjegjesine\/","og_locale":"sq_AL","og_type":"article","og_title":"Stano p\u00ebr takimin Gjuriq-Radoi\u00e7iq: Po presim nj\u00eb raport zyrtar t\u00eb hetimeve dhe pastaj do t\u00eb shohim si ta trajtojm\u00eb p\u00ebrgjegj\u00ebsin\u00eb","og_description":"Z\u00ebdh\u00ebn\u00ebsi i Bashkimit Evropian, Peter Stano tha se nuk ka pasur shum\u00eb pun\u00eb q\u00eb \u00ebsht\u00eb kryer n\u00eb zbatim, p\u00ebr shkak t\u00eb q\u00ebndrimeve t\u00eb t\u00eb dyja pal\u00ebve Kosov\u00eb-Serbi. \u201cNe asnj\u00ebher\u00eb nuk paralajm\u00ebrojm\u00eb agjendat e cilitdo takim t\u00eb radh\u00ebs n\u00eb kuad\u00ebr t\u00eb dialogut t\u00eb Prishtin\u00ebs dhe Beogradit, qoft\u00eb t\u00eb nivelit t\u00eb kryenegociator\u00ebve ose t\u00eb nivelit t\u00eb lart\u00eb. [&hellip;]","og_url":"https:\/\/permbledhja.com\/sq\/stano-per-takimin-gjuriq-radoiciq-po-presim-nje-raport-zyrtar-te-hetimeve-dhe-pastaj-do-te-shohim-si-ta-trajtojme-pergjegjesine\/","og_site_name":"Ve\u00e7 artikuj p\u00ebrmbledh\u00ebs","article_publisher":"https:\/\/www.facebook.com\/press07\/","article_published_time":"2024-03-11T13:49:41+00:00","og_image":[{"width":600,"height":360,"url":"https:\/\/permbledhja.com\/wp-content\/uploads\/2024\/03\/st.jpg","type":"image\/jpeg"}],"author":"DL","twitter_card":"summary_large_image","twitter_misc":{"Written by":"DL","Est. reading time":"2 minuta"},"schema":{"@context":"https:\/\/schema.org","@graph":[{"@type":"Article","@id":"https:\/\/permbledhja.com\/sq\/stano-per-takimin-gjuriq-radoiciq-po-presim-nje-raport-zyrtar-te-hetimeve-dhe-pastaj-do-te-shohim-si-ta-trajtojme-pergjegjesine\/#article","isPartOf":{"@id":"https:\/\/permbledhja.com\/sq\/stano-per-takimin-gjuriq-radoiciq-po-presim-nje-raport-zyrtar-te-hetimeve-dhe-pastaj-do-te-shohim-si-ta-trajtojme-pergjegjesine\/"},"author":{"name":"DL","@id":"https:\/\/permbledhja.com\/#\/schema\/person\/9c54260cbc4c6f792cb100550491638c"},"headline":"Stano p\u00ebr takimin Gjuriq-Radoi\u00e7iq: Po presim nj\u00eb raport zyrtar t\u00eb hetimeve dhe pastaj do t\u00eb shohim si ta trajtojm\u00eb p\u00ebrgjegj\u00ebsin\u00eb","datePublished":"2024-03-11T13:49:41+00:00","dateModified":"2024-03-11T13:49:41+00:00","mainEntityOfPage":{"@id":"https:\/\/permbledhja.com\/sq\/stano-per-takimin-gjuriq-radoiciq-po-presim-nje-raport-zyrtar-te-hetimeve-dhe-pastaj-do-te-shohim-si-ta-trajtojme-pergjegjesine\/"},"wordCount":433,"publisher":{"@id":"https:\/\/permbledhja.com\/#organization"},"articleSection":["Kryesoret"],"inLanguage":"sq"},{"@type":"WebPage","@id":"https:\/\/permbledhja.com\/sq\/stano-per-takimin-gjuriq-radoiciq-po-presim-nje-raport-zyrtar-te-hetimeve-dhe-pastaj-do-te-shohim-si-ta-trajtojme-pergjegjesine\/","url":"https:\/\/permbledhja.com\/sq\/stano-per-takimin-gjuriq-radoiciq-po-presim-nje-raport-zyrtar-te-hetimeve-dhe-pastaj-do-te-shohim-si-ta-trajtojme-pergjegjesine\/","name":"Stano p\u00ebr takimin Gjuriq-Radoi\u00e7iq: Po presim nj\u00eb raport zyrtar t\u00eb hetimeve dhe pastaj do t\u00eb shohim si ta trajtojm\u00eb p\u00ebrgjegj\u00ebsin\u00eb","isPartOf":{"@id":"https:\/\/permbledhja.com\/#website"},"datePublished":"2024-03-11T13:49:41+00:00","dateModified":"2024-03-11T13:49:41+00:00","breadcrumb":{"@id":"https:\/\/permbledhja.com\/sq\/stano-per-takimin-gjuriq-radoiciq-po-presim-nje-raport-zyrtar-te-hetimeve-dhe-pastaj-do-te-shohim-si-ta-trajtojme-pergjegjesine\/#breadcrumb"},"inLanguage":"sq","potentialAction":[{"@type":"ReadAction","target":["https:\/\/permbledhja.com\/sq\/stano-per-takimin-gjuriq-radoiciq-po-presim-nje-raport-zyrtar-te-hetimeve-dhe-pastaj-do-te-shohim-si-ta-trajtojme-pergjegjesine\/"]}]},{"@type":"BreadcrumbList","@id":"https:\/\/permbledhja.com\/sq\/stano-per-takimin-gjuriq-radoiciq-po-presim-nje-raport-zyrtar-te-hetimeve-dhe-pastaj-do-te-shohim-si-ta-trajtojme-pergjegjesine\/#breadcrumb","itemListElement":[{"@type":"ListItem","position":1,"name":"Ballina","item":"https:\/\/permbledhja.com\/sq\/"},{"@type":"ListItem","position":2,"name":"Stano p\u00ebr takimin Gjuriq-Radoi\u00e7iq: Po presim nj\u00eb raport zyrtar t\u00eb hetimeve dhe pastaj do t\u00eb shohim si ta trajtojm\u00eb p\u00ebrgjegj\u00ebsin\u00eb"}]},{"@type":"WebSite","@id":"https:\/\/permbledhja.com\/#website","url":"https:\/\/permbledhja.com\/","name":"Ve\u00e7 artikuj p\u00ebrmbledh\u00ebs","description":"","publisher":{"@id":"https:\/\/permbledhja.com\/#organization"},"potentialAction":[{"@type":"SearchAction","target":{"@type":"EntryPoint","urlTemplate":"https:\/\/permbledhja.com\/?s={search_term_string}"},"query-input":"required name=search_term_string"}],"inLanguage":"sq"},{"@type":"Organization","@id":"https:\/\/permbledhja.com\/#organization","name":"MK Media & Pr","url":"https:\/\/permbledhja.com\/","logo":{"@type":"ImageObject","inLanguage":"sq","@id":"https:\/\/permbledhja.com\/#\/schema\/logo\/image\/","url":"https:\/\/permbledhja.com\/wp-content\/uploads\/2021\/12\/07-Press-Logo.jpg","contentUrl":"https:\/\/permbledhja.com\/wp-content\/uploads\/2021\/12\/07-Press-Logo.jpg","width":512,"height":512,"caption":"MK Media & Pr"},"image":{"@id":"https:\/\/permbledhja.com\/#\/schema\/logo\/image\/"},"sameAs":["https:\/\/www.facebook.com\/press07\/"]},{"@type":"Person","@id":"https:\/\/permbledhja.com\/#\/schema\/person\/9c54260cbc4c6f792cb100550491638c","name":"DL","image":{"@type":"ImageObject","inLanguage":"sq","@id":"https:\/\/permbledhja.com\/#\/schema\/person\/image\/","url":"https:\/\/secure.gravatar.com\/avatar\/94503eb28d4c4b2005a5c8753e35fc80?s=96&d=mm&r=g","contentUrl":"https:\/\/secure.gravatar.com\/avatar\/94503eb28d4c4b2005a5c8753e35fc80?s=96&d=mm&r=g","caption":"DL"},"url":"https:\/\/permbledhja.com\/sq\/author\/dl\/"}]}},"_links":{"self":[{"href":"https:\/\/permbledhja.com\/sq\/wp-json\/wp\/v2\/posts\/51916"}],"collection":[{"href":"https:\/\/permbledhja.com\/sq\/wp-json\/wp\/v2\/posts"}],"about":[{"href":"https:\/\/permbledhja.com\/sq\/wp-json\/wp\/v2\/types\/post"}],"author":[{"embeddable":true,"href":"https:\/\/permbledhja.com\/sq\/wp-json\/wp\/v2\/users\/5"}],"replies":[{"embeddable":true,"href":"https:\/\/permbledhja.com\/sq\/wp-json\/wp\/v2\/comments?post=51916"}],"version-history":[{"count":1,"href":"https:\/\/permbledhja.com\/sq\/wp-json\/wp\/v2\/posts\/51916\/revisions"}],"predecessor-version":[{"id":51918,"href":"https:\/\/permbledhja.com\/sq\/wp-json\/wp\/v2\/posts\/51916\/revisions\/51918"}],"wp:featuredmedia":[{"embeddable":true,"href":"https:\/\/permbledhja.com\/sq\/wp-json\/wp\/v2\/media\/51917"}],"wp:attachment":[{"href":"https:\/\/permbledhja.com\/sq\/wp-json\/wp\/v2\/media?parent=51916"}],"wp:term":[{"taxonomy":"category","embeddable":true,"href":"https:\/\/permbledhja.com\/sq\/wp-json\/wp\/v2\/categories?post=51916"},{"taxonomy":"post_tag","embeddable":true,"href":"https:\/\/permbledhja.com\/sq\/wp-json\/wp\/v2\/tags?post=51916"}],"curies":[{"name":"wp","href":"https:\/\/api.w.org\/{rel}","templated":true}]}}