{"id":51913,"date":"2024-03-11T13:45:46","date_gmt":"2024-03-11T13:45:46","guid":{"rendered":"https:\/\/permbledhja.com\/?p=51913"},"modified":"2024-03-11T13:45:46","modified_gmt":"2024-03-11T13:45:46","slug":"suedia-pranohet-ne-nato-i-pranishem-edhe-nje-perfaqesues-nga-kosova","status":"publish","type":"post","link":"https:\/\/permbledhja.com\/sq\/suedia-pranohet-ne-nato-i-pranishem-edhe-nje-perfaqesues-nga-kosova\/","title":{"rendered":"Suedia pranohet n\u00eb NATO, i pranish\u00ebm edhe nj\u00eb p\u00ebrfaq\u00ebsues nga Kosova"},"content":{"rendered":"<h3>P\u00ebrfaq\u00ebsuesi i Kosov\u00ebs p\u00ebr marr\u00ebdh\u00ebnie me NATO-n, ambasadori Astrit Zemaj ka qen\u00eb i pranish\u00ebm n\u00eb ceremonin\u00eb e ngritjes s\u00eb flamurit t\u00eb Suedis\u00eb n\u00eb selin\u00eb qendrore t\u00eb NATO-s.<\/h3>\n<p>Zemaj ka th\u00ebn\u00eb se \u00ebsht\u00eb nder i madh t\u00eb jesh pjes\u00eb e nj\u00eb dite t\u00eb till\u00eb historike, nd\u00ebrsa ka shtuar se beson fuqish\u00ebm q\u00eb me p\u00ebrkushtimin e p\u00ebrbashk\u00ebt me aleat\u00ebt dhe flamuri i Kosov\u00ebs shum\u00eb shpejt do t\u00eb valoj\u00eb n\u00eb k\u00ebt\u00eb vend.<\/p>\n<p>\u201cNder i madh t\u00eb jesh\u00eb pjes\u00eb e nj\u00eb dite historike dhe nj\u00eb momenti t\u00eb mrekulluesh\u00ebm n\u00eb #NATO, sot n\u00eb ceremonin\u00eb e ngritjes s\u00eb flamurit t\u00eb Suedis\u00eb selin\u00eb qendrore t\u00eb NATO-s. Vendi mik Suedia \u00ebsht\u00eb shteti i 32-t\u00eb Aleat n\u00eb NATO, me m\u00eb ket\u00eb edhe shteti i 28-t\u00eb an\u00ebtar i NATO-s q\u00eb ka njohur dhe mb\u00ebshtetur rrug\u00ebtimin euroatlantik t\u00eb Republik\u00ebs s\u00eb Kosov\u00ebs. Ne besojm\u00eb fuqish\u00ebm dhe jemi t\u00eb p\u00ebrkushtuar s\u00eb bashku me aleat\u00ebt dhe partner\u00ebt q\u00eb t\u00eb ecim p\u00ebrpara q\u00eb nj\u00eb dit\u00eb s\u00eb shpejti n\u00eb k\u00ebt\u00eb rreth t\u00eb valoj\u00eb flamuri i Republik\u00ebs s\u00eb Kosov\u00ebs\u201d, ka shkruar Zemaj n\u00eb Facebook.<\/p>\n","protected":false},"excerpt":{"rendered":"<p>P\u00ebrfaq\u00ebsuesi i Kosov\u00ebs p\u00ebr marr\u00ebdh\u00ebnie me NATO-n, ambasadori Astrit Zemaj ka qen\u00eb i pranish\u00ebm n\u00eb ceremonin\u00eb e ngritjes s\u00eb flamurit t\u00eb Suedis\u00eb n\u00eb selin\u00eb qendrore t\u00eb NATO-s. Zemaj ka th\u00ebn\u00eb se \u00ebsht\u00eb nder i madh t\u00eb jesh pjes\u00eb e nj\u00eb dite t\u00eb till\u00eb historike, nd\u00ebrsa ka shtuar se beson fuqish\u00ebm q\u00eb me p\u00ebrkushtimin e p\u00ebrbashk\u00ebt [&hellip;]<\/p>\n","protected":false},"author":5,"featured_media":51914,"comment_status":"closed","ping_status":"closed","sticky":false,"template":"","format":"standard","meta":{"_monsterinsights_skip_tracking":false,"_monsterinsights_sitenote_active":false,"_monsterinsights_sitenote_note":"","_monsterinsights_sitenote_category":0,"_uf_show_specific_survey":0,"_uf_disable_surveys":false,"footnotes":""},"categories":[15],"tags":[],"yoast_head":"<!-- This site is optimized with the Yoast SEO plugin v21.5 - https:\/\/yoast.com\/wordpress\/plugins\/seo\/ -->\n<title>Suedia pranohet n\u00eb NATO, i pranish\u00ebm edhe nj\u00eb p\u00ebrfaq\u00ebsues nga Kosova<\/title>\n<meta name=\"robots\" content=\"index, follow, max-snippet:-1, max-image-preview:large, max-video-preview:-1\" \/>\n<link rel=\"canonical\" href=\"https:\/\/permbledhja.com\/sq\/suedia-pranohet-ne-nato-i-pranishem-edhe-nje-perfaqesues-nga-kosova\/\" \/>\n<meta property=\"og:locale\" content=\"sq_AL\" \/>\n<meta property=\"og:type\" content=\"article\" \/>\n<meta property=\"og:title\" content=\"Suedia pranohet n\u00eb NATO, i pranish\u00ebm edhe nj\u00eb p\u00ebrfaq\u00ebsues nga Kosova\" \/>\n<meta property=\"og:description\" content=\"P\u00ebrfaq\u00ebsuesi i Kosov\u00ebs p\u00ebr marr\u00ebdh\u00ebnie me NATO-n, ambasadori Astrit Zemaj ka qen\u00eb i pranish\u00ebm n\u00eb ceremonin\u00eb e ngritjes s\u00eb flamurit t\u00eb Suedis\u00eb n\u00eb selin\u00eb qendrore t\u00eb NATO-s. Zemaj ka th\u00ebn\u00eb se \u00ebsht\u00eb nder i madh t\u00eb jesh pjes\u00eb e nj\u00eb dite t\u00eb till\u00eb historike, nd\u00ebrsa ka shtuar se beson fuqish\u00ebm q\u00eb me p\u00ebrkushtimin e p\u00ebrbashk\u00ebt [&hellip;]\" \/>\n<meta property=\"og:url\" content=\"https:\/\/permbledhja.com\/sq\/suedia-pranohet-ne-nato-i-pranishem-edhe-nje-perfaqesues-nga-kosova\/\" \/>\n<meta property=\"og:site_name\" content=\"Ve\u00e7 artikuj p\u00ebrmbledh\u00ebs\" \/>\n<meta property=\"article:publisher\" content=\"https:\/\/www.facebook.com\/press07\/\" \/>\n<meta property=\"article:published_time\" content=\"2024-03-11T13:45:46+00:00\" \/>\n<meta property=\"og:image\" content=\"https:\/\/permbledhja.com\/wp-content\/uploads\/2024\/03\/su.jpg\" \/>\n\t<meta property=\"og:image:width\" content=\"600\" \/>\n\t<meta property=\"og:image:height\" content=\"360\" \/>\n\t<meta property=\"og:image:type\" content=\"image\/jpeg\" \/>\n<meta name=\"author\" content=\"DL\" \/>\n<meta name=\"twitter:card\" content=\"summary_large_image\" \/>\n<meta name=\"twitter:label1\" content=\"Written by\" \/>\n\t<meta name=\"twitter:data1\" content=\"DL\" \/>\n\t<meta name=\"twitter:label2\" content=\"Est. reading time\" \/>\n\t<meta name=\"twitter:data2\" content=\"1 minut\u00eb\" \/>\n<script type=\"application\/ld+json\" class=\"yoast-schema-graph\">{\"@context\":\"https:\/\/schema.org\",\"@graph\":[{\"@type\":\"Article\",\"@id\":\"https:\/\/permbledhja.com\/sq\/suedia-pranohet-ne-nato-i-pranishem-edhe-nje-perfaqesues-nga-kosova\/#article\",\"isPartOf\":{\"@id\":\"https:\/\/permbledhja.com\/sq\/suedia-pranohet-ne-nato-i-pranishem-edhe-nje-perfaqesues-nga-kosova\/\"},\"author\":{\"name\":\"DL\",\"@id\":\"https:\/\/permbledhja.com\/#\/schema\/person\/9c54260cbc4c6f792cb100550491638c\"},\"headline\":\"Suedia pranohet n\u00eb NATO, i pranish\u00ebm edhe nj\u00eb p\u00ebrfaq\u00ebsues nga Kosova\",\"datePublished\":\"2024-03-11T13:45:46+00:00\",\"dateModified\":\"2024-03-11T13:45:46+00:00\",\"mainEntityOfPage\":{\"@id\":\"https:\/\/permbledhja.com\/sq\/suedia-pranohet-ne-nato-i-pranishem-edhe-nje-perfaqesues-nga-kosova\/\"},\"wordCount\":211,\"publisher\":{\"@id\":\"https:\/\/permbledhja.com\/#organization\"},\"articleSection\":[\"Lajme\"],\"inLanguage\":\"sq\"},{\"@type\":\"WebPage\",\"@id\":\"https:\/\/permbledhja.com\/sq\/suedia-pranohet-ne-nato-i-pranishem-edhe-nje-perfaqesues-nga-kosova\/\",\"url\":\"https:\/\/permbledhja.com\/sq\/suedia-pranohet-ne-nato-i-pranishem-edhe-nje-perfaqesues-nga-kosova\/\",\"name\":\"Suedia pranohet n\u00eb NATO, i pranish\u00ebm edhe nj\u00eb p\u00ebrfaq\u00ebsues nga Kosova\",\"isPartOf\":{\"@id\":\"https:\/\/permbledhja.com\/#website\"},\"datePublished\":\"2024-03-11T13:45:46+00:00\",\"dateModified\":\"2024-03-11T13:45:46+00:00\",\"breadcrumb\":{\"@id\":\"https:\/\/permbledhja.com\/sq\/suedia-pranohet-ne-nato-i-pranishem-edhe-nje-perfaqesues-nga-kosova\/#breadcrumb\"},\"inLanguage\":\"sq\",\"potentialAction\":[{\"@type\":\"ReadAction\",\"target\":[\"https:\/\/permbledhja.com\/sq\/suedia-pranohet-ne-nato-i-pranishem-edhe-nje-perfaqesues-nga-kosova\/\"]}]},{\"@type\":\"BreadcrumbList\",\"@id\":\"https:\/\/permbledhja.com\/sq\/suedia-pranohet-ne-nato-i-pranishem-edhe-nje-perfaqesues-nga-kosova\/#breadcrumb\",\"itemListElement\":[{\"@type\":\"ListItem\",\"position\":1,\"name\":\"Ballina\",\"item\":\"https:\/\/permbledhja.com\/sq\/\"},{\"@type\":\"ListItem\",\"position\":2,\"name\":\"Suedia pranohet n\u00eb NATO, i pranish\u00ebm edhe nj\u00eb p\u00ebrfaq\u00ebsues nga Kosova\"}]},{\"@type\":\"WebSite\",\"@id\":\"https:\/\/permbledhja.com\/#website\",\"url\":\"https:\/\/permbledhja.com\/\",\"name\":\"Ve\u00e7 artikuj p\u00ebrmbledh\u00ebs\",\"description\":\"\",\"publisher\":{\"@id\":\"https:\/\/permbledhja.com\/#organization\"},\"potentialAction\":[{\"@type\":\"SearchAction\",\"target\":{\"@type\":\"EntryPoint\",\"urlTemplate\":\"https:\/\/permbledhja.com\/?s={search_term_string}\"},\"query-input\":\"required name=search_term_string\"}],\"inLanguage\":\"sq\"},{\"@type\":\"Organization\",\"@id\":\"https:\/\/permbledhja.com\/#organization\",\"name\":\"MK Media & Pr\",\"url\":\"https:\/\/permbledhja.com\/\",\"logo\":{\"@type\":\"ImageObject\",\"inLanguage\":\"sq\",\"@id\":\"https:\/\/permbledhja.com\/#\/schema\/logo\/image\/\",\"url\":\"https:\/\/permbledhja.com\/wp-content\/uploads\/2021\/12\/07-Press-Logo.jpg\",\"contentUrl\":\"https:\/\/permbledhja.com\/wp-content\/uploads\/2021\/12\/07-Press-Logo.jpg\",\"width\":512,\"height\":512,\"caption\":\"MK Media & Pr\"},\"image\":{\"@id\":\"https:\/\/permbledhja.com\/#\/schema\/logo\/image\/\"},\"sameAs\":[\"https:\/\/www.facebook.com\/press07\/\"]},{\"@type\":\"Person\",\"@id\":\"https:\/\/permbledhja.com\/#\/schema\/person\/9c54260cbc4c6f792cb100550491638c\",\"name\":\"DL\",\"image\":{\"@type\":\"ImageObject\",\"inLanguage\":\"sq\",\"@id\":\"https:\/\/permbledhja.com\/#\/schema\/person\/image\/\",\"url\":\"https:\/\/secure.gravatar.com\/avatar\/94503eb28d4c4b2005a5c8753e35fc80?s=96&d=mm&r=g\",\"contentUrl\":\"https:\/\/secure.gravatar.com\/avatar\/94503eb28d4c4b2005a5c8753e35fc80?s=96&d=mm&r=g\",\"caption\":\"DL\"},\"url\":\"https:\/\/permbledhja.com\/sq\/author\/dl\/\"}]}<\/script>\n<!-- \/ Yoast SEO plugin. -->","yoast_head_json":{"title":"Suedia pranohet n\u00eb NATO, i pranish\u00ebm edhe nj\u00eb p\u00ebrfaq\u00ebsues nga Kosova","robots":{"index":"index","follow":"follow","max-snippet":"max-snippet:-1","max-image-preview":"max-image-preview:large","max-video-preview":"max-video-preview:-1"},"canonical":"https:\/\/permbledhja.com\/sq\/suedia-pranohet-ne-nato-i-pranishem-edhe-nje-perfaqesues-nga-kosova\/","og_locale":"sq_AL","og_type":"article","og_title":"Suedia pranohet n\u00eb NATO, i pranish\u00ebm edhe nj\u00eb p\u00ebrfaq\u00ebsues nga Kosova","og_description":"P\u00ebrfaq\u00ebsuesi i Kosov\u00ebs p\u00ebr marr\u00ebdh\u00ebnie me NATO-n, ambasadori Astrit Zemaj ka qen\u00eb i pranish\u00ebm n\u00eb ceremonin\u00eb e ngritjes s\u00eb flamurit t\u00eb Suedis\u00eb n\u00eb selin\u00eb qendrore t\u00eb NATO-s. Zemaj ka th\u00ebn\u00eb se \u00ebsht\u00eb nder i madh t\u00eb jesh pjes\u00eb e nj\u00eb dite t\u00eb till\u00eb historike, nd\u00ebrsa ka shtuar se beson fuqish\u00ebm q\u00eb me p\u00ebrkushtimin e p\u00ebrbashk\u00ebt [&hellip;]","og_url":"https:\/\/permbledhja.com\/sq\/suedia-pranohet-ne-nato-i-pranishem-edhe-nje-perfaqesues-nga-kosova\/","og_site_name":"Ve\u00e7 artikuj p\u00ebrmbledh\u00ebs","article_publisher":"https:\/\/www.facebook.com\/press07\/","article_published_time":"2024-03-11T13:45:46+00:00","og_image":[{"width":600,"height":360,"url":"https:\/\/permbledhja.com\/wp-content\/uploads\/2024\/03\/su.jpg","type":"image\/jpeg"}],"author":"DL","twitter_card":"summary_large_image","twitter_misc":{"Written by":"DL","Est. reading time":"1 minut\u00eb"},"schema":{"@context":"https:\/\/schema.org","@graph":[{"@type":"Article","@id":"https:\/\/permbledhja.com\/sq\/suedia-pranohet-ne-nato-i-pranishem-edhe-nje-perfaqesues-nga-kosova\/#article","isPartOf":{"@id":"https:\/\/permbledhja.com\/sq\/suedia-pranohet-ne-nato-i-pranishem-edhe-nje-perfaqesues-nga-kosova\/"},"author":{"name":"DL","@id":"https:\/\/permbledhja.com\/#\/schema\/person\/9c54260cbc4c6f792cb100550491638c"},"headline":"Suedia pranohet n\u00eb NATO, i pranish\u00ebm edhe nj\u00eb p\u00ebrfaq\u00ebsues nga Kosova","datePublished":"2024-03-11T13:45:46+00:00","dateModified":"2024-03-11T13:45:46+00:00","mainEntityOfPage":{"@id":"https:\/\/permbledhja.com\/sq\/suedia-pranohet-ne-nato-i-pranishem-edhe-nje-perfaqesues-nga-kosova\/"},"wordCount":211,"publisher":{"@id":"https:\/\/permbledhja.com\/#organization"},"articleSection":["Lajme"],"inLanguage":"sq"},{"@type":"WebPage","@id":"https:\/\/permbledhja.com\/sq\/suedia-pranohet-ne-nato-i-pranishem-edhe-nje-perfaqesues-nga-kosova\/","url":"https:\/\/permbledhja.com\/sq\/suedia-pranohet-ne-nato-i-pranishem-edhe-nje-perfaqesues-nga-kosova\/","name":"Suedia pranohet n\u00eb NATO, i pranish\u00ebm edhe nj\u00eb p\u00ebrfaq\u00ebsues nga Kosova","isPartOf":{"@id":"https:\/\/permbledhja.com\/#website"},"datePublished":"2024-03-11T13:45:46+00:00","dateModified":"2024-03-11T13:45:46+00:00","breadcrumb":{"@id":"https:\/\/permbledhja.com\/sq\/suedia-pranohet-ne-nato-i-pranishem-edhe-nje-perfaqesues-nga-kosova\/#breadcrumb"},"inLanguage":"sq","potentialAction":[{"@type":"ReadAction","target":["https:\/\/permbledhja.com\/sq\/suedia-pranohet-ne-nato-i-pranishem-edhe-nje-perfaqesues-nga-kosova\/"]}]},{"@type":"BreadcrumbList","@id":"https:\/\/permbledhja.com\/sq\/suedia-pranohet-ne-nato-i-pranishem-edhe-nje-perfaqesues-nga-kosova\/#breadcrumb","itemListElement":[{"@type":"ListItem","position":1,"name":"Ballina","item":"https:\/\/permbledhja.com\/sq\/"},{"@type":"ListItem","position":2,"name":"Suedia pranohet n\u00eb NATO, i pranish\u00ebm edhe nj\u00eb p\u00ebrfaq\u00ebsues nga Kosova"}]},{"@type":"WebSite","@id":"https:\/\/permbledhja.com\/#website","url":"https:\/\/permbledhja.com\/","name":"Ve\u00e7 artikuj p\u00ebrmbledh\u00ebs","description":"","publisher":{"@id":"https:\/\/permbledhja.com\/#organization"},"potentialAction":[{"@type":"SearchAction","target":{"@type":"EntryPoint","urlTemplate":"https:\/\/permbledhja.com\/?s={search_term_string}"},"query-input":"required name=search_term_string"}],"inLanguage":"sq"},{"@type":"Organization","@id":"https:\/\/permbledhja.com\/#organization","name":"MK Media & Pr","url":"https:\/\/permbledhja.com\/","logo":{"@type":"ImageObject","inLanguage":"sq","@id":"https:\/\/permbledhja.com\/#\/schema\/logo\/image\/","url":"https:\/\/permbledhja.com\/wp-content\/uploads\/2021\/12\/07-Press-Logo.jpg","contentUrl":"https:\/\/permbledhja.com\/wp-content\/uploads\/2021\/12\/07-Press-Logo.jpg","width":512,"height":512,"caption":"MK Media & Pr"},"image":{"@id":"https:\/\/permbledhja.com\/#\/schema\/logo\/image\/"},"sameAs":["https:\/\/www.facebook.com\/press07\/"]},{"@type":"Person","@id":"https:\/\/permbledhja.com\/#\/schema\/person\/9c54260cbc4c6f792cb100550491638c","name":"DL","image":{"@type":"ImageObject","inLanguage":"sq","@id":"https:\/\/permbledhja.com\/#\/schema\/person\/image\/","url":"https:\/\/secure.gravatar.com\/avatar\/94503eb28d4c4b2005a5c8753e35fc80?s=96&d=mm&r=g","contentUrl":"https:\/\/secure.gravatar.com\/avatar\/94503eb28d4c4b2005a5c8753e35fc80?s=96&d=mm&r=g","caption":"DL"},"url":"https:\/\/permbledhja.com\/sq\/author\/dl\/"}]}},"_links":{"self":[{"href":"https:\/\/permbledhja.com\/sq\/wp-json\/wp\/v2\/posts\/51913"}],"collection":[{"href":"https:\/\/permbledhja.com\/sq\/wp-json\/wp\/v2\/posts"}],"about":[{"href":"https:\/\/permbledhja.com\/sq\/wp-json\/wp\/v2\/types\/post"}],"author":[{"embeddable":true,"href":"https:\/\/permbledhja.com\/sq\/wp-json\/wp\/v2\/users\/5"}],"replies":[{"embeddable":true,"href":"https:\/\/permbledhja.com\/sq\/wp-json\/wp\/v2\/comments?post=51913"}],"version-history":[{"count":1,"href":"https:\/\/permbledhja.com\/sq\/wp-json\/wp\/v2\/posts\/51913\/revisions"}],"predecessor-version":[{"id":51915,"href":"https:\/\/permbledhja.com\/sq\/wp-json\/wp\/v2\/posts\/51913\/revisions\/51915"}],"wp:featuredmedia":[{"embeddable":true,"href":"https:\/\/permbledhja.com\/sq\/wp-json\/wp\/v2\/media\/51914"}],"wp:attachment":[{"href":"https:\/\/permbledhja.com\/sq\/wp-json\/wp\/v2\/media?parent=51913"}],"wp:term":[{"taxonomy":"category","embeddable":true,"href":"https:\/\/permbledhja.com\/sq\/wp-json\/wp\/v2\/categories?post=51913"},{"taxonomy":"post_tag","embeddable":true,"href":"https:\/\/permbledhja.com\/sq\/wp-json\/wp\/v2\/tags?post=51913"}],"curies":[{"name":"wp","href":"https:\/\/api.w.org\/{rel}","templated":true}]}}