{"id":51901,"date":"2024-03-11T12:58:41","date_gmt":"2024-03-11T12:58:41","guid":{"rendered":"https:\/\/permbledhja.com\/?p=51901"},"modified":"2024-03-11T12:58:41","modified_gmt":"2024-03-11T12:58:41","slug":"vijon-gjykimi-ndaj-drejtorit-te-dka-se-ne-rahovec-avni-morina-flet-njera-deshmitare","status":"publish","type":"post","link":"https:\/\/permbledhja.com\/sq\/vijon-gjykimi-ndaj-drejtorit-te-dka-se-ne-rahovec-avni-morina-flet-njera-deshmitare\/","title":{"rendered":"Vijon gjykimi ndaj drejtorit t\u00eb DKA-s\u00eb n\u00eb Rahovec, Avni Morina &#8211; flet nj\u00ebra d\u00ebshmitare"},"content":{"rendered":"<h3>N\u00eb seanc\u00ebn e s\u00eb h\u00ebn\u00ebs n\u00eb Gjykat\u00ebn Themelore n\u00eb Gjakov\u00eb, n\u00eb gjykimin ku Avni Morina, po akuzohet se n\u00eb cil\u00ebsi t\u00eb Drejtorit t\u00eb Arsimit n\u00eb Rahovec ka keqp\u00ebrdorur detyr\u00ebn zyrtare, d\u00ebshmitarja Mirlinda Gashi, m\u00ebsimdh\u00ebn\u00ebse n\u00eb shkoll\u00ebn \u201cSelajdin Mullabazi-Mici\u201d, tha se n\u00eb k\u00ebt\u00eb shkoll\u00eb kishte kaluar nga shkolla SHFMU \u201cNesimi Elshani\u201d pasi kishte b\u00ebr\u00eb k\u00ebrkes\u00eb p\u00ebr transfer.<\/h3>\n<p>\u201cN\u00eb k\u00ebt\u00eb shkoll\u00eb, kam kaluar me transfer pasi q\u00eb kam b\u00ebr\u00eb k\u00ebrkes\u00ebn dhe k\u00ebrkes\u00ebn e kam b\u00ebr\u00eb n\u00eb DKA\u201d, tha d\u00ebshmitarja Gashi, raporton \u201cBetimi p\u00ebr Drejt\u00ebsi\u201d.<\/p>\n<p>Nd\u00ebrsa prokurorja Ardita Beqiraj-Hyseni e ballafaqoi d\u00ebshmitaren Gashi me deklarat\u00ebn e dh\u00ebn\u00eb n\u00eb Prokurori. E nj\u00ebjta sipas prokurores kishte th\u00ebn\u00eb se nuk i kujtohet t\u00eb ket\u00eb b\u00ebr\u00eb k\u00ebrkes\u00eb p\u00ebr transfer, nd\u00ebrsa sot d\u00ebshmitarja Gashi deklaroi se ka paraqitur k\u00ebrkes\u00eb p\u00ebr transfer.<\/p>\n<p>\u201c\u2026 e v\u00ebrteta \u00ebsht\u00eb ajo q\u00eb po them sot, q\u00eb un\u00eb kam b\u00ebr\u00eb k\u00ebrkes\u00eb p\u00ebr transferim\u201d, tha d\u00ebshmitarja Gashi.<\/p>\n<p>Gjyqtari Ilir Rashkaj seanc\u00ebn e\u00a01 shkurt 2024\u00a0kishte b\u00ebr\u00eb t\u00eb ditur se p\u00ebr sigurimin e pranis\u00eb s\u00eb d\u00ebshmitarit Refki Kryeziu, gjykata do t\u00eb urdh\u00ebroj\u00eb Policin\u00eb e Kosov\u00ebs p\u00ebr sjellje me detyrim, mir\u00ebpo i nj\u00ebjti kishte ka qen\u00eb i pa arritsh\u00ebm pasi q\u00eb gjendet n\u00eb Gjermani.<\/p>\n<p>M\u00eb pas, prokurorja Beqiraj-Hyseni i propozoi gjykat\u00ebs q\u00eb seanca t\u00eb nd\u00ebrpritet dhe t\u00eb caktohet ajo e radh\u00ebs, p\u00ebr t\u00eb b\u00ebr\u00eb p\u00ebrpjekje p\u00ebr sigurimin e\u00a0 prezenc\u00ebs t\u00eb d\u00ebshmitarit ky\u00e7, Refki Kryeziu.<\/p>\n<p>Ndryshe, sipas aktakuz\u00ebs, Avni Morina po akuzohet se nga muaji janar-qershor t\u00eb vitit 2021, n\u00eb cil\u00ebsin\u00eb e drejtorit t\u00eb Drejtoris\u00eb s\u00eb Arsimit n\u00eb Rahovec, ka keqp\u00ebrdorur detyr\u00ebn e tij zyrtare, duke i shkaktuar d\u00ebm t\u00eb d\u00ebmtuar\u00ebs Xhevahire Hajda, dhe buxhetit t\u00eb Republik\u00ebs s\u00eb Kosov\u00ebs, n\u00eb at\u00eb m\u00ebnyr\u00eb q\u00eb i nj\u00ebjti n\u00eb zyr\u00ebn e tij, iu ka mund\u00ebsuar Refki Kryeziu-profesor n\u00eb l\u00ebnd\u00ebn e Edukat\u00ebs Fizike n\u00eb SHMTP \u201cSelajdin Mullabazi\u201d n\u00eb Rahovec dhe t\u00eb d\u00ebmtuar\u00ebs s\u00eb lartcekur q\u00eb t\u00eb n\u00ebnshkruajn\u00eb nj\u00eb marr\u00ebveshje-deklarat\u00eb t\u00eb p\u00ebrbashk\u00ebt, t\u00eb nj\u00ebjt\u00ebn e v\u00ebrteton me vul\u00eb zyrtare.<\/p>\n<p>Sipas aktakuz\u00ebs, nga kjo marr\u00ebveshje ka p\u00ebrfituar Refki Kryeziu q\u00eb t\u00eb marr\u00eb pag\u00ebn e plot\u00eb mujore janar-qershor, pa dal\u00eb fare n\u00eb pun\u00eb, po ashtu dhe shtesat p\u00ebr COVID-19 n\u00eb shum\u00eb prej 100 euro \u00e7do muaj. Gjat\u00eb k\u00ebsaj kohe sipas k\u00ebsaj marr\u00ebveshje, e d\u00ebmtuara Xhevahire Hajda, e kishte z\u00ebvend\u00ebsuar t\u00eb nj\u00ebjtin pa p\u00ebrfillur procedurat ligjore p\u00ebr rekrutim, ashtu q\u00eb pa kontrat\u00eb i ka mbajtur 26 or\u00eb m\u00ebsimore, duke mos figuruar fare n\u00eb list\u00ebn e pagave dhe p\u00ebr muajt janar-shkurt, nuk paguhet fare.<\/p>\n<p>Sipas aktakuz\u00ebs e d\u00ebmtuara nga muaji mars-qershor ishte paguar n\u00eb m\u00ebnyr\u00eb private nga profesori Refki Kryeziu.<\/p>\n<p>P\u00ebr k\u00ebto, i pandehuri Avni Morina po akuzohet se ka kryer vepr\u00ebn penale \u201cKeqp\u00ebrdorim i pozit\u00ebs apo autoritetit zyrtar\u201d nga neni 414 paragrafi i par\u00eb i Kodit Penal.<strong>\/Betimip\u00ebrDrejt\u00ebsi<\/strong><\/p>\n","protected":false},"excerpt":{"rendered":"<p>N\u00eb seanc\u00ebn e s\u00eb h\u00ebn\u00ebs n\u00eb Gjykat\u00ebn Themelore n\u00eb Gjakov\u00eb, n\u00eb gjykimin ku Avni Morina, po akuzohet se n\u00eb cil\u00ebsi t\u00eb Drejtorit t\u00eb Arsimit n\u00eb Rahovec ka keqp\u00ebrdorur detyr\u00ebn zyrtare, d\u00ebshmitarja Mirlinda Gashi, m\u00ebsimdh\u00ebn\u00ebse n\u00eb shkoll\u00ebn \u201cSelajdin Mullabazi-Mici\u201d, tha se n\u00eb k\u00ebt\u00eb shkoll\u00eb kishte kaluar nga shkolla SHFMU \u201cNesimi Elshani\u201d pasi kishte b\u00ebr\u00eb k\u00ebrkes\u00eb p\u00ebr [&hellip;]<\/p>\n","protected":false},"author":5,"featured_media":51902,"comment_status":"closed","ping_status":"closed","sticky":false,"template":"","format":"standard","meta":{"_monsterinsights_skip_tracking":false,"_monsterinsights_sitenote_active":false,"_monsterinsights_sitenote_note":"","_monsterinsights_sitenote_category":0,"_uf_show_specific_survey":0,"_uf_disable_surveys":false,"footnotes":""},"categories":[15],"tags":[],"yoast_head":"<!-- This site is optimized with the Yoast SEO plugin v21.5 - https:\/\/yoast.com\/wordpress\/plugins\/seo\/ -->\n<title>Vijon gjykimi ndaj drejtorit t\u00eb DKA-s\u00eb n\u00eb Rahovec, Avni Morina - flet nj\u00ebra d\u00ebshmitare<\/title>\n<meta name=\"robots\" content=\"index, follow, max-snippet:-1, max-image-preview:large, max-video-preview:-1\" \/>\n<link rel=\"canonical\" href=\"https:\/\/permbledhja.com\/sq\/vijon-gjykimi-ndaj-drejtorit-te-dka-se-ne-rahovec-avni-morina-flet-njera-deshmitare\/\" \/>\n<meta property=\"og:locale\" content=\"sq_AL\" \/>\n<meta property=\"og:type\" content=\"article\" \/>\n<meta property=\"og:title\" content=\"Vijon gjykimi ndaj drejtorit t\u00eb DKA-s\u00eb n\u00eb Rahovec, Avni Morina - flet nj\u00ebra d\u00ebshmitare\" \/>\n<meta property=\"og:description\" content=\"N\u00eb seanc\u00ebn e s\u00eb h\u00ebn\u00ebs n\u00eb Gjykat\u00ebn Themelore n\u00eb Gjakov\u00eb, n\u00eb gjykimin ku Avni Morina, po akuzohet se n\u00eb cil\u00ebsi t\u00eb Drejtorit t\u00eb Arsimit n\u00eb Rahovec ka keqp\u00ebrdorur detyr\u00ebn zyrtare, d\u00ebshmitarja Mirlinda Gashi, m\u00ebsimdh\u00ebn\u00ebse n\u00eb shkoll\u00ebn \u201cSelajdin Mullabazi-Mici\u201d, tha se n\u00eb k\u00ebt\u00eb shkoll\u00eb kishte kaluar nga shkolla SHFMU \u201cNesimi Elshani\u201d pasi kishte b\u00ebr\u00eb k\u00ebrkes\u00eb p\u00ebr [&hellip;]\" \/>\n<meta property=\"og:url\" content=\"https:\/\/permbledhja.com\/sq\/vijon-gjykimi-ndaj-drejtorit-te-dka-se-ne-rahovec-avni-morina-flet-njera-deshmitare\/\" \/>\n<meta property=\"og:site_name\" content=\"Ve\u00e7 artikuj p\u00ebrmbledh\u00ebs\" \/>\n<meta property=\"article:publisher\" content=\"https:\/\/www.facebook.com\/press07\/\" \/>\n<meta property=\"article:published_time\" content=\"2024-03-11T12:58:41+00:00\" \/>\n<meta property=\"og:image\" content=\"https:\/\/permbledhja.com\/wp-content\/uploads\/2024\/03\/gj-1.jpg\" \/>\n\t<meta property=\"og:image:width\" content=\"720\" \/>\n\t<meta property=\"og:image:height\" content=\"513\" \/>\n\t<meta property=\"og:image:type\" content=\"image\/jpeg\" \/>\n<meta name=\"author\" content=\"DL\" \/>\n<meta name=\"twitter:card\" content=\"summary_large_image\" \/>\n<meta name=\"twitter:label1\" content=\"Written by\" \/>\n\t<meta name=\"twitter:data1\" content=\"DL\" \/>\n\t<meta name=\"twitter:label2\" content=\"Est. reading time\" \/>\n\t<meta name=\"twitter:data2\" content=\"3 minuta\" \/>\n<script type=\"application\/ld+json\" class=\"yoast-schema-graph\">{\"@context\":\"https:\/\/schema.org\",\"@graph\":[{\"@type\":\"Article\",\"@id\":\"https:\/\/permbledhja.com\/sq\/vijon-gjykimi-ndaj-drejtorit-te-dka-se-ne-rahovec-avni-morina-flet-njera-deshmitare\/#article\",\"isPartOf\":{\"@id\":\"https:\/\/permbledhja.com\/sq\/vijon-gjykimi-ndaj-drejtorit-te-dka-se-ne-rahovec-avni-morina-flet-njera-deshmitare\/\"},\"author\":{\"name\":\"DL\",\"@id\":\"https:\/\/permbledhja.com\/#\/schema\/person\/9c54260cbc4c6f792cb100550491638c\"},\"headline\":\"Vijon gjykimi ndaj drejtorit t\u00eb DKA-s\u00eb n\u00eb Rahovec, Avni Morina &#8211; flet nj\u00ebra d\u00ebshmitare\",\"datePublished\":\"2024-03-11T12:58:41+00:00\",\"dateModified\":\"2024-03-11T12:58:41+00:00\",\"mainEntityOfPage\":{\"@id\":\"https:\/\/permbledhja.com\/sq\/vijon-gjykimi-ndaj-drejtorit-te-dka-se-ne-rahovec-avni-morina-flet-njera-deshmitare\/\"},\"wordCount\":557,\"publisher\":{\"@id\":\"https:\/\/permbledhja.com\/#organization\"},\"articleSection\":[\"Lajme\"],\"inLanguage\":\"sq\"},{\"@type\":\"WebPage\",\"@id\":\"https:\/\/permbledhja.com\/sq\/vijon-gjykimi-ndaj-drejtorit-te-dka-se-ne-rahovec-avni-morina-flet-njera-deshmitare\/\",\"url\":\"https:\/\/permbledhja.com\/sq\/vijon-gjykimi-ndaj-drejtorit-te-dka-se-ne-rahovec-avni-morina-flet-njera-deshmitare\/\",\"name\":\"Vijon gjykimi ndaj drejtorit t\u00eb DKA-s\u00eb n\u00eb Rahovec, Avni Morina - flet nj\u00ebra d\u00ebshmitare\",\"isPartOf\":{\"@id\":\"https:\/\/permbledhja.com\/#website\"},\"datePublished\":\"2024-03-11T12:58:41+00:00\",\"dateModified\":\"2024-03-11T12:58:41+00:00\",\"breadcrumb\":{\"@id\":\"https:\/\/permbledhja.com\/sq\/vijon-gjykimi-ndaj-drejtorit-te-dka-se-ne-rahovec-avni-morina-flet-njera-deshmitare\/#breadcrumb\"},\"inLanguage\":\"sq\",\"potentialAction\":[{\"@type\":\"ReadAction\",\"target\":[\"https:\/\/permbledhja.com\/sq\/vijon-gjykimi-ndaj-drejtorit-te-dka-se-ne-rahovec-avni-morina-flet-njera-deshmitare\/\"]}]},{\"@type\":\"BreadcrumbList\",\"@id\":\"https:\/\/permbledhja.com\/sq\/vijon-gjykimi-ndaj-drejtorit-te-dka-se-ne-rahovec-avni-morina-flet-njera-deshmitare\/#breadcrumb\",\"itemListElement\":[{\"@type\":\"ListItem\",\"position\":1,\"name\":\"Ballina\",\"item\":\"https:\/\/permbledhja.com\/sq\/\"},{\"@type\":\"ListItem\",\"position\":2,\"name\":\"Vijon gjykimi ndaj drejtorit t\u00eb DKA-s\u00eb n\u00eb Rahovec, Avni Morina &#8211; flet nj\u00ebra d\u00ebshmitare\"}]},{\"@type\":\"WebSite\",\"@id\":\"https:\/\/permbledhja.com\/#website\",\"url\":\"https:\/\/permbledhja.com\/\",\"name\":\"Ve\u00e7 artikuj p\u00ebrmbledh\u00ebs\",\"description\":\"\",\"publisher\":{\"@id\":\"https:\/\/permbledhja.com\/#organization\"},\"potentialAction\":[{\"@type\":\"SearchAction\",\"target\":{\"@type\":\"EntryPoint\",\"urlTemplate\":\"https:\/\/permbledhja.com\/?s={search_term_string}\"},\"query-input\":\"required name=search_term_string\"}],\"inLanguage\":\"sq\"},{\"@type\":\"Organization\",\"@id\":\"https:\/\/permbledhja.com\/#organization\",\"name\":\"MK Media & Pr\",\"url\":\"https:\/\/permbledhja.com\/\",\"logo\":{\"@type\":\"ImageObject\",\"inLanguage\":\"sq\",\"@id\":\"https:\/\/permbledhja.com\/#\/schema\/logo\/image\/\",\"url\":\"https:\/\/permbledhja.com\/wp-content\/uploads\/2021\/12\/07-Press-Logo.jpg\",\"contentUrl\":\"https:\/\/permbledhja.com\/wp-content\/uploads\/2021\/12\/07-Press-Logo.jpg\",\"width\":512,\"height\":512,\"caption\":\"MK Media & Pr\"},\"image\":{\"@id\":\"https:\/\/permbledhja.com\/#\/schema\/logo\/image\/\"},\"sameAs\":[\"https:\/\/www.facebook.com\/press07\/\"]},{\"@type\":\"Person\",\"@id\":\"https:\/\/permbledhja.com\/#\/schema\/person\/9c54260cbc4c6f792cb100550491638c\",\"name\":\"DL\",\"image\":{\"@type\":\"ImageObject\",\"inLanguage\":\"sq\",\"@id\":\"https:\/\/permbledhja.com\/#\/schema\/person\/image\/\",\"url\":\"https:\/\/secure.gravatar.com\/avatar\/94503eb28d4c4b2005a5c8753e35fc80?s=96&d=mm&r=g\",\"contentUrl\":\"https:\/\/secure.gravatar.com\/avatar\/94503eb28d4c4b2005a5c8753e35fc80?s=96&d=mm&r=g\",\"caption\":\"DL\"},\"url\":\"https:\/\/permbledhja.com\/sq\/author\/dl\/\"}]}<\/script>\n<!-- \/ Yoast SEO plugin. -->","yoast_head_json":{"title":"Vijon gjykimi ndaj drejtorit t\u00eb DKA-s\u00eb n\u00eb Rahovec, Avni Morina - flet nj\u00ebra d\u00ebshmitare","robots":{"index":"index","follow":"follow","max-snippet":"max-snippet:-1","max-image-preview":"max-image-preview:large","max-video-preview":"max-video-preview:-1"},"canonical":"https:\/\/permbledhja.com\/sq\/vijon-gjykimi-ndaj-drejtorit-te-dka-se-ne-rahovec-avni-morina-flet-njera-deshmitare\/","og_locale":"sq_AL","og_type":"article","og_title":"Vijon gjykimi ndaj drejtorit t\u00eb DKA-s\u00eb n\u00eb Rahovec, Avni Morina - flet nj\u00ebra d\u00ebshmitare","og_description":"N\u00eb seanc\u00ebn e s\u00eb h\u00ebn\u00ebs n\u00eb Gjykat\u00ebn Themelore n\u00eb Gjakov\u00eb, n\u00eb gjykimin ku Avni Morina, po akuzohet se n\u00eb cil\u00ebsi t\u00eb Drejtorit t\u00eb Arsimit n\u00eb Rahovec ka keqp\u00ebrdorur detyr\u00ebn zyrtare, d\u00ebshmitarja Mirlinda Gashi, m\u00ebsimdh\u00ebn\u00ebse n\u00eb shkoll\u00ebn \u201cSelajdin Mullabazi-Mici\u201d, tha se n\u00eb k\u00ebt\u00eb shkoll\u00eb kishte kaluar nga shkolla SHFMU \u201cNesimi Elshani\u201d pasi kishte b\u00ebr\u00eb k\u00ebrkes\u00eb p\u00ebr [&hellip;]","og_url":"https:\/\/permbledhja.com\/sq\/vijon-gjykimi-ndaj-drejtorit-te-dka-se-ne-rahovec-avni-morina-flet-njera-deshmitare\/","og_site_name":"Ve\u00e7 artikuj p\u00ebrmbledh\u00ebs","article_publisher":"https:\/\/www.facebook.com\/press07\/","article_published_time":"2024-03-11T12:58:41+00:00","og_image":[{"width":720,"height":513,"url":"https:\/\/permbledhja.com\/wp-content\/uploads\/2024\/03\/gj-1.jpg","type":"image\/jpeg"}],"author":"DL","twitter_card":"summary_large_image","twitter_misc":{"Written by":"DL","Est. reading time":"3 minuta"},"schema":{"@context":"https:\/\/schema.org","@graph":[{"@type":"Article","@id":"https:\/\/permbledhja.com\/sq\/vijon-gjykimi-ndaj-drejtorit-te-dka-se-ne-rahovec-avni-morina-flet-njera-deshmitare\/#article","isPartOf":{"@id":"https:\/\/permbledhja.com\/sq\/vijon-gjykimi-ndaj-drejtorit-te-dka-se-ne-rahovec-avni-morina-flet-njera-deshmitare\/"},"author":{"name":"DL","@id":"https:\/\/permbledhja.com\/#\/schema\/person\/9c54260cbc4c6f792cb100550491638c"},"headline":"Vijon gjykimi ndaj drejtorit t\u00eb DKA-s\u00eb n\u00eb Rahovec, Avni Morina &#8211; flet nj\u00ebra d\u00ebshmitare","datePublished":"2024-03-11T12:58:41+00:00","dateModified":"2024-03-11T12:58:41+00:00","mainEntityOfPage":{"@id":"https:\/\/permbledhja.com\/sq\/vijon-gjykimi-ndaj-drejtorit-te-dka-se-ne-rahovec-avni-morina-flet-njera-deshmitare\/"},"wordCount":557,"publisher":{"@id":"https:\/\/permbledhja.com\/#organization"},"articleSection":["Lajme"],"inLanguage":"sq"},{"@type":"WebPage","@id":"https:\/\/permbledhja.com\/sq\/vijon-gjykimi-ndaj-drejtorit-te-dka-se-ne-rahovec-avni-morina-flet-njera-deshmitare\/","url":"https:\/\/permbledhja.com\/sq\/vijon-gjykimi-ndaj-drejtorit-te-dka-se-ne-rahovec-avni-morina-flet-njera-deshmitare\/","name":"Vijon gjykimi ndaj drejtorit t\u00eb DKA-s\u00eb n\u00eb Rahovec, Avni Morina - flet nj\u00ebra d\u00ebshmitare","isPartOf":{"@id":"https:\/\/permbledhja.com\/#website"},"datePublished":"2024-03-11T12:58:41+00:00","dateModified":"2024-03-11T12:58:41+00:00","breadcrumb":{"@id":"https:\/\/permbledhja.com\/sq\/vijon-gjykimi-ndaj-drejtorit-te-dka-se-ne-rahovec-avni-morina-flet-njera-deshmitare\/#breadcrumb"},"inLanguage":"sq","potentialAction":[{"@type":"ReadAction","target":["https:\/\/permbledhja.com\/sq\/vijon-gjykimi-ndaj-drejtorit-te-dka-se-ne-rahovec-avni-morina-flet-njera-deshmitare\/"]}]},{"@type":"BreadcrumbList","@id":"https:\/\/permbledhja.com\/sq\/vijon-gjykimi-ndaj-drejtorit-te-dka-se-ne-rahovec-avni-morina-flet-njera-deshmitare\/#breadcrumb","itemListElement":[{"@type":"ListItem","position":1,"name":"Ballina","item":"https:\/\/permbledhja.com\/sq\/"},{"@type":"ListItem","position":2,"name":"Vijon gjykimi ndaj drejtorit t\u00eb DKA-s\u00eb n\u00eb Rahovec, Avni Morina &#8211; flet nj\u00ebra d\u00ebshmitare"}]},{"@type":"WebSite","@id":"https:\/\/permbledhja.com\/#website","url":"https:\/\/permbledhja.com\/","name":"Ve\u00e7 artikuj p\u00ebrmbledh\u00ebs","description":"","publisher":{"@id":"https:\/\/permbledhja.com\/#organization"},"potentialAction":[{"@type":"SearchAction","target":{"@type":"EntryPoint","urlTemplate":"https:\/\/permbledhja.com\/?s={search_term_string}"},"query-input":"required name=search_term_string"}],"inLanguage":"sq"},{"@type":"Organization","@id":"https:\/\/permbledhja.com\/#organization","name":"MK Media & Pr","url":"https:\/\/permbledhja.com\/","logo":{"@type":"ImageObject","inLanguage":"sq","@id":"https:\/\/permbledhja.com\/#\/schema\/logo\/image\/","url":"https:\/\/permbledhja.com\/wp-content\/uploads\/2021\/12\/07-Press-Logo.jpg","contentUrl":"https:\/\/permbledhja.com\/wp-content\/uploads\/2021\/12\/07-Press-Logo.jpg","width":512,"height":512,"caption":"MK Media & Pr"},"image":{"@id":"https:\/\/permbledhja.com\/#\/schema\/logo\/image\/"},"sameAs":["https:\/\/www.facebook.com\/press07\/"]},{"@type":"Person","@id":"https:\/\/permbledhja.com\/#\/schema\/person\/9c54260cbc4c6f792cb100550491638c","name":"DL","image":{"@type":"ImageObject","inLanguage":"sq","@id":"https:\/\/permbledhja.com\/#\/schema\/person\/image\/","url":"https:\/\/secure.gravatar.com\/avatar\/94503eb28d4c4b2005a5c8753e35fc80?s=96&d=mm&r=g","contentUrl":"https:\/\/secure.gravatar.com\/avatar\/94503eb28d4c4b2005a5c8753e35fc80?s=96&d=mm&r=g","caption":"DL"},"url":"https:\/\/permbledhja.com\/sq\/author\/dl\/"}]}},"_links":{"self":[{"href":"https:\/\/permbledhja.com\/sq\/wp-json\/wp\/v2\/posts\/51901"}],"collection":[{"href":"https:\/\/permbledhja.com\/sq\/wp-json\/wp\/v2\/posts"}],"about":[{"href":"https:\/\/permbledhja.com\/sq\/wp-json\/wp\/v2\/types\/post"}],"author":[{"embeddable":true,"href":"https:\/\/permbledhja.com\/sq\/wp-json\/wp\/v2\/users\/5"}],"replies":[{"embeddable":true,"href":"https:\/\/permbledhja.com\/sq\/wp-json\/wp\/v2\/comments?post=51901"}],"version-history":[{"count":1,"href":"https:\/\/permbledhja.com\/sq\/wp-json\/wp\/v2\/posts\/51901\/revisions"}],"predecessor-version":[{"id":51903,"href":"https:\/\/permbledhja.com\/sq\/wp-json\/wp\/v2\/posts\/51901\/revisions\/51903"}],"wp:featuredmedia":[{"embeddable":true,"href":"https:\/\/permbledhja.com\/sq\/wp-json\/wp\/v2\/media\/51902"}],"wp:attachment":[{"href":"https:\/\/permbledhja.com\/sq\/wp-json\/wp\/v2\/media?parent=51901"}],"wp:term":[{"taxonomy":"category","embeddable":true,"href":"https:\/\/permbledhja.com\/sq\/wp-json\/wp\/v2\/categories?post=51901"},{"taxonomy":"post_tag","embeddable":true,"href":"https:\/\/permbledhja.com\/sq\/wp-json\/wp\/v2\/tags?post=51901"}],"curies":[{"name":"wp","href":"https:\/\/api.w.org\/{rel}","templated":true}]}}