{"id":51897,"date":"2024-03-11T12:20:00","date_gmt":"2024-03-11T12:20:00","guid":{"rendered":"https:\/\/permbledhja.com\/?p=51897"},"modified":"2024-03-11T12:20:00","modified_gmt":"2024-03-11T12:20:00","slug":"kusari-per-token-te-manastiri-i-decanit-ka-nje-proces-ne-gjykaten-ne-prishtine-qe-duhet-te-kryhet-per-ti-hapur-rruge-zbatimit","status":"publish","type":"post","link":"https:\/\/permbledhja.com\/sq\/kusari-per-token-te-manastiri-i-decanit-ka-nje-proces-ne-gjykaten-ne-prishtine-qe-duhet-te-kryhet-per-ti-hapur-rruge-zbatimit\/","title":{"rendered":"Kusari p\u00ebr tok\u00ebn te Manastiri i De\u00e7anit: Ka nj\u00eb proces n\u00eb Gjykat\u00ebn n\u00eb Prishtin\u00eb q\u00eb duhet te kryhet p\u00ebr t\u2019i hapur rrug\u00eb zbatimit"},"content":{"rendered":"<h3><span style=\"box-sizing: border-box; font-weight: bolder;\">Shefja e Grupit Parlamentar t\u00eb VV\u2019s\u00eb, Mimoza Kusari Lila, pas mbledhjes s\u00eb kryesis\u00eb s\u00eb Kuvendit ka folur para gazetar\u00ebve. <\/span><span style=\"box-sizing: border-box; font-weight: bolder;\">Ajo \u00ebsht\u00eb pyetur edhe p\u00ebr raportimet se Qeveria e Kosov\u00ebs i ka k\u00ebrkuar komun\u00ebs s\u00eb De\u00e7anit q\u00eb ta zbatoj\u00eb vendimin e Gjykat\u00ebs Kushtetuese p\u00ebr tok\u00ebn e Manastirit t\u00eb De\u00e7anit.<\/span><\/h3>\n<p style=\"box-sizing: border-box; margin-bottom: 15px; font-size: 15px; line-height: 26px; letter-spacing: -0.2px; font-family: Raleway-Regular, sans-serif; color: #212529;\">Ajo tha se nuk ka informacion p\u00ebr k\u00ebt\u00eb, derisa shtoi se n\u00eb Gjykat\u00ebn Themelore \u00ebsht\u00eb duke u zhvilluar n\u00eb Gjykat\u00ebn Themelore n\u00eb Prishtin\u00eb.<\/p>\n<p style=\"box-sizing: border-box; margin-bottom: 15px; font-size: 15px; line-height: 26px; letter-spacing: -0.2px; font-family: Raleway-Regular, sans-serif; color: #212529;\">\u201cNuk kam informacion q\u00eb \u00ebsht\u00eb b\u00ebr\u00eb nj\u00eb k\u00ebrkes\u00eb nga Qeveria e Kosov\u00ebs. Po besoj q\u00eb Qeveria \u00ebsht\u00eb adresa n\u00ebse ka pasur nj\u00eb k\u00ebrkes\u00eb t\u00eb till\u00eb, nd\u00ebrsa n\u00eb an\u00ebn tjet\u00ebr me t\u00eb nj\u00ebjtin proces p\u00ebrve\u00e7 vendimit t\u00eb Gjykat\u00ebs Kushtetuese \u00ebsht\u00eb edhe nj\u00eb proces tjet\u00ebr gjyq\u00ebsor n\u00eb Gjykat\u00ebn Themelore n\u00eb Prishtin\u00eb i cili \u00ebsht\u00eb kontestuar procesi i p\u00ebrkthimit t\u00eb pron\u00ebs nga ish pronari tek manastiri i De\u00e7anit. Prandaj duhet t\u00eb verifikohet se n\u00ebse flasim p\u00ebr drejt\u00ebsi, rend dhe ligj duhet t\u00eb ekzistojn\u00eb edhe parime t\u00eb nj\u00ebjta. Dometh\u00ebn\u00eb zbatimi i nj\u00eb vendimi t\u00eb Gjykat\u00ebs Kushtetuese duhet t\u00eb jet\u00eb n\u00eb vijim\u00ebsi ose n\u00eb pajtueshm\u00ebri nj\u00ebjt\u00eb me parimin e nj\u00eb vendimi ose aktgjykimi edhe nga Gjykata Themelore n\u00ebse \u00ebsht\u00eb n\u00eb procedur\u00eb. Ose duhet t\u00eb ket\u00eb nj\u00eb vendim p\u00ebrfundimtar nga Gjykata Themelore p\u00ebr procesin i cili pastaj do t\u00eb hap rrug\u00ebn p\u00ebr zbatimin e vendimit t\u00eb Gjykat\u00ebs Kushtetuese n\u00eb rast se jan\u00eb pjekur t\u00eb gjitha kushtet\u201d, tha Kusari.<\/p>\n<p style=\"box-sizing: border-box; margin-bottom: 15px; font-size: 15px; line-height: 26px; letter-spacing: -0.2px; font-family: Raleway-Regular, sans-serif; color: #212529;\">Kusari \u00ebsht\u00eb pyetur edhe se a po e pret Qeveria Gjykat\u00ebn Themelore q\u00eb ta zbatoj\u00eb vendimin e Kushtetueses.<\/p>\n","protected":false},"excerpt":{"rendered":"<p>Shefja e Grupit Parlamentar t\u00eb VV\u2019s\u00eb, Mimoza Kusari Lila, pas mbledhjes s\u00eb kryesis\u00eb s\u00eb Kuvendit ka folur para gazetar\u00ebve. Ajo \u00ebsht\u00eb pyetur edhe p\u00ebr raportimet se Qeveria e Kosov\u00ebs i ka k\u00ebrkuar komun\u00ebs s\u00eb De\u00e7anit q\u00eb ta zbatoj\u00eb vendimin e Gjykat\u00ebs Kushtetuese p\u00ebr tok\u00ebn e Manastirit t\u00eb De\u00e7anit. Ajo tha se nuk ka informacion p\u00ebr [&hellip;]<\/p>\n","protected":false},"author":5,"featured_media":51898,"comment_status":"closed","ping_status":"closed","sticky":false,"template":"","format":"standard","meta":{"_monsterinsights_skip_tracking":false,"_monsterinsights_sitenote_active":false,"_monsterinsights_sitenote_note":"","_monsterinsights_sitenote_category":0,"_uf_show_specific_survey":0,"_uf_disable_surveys":false,"footnotes":""},"categories":[1146],"tags":[],"yoast_head":"<!-- This site is optimized with the Yoast SEO plugin v21.5 - https:\/\/yoast.com\/wordpress\/plugins\/seo\/ -->\n<title>Kusari p\u00ebr tok\u00ebn te Manastiri i De\u00e7anit: Ka nj\u00eb proces n\u00eb Gjykat\u00ebn n\u00eb Prishtin\u00eb q\u00eb duhet te kryhet p\u00ebr t\u2019i hapur rrug\u00eb zbatimit<\/title>\n<meta name=\"robots\" content=\"index, follow, max-snippet:-1, max-image-preview:large, max-video-preview:-1\" \/>\n<link rel=\"canonical\" href=\"https:\/\/permbledhja.com\/sq\/kusari-per-token-te-manastiri-i-decanit-ka-nje-proces-ne-gjykaten-ne-prishtine-qe-duhet-te-kryhet-per-ti-hapur-rruge-zbatimit\/\" \/>\n<meta property=\"og:locale\" content=\"sq_AL\" \/>\n<meta property=\"og:type\" content=\"article\" \/>\n<meta property=\"og:title\" content=\"Kusari p\u00ebr tok\u00ebn te Manastiri i De\u00e7anit: Ka nj\u00eb proces n\u00eb Gjykat\u00ebn n\u00eb Prishtin\u00eb q\u00eb duhet te kryhet p\u00ebr t\u2019i hapur rrug\u00eb zbatimit\" \/>\n<meta property=\"og:description\" content=\"Shefja e Grupit Parlamentar t\u00eb VV\u2019s\u00eb, Mimoza Kusari Lila, pas mbledhjes s\u00eb kryesis\u00eb s\u00eb Kuvendit ka folur para gazetar\u00ebve. Ajo \u00ebsht\u00eb pyetur edhe p\u00ebr raportimet se Qeveria e Kosov\u00ebs i ka k\u00ebrkuar komun\u00ebs s\u00eb De\u00e7anit q\u00eb ta zbatoj\u00eb vendimin e Gjykat\u00ebs Kushtetuese p\u00ebr tok\u00ebn e Manastirit t\u00eb De\u00e7anit. Ajo tha se nuk ka informacion p\u00ebr [&hellip;]\" \/>\n<meta property=\"og:url\" content=\"https:\/\/permbledhja.com\/sq\/kusari-per-token-te-manastiri-i-decanit-ka-nje-proces-ne-gjykaten-ne-prishtine-qe-duhet-te-kryhet-per-ti-hapur-rruge-zbatimit\/\" \/>\n<meta property=\"og:site_name\" content=\"Ve\u00e7 artikuj p\u00ebrmbledh\u00ebs\" \/>\n<meta property=\"article:publisher\" content=\"https:\/\/www.facebook.com\/press07\/\" \/>\n<meta property=\"article:published_time\" content=\"2024-03-11T12:20:00+00:00\" \/>\n<meta property=\"og:image\" content=\"https:\/\/permbledhja.com\/wp-content\/uploads\/2024\/03\/Screenshot_20240311-131605_Chrome.jpg\" \/>\n\t<meta property=\"og:image:width\" content=\"979\" \/>\n\t<meta property=\"og:image:height\" content=\"579\" \/>\n\t<meta property=\"og:image:type\" content=\"image\/jpeg\" \/>\n<meta name=\"author\" content=\"DL\" \/>\n<meta name=\"twitter:card\" content=\"summary_large_image\" \/>\n<meta name=\"twitter:label1\" content=\"Written by\" \/>\n\t<meta name=\"twitter:data1\" content=\"DL\" \/>\n\t<meta name=\"twitter:label2\" content=\"Est. reading time\" \/>\n\t<meta name=\"twitter:data2\" content=\"2 minuta\" \/>\n<script type=\"application\/ld+json\" class=\"yoast-schema-graph\">{\"@context\":\"https:\/\/schema.org\",\"@graph\":[{\"@type\":\"Article\",\"@id\":\"https:\/\/permbledhja.com\/sq\/kusari-per-token-te-manastiri-i-decanit-ka-nje-proces-ne-gjykaten-ne-prishtine-qe-duhet-te-kryhet-per-ti-hapur-rruge-zbatimit\/#article\",\"isPartOf\":{\"@id\":\"https:\/\/permbledhja.com\/sq\/kusari-per-token-te-manastiri-i-decanit-ka-nje-proces-ne-gjykaten-ne-prishtine-qe-duhet-te-kryhet-per-ti-hapur-rruge-zbatimit\/\"},\"author\":{\"name\":\"DL\",\"@id\":\"https:\/\/permbledhja.com\/#\/schema\/person\/9c54260cbc4c6f792cb100550491638c\"},\"headline\":\"Kusari p\u00ebr tok\u00ebn te Manastiri i De\u00e7anit: Ka nj\u00eb proces n\u00eb Gjykat\u00ebn n\u00eb Prishtin\u00eb q\u00eb duhet te kryhet p\u00ebr t\u2019i hapur rrug\u00eb zbatimit\",\"datePublished\":\"2024-03-11T12:20:00+00:00\",\"dateModified\":\"2024-03-11T12:20:00+00:00\",\"mainEntityOfPage\":{\"@id\":\"https:\/\/permbledhja.com\/sq\/kusari-per-token-te-manastiri-i-decanit-ka-nje-proces-ne-gjykaten-ne-prishtine-qe-duhet-te-kryhet-per-ti-hapur-rruge-zbatimit\/\"},\"wordCount\":318,\"publisher\":{\"@id\":\"https:\/\/permbledhja.com\/#organization\"},\"articleSection\":[\"Kryesoret\"],\"inLanguage\":\"sq\"},{\"@type\":\"WebPage\",\"@id\":\"https:\/\/permbledhja.com\/sq\/kusari-per-token-te-manastiri-i-decanit-ka-nje-proces-ne-gjykaten-ne-prishtine-qe-duhet-te-kryhet-per-ti-hapur-rruge-zbatimit\/\",\"url\":\"https:\/\/permbledhja.com\/sq\/kusari-per-token-te-manastiri-i-decanit-ka-nje-proces-ne-gjykaten-ne-prishtine-qe-duhet-te-kryhet-per-ti-hapur-rruge-zbatimit\/\",\"name\":\"Kusari p\u00ebr tok\u00ebn te Manastiri i De\u00e7anit: Ka nj\u00eb proces n\u00eb Gjykat\u00ebn n\u00eb Prishtin\u00eb q\u00eb duhet te kryhet p\u00ebr t\u2019i hapur rrug\u00eb zbatimit\",\"isPartOf\":{\"@id\":\"https:\/\/permbledhja.com\/#website\"},\"datePublished\":\"2024-03-11T12:20:00+00:00\",\"dateModified\":\"2024-03-11T12:20:00+00:00\",\"breadcrumb\":{\"@id\":\"https:\/\/permbledhja.com\/sq\/kusari-per-token-te-manastiri-i-decanit-ka-nje-proces-ne-gjykaten-ne-prishtine-qe-duhet-te-kryhet-per-ti-hapur-rruge-zbatimit\/#breadcrumb\"},\"inLanguage\":\"sq\",\"potentialAction\":[{\"@type\":\"ReadAction\",\"target\":[\"https:\/\/permbledhja.com\/sq\/kusari-per-token-te-manastiri-i-decanit-ka-nje-proces-ne-gjykaten-ne-prishtine-qe-duhet-te-kryhet-per-ti-hapur-rruge-zbatimit\/\"]}]},{\"@type\":\"BreadcrumbList\",\"@id\":\"https:\/\/permbledhja.com\/sq\/kusari-per-token-te-manastiri-i-decanit-ka-nje-proces-ne-gjykaten-ne-prishtine-qe-duhet-te-kryhet-per-ti-hapur-rruge-zbatimit\/#breadcrumb\",\"itemListElement\":[{\"@type\":\"ListItem\",\"position\":1,\"name\":\"Ballina\",\"item\":\"https:\/\/permbledhja.com\/sq\/\"},{\"@type\":\"ListItem\",\"position\":2,\"name\":\"Kusari p\u00ebr tok\u00ebn te Manastiri i De\u00e7anit: Ka nj\u00eb proces n\u00eb Gjykat\u00ebn n\u00eb Prishtin\u00eb q\u00eb duhet te kryhet p\u00ebr t\u2019i hapur rrug\u00eb zbatimit\"}]},{\"@type\":\"WebSite\",\"@id\":\"https:\/\/permbledhja.com\/#website\",\"url\":\"https:\/\/permbledhja.com\/\",\"name\":\"Ve\u00e7 artikuj p\u00ebrmbledh\u00ebs\",\"description\":\"\",\"publisher\":{\"@id\":\"https:\/\/permbledhja.com\/#organization\"},\"potentialAction\":[{\"@type\":\"SearchAction\",\"target\":{\"@type\":\"EntryPoint\",\"urlTemplate\":\"https:\/\/permbledhja.com\/?s={search_term_string}\"},\"query-input\":\"required name=search_term_string\"}],\"inLanguage\":\"sq\"},{\"@type\":\"Organization\",\"@id\":\"https:\/\/permbledhja.com\/#organization\",\"name\":\"MK Media & Pr\",\"url\":\"https:\/\/permbledhja.com\/\",\"logo\":{\"@type\":\"ImageObject\",\"inLanguage\":\"sq\",\"@id\":\"https:\/\/permbledhja.com\/#\/schema\/logo\/image\/\",\"url\":\"https:\/\/permbledhja.com\/wp-content\/uploads\/2021\/12\/07-Press-Logo.jpg\",\"contentUrl\":\"https:\/\/permbledhja.com\/wp-content\/uploads\/2021\/12\/07-Press-Logo.jpg\",\"width\":512,\"height\":512,\"caption\":\"MK Media & Pr\"},\"image\":{\"@id\":\"https:\/\/permbledhja.com\/#\/schema\/logo\/image\/\"},\"sameAs\":[\"https:\/\/www.facebook.com\/press07\/\"]},{\"@type\":\"Person\",\"@id\":\"https:\/\/permbledhja.com\/#\/schema\/person\/9c54260cbc4c6f792cb100550491638c\",\"name\":\"DL\",\"image\":{\"@type\":\"ImageObject\",\"inLanguage\":\"sq\",\"@id\":\"https:\/\/permbledhja.com\/#\/schema\/person\/image\/\",\"url\":\"https:\/\/secure.gravatar.com\/avatar\/94503eb28d4c4b2005a5c8753e35fc80?s=96&d=mm&r=g\",\"contentUrl\":\"https:\/\/secure.gravatar.com\/avatar\/94503eb28d4c4b2005a5c8753e35fc80?s=96&d=mm&r=g\",\"caption\":\"DL\"},\"url\":\"https:\/\/permbledhja.com\/sq\/author\/dl\/\"}]}<\/script>\n<!-- \/ Yoast SEO plugin. -->","yoast_head_json":{"title":"Kusari p\u00ebr tok\u00ebn te Manastiri i De\u00e7anit: Ka nj\u00eb proces n\u00eb Gjykat\u00ebn n\u00eb Prishtin\u00eb q\u00eb duhet te kryhet p\u00ebr t\u2019i hapur rrug\u00eb zbatimit","robots":{"index":"index","follow":"follow","max-snippet":"max-snippet:-1","max-image-preview":"max-image-preview:large","max-video-preview":"max-video-preview:-1"},"canonical":"https:\/\/permbledhja.com\/sq\/kusari-per-token-te-manastiri-i-decanit-ka-nje-proces-ne-gjykaten-ne-prishtine-qe-duhet-te-kryhet-per-ti-hapur-rruge-zbatimit\/","og_locale":"sq_AL","og_type":"article","og_title":"Kusari p\u00ebr tok\u00ebn te Manastiri i De\u00e7anit: Ka nj\u00eb proces n\u00eb Gjykat\u00ebn n\u00eb Prishtin\u00eb q\u00eb duhet te kryhet p\u00ebr t\u2019i hapur rrug\u00eb zbatimit","og_description":"Shefja e Grupit Parlamentar t\u00eb VV\u2019s\u00eb, Mimoza Kusari Lila, pas mbledhjes s\u00eb kryesis\u00eb s\u00eb Kuvendit ka folur para gazetar\u00ebve. Ajo \u00ebsht\u00eb pyetur edhe p\u00ebr raportimet se Qeveria e Kosov\u00ebs i ka k\u00ebrkuar komun\u00ebs s\u00eb De\u00e7anit q\u00eb ta zbatoj\u00eb vendimin e Gjykat\u00ebs Kushtetuese p\u00ebr tok\u00ebn e Manastirit t\u00eb De\u00e7anit. Ajo tha se nuk ka informacion p\u00ebr [&hellip;]","og_url":"https:\/\/permbledhja.com\/sq\/kusari-per-token-te-manastiri-i-decanit-ka-nje-proces-ne-gjykaten-ne-prishtine-qe-duhet-te-kryhet-per-ti-hapur-rruge-zbatimit\/","og_site_name":"Ve\u00e7 artikuj p\u00ebrmbledh\u00ebs","article_publisher":"https:\/\/www.facebook.com\/press07\/","article_published_time":"2024-03-11T12:20:00+00:00","og_image":[{"width":979,"height":579,"url":"https:\/\/permbledhja.com\/wp-content\/uploads\/2024\/03\/Screenshot_20240311-131605_Chrome.jpg","type":"image\/jpeg"}],"author":"DL","twitter_card":"summary_large_image","twitter_misc":{"Written by":"DL","Est. reading time":"2 minuta"},"schema":{"@context":"https:\/\/schema.org","@graph":[{"@type":"Article","@id":"https:\/\/permbledhja.com\/sq\/kusari-per-token-te-manastiri-i-decanit-ka-nje-proces-ne-gjykaten-ne-prishtine-qe-duhet-te-kryhet-per-ti-hapur-rruge-zbatimit\/#article","isPartOf":{"@id":"https:\/\/permbledhja.com\/sq\/kusari-per-token-te-manastiri-i-decanit-ka-nje-proces-ne-gjykaten-ne-prishtine-qe-duhet-te-kryhet-per-ti-hapur-rruge-zbatimit\/"},"author":{"name":"DL","@id":"https:\/\/permbledhja.com\/#\/schema\/person\/9c54260cbc4c6f792cb100550491638c"},"headline":"Kusari p\u00ebr tok\u00ebn te Manastiri i De\u00e7anit: Ka nj\u00eb proces n\u00eb Gjykat\u00ebn n\u00eb Prishtin\u00eb q\u00eb duhet te kryhet p\u00ebr t\u2019i hapur rrug\u00eb zbatimit","datePublished":"2024-03-11T12:20:00+00:00","dateModified":"2024-03-11T12:20:00+00:00","mainEntityOfPage":{"@id":"https:\/\/permbledhja.com\/sq\/kusari-per-token-te-manastiri-i-decanit-ka-nje-proces-ne-gjykaten-ne-prishtine-qe-duhet-te-kryhet-per-ti-hapur-rruge-zbatimit\/"},"wordCount":318,"publisher":{"@id":"https:\/\/permbledhja.com\/#organization"},"articleSection":["Kryesoret"],"inLanguage":"sq"},{"@type":"WebPage","@id":"https:\/\/permbledhja.com\/sq\/kusari-per-token-te-manastiri-i-decanit-ka-nje-proces-ne-gjykaten-ne-prishtine-qe-duhet-te-kryhet-per-ti-hapur-rruge-zbatimit\/","url":"https:\/\/permbledhja.com\/sq\/kusari-per-token-te-manastiri-i-decanit-ka-nje-proces-ne-gjykaten-ne-prishtine-qe-duhet-te-kryhet-per-ti-hapur-rruge-zbatimit\/","name":"Kusari p\u00ebr tok\u00ebn te Manastiri i De\u00e7anit: Ka nj\u00eb proces n\u00eb Gjykat\u00ebn n\u00eb Prishtin\u00eb q\u00eb duhet te kryhet p\u00ebr t\u2019i hapur rrug\u00eb zbatimit","isPartOf":{"@id":"https:\/\/permbledhja.com\/#website"},"datePublished":"2024-03-11T12:20:00+00:00","dateModified":"2024-03-11T12:20:00+00:00","breadcrumb":{"@id":"https:\/\/permbledhja.com\/sq\/kusari-per-token-te-manastiri-i-decanit-ka-nje-proces-ne-gjykaten-ne-prishtine-qe-duhet-te-kryhet-per-ti-hapur-rruge-zbatimit\/#breadcrumb"},"inLanguage":"sq","potentialAction":[{"@type":"ReadAction","target":["https:\/\/permbledhja.com\/sq\/kusari-per-token-te-manastiri-i-decanit-ka-nje-proces-ne-gjykaten-ne-prishtine-qe-duhet-te-kryhet-per-ti-hapur-rruge-zbatimit\/"]}]},{"@type":"BreadcrumbList","@id":"https:\/\/permbledhja.com\/sq\/kusari-per-token-te-manastiri-i-decanit-ka-nje-proces-ne-gjykaten-ne-prishtine-qe-duhet-te-kryhet-per-ti-hapur-rruge-zbatimit\/#breadcrumb","itemListElement":[{"@type":"ListItem","position":1,"name":"Ballina","item":"https:\/\/permbledhja.com\/sq\/"},{"@type":"ListItem","position":2,"name":"Kusari p\u00ebr tok\u00ebn te Manastiri i De\u00e7anit: Ka nj\u00eb proces n\u00eb Gjykat\u00ebn n\u00eb Prishtin\u00eb q\u00eb duhet te kryhet p\u00ebr t\u2019i hapur rrug\u00eb zbatimit"}]},{"@type":"WebSite","@id":"https:\/\/permbledhja.com\/#website","url":"https:\/\/permbledhja.com\/","name":"Ve\u00e7 artikuj p\u00ebrmbledh\u00ebs","description":"","publisher":{"@id":"https:\/\/permbledhja.com\/#organization"},"potentialAction":[{"@type":"SearchAction","target":{"@type":"EntryPoint","urlTemplate":"https:\/\/permbledhja.com\/?s={search_term_string}"},"query-input":"required name=search_term_string"}],"inLanguage":"sq"},{"@type":"Organization","@id":"https:\/\/permbledhja.com\/#organization","name":"MK Media & Pr","url":"https:\/\/permbledhja.com\/","logo":{"@type":"ImageObject","inLanguage":"sq","@id":"https:\/\/permbledhja.com\/#\/schema\/logo\/image\/","url":"https:\/\/permbledhja.com\/wp-content\/uploads\/2021\/12\/07-Press-Logo.jpg","contentUrl":"https:\/\/permbledhja.com\/wp-content\/uploads\/2021\/12\/07-Press-Logo.jpg","width":512,"height":512,"caption":"MK Media & Pr"},"image":{"@id":"https:\/\/permbledhja.com\/#\/schema\/logo\/image\/"},"sameAs":["https:\/\/www.facebook.com\/press07\/"]},{"@type":"Person","@id":"https:\/\/permbledhja.com\/#\/schema\/person\/9c54260cbc4c6f792cb100550491638c","name":"DL","image":{"@type":"ImageObject","inLanguage":"sq","@id":"https:\/\/permbledhja.com\/#\/schema\/person\/image\/","url":"https:\/\/secure.gravatar.com\/avatar\/94503eb28d4c4b2005a5c8753e35fc80?s=96&d=mm&r=g","contentUrl":"https:\/\/secure.gravatar.com\/avatar\/94503eb28d4c4b2005a5c8753e35fc80?s=96&d=mm&r=g","caption":"DL"},"url":"https:\/\/permbledhja.com\/sq\/author\/dl\/"}]}},"_links":{"self":[{"href":"https:\/\/permbledhja.com\/sq\/wp-json\/wp\/v2\/posts\/51897"}],"collection":[{"href":"https:\/\/permbledhja.com\/sq\/wp-json\/wp\/v2\/posts"}],"about":[{"href":"https:\/\/permbledhja.com\/sq\/wp-json\/wp\/v2\/types\/post"}],"author":[{"embeddable":true,"href":"https:\/\/permbledhja.com\/sq\/wp-json\/wp\/v2\/users\/5"}],"replies":[{"embeddable":true,"href":"https:\/\/permbledhja.com\/sq\/wp-json\/wp\/v2\/comments?post=51897"}],"version-history":[{"count":1,"href":"https:\/\/permbledhja.com\/sq\/wp-json\/wp\/v2\/posts\/51897\/revisions"}],"predecessor-version":[{"id":51899,"href":"https:\/\/permbledhja.com\/sq\/wp-json\/wp\/v2\/posts\/51897\/revisions\/51899"}],"wp:featuredmedia":[{"embeddable":true,"href":"https:\/\/permbledhja.com\/sq\/wp-json\/wp\/v2\/media\/51898"}],"wp:attachment":[{"href":"https:\/\/permbledhja.com\/sq\/wp-json\/wp\/v2\/media?parent=51897"}],"wp:term":[{"taxonomy":"category","embeddable":true,"href":"https:\/\/permbledhja.com\/sq\/wp-json\/wp\/v2\/categories?post=51897"},{"taxonomy":"post_tag","embeddable":true,"href":"https:\/\/permbledhja.com\/sq\/wp-json\/wp\/v2\/tags?post=51897"}],"curies":[{"name":"wp","href":"https:\/\/api.w.org\/{rel}","templated":true}]}}