{"id":51892,"date":"2024-03-11T12:03:35","date_gmt":"2024-03-11T12:03:35","guid":{"rendered":"https:\/\/permbledhja.com\/?p=51892"},"modified":"2024-03-11T12:03:35","modified_gmt":"2024-03-11T12:03:35","slug":"ererat-e-forta-komuna-kerkon-nga-qytetaret-te-kene-kujdes-mos-kaloni-afer-pemeve-apo-objekteve-te-larta","status":"publish","type":"post","link":"https:\/\/permbledhja.com\/sq\/ererat-e-forta-komuna-kerkon-nga-qytetaret-te-kene-kujdes-mos-kaloni-afer-pemeve-apo-objekteve-te-larta\/","title":{"rendered":"Er\u00ebrat e forta, Komuna k\u00ebrkon nga qytetar\u00ebt t\u00eb ken\u00eb kujdes: Mos kaloni af\u00ebr pem\u00ebve apo objekteve t\u00eb larta"},"content":{"rendered":"<h3>Si pasoj\u00eb e er\u00ebrave t\u00eb forta, Komuna e Prishtin\u00ebs u ka b\u00ebr\u00eb thirje qytetar\u00ebve q\u00eb t\u00eb ken\u00eb kujdes gjat\u00eb ecjes n\u00eb parqe, af\u00ebr pem\u00ebve dhe objekteve t\u00eb larta.<\/h3>\n<p style=\"box-sizing: border-box; margin-bottom: 15px; font-size: 15px; line-height: 26px; letter-spacing: -0.2px; font-family: Raleway-Regular, sans-serif; color: #212529;\">Lul\u00ebzim Fushtrica drejtor p\u00ebr Siguri dhe Emergjenca n\u00eb Komun\u00ebn e Prishtin\u00ebs, ka k\u00ebrkuar nga qytetar\u00ebt q\u00eb t\u00eb ken\u00eb kujdes t\u00eb shtuar p\u00ebr shkak t\u00eb er\u00ebrave t\u00eb forta, t\u00eb cilat po fryejn\u00eb me shpejt\u00ebsi prej 70 km\/h.<\/p>\n<p style=\"box-sizing: border-box; margin-bottom: 15px; font-size: 15px; line-height: 26px; letter-spacing: -0.2px; font-family: Raleway-Regular, sans-serif; color: #212529;\">\u201cT\u00eb nderuar qytetar\u00eb, ju lutemi keni kujdes gjat\u00eb ecjes n\u00eb parqe, af\u00ebr pem\u00ebve apo objekteve t\u00eb larta, mos kaloni af\u00ebr tyre p\u00ebr shkak t\u00eb er\u00ebrave t\u00eb forta t\u00eb cilat po fryjn\u00eb me shpejt\u00ebsi 70km\/h\u201d, ka shkruar Fushtica n\u00eb Facebook.<\/p>\n","protected":false},"excerpt":{"rendered":"<p>Si pasoj\u00eb e er\u00ebrave t\u00eb forta, Komuna e Prishtin\u00ebs u ka b\u00ebr\u00eb thirje qytetar\u00ebve q\u00eb t\u00eb ken\u00eb kujdes gjat\u00eb ecjes n\u00eb parqe, af\u00ebr pem\u00ebve dhe objekteve t\u00eb larta. Lul\u00ebzim Fushtrica drejtor p\u00ebr Siguri dhe Emergjenca n\u00eb Komun\u00ebn e Prishtin\u00ebs, ka k\u00ebrkuar nga qytetar\u00ebt q\u00eb t\u00eb ken\u00eb kujdes t\u00eb shtuar p\u00ebr shkak t\u00eb er\u00ebrave t\u00eb forta, [&hellip;]<\/p>\n","protected":false},"author":5,"featured_media":51895,"comment_status":"closed","ping_status":"closed","sticky":false,"template":"","format":"standard","meta":{"_monsterinsights_skip_tracking":false,"_monsterinsights_sitenote_active":false,"_monsterinsights_sitenote_note":"","_monsterinsights_sitenote_category":0,"_uf_show_specific_survey":0,"_uf_disable_surveys":false,"footnotes":""},"categories":[2645],"tags":[],"yoast_head":"<!-- This site is optimized with the Yoast SEO plugin v21.5 - https:\/\/yoast.com\/wordpress\/plugins\/seo\/ -->\n<title>Er\u00ebrat e forta, Komuna k\u00ebrkon nga qytetar\u00ebt t\u00eb ken\u00eb kujdes: Mos kaloni af\u00ebr pem\u00ebve apo objekteve t\u00eb larta<\/title>\n<meta name=\"robots\" content=\"index, follow, max-snippet:-1, max-image-preview:large, max-video-preview:-1\" \/>\n<link rel=\"canonical\" href=\"https:\/\/permbledhja.com\/sq\/ererat-e-forta-komuna-kerkon-nga-qytetaret-te-kene-kujdes-mos-kaloni-afer-pemeve-apo-objekteve-te-larta\/\" \/>\n<meta property=\"og:locale\" content=\"sq_AL\" \/>\n<meta property=\"og:type\" content=\"article\" \/>\n<meta property=\"og:title\" content=\"Er\u00ebrat e forta, Komuna k\u00ebrkon nga qytetar\u00ebt t\u00eb ken\u00eb kujdes: Mos kaloni af\u00ebr pem\u00ebve apo objekteve t\u00eb larta\" \/>\n<meta property=\"og:description\" content=\"Si pasoj\u00eb e er\u00ebrave t\u00eb forta, Komuna e Prishtin\u00ebs u ka b\u00ebr\u00eb thirje qytetar\u00ebve q\u00eb t\u00eb ken\u00eb kujdes gjat\u00eb ecjes n\u00eb parqe, af\u00ebr pem\u00ebve dhe objekteve t\u00eb larta. Lul\u00ebzim Fushtrica drejtor p\u00ebr Siguri dhe Emergjenca n\u00eb Komun\u00ebn e Prishtin\u00ebs, ka k\u00ebrkuar nga qytetar\u00ebt q\u00eb t\u00eb ken\u00eb kujdes t\u00eb shtuar p\u00ebr shkak t\u00eb er\u00ebrave t\u00eb forta, [&hellip;]\" \/>\n<meta property=\"og:url\" content=\"https:\/\/permbledhja.com\/sq\/ererat-e-forta-komuna-kerkon-nga-qytetaret-te-kene-kujdes-mos-kaloni-afer-pemeve-apo-objekteve-te-larta\/\" \/>\n<meta property=\"og:site_name\" content=\"Ve\u00e7 artikuj p\u00ebrmbledh\u00ebs\" \/>\n<meta property=\"article:publisher\" content=\"https:\/\/www.facebook.com\/press07\/\" \/>\n<meta property=\"article:published_time\" content=\"2024-03-11T12:03:35+00:00\" \/>\n<meta property=\"og:image\" content=\"https:\/\/permbledhja.com\/wp-content\/uploads\/2024\/03\/Screenshot_20240311-130119_Chrome.jpg\" \/>\n\t<meta property=\"og:image:width\" content=\"958\" \/>\n\t<meta property=\"og:image:height\" content=\"562\" \/>\n\t<meta property=\"og:image:type\" content=\"image\/jpeg\" \/>\n<meta name=\"author\" content=\"DL\" \/>\n<meta name=\"twitter:card\" content=\"summary_large_image\" \/>\n<meta name=\"twitter:label1\" content=\"Written by\" \/>\n\t<meta name=\"twitter:data1\" content=\"DL\" \/>\n\t<meta name=\"twitter:label2\" content=\"Est. reading time\" \/>\n\t<meta name=\"twitter:data2\" content=\"1 minut\u00eb\" \/>\n<script type=\"application\/ld+json\" class=\"yoast-schema-graph\">{\"@context\":\"https:\/\/schema.org\",\"@graph\":[{\"@type\":\"Article\",\"@id\":\"https:\/\/permbledhja.com\/ererat-e-forta-komuna-kerkon-nga-qytetaret-te-kene-kujdes-mos-kaloni-afer-pemeve-apo-objekteve-te-larta\/#article\",\"isPartOf\":{\"@id\":\"https:\/\/permbledhja.com\/ererat-e-forta-komuna-kerkon-nga-qytetaret-te-kene-kujdes-mos-kaloni-afer-pemeve-apo-objekteve-te-larta\/\"},\"author\":{\"name\":\"DL\",\"@id\":\"https:\/\/permbledhja.com\/#\/schema\/person\/9c54260cbc4c6f792cb100550491638c\"},\"headline\":\"Er\u00ebrat e forta, Komuna k\u00ebrkon nga qytetar\u00ebt t\u00eb ken\u00eb kujdes: Mos kaloni af\u00ebr pem\u00ebve apo objekteve t\u00eb larta\",\"datePublished\":\"2024-03-11T12:03:35+00:00\",\"dateModified\":\"2024-03-11T12:03:35+00:00\",\"mainEntityOfPage\":{\"@id\":\"https:\/\/permbledhja.com\/ererat-e-forta-komuna-kerkon-nga-qytetaret-te-kene-kujdes-mos-kaloni-afer-pemeve-apo-objekteve-te-larta\/\"},\"wordCount\":148,\"publisher\":{\"@id\":\"https:\/\/permbledhja.com\/#organization\"},\"articleSection\":[\"T\u00eb r\u00ebnd\u00ebsishme\"],\"inLanguage\":\"sq\"},{\"@type\":\"WebPage\",\"@id\":\"https:\/\/permbledhja.com\/ererat-e-forta-komuna-kerkon-nga-qytetaret-te-kene-kujdes-mos-kaloni-afer-pemeve-apo-objekteve-te-larta\/\",\"url\":\"https:\/\/permbledhja.com\/ererat-e-forta-komuna-kerkon-nga-qytetaret-te-kene-kujdes-mos-kaloni-afer-pemeve-apo-objekteve-te-larta\/\",\"name\":\"Er\u00ebrat e forta, Komuna k\u00ebrkon nga qytetar\u00ebt t\u00eb ken\u00eb kujdes: Mos kaloni af\u00ebr pem\u00ebve apo objekteve t\u00eb larta\",\"isPartOf\":{\"@id\":\"https:\/\/permbledhja.com\/#website\"},\"datePublished\":\"2024-03-11T12:03:35+00:00\",\"dateModified\":\"2024-03-11T12:03:35+00:00\",\"breadcrumb\":{\"@id\":\"https:\/\/permbledhja.com\/ererat-e-forta-komuna-kerkon-nga-qytetaret-te-kene-kujdes-mos-kaloni-afer-pemeve-apo-objekteve-te-larta\/#breadcrumb\"},\"inLanguage\":\"sq\",\"potentialAction\":[{\"@type\":\"ReadAction\",\"target\":[\"https:\/\/permbledhja.com\/ererat-e-forta-komuna-kerkon-nga-qytetaret-te-kene-kujdes-mos-kaloni-afer-pemeve-apo-objekteve-te-larta\/\"]}]},{\"@type\":\"BreadcrumbList\",\"@id\":\"https:\/\/permbledhja.com\/ererat-e-forta-komuna-kerkon-nga-qytetaret-te-kene-kujdes-mos-kaloni-afer-pemeve-apo-objekteve-te-larta\/#breadcrumb\",\"itemListElement\":[{\"@type\":\"ListItem\",\"position\":1,\"name\":\"Ballina\",\"item\":\"https:\/\/permbledhja.com\/sq\/\"},{\"@type\":\"ListItem\",\"position\":2,\"name\":\"Er\u00ebrat e forta, Komuna k\u00ebrkon nga qytetar\u00ebt t\u00eb ken\u00eb kujdes: Mos kaloni af\u00ebr pem\u00ebve apo objekteve t\u00eb larta\"}]},{\"@type\":\"WebSite\",\"@id\":\"https:\/\/permbledhja.com\/#website\",\"url\":\"https:\/\/permbledhja.com\/\",\"name\":\"Ve\u00e7 artikuj p\u00ebrmbledh\u00ebs\",\"description\":\"\",\"publisher\":{\"@id\":\"https:\/\/permbledhja.com\/#organization\"},\"potentialAction\":[{\"@type\":\"SearchAction\",\"target\":{\"@type\":\"EntryPoint\",\"urlTemplate\":\"https:\/\/permbledhja.com\/?s={search_term_string}\"},\"query-input\":\"required name=search_term_string\"}],\"inLanguage\":\"sq\"},{\"@type\":\"Organization\",\"@id\":\"https:\/\/permbledhja.com\/#organization\",\"name\":\"MK Media & Pr\",\"url\":\"https:\/\/permbledhja.com\/\",\"logo\":{\"@type\":\"ImageObject\",\"inLanguage\":\"sq\",\"@id\":\"https:\/\/permbledhja.com\/#\/schema\/logo\/image\/\",\"url\":\"https:\/\/permbledhja.com\/wp-content\/uploads\/2021\/12\/07-Press-Logo.jpg\",\"contentUrl\":\"https:\/\/permbledhja.com\/wp-content\/uploads\/2021\/12\/07-Press-Logo.jpg\",\"width\":512,\"height\":512,\"caption\":\"MK Media & Pr\"},\"image\":{\"@id\":\"https:\/\/permbledhja.com\/#\/schema\/logo\/image\/\"},\"sameAs\":[\"https:\/\/www.facebook.com\/press07\/\"]},{\"@type\":\"Person\",\"@id\":\"https:\/\/permbledhja.com\/#\/schema\/person\/9c54260cbc4c6f792cb100550491638c\",\"name\":\"DL\",\"image\":{\"@type\":\"ImageObject\",\"inLanguage\":\"sq\",\"@id\":\"https:\/\/permbledhja.com\/#\/schema\/person\/image\/\",\"url\":\"https:\/\/secure.gravatar.com\/avatar\/94503eb28d4c4b2005a5c8753e35fc80?s=96&d=mm&r=g\",\"contentUrl\":\"https:\/\/secure.gravatar.com\/avatar\/94503eb28d4c4b2005a5c8753e35fc80?s=96&d=mm&r=g\",\"caption\":\"DL\"},\"url\":\"https:\/\/permbledhja.com\/sq\/author\/dl\/\"}]}<\/script>\n<!-- \/ Yoast SEO plugin. -->","yoast_head_json":{"title":"Er\u00ebrat e forta, Komuna k\u00ebrkon nga qytetar\u00ebt t\u00eb ken\u00eb kujdes: Mos kaloni af\u00ebr pem\u00ebve apo objekteve t\u00eb larta","robots":{"index":"index","follow":"follow","max-snippet":"max-snippet:-1","max-image-preview":"max-image-preview:large","max-video-preview":"max-video-preview:-1"},"canonical":"https:\/\/permbledhja.com\/sq\/ererat-e-forta-komuna-kerkon-nga-qytetaret-te-kene-kujdes-mos-kaloni-afer-pemeve-apo-objekteve-te-larta\/","og_locale":"sq_AL","og_type":"article","og_title":"Er\u00ebrat e forta, Komuna k\u00ebrkon nga qytetar\u00ebt t\u00eb ken\u00eb kujdes: Mos kaloni af\u00ebr pem\u00ebve apo objekteve t\u00eb larta","og_description":"Si pasoj\u00eb e er\u00ebrave t\u00eb forta, Komuna e Prishtin\u00ebs u ka b\u00ebr\u00eb thirje qytetar\u00ebve q\u00eb t\u00eb ken\u00eb kujdes gjat\u00eb ecjes n\u00eb parqe, af\u00ebr pem\u00ebve dhe objekteve t\u00eb larta. Lul\u00ebzim Fushtrica drejtor p\u00ebr Siguri dhe Emergjenca n\u00eb Komun\u00ebn e Prishtin\u00ebs, ka k\u00ebrkuar nga qytetar\u00ebt q\u00eb t\u00eb ken\u00eb kujdes t\u00eb shtuar p\u00ebr shkak t\u00eb er\u00ebrave t\u00eb forta, [&hellip;]","og_url":"https:\/\/permbledhja.com\/sq\/ererat-e-forta-komuna-kerkon-nga-qytetaret-te-kene-kujdes-mos-kaloni-afer-pemeve-apo-objekteve-te-larta\/","og_site_name":"Ve\u00e7 artikuj p\u00ebrmbledh\u00ebs","article_publisher":"https:\/\/www.facebook.com\/press07\/","article_published_time":"2024-03-11T12:03:35+00:00","og_image":[{"width":958,"height":562,"url":"https:\/\/permbledhja.com\/wp-content\/uploads\/2024\/03\/Screenshot_20240311-130119_Chrome.jpg","type":"image\/jpeg"}],"author":"DL","twitter_card":"summary_large_image","twitter_misc":{"Written by":"DL","Est. reading time":"1 minut\u00eb"},"schema":{"@context":"https:\/\/schema.org","@graph":[{"@type":"Article","@id":"https:\/\/permbledhja.com\/ererat-e-forta-komuna-kerkon-nga-qytetaret-te-kene-kujdes-mos-kaloni-afer-pemeve-apo-objekteve-te-larta\/#article","isPartOf":{"@id":"https:\/\/permbledhja.com\/ererat-e-forta-komuna-kerkon-nga-qytetaret-te-kene-kujdes-mos-kaloni-afer-pemeve-apo-objekteve-te-larta\/"},"author":{"name":"DL","@id":"https:\/\/permbledhja.com\/#\/schema\/person\/9c54260cbc4c6f792cb100550491638c"},"headline":"Er\u00ebrat e forta, Komuna k\u00ebrkon nga qytetar\u00ebt t\u00eb ken\u00eb kujdes: Mos kaloni af\u00ebr pem\u00ebve apo objekteve t\u00eb larta","datePublished":"2024-03-11T12:03:35+00:00","dateModified":"2024-03-11T12:03:35+00:00","mainEntityOfPage":{"@id":"https:\/\/permbledhja.com\/ererat-e-forta-komuna-kerkon-nga-qytetaret-te-kene-kujdes-mos-kaloni-afer-pemeve-apo-objekteve-te-larta\/"},"wordCount":148,"publisher":{"@id":"https:\/\/permbledhja.com\/#organization"},"articleSection":["T\u00eb r\u00ebnd\u00ebsishme"],"inLanguage":"sq"},{"@type":"WebPage","@id":"https:\/\/permbledhja.com\/ererat-e-forta-komuna-kerkon-nga-qytetaret-te-kene-kujdes-mos-kaloni-afer-pemeve-apo-objekteve-te-larta\/","url":"https:\/\/permbledhja.com\/ererat-e-forta-komuna-kerkon-nga-qytetaret-te-kene-kujdes-mos-kaloni-afer-pemeve-apo-objekteve-te-larta\/","name":"Er\u00ebrat e forta, Komuna k\u00ebrkon nga qytetar\u00ebt t\u00eb ken\u00eb kujdes: Mos kaloni af\u00ebr pem\u00ebve apo objekteve t\u00eb larta","isPartOf":{"@id":"https:\/\/permbledhja.com\/#website"},"datePublished":"2024-03-11T12:03:35+00:00","dateModified":"2024-03-11T12:03:35+00:00","breadcrumb":{"@id":"https:\/\/permbledhja.com\/ererat-e-forta-komuna-kerkon-nga-qytetaret-te-kene-kujdes-mos-kaloni-afer-pemeve-apo-objekteve-te-larta\/#breadcrumb"},"inLanguage":"sq","potentialAction":[{"@type":"ReadAction","target":["https:\/\/permbledhja.com\/ererat-e-forta-komuna-kerkon-nga-qytetaret-te-kene-kujdes-mos-kaloni-afer-pemeve-apo-objekteve-te-larta\/"]}]},{"@type":"BreadcrumbList","@id":"https:\/\/permbledhja.com\/ererat-e-forta-komuna-kerkon-nga-qytetaret-te-kene-kujdes-mos-kaloni-afer-pemeve-apo-objekteve-te-larta\/#breadcrumb","itemListElement":[{"@type":"ListItem","position":1,"name":"Ballina","item":"https:\/\/permbledhja.com\/sq\/"},{"@type":"ListItem","position":2,"name":"Er\u00ebrat e forta, Komuna k\u00ebrkon nga qytetar\u00ebt t\u00eb ken\u00eb kujdes: Mos kaloni af\u00ebr pem\u00ebve apo objekteve t\u00eb larta"}]},{"@type":"WebSite","@id":"https:\/\/permbledhja.com\/#website","url":"https:\/\/permbledhja.com\/","name":"Ve\u00e7 artikuj p\u00ebrmbledh\u00ebs","description":"","publisher":{"@id":"https:\/\/permbledhja.com\/#organization"},"potentialAction":[{"@type":"SearchAction","target":{"@type":"EntryPoint","urlTemplate":"https:\/\/permbledhja.com\/?s={search_term_string}"},"query-input":"required name=search_term_string"}],"inLanguage":"sq"},{"@type":"Organization","@id":"https:\/\/permbledhja.com\/#organization","name":"MK Media & Pr","url":"https:\/\/permbledhja.com\/","logo":{"@type":"ImageObject","inLanguage":"sq","@id":"https:\/\/permbledhja.com\/#\/schema\/logo\/image\/","url":"https:\/\/permbledhja.com\/wp-content\/uploads\/2021\/12\/07-Press-Logo.jpg","contentUrl":"https:\/\/permbledhja.com\/wp-content\/uploads\/2021\/12\/07-Press-Logo.jpg","width":512,"height":512,"caption":"MK Media & Pr"},"image":{"@id":"https:\/\/permbledhja.com\/#\/schema\/logo\/image\/"},"sameAs":["https:\/\/www.facebook.com\/press07\/"]},{"@type":"Person","@id":"https:\/\/permbledhja.com\/#\/schema\/person\/9c54260cbc4c6f792cb100550491638c","name":"DL","image":{"@type":"ImageObject","inLanguage":"sq","@id":"https:\/\/permbledhja.com\/#\/schema\/person\/image\/","url":"https:\/\/secure.gravatar.com\/avatar\/94503eb28d4c4b2005a5c8753e35fc80?s=96&d=mm&r=g","contentUrl":"https:\/\/secure.gravatar.com\/avatar\/94503eb28d4c4b2005a5c8753e35fc80?s=96&d=mm&r=g","caption":"DL"},"url":"https:\/\/permbledhja.com\/sq\/author\/dl\/"}]}},"_links":{"self":[{"href":"https:\/\/permbledhja.com\/sq\/wp-json\/wp\/v2\/posts\/51892"}],"collection":[{"href":"https:\/\/permbledhja.com\/sq\/wp-json\/wp\/v2\/posts"}],"about":[{"href":"https:\/\/permbledhja.com\/sq\/wp-json\/wp\/v2\/types\/post"}],"author":[{"embeddable":true,"href":"https:\/\/permbledhja.com\/sq\/wp-json\/wp\/v2\/users\/5"}],"replies":[{"embeddable":true,"href":"https:\/\/permbledhja.com\/sq\/wp-json\/wp\/v2\/comments?post=51892"}],"version-history":[{"count":1,"href":"https:\/\/permbledhja.com\/sq\/wp-json\/wp\/v2\/posts\/51892\/revisions"}],"predecessor-version":[{"id":51896,"href":"https:\/\/permbledhja.com\/sq\/wp-json\/wp\/v2\/posts\/51892\/revisions\/51896"}],"wp:featuredmedia":[{"embeddable":true,"href":"https:\/\/permbledhja.com\/sq\/wp-json\/wp\/v2\/media\/51895"}],"wp:attachment":[{"href":"https:\/\/permbledhja.com\/sq\/wp-json\/wp\/v2\/media?parent=51892"}],"wp:term":[{"taxonomy":"category","embeddable":true,"href":"https:\/\/permbledhja.com\/sq\/wp-json\/wp\/v2\/categories?post=51892"},{"taxonomy":"post_tag","embeddable":true,"href":"https:\/\/permbledhja.com\/sq\/wp-json\/wp\/v2\/tags?post=51892"}],"curies":[{"name":"wp","href":"https:\/\/api.w.org\/{rel}","templated":true}]}}