{"id":51890,"date":"2024-03-11T11:34:05","date_gmt":"2024-03-11T11:34:05","guid":{"rendered":"https:\/\/permbledhja.com\/?p=51890"},"modified":"2024-03-11T11:34:05","modified_gmt":"2024-03-11T11:34:05","slug":"pacolli-njofton-se-gjate-tere-muajit-te-ramazanit-do-te-ofroje-iftar-falas","status":"publish","type":"post","link":"https:\/\/permbledhja.com\/sq\/pacolli-njofton-se-gjate-tere-muajit-te-ramazanit-do-te-ofroje-iftar-falas\/","title":{"rendered":"Pacolli njofton se gjat\u00eb t\u00ebr\u00eb muajit t\u00eb Ramazanit do t\u00eb ofroj\u00eb iftar falas"},"content":{"rendered":"<h3>Kreu i AKR-s\u00eb, Behgjet Pacolli ka njoftuar se nga sot deri n\u00eb fund t\u00eb Ramazanit do t\u00eb ket\u00eb iftar falas p\u00ebr t\u00eb gjith\u00eb.<\/h3>\n<p style=\"box-sizing: border-box; margin-bottom: 15px; font-size: 15px; line-height: 26px; letter-spacing: -0.2px; font-family: Raleway-Regular, sans-serif; color: #212529;\">Pacolli ka shkruar n\u00eb Facebook, se pjes\u00ebmarrja n\u00eb k\u00ebto iftare \u00ebsht\u00eb e lir\u00eb p\u00ebr t\u00eb gjith\u00eb, edhe familjarisht, e pa asnj\u00eb procedur\u00eb paraprake.<\/p>\n<p style=\"box-sizing: border-box; margin-bottom: 15px; font-size: 15px; line-height: 26px; letter-spacing: -0.2px; font-family: Raleway-Regular, sans-serif; color: #212529;\"><span style=\"box-sizing: border-box; font-weight: bolder;\">Njoftimi i plot\u00eb pa nd\u00ebrhyrje:<\/span><\/p>\n<p style=\"box-sizing: border-box; margin-bottom: 15px; font-size: 15px; line-height: 26px; letter-spacing: -0.2px; font-family: Raleway-Regular, sans-serif; color: #212529;\">Te nderuar miq<\/p>\n<p style=\"box-sizing: border-box; margin-bottom: 15px; font-size: 15px; line-height: 26px; letter-spacing: -0.2px; font-family: Raleway-Regular, sans-serif; color: #212529;\">Fondacioni Behgjet Pacolli organizon, nga sot e deri ne fund te Ramazanit organizon<br style=\"box-sizing: border-box;\" \/>IFTAR masiv ne HAJVALI.<\/p>\n<p style=\"box-sizing: border-box; margin-bottom: 15px; font-size: 15px; line-height: 26px; letter-spacing: -0.2px; font-family: Raleway-Regular, sans-serif; color: #212529;\">Ju ftojme te ndani me ne gezimin e Iftareve.<\/p>\n<p style=\"box-sizing: border-box; margin-bottom: 15px; font-size: 15px; line-height: 26px; letter-spacing: -0.2px; font-family: Raleway-Regular, sans-serif; color: #212529;\">Pjesemarrja eshte e lire, per te gjithe ( edhe familjarishte) pa asnje procedure paraprake.<br style=\"box-sizing: border-box;\" \/>Ju presim ne Hajvali, ne hallen e Tenisit t\u00eb qendr\u00ebs DIAMOND rezidence.<\/p>\n<div class=\"\" style=\"box-sizing: border-box; margin-bottom: 40px; display: inline-block; width: 354px; color: #212529; font-family: -apple-system, BlinkMacSystemFont, 'Segoe UI', Roboto, 'Helvetica Neue', Arial, 'Noto Sans', sans-serif, 'Apple Color Emoji', 'Segoe UI Emoji', 'Segoe UI Symbol', 'Noto Color Emoji'; font-size: 12.8px;\"><\/div>\n","protected":false},"excerpt":{"rendered":"<p>Kreu i AKR-s\u00eb, Behgjet Pacolli ka njoftuar se nga sot deri n\u00eb fund t\u00eb Ramazanit do t\u00eb ket\u00eb iftar falas p\u00ebr t\u00eb gjith\u00eb. Pacolli ka shkruar n\u00eb Facebook, se pjes\u00ebmarrja n\u00eb k\u00ebto iftare \u00ebsht\u00eb e lir\u00eb p\u00ebr t\u00eb gjith\u00eb, edhe familjarisht, e pa asnj\u00eb procedur\u00eb paraprake. Njoftimi i plot\u00eb pa nd\u00ebrhyrje: Te nderuar miq Fondacioni [&hellip;]<\/p>\n","protected":false},"author":5,"featured_media":10025,"comment_status":"closed","ping_status":"closed","sticky":false,"template":"","format":"standard","meta":{"_monsterinsights_skip_tracking":false,"_monsterinsights_sitenote_active":false,"_monsterinsights_sitenote_note":"","_monsterinsights_sitenote_category":0,"_uf_show_specific_survey":0,"_uf_disable_surveys":false,"footnotes":""},"categories":[15],"tags":[],"yoast_head":"<!-- This site is optimized with the Yoast SEO plugin v21.5 - https:\/\/yoast.com\/wordpress\/plugins\/seo\/ -->\n<title>Pacolli njofton se gjat\u00eb t\u00ebr\u00eb muajit t\u00eb Ramazanit do t\u00eb ofroj\u00eb iftar falas<\/title>\n<meta name=\"robots\" content=\"index, follow, max-snippet:-1, max-image-preview:large, max-video-preview:-1\" \/>\n<link rel=\"canonical\" href=\"https:\/\/permbledhja.com\/sq\/pacolli-njofton-se-gjate-tere-muajit-te-ramazanit-do-te-ofroje-iftar-falas\/\" \/>\n<meta property=\"og:locale\" content=\"sq_AL\" \/>\n<meta property=\"og:type\" content=\"article\" \/>\n<meta property=\"og:title\" content=\"Pacolli njofton se gjat\u00eb t\u00ebr\u00eb muajit t\u00eb Ramazanit do t\u00eb ofroj\u00eb iftar falas\" \/>\n<meta property=\"og:description\" content=\"Kreu i AKR-s\u00eb, Behgjet Pacolli ka njoftuar se nga sot deri n\u00eb fund t\u00eb Ramazanit do t\u00eb ket\u00eb iftar falas p\u00ebr t\u00eb gjith\u00eb. Pacolli ka shkruar n\u00eb Facebook, se pjes\u00ebmarrja n\u00eb k\u00ebto iftare \u00ebsht\u00eb e lir\u00eb p\u00ebr t\u00eb gjith\u00eb, edhe familjarisht, e pa asnj\u00eb procedur\u00eb paraprake. Njoftimi i plot\u00eb pa nd\u00ebrhyrje: Te nderuar miq Fondacioni [&hellip;]\" \/>\n<meta property=\"og:url\" content=\"https:\/\/permbledhja.com\/sq\/pacolli-njofton-se-gjate-tere-muajit-te-ramazanit-do-te-ofroje-iftar-falas\/\" \/>\n<meta property=\"og:site_name\" content=\"Ve\u00e7 artikuj p\u00ebrmbledh\u00ebs\" \/>\n<meta property=\"article:publisher\" content=\"https:\/\/www.facebook.com\/press07\/\" \/>\n<meta property=\"article:published_time\" content=\"2024-03-11T11:34:05+00:00\" \/>\n<meta property=\"og:image\" content=\"https:\/\/permbledhja.com\/wp-content\/uploads\/2022\/11\/pacolli.png\" \/>\n\t<meta property=\"og:image:width\" content=\"585\" \/>\n\t<meta property=\"og:image:height\" content=\"418\" \/>\n\t<meta property=\"og:image:type\" content=\"image\/png\" \/>\n<meta name=\"author\" content=\"DL\" \/>\n<meta name=\"twitter:card\" content=\"summary_large_image\" \/>\n<meta name=\"twitter:label1\" content=\"Written by\" \/>\n\t<meta name=\"twitter:data1\" content=\"DL\" \/>\n\t<meta name=\"twitter:label2\" content=\"Est. reading time\" \/>\n\t<meta name=\"twitter:data2\" content=\"1 minut\u00eb\" \/>\n<script type=\"application\/ld+json\" class=\"yoast-schema-graph\">{\"@context\":\"https:\/\/schema.org\",\"@graph\":[{\"@type\":\"Article\",\"@id\":\"https:\/\/permbledhja.com\/pacolli-njofton-se-gjate-tere-muajit-te-ramazanit-do-te-ofroje-iftar-falas\/#article\",\"isPartOf\":{\"@id\":\"https:\/\/permbledhja.com\/pacolli-njofton-se-gjate-tere-muajit-te-ramazanit-do-te-ofroje-iftar-falas\/\"},\"author\":{\"name\":\"DL\",\"@id\":\"https:\/\/permbledhja.com\/#\/schema\/person\/9c54260cbc4c6f792cb100550491638c\"},\"headline\":\"Pacolli njofton se gjat\u00eb t\u00ebr\u00eb muajit t\u00eb Ramazanit do t\u00eb ofroj\u00eb iftar falas\",\"datePublished\":\"2024-03-11T11:34:05+00:00\",\"dateModified\":\"2024-03-11T11:34:05+00:00\",\"mainEntityOfPage\":{\"@id\":\"https:\/\/permbledhja.com\/pacolli-njofton-se-gjate-tere-muajit-te-ramazanit-do-te-ofroje-iftar-falas\/\"},\"wordCount\":124,\"publisher\":{\"@id\":\"https:\/\/permbledhja.com\/#organization\"},\"articleSection\":[\"Lajme\"],\"inLanguage\":\"sq\"},{\"@type\":\"WebPage\",\"@id\":\"https:\/\/permbledhja.com\/pacolli-njofton-se-gjate-tere-muajit-te-ramazanit-do-te-ofroje-iftar-falas\/\",\"url\":\"https:\/\/permbledhja.com\/pacolli-njofton-se-gjate-tere-muajit-te-ramazanit-do-te-ofroje-iftar-falas\/\",\"name\":\"Pacolli njofton se gjat\u00eb t\u00ebr\u00eb muajit t\u00eb Ramazanit do t\u00eb ofroj\u00eb iftar falas\",\"isPartOf\":{\"@id\":\"https:\/\/permbledhja.com\/#website\"},\"datePublished\":\"2024-03-11T11:34:05+00:00\",\"dateModified\":\"2024-03-11T11:34:05+00:00\",\"breadcrumb\":{\"@id\":\"https:\/\/permbledhja.com\/pacolli-njofton-se-gjate-tere-muajit-te-ramazanit-do-te-ofroje-iftar-falas\/#breadcrumb\"},\"inLanguage\":\"sq\",\"potentialAction\":[{\"@type\":\"ReadAction\",\"target\":[\"https:\/\/permbledhja.com\/pacolli-njofton-se-gjate-tere-muajit-te-ramazanit-do-te-ofroje-iftar-falas\/\"]}]},{\"@type\":\"BreadcrumbList\",\"@id\":\"https:\/\/permbledhja.com\/pacolli-njofton-se-gjate-tere-muajit-te-ramazanit-do-te-ofroje-iftar-falas\/#breadcrumb\",\"itemListElement\":[{\"@type\":\"ListItem\",\"position\":1,\"name\":\"Ballina\",\"item\":\"https:\/\/permbledhja.com\/sq\/\"},{\"@type\":\"ListItem\",\"position\":2,\"name\":\"Pacolli njofton se gjat\u00eb t\u00ebr\u00eb muajit t\u00eb Ramazanit do t\u00eb ofroj\u00eb iftar falas\"}]},{\"@type\":\"WebSite\",\"@id\":\"https:\/\/permbledhja.com\/#website\",\"url\":\"https:\/\/permbledhja.com\/\",\"name\":\"Ve\u00e7 artikuj p\u00ebrmbledh\u00ebs\",\"description\":\"\",\"publisher\":{\"@id\":\"https:\/\/permbledhja.com\/#organization\"},\"potentialAction\":[{\"@type\":\"SearchAction\",\"target\":{\"@type\":\"EntryPoint\",\"urlTemplate\":\"https:\/\/permbledhja.com\/?s={search_term_string}\"},\"query-input\":\"required name=search_term_string\"}],\"inLanguage\":\"sq\"},{\"@type\":\"Organization\",\"@id\":\"https:\/\/permbledhja.com\/#organization\",\"name\":\"MK Media & Pr\",\"url\":\"https:\/\/permbledhja.com\/\",\"logo\":{\"@type\":\"ImageObject\",\"inLanguage\":\"sq\",\"@id\":\"https:\/\/permbledhja.com\/#\/schema\/logo\/image\/\",\"url\":\"https:\/\/permbledhja.com\/wp-content\/uploads\/2021\/12\/07-Press-Logo.jpg\",\"contentUrl\":\"https:\/\/permbledhja.com\/wp-content\/uploads\/2021\/12\/07-Press-Logo.jpg\",\"width\":512,\"height\":512,\"caption\":\"MK Media & Pr\"},\"image\":{\"@id\":\"https:\/\/permbledhja.com\/#\/schema\/logo\/image\/\"},\"sameAs\":[\"https:\/\/www.facebook.com\/press07\/\"]},{\"@type\":\"Person\",\"@id\":\"https:\/\/permbledhja.com\/#\/schema\/person\/9c54260cbc4c6f792cb100550491638c\",\"name\":\"DL\",\"image\":{\"@type\":\"ImageObject\",\"inLanguage\":\"sq\",\"@id\":\"https:\/\/permbledhja.com\/#\/schema\/person\/image\/\",\"url\":\"https:\/\/secure.gravatar.com\/avatar\/94503eb28d4c4b2005a5c8753e35fc80?s=96&d=mm&r=g\",\"contentUrl\":\"https:\/\/secure.gravatar.com\/avatar\/94503eb28d4c4b2005a5c8753e35fc80?s=96&d=mm&r=g\",\"caption\":\"DL\"},\"url\":\"https:\/\/permbledhja.com\/sq\/author\/dl\/\"}]}<\/script>\n<!-- \/ Yoast SEO plugin. -->","yoast_head_json":{"title":"Pacolli njofton se gjat\u00eb t\u00ebr\u00eb muajit t\u00eb Ramazanit do t\u00eb ofroj\u00eb iftar falas","robots":{"index":"index","follow":"follow","max-snippet":"max-snippet:-1","max-image-preview":"max-image-preview:large","max-video-preview":"max-video-preview:-1"},"canonical":"https:\/\/permbledhja.com\/sq\/pacolli-njofton-se-gjate-tere-muajit-te-ramazanit-do-te-ofroje-iftar-falas\/","og_locale":"sq_AL","og_type":"article","og_title":"Pacolli njofton se gjat\u00eb t\u00ebr\u00eb muajit t\u00eb Ramazanit do t\u00eb ofroj\u00eb iftar falas","og_description":"Kreu i AKR-s\u00eb, Behgjet Pacolli ka njoftuar se nga sot deri n\u00eb fund t\u00eb Ramazanit do t\u00eb ket\u00eb iftar falas p\u00ebr t\u00eb gjith\u00eb. Pacolli ka shkruar n\u00eb Facebook, se pjes\u00ebmarrja n\u00eb k\u00ebto iftare \u00ebsht\u00eb e lir\u00eb p\u00ebr t\u00eb gjith\u00eb, edhe familjarisht, e pa asnj\u00eb procedur\u00eb paraprake. Njoftimi i plot\u00eb pa nd\u00ebrhyrje: Te nderuar miq Fondacioni [&hellip;]","og_url":"https:\/\/permbledhja.com\/sq\/pacolli-njofton-se-gjate-tere-muajit-te-ramazanit-do-te-ofroje-iftar-falas\/","og_site_name":"Ve\u00e7 artikuj p\u00ebrmbledh\u00ebs","article_publisher":"https:\/\/www.facebook.com\/press07\/","article_published_time":"2024-03-11T11:34:05+00:00","og_image":[{"width":585,"height":418,"url":"https:\/\/permbledhja.com\/wp-content\/uploads\/2022\/11\/pacolli.png","type":"image\/png"}],"author":"DL","twitter_card":"summary_large_image","twitter_misc":{"Written by":"DL","Est. reading time":"1 minut\u00eb"},"schema":{"@context":"https:\/\/schema.org","@graph":[{"@type":"Article","@id":"https:\/\/permbledhja.com\/pacolli-njofton-se-gjate-tere-muajit-te-ramazanit-do-te-ofroje-iftar-falas\/#article","isPartOf":{"@id":"https:\/\/permbledhja.com\/pacolli-njofton-se-gjate-tere-muajit-te-ramazanit-do-te-ofroje-iftar-falas\/"},"author":{"name":"DL","@id":"https:\/\/permbledhja.com\/#\/schema\/person\/9c54260cbc4c6f792cb100550491638c"},"headline":"Pacolli njofton se gjat\u00eb t\u00ebr\u00eb muajit t\u00eb Ramazanit do t\u00eb ofroj\u00eb iftar falas","datePublished":"2024-03-11T11:34:05+00:00","dateModified":"2024-03-11T11:34:05+00:00","mainEntityOfPage":{"@id":"https:\/\/permbledhja.com\/pacolli-njofton-se-gjate-tere-muajit-te-ramazanit-do-te-ofroje-iftar-falas\/"},"wordCount":124,"publisher":{"@id":"https:\/\/permbledhja.com\/#organization"},"articleSection":["Lajme"],"inLanguage":"sq"},{"@type":"WebPage","@id":"https:\/\/permbledhja.com\/pacolli-njofton-se-gjate-tere-muajit-te-ramazanit-do-te-ofroje-iftar-falas\/","url":"https:\/\/permbledhja.com\/pacolli-njofton-se-gjate-tere-muajit-te-ramazanit-do-te-ofroje-iftar-falas\/","name":"Pacolli njofton se gjat\u00eb t\u00ebr\u00eb muajit t\u00eb Ramazanit do t\u00eb ofroj\u00eb iftar falas","isPartOf":{"@id":"https:\/\/permbledhja.com\/#website"},"datePublished":"2024-03-11T11:34:05+00:00","dateModified":"2024-03-11T11:34:05+00:00","breadcrumb":{"@id":"https:\/\/permbledhja.com\/pacolli-njofton-se-gjate-tere-muajit-te-ramazanit-do-te-ofroje-iftar-falas\/#breadcrumb"},"inLanguage":"sq","potentialAction":[{"@type":"ReadAction","target":["https:\/\/permbledhja.com\/pacolli-njofton-se-gjate-tere-muajit-te-ramazanit-do-te-ofroje-iftar-falas\/"]}]},{"@type":"BreadcrumbList","@id":"https:\/\/permbledhja.com\/pacolli-njofton-se-gjate-tere-muajit-te-ramazanit-do-te-ofroje-iftar-falas\/#breadcrumb","itemListElement":[{"@type":"ListItem","position":1,"name":"Ballina","item":"https:\/\/permbledhja.com\/sq\/"},{"@type":"ListItem","position":2,"name":"Pacolli njofton se gjat\u00eb t\u00ebr\u00eb muajit t\u00eb Ramazanit do t\u00eb ofroj\u00eb iftar falas"}]},{"@type":"WebSite","@id":"https:\/\/permbledhja.com\/#website","url":"https:\/\/permbledhja.com\/","name":"Ve\u00e7 artikuj p\u00ebrmbledh\u00ebs","description":"","publisher":{"@id":"https:\/\/permbledhja.com\/#organization"},"potentialAction":[{"@type":"SearchAction","target":{"@type":"EntryPoint","urlTemplate":"https:\/\/permbledhja.com\/?s={search_term_string}"},"query-input":"required name=search_term_string"}],"inLanguage":"sq"},{"@type":"Organization","@id":"https:\/\/permbledhja.com\/#organization","name":"MK Media & Pr","url":"https:\/\/permbledhja.com\/","logo":{"@type":"ImageObject","inLanguage":"sq","@id":"https:\/\/permbledhja.com\/#\/schema\/logo\/image\/","url":"https:\/\/permbledhja.com\/wp-content\/uploads\/2021\/12\/07-Press-Logo.jpg","contentUrl":"https:\/\/permbledhja.com\/wp-content\/uploads\/2021\/12\/07-Press-Logo.jpg","width":512,"height":512,"caption":"MK Media & Pr"},"image":{"@id":"https:\/\/permbledhja.com\/#\/schema\/logo\/image\/"},"sameAs":["https:\/\/www.facebook.com\/press07\/"]},{"@type":"Person","@id":"https:\/\/permbledhja.com\/#\/schema\/person\/9c54260cbc4c6f792cb100550491638c","name":"DL","image":{"@type":"ImageObject","inLanguage":"sq","@id":"https:\/\/permbledhja.com\/#\/schema\/person\/image\/","url":"https:\/\/secure.gravatar.com\/avatar\/94503eb28d4c4b2005a5c8753e35fc80?s=96&d=mm&r=g","contentUrl":"https:\/\/secure.gravatar.com\/avatar\/94503eb28d4c4b2005a5c8753e35fc80?s=96&d=mm&r=g","caption":"DL"},"url":"https:\/\/permbledhja.com\/sq\/author\/dl\/"}]}},"_links":{"self":[{"href":"https:\/\/permbledhja.com\/sq\/wp-json\/wp\/v2\/posts\/51890"}],"collection":[{"href":"https:\/\/permbledhja.com\/sq\/wp-json\/wp\/v2\/posts"}],"about":[{"href":"https:\/\/permbledhja.com\/sq\/wp-json\/wp\/v2\/types\/post"}],"author":[{"embeddable":true,"href":"https:\/\/permbledhja.com\/sq\/wp-json\/wp\/v2\/users\/5"}],"replies":[{"embeddable":true,"href":"https:\/\/permbledhja.com\/sq\/wp-json\/wp\/v2\/comments?post=51890"}],"version-history":[{"count":1,"href":"https:\/\/permbledhja.com\/sq\/wp-json\/wp\/v2\/posts\/51890\/revisions"}],"predecessor-version":[{"id":51891,"href":"https:\/\/permbledhja.com\/sq\/wp-json\/wp\/v2\/posts\/51890\/revisions\/51891"}],"wp:featuredmedia":[{"embeddable":true,"href":"https:\/\/permbledhja.com\/sq\/wp-json\/wp\/v2\/media\/10025"}],"wp:attachment":[{"href":"https:\/\/permbledhja.com\/sq\/wp-json\/wp\/v2\/media?parent=51890"}],"wp:term":[{"taxonomy":"category","embeddable":true,"href":"https:\/\/permbledhja.com\/sq\/wp-json\/wp\/v2\/categories?post=51890"},{"taxonomy":"post_tag","embeddable":true,"href":"https:\/\/permbledhja.com\/sq\/wp-json\/wp\/v2\/tags?post=51890"}],"curies":[{"name":"wp","href":"https:\/\/api.w.org\/{rel}","templated":true}]}}