{"id":51884,"date":"2024-03-11T11:00:03","date_gmt":"2024-03-11T11:00:03","guid":{"rendered":"https:\/\/permbledhja.com\/?p=51884"},"modified":"2024-03-11T11:00:03","modified_gmt":"2024-03-11T11:00:03","slug":"haradinaj-protestat-e-vitit-1981-dridhen-themelet-e-regjimit-serb","status":"publish","type":"post","link":"https:\/\/permbledhja.com\/sq\/haradinaj-protestat-e-vitit-1981-dridhen-themelet-e-regjimit-serb\/","title":{"rendered":"Haradinaj: Protestat e vitit 1981 dridh\u00ebn themelet e regjimit serb"},"content":{"rendered":"<h3><span style=\"box-sizing: border-box; font-weight: bolder;\">Kryetari i AAK\u2019s\u00eb, Ramush Haradinaj, ka kujtuar protestat e 11 marsit n\u00eb vitin 1981.<\/span><\/h3>\n<p style=\"box-sizing: border-box; margin-bottom: 15px; font-size: 15px; line-height: 26px; letter-spacing: -0.2px; font-family: Raleway-Regular, sans-serif; color: #212529;\">Ai ka th\u00ebn\u00eb se k\u00ebto protesta dridh\u00ebn themelet e regjimit serb.<\/p>\n<p style=\"box-sizing: border-box; margin-bottom: 15px; font-size: 15px; line-height: 26px; letter-spacing: -0.2px; font-family: Raleway-Regular, sans-serif; color: #212529;\">Haradinaj tha se rinia heroike shqiptare e frym\u00ebzuar nga ideali i protestueve n\u00eb vitin 1981 do t\u00eb shk\u00eblqente n\u00eb istikamet e Luft\u00ebs \u00c7lirimtare q\u00eb solli fitoren dhe \u00e7lirimin.<\/p>\n<p style=\"box-sizing: border-box; margin-bottom: 15px; font-size: 15px; line-height: 26px; letter-spacing: -0.2px; font-family: Raleway-Regular, sans-serif; color: #212529;\">\u201cIshte 11 Marsi i vitit 1981 kur student\u00ebt e Universitetit t\u00eb Prishtin\u00ebs u ngrit\u00ebn kund\u00ebr shtypjes jugosllave, duke dridhur themelet e regjimit t\u00eb at\u00ebhersh\u00ebm. \u00a0Sot nderojm\u00eb ata q\u00eb i dhan\u00eb grushtin shtypjes jugosllave, nderojm\u00eb t\u00eb r\u00ebn\u00ebt e atyre dit\u00ebve t\u00eb lavdishme t\u00eb historis\u00eb son\u00eb. Rinia heroike shqiptare, e frym\u00ebzuar nga ideali i protestuesve t\u00eb vitit 1981, do shk\u00eblqente n\u00eb istikamet e Luft\u00ebs \u00c7lirimtare, e cila e solli fitoren dhe \u00e7lirimin\u201d, ka shkruar Haradinaj.<\/p>\n","protected":false},"excerpt":{"rendered":"<p>Kryetari i AAK\u2019s\u00eb, Ramush Haradinaj, ka kujtuar protestat e 11 marsit n\u00eb vitin 1981. Ai ka th\u00ebn\u00eb se k\u00ebto protesta dridh\u00ebn themelet e regjimit serb. Haradinaj tha se rinia heroike shqiptare e frym\u00ebzuar nga ideali i protestueve n\u00eb vitin 1981 do t\u00eb shk\u00eblqente n\u00eb istikamet e Luft\u00ebs \u00c7lirimtare q\u00eb solli fitoren dhe \u00e7lirimin. \u201cIshte 11 [&hellip;]<\/p>\n","protected":false},"author":5,"featured_media":51885,"comment_status":"closed","ping_status":"closed","sticky":false,"template":"","format":"standard","meta":{"_monsterinsights_skip_tracking":false,"_monsterinsights_sitenote_active":false,"_monsterinsights_sitenote_note":"","_monsterinsights_sitenote_category":0,"_uf_show_specific_survey":0,"_uf_disable_surveys":false,"footnotes":""},"categories":[15],"tags":[],"yoast_head":"<!-- This site is optimized with the Yoast SEO plugin v21.5 - https:\/\/yoast.com\/wordpress\/plugins\/seo\/ -->\n<title>Haradinaj: Protestat e vitit 1981 dridh\u00ebn themelet e regjimit serb<\/title>\n<meta name=\"robots\" content=\"index, follow, max-snippet:-1, max-image-preview:large, max-video-preview:-1\" \/>\n<link rel=\"canonical\" href=\"https:\/\/permbledhja.com\/sq\/haradinaj-protestat-e-vitit-1981-dridhen-themelet-e-regjimit-serb\/\" \/>\n<meta property=\"og:locale\" content=\"sq_AL\" \/>\n<meta property=\"og:type\" content=\"article\" \/>\n<meta property=\"og:title\" content=\"Haradinaj: Protestat e vitit 1981 dridh\u00ebn themelet e regjimit serb\" \/>\n<meta property=\"og:description\" content=\"Kryetari i AAK\u2019s\u00eb, Ramush Haradinaj, ka kujtuar protestat e 11 marsit n\u00eb vitin 1981. Ai ka th\u00ebn\u00eb se k\u00ebto protesta dridh\u00ebn themelet e regjimit serb. Haradinaj tha se rinia heroike shqiptare e frym\u00ebzuar nga ideali i protestueve n\u00eb vitin 1981 do t\u00eb shk\u00eblqente n\u00eb istikamet e Luft\u00ebs \u00c7lirimtare q\u00eb solli fitoren dhe \u00e7lirimin. \u201cIshte 11 [&hellip;]\" \/>\n<meta property=\"og:url\" content=\"https:\/\/permbledhja.com\/sq\/haradinaj-protestat-e-vitit-1981-dridhen-themelet-e-regjimit-serb\/\" \/>\n<meta property=\"og:site_name\" content=\"Ve\u00e7 artikuj p\u00ebrmbledh\u00ebs\" \/>\n<meta property=\"article:publisher\" content=\"https:\/\/www.facebook.com\/press07\/\" \/>\n<meta property=\"article:published_time\" content=\"2024-03-11T11:00:03+00:00\" \/>\n<meta property=\"og:image\" content=\"https:\/\/permbledhja.com\/wp-content\/uploads\/2024\/03\/Screenshot_20240311-115712_Chrome.jpg\" \/>\n\t<meta property=\"og:image:width\" content=\"967\" \/>\n\t<meta property=\"og:image:height\" content=\"575\" \/>\n\t<meta property=\"og:image:type\" content=\"image\/jpeg\" \/>\n<meta name=\"author\" content=\"DL\" \/>\n<meta name=\"twitter:card\" content=\"summary_large_image\" \/>\n<meta name=\"twitter:label1\" content=\"Written by\" \/>\n\t<meta name=\"twitter:data1\" content=\"DL\" \/>\n\t<meta name=\"twitter:label2\" content=\"Est. reading time\" \/>\n\t<meta name=\"twitter:data2\" content=\"1 minut\u00eb\" \/>\n<script type=\"application\/ld+json\" class=\"yoast-schema-graph\">{\"@context\":\"https:\/\/schema.org\",\"@graph\":[{\"@type\":\"Article\",\"@id\":\"https:\/\/permbledhja.com\/haradinaj-protestat-e-vitit-1981-dridhen-themelet-e-regjimit-serb\/#article\",\"isPartOf\":{\"@id\":\"https:\/\/permbledhja.com\/haradinaj-protestat-e-vitit-1981-dridhen-themelet-e-regjimit-serb\/\"},\"author\":{\"name\":\"DL\",\"@id\":\"https:\/\/permbledhja.com\/#\/schema\/person\/9c54260cbc4c6f792cb100550491638c\"},\"headline\":\"Haradinaj: Protestat e vitit 1981 dridh\u00ebn themelet e regjimit serb\",\"datePublished\":\"2024-03-11T11:00:03+00:00\",\"dateModified\":\"2024-03-11T11:00:03+00:00\",\"mainEntityOfPage\":{\"@id\":\"https:\/\/permbledhja.com\/haradinaj-protestat-e-vitit-1981-dridhen-themelet-e-regjimit-serb\/\"},\"wordCount\":149,\"publisher\":{\"@id\":\"https:\/\/permbledhja.com\/#organization\"},\"articleSection\":[\"Lajme\"],\"inLanguage\":\"sq\"},{\"@type\":\"WebPage\",\"@id\":\"https:\/\/permbledhja.com\/haradinaj-protestat-e-vitit-1981-dridhen-themelet-e-regjimit-serb\/\",\"url\":\"https:\/\/permbledhja.com\/haradinaj-protestat-e-vitit-1981-dridhen-themelet-e-regjimit-serb\/\",\"name\":\"Haradinaj: Protestat e vitit 1981 dridh\u00ebn themelet e regjimit serb\",\"isPartOf\":{\"@id\":\"https:\/\/permbledhja.com\/#website\"},\"datePublished\":\"2024-03-11T11:00:03+00:00\",\"dateModified\":\"2024-03-11T11:00:03+00:00\",\"breadcrumb\":{\"@id\":\"https:\/\/permbledhja.com\/haradinaj-protestat-e-vitit-1981-dridhen-themelet-e-regjimit-serb\/#breadcrumb\"},\"inLanguage\":\"sq\",\"potentialAction\":[{\"@type\":\"ReadAction\",\"target\":[\"https:\/\/permbledhja.com\/haradinaj-protestat-e-vitit-1981-dridhen-themelet-e-regjimit-serb\/\"]}]},{\"@type\":\"BreadcrumbList\",\"@id\":\"https:\/\/permbledhja.com\/haradinaj-protestat-e-vitit-1981-dridhen-themelet-e-regjimit-serb\/#breadcrumb\",\"itemListElement\":[{\"@type\":\"ListItem\",\"position\":1,\"name\":\"Ballina\",\"item\":\"https:\/\/permbledhja.com\/sq\/\"},{\"@type\":\"ListItem\",\"position\":2,\"name\":\"Haradinaj: Protestat e vitit 1981 dridh\u00ebn themelet e regjimit serb\"}]},{\"@type\":\"WebSite\",\"@id\":\"https:\/\/permbledhja.com\/#website\",\"url\":\"https:\/\/permbledhja.com\/\",\"name\":\"Ve\u00e7 artikuj p\u00ebrmbledh\u00ebs\",\"description\":\"\",\"publisher\":{\"@id\":\"https:\/\/permbledhja.com\/#organization\"},\"potentialAction\":[{\"@type\":\"SearchAction\",\"target\":{\"@type\":\"EntryPoint\",\"urlTemplate\":\"https:\/\/permbledhja.com\/?s={search_term_string}\"},\"query-input\":\"required name=search_term_string\"}],\"inLanguage\":\"sq\"},{\"@type\":\"Organization\",\"@id\":\"https:\/\/permbledhja.com\/#organization\",\"name\":\"MK Media & Pr\",\"url\":\"https:\/\/permbledhja.com\/\",\"logo\":{\"@type\":\"ImageObject\",\"inLanguage\":\"sq\",\"@id\":\"https:\/\/permbledhja.com\/#\/schema\/logo\/image\/\",\"url\":\"https:\/\/permbledhja.com\/wp-content\/uploads\/2021\/12\/07-Press-Logo.jpg\",\"contentUrl\":\"https:\/\/permbledhja.com\/wp-content\/uploads\/2021\/12\/07-Press-Logo.jpg\",\"width\":512,\"height\":512,\"caption\":\"MK Media & Pr\"},\"image\":{\"@id\":\"https:\/\/permbledhja.com\/#\/schema\/logo\/image\/\"},\"sameAs\":[\"https:\/\/www.facebook.com\/press07\/\"]},{\"@type\":\"Person\",\"@id\":\"https:\/\/permbledhja.com\/#\/schema\/person\/9c54260cbc4c6f792cb100550491638c\",\"name\":\"DL\",\"image\":{\"@type\":\"ImageObject\",\"inLanguage\":\"sq\",\"@id\":\"https:\/\/permbledhja.com\/#\/schema\/person\/image\/\",\"url\":\"https:\/\/secure.gravatar.com\/avatar\/94503eb28d4c4b2005a5c8753e35fc80?s=96&d=mm&r=g\",\"contentUrl\":\"https:\/\/secure.gravatar.com\/avatar\/94503eb28d4c4b2005a5c8753e35fc80?s=96&d=mm&r=g\",\"caption\":\"DL\"},\"url\":\"https:\/\/permbledhja.com\/sq\/author\/dl\/\"}]}<\/script>\n<!-- \/ Yoast SEO plugin. -->","yoast_head_json":{"title":"Haradinaj: Protestat e vitit 1981 dridh\u00ebn themelet e regjimit serb","robots":{"index":"index","follow":"follow","max-snippet":"max-snippet:-1","max-image-preview":"max-image-preview:large","max-video-preview":"max-video-preview:-1"},"canonical":"https:\/\/permbledhja.com\/sq\/haradinaj-protestat-e-vitit-1981-dridhen-themelet-e-regjimit-serb\/","og_locale":"sq_AL","og_type":"article","og_title":"Haradinaj: Protestat e vitit 1981 dridh\u00ebn themelet e regjimit serb","og_description":"Kryetari i AAK\u2019s\u00eb, Ramush Haradinaj, ka kujtuar protestat e 11 marsit n\u00eb vitin 1981. Ai ka th\u00ebn\u00eb se k\u00ebto protesta dridh\u00ebn themelet e regjimit serb. Haradinaj tha se rinia heroike shqiptare e frym\u00ebzuar nga ideali i protestueve n\u00eb vitin 1981 do t\u00eb shk\u00eblqente n\u00eb istikamet e Luft\u00ebs \u00c7lirimtare q\u00eb solli fitoren dhe \u00e7lirimin. \u201cIshte 11 [&hellip;]","og_url":"https:\/\/permbledhja.com\/sq\/haradinaj-protestat-e-vitit-1981-dridhen-themelet-e-regjimit-serb\/","og_site_name":"Ve\u00e7 artikuj p\u00ebrmbledh\u00ebs","article_publisher":"https:\/\/www.facebook.com\/press07\/","article_published_time":"2024-03-11T11:00:03+00:00","og_image":[{"width":967,"height":575,"url":"https:\/\/permbledhja.com\/wp-content\/uploads\/2024\/03\/Screenshot_20240311-115712_Chrome.jpg","type":"image\/jpeg"}],"author":"DL","twitter_card":"summary_large_image","twitter_misc":{"Written by":"DL","Est. reading time":"1 minut\u00eb"},"schema":{"@context":"https:\/\/schema.org","@graph":[{"@type":"Article","@id":"https:\/\/permbledhja.com\/haradinaj-protestat-e-vitit-1981-dridhen-themelet-e-regjimit-serb\/#article","isPartOf":{"@id":"https:\/\/permbledhja.com\/haradinaj-protestat-e-vitit-1981-dridhen-themelet-e-regjimit-serb\/"},"author":{"name":"DL","@id":"https:\/\/permbledhja.com\/#\/schema\/person\/9c54260cbc4c6f792cb100550491638c"},"headline":"Haradinaj: Protestat e vitit 1981 dridh\u00ebn themelet e regjimit serb","datePublished":"2024-03-11T11:00:03+00:00","dateModified":"2024-03-11T11:00:03+00:00","mainEntityOfPage":{"@id":"https:\/\/permbledhja.com\/haradinaj-protestat-e-vitit-1981-dridhen-themelet-e-regjimit-serb\/"},"wordCount":149,"publisher":{"@id":"https:\/\/permbledhja.com\/#organization"},"articleSection":["Lajme"],"inLanguage":"sq"},{"@type":"WebPage","@id":"https:\/\/permbledhja.com\/haradinaj-protestat-e-vitit-1981-dridhen-themelet-e-regjimit-serb\/","url":"https:\/\/permbledhja.com\/haradinaj-protestat-e-vitit-1981-dridhen-themelet-e-regjimit-serb\/","name":"Haradinaj: Protestat e vitit 1981 dridh\u00ebn themelet e regjimit serb","isPartOf":{"@id":"https:\/\/permbledhja.com\/#website"},"datePublished":"2024-03-11T11:00:03+00:00","dateModified":"2024-03-11T11:00:03+00:00","breadcrumb":{"@id":"https:\/\/permbledhja.com\/haradinaj-protestat-e-vitit-1981-dridhen-themelet-e-regjimit-serb\/#breadcrumb"},"inLanguage":"sq","potentialAction":[{"@type":"ReadAction","target":["https:\/\/permbledhja.com\/haradinaj-protestat-e-vitit-1981-dridhen-themelet-e-regjimit-serb\/"]}]},{"@type":"BreadcrumbList","@id":"https:\/\/permbledhja.com\/haradinaj-protestat-e-vitit-1981-dridhen-themelet-e-regjimit-serb\/#breadcrumb","itemListElement":[{"@type":"ListItem","position":1,"name":"Ballina","item":"https:\/\/permbledhja.com\/sq\/"},{"@type":"ListItem","position":2,"name":"Haradinaj: Protestat e vitit 1981 dridh\u00ebn themelet e regjimit serb"}]},{"@type":"WebSite","@id":"https:\/\/permbledhja.com\/#website","url":"https:\/\/permbledhja.com\/","name":"Ve\u00e7 artikuj p\u00ebrmbledh\u00ebs","description":"","publisher":{"@id":"https:\/\/permbledhja.com\/#organization"},"potentialAction":[{"@type":"SearchAction","target":{"@type":"EntryPoint","urlTemplate":"https:\/\/permbledhja.com\/?s={search_term_string}"},"query-input":"required name=search_term_string"}],"inLanguage":"sq"},{"@type":"Organization","@id":"https:\/\/permbledhja.com\/#organization","name":"MK Media & Pr","url":"https:\/\/permbledhja.com\/","logo":{"@type":"ImageObject","inLanguage":"sq","@id":"https:\/\/permbledhja.com\/#\/schema\/logo\/image\/","url":"https:\/\/permbledhja.com\/wp-content\/uploads\/2021\/12\/07-Press-Logo.jpg","contentUrl":"https:\/\/permbledhja.com\/wp-content\/uploads\/2021\/12\/07-Press-Logo.jpg","width":512,"height":512,"caption":"MK Media & Pr"},"image":{"@id":"https:\/\/permbledhja.com\/#\/schema\/logo\/image\/"},"sameAs":["https:\/\/www.facebook.com\/press07\/"]},{"@type":"Person","@id":"https:\/\/permbledhja.com\/#\/schema\/person\/9c54260cbc4c6f792cb100550491638c","name":"DL","image":{"@type":"ImageObject","inLanguage":"sq","@id":"https:\/\/permbledhja.com\/#\/schema\/person\/image\/","url":"https:\/\/secure.gravatar.com\/avatar\/94503eb28d4c4b2005a5c8753e35fc80?s=96&d=mm&r=g","contentUrl":"https:\/\/secure.gravatar.com\/avatar\/94503eb28d4c4b2005a5c8753e35fc80?s=96&d=mm&r=g","caption":"DL"},"url":"https:\/\/permbledhja.com\/sq\/author\/dl\/"}]}},"_links":{"self":[{"href":"https:\/\/permbledhja.com\/sq\/wp-json\/wp\/v2\/posts\/51884"}],"collection":[{"href":"https:\/\/permbledhja.com\/sq\/wp-json\/wp\/v2\/posts"}],"about":[{"href":"https:\/\/permbledhja.com\/sq\/wp-json\/wp\/v2\/types\/post"}],"author":[{"embeddable":true,"href":"https:\/\/permbledhja.com\/sq\/wp-json\/wp\/v2\/users\/5"}],"replies":[{"embeddable":true,"href":"https:\/\/permbledhja.com\/sq\/wp-json\/wp\/v2\/comments?post=51884"}],"version-history":[{"count":1,"href":"https:\/\/permbledhja.com\/sq\/wp-json\/wp\/v2\/posts\/51884\/revisions"}],"predecessor-version":[{"id":51886,"href":"https:\/\/permbledhja.com\/sq\/wp-json\/wp\/v2\/posts\/51884\/revisions\/51886"}],"wp:featuredmedia":[{"embeddable":true,"href":"https:\/\/permbledhja.com\/sq\/wp-json\/wp\/v2\/media\/51885"}],"wp:attachment":[{"href":"https:\/\/permbledhja.com\/sq\/wp-json\/wp\/v2\/media?parent=51884"}],"wp:term":[{"taxonomy":"category","embeddable":true,"href":"https:\/\/permbledhja.com\/sq\/wp-json\/wp\/v2\/categories?post=51884"},{"taxonomy":"post_tag","embeddable":true,"href":"https:\/\/permbledhja.com\/sq\/wp-json\/wp\/v2\/tags?post=51884"}],"curies":[{"name":"wp","href":"https:\/\/api.w.org\/{rel}","templated":true}]}}