{"id":51875,"date":"2024-03-11T10:03:04","date_gmt":"2024-03-11T10:03:04","guid":{"rendered":"https:\/\/permbledhja.com\/?p=51875"},"modified":"2024-03-11T10:03:04","modified_gmt":"2024-03-11T10:03:04","slug":"vuciq-takohet-me-hillin-bisede-e-hapur-per-situaten-e-serbeve-ne-kosove","status":"publish","type":"post","link":"https:\/\/permbledhja.com\/sq\/vuciq-takohet-me-hillin-bisede-e-hapur-per-situaten-e-serbeve-ne-kosove\/","title":{"rendered":"Vu\u00e7iq takohet me Hillin: Bised\u00eb e hapur p\u00ebr situat\u00ebn e serb\u00ebve n\u00eb Kosov\u00eb\u00a0"},"content":{"rendered":"<h3><span style=\"box-sizing: border-box; font-weight: bolder;\">Presidenti i Serbis\u00eb, Aleksandar Vu\u00e7iq, \u00ebsht\u00eb takuar me ambasadorin amerikan Christopher Hill, me t\u00eb cilin ka diskutuar p\u00ebr pozit\u00ebn e serb\u00ebve n\u00eb Kosov\u00eb, si dhe p\u00ebr shum\u00eb \u00e7\u00ebshtje t\u00eb tjera t\u00eb r\u00ebnd\u00ebsishme n\u00eb rajon.<\/span><\/h3>\n<p style=\"box-sizing: border-box; margin-bottom: 1rem; color: #000000; font-family: NeueHaas, Arial, sans-serif; font-size: 18px;\">\u201cNj\u00eb bised\u00eb e hapur me ambasadorin Christopher Hill p\u00ebr pozit\u00ebn e serb\u00ebve n\u00eb Kosov\u00eb, situat\u00ebn e nd\u00ebrlikuar gjeopolitike dhe \u00e7\u00ebshtje t\u00eb tjera me interes t\u00eb p\u00ebrbashk\u00ebt\u201d, ka shkruar Vu\u00e7iq n\u00eb llogarin\u00eb e tij zyrtare n\u00eb Instagram.<\/p>\n<p style=\"box-sizing: border-box; margin-bottom: 1rem; color: #000000; font-family: NeueHaas, Arial, sans-serif; font-size: 18px;\">Ai shtoi se Hillit ia ka p\u00ebrs\u00ebritur q\u00ebllimet dhe interesat kryesore t\u00eb Serbis\u00eb.<\/p>\n<p style=\"box-sizing: border-box; margin-bottom: 1rem; color: #000000; font-family: NeueHaas, Arial, sans-serif; font-size: 18px;\">\u201cE ritheksova se Serbia mbetet e p\u00ebrkushtuar p\u00ebr ruajtjen e paqes dhe stabilitetit n\u00eb rajon, si dhe p\u00ebr p\u00ebrmir\u00ebsimin e m\u00ebtejsh\u00ebm t\u00eb marr\u00ebdh\u00ebnieve dypal\u00ebshe dhe bashk\u00ebpunimit mes dy vendeve tona\u201d, theksoi Vu\u00e7iq.<\/p>\n","protected":false},"excerpt":{"rendered":"<p>Presidenti i Serbis\u00eb, Aleksandar Vu\u00e7iq, \u00ebsht\u00eb takuar me ambasadorin amerikan Christopher Hill, me t\u00eb cilin ka diskutuar p\u00ebr pozit\u00ebn e serb\u00ebve n\u00eb Kosov\u00eb, si dhe p\u00ebr shum\u00eb \u00e7\u00ebshtje t\u00eb tjera t\u00eb r\u00ebnd\u00ebsishme n\u00eb rajon. \u201cNj\u00eb bised\u00eb e hapur me ambasadorin Christopher Hill p\u00ebr pozit\u00ebn e serb\u00ebve n\u00eb Kosov\u00eb, situat\u00ebn e nd\u00ebrlikuar gjeopolitike dhe \u00e7\u00ebshtje t\u00eb [&hellip;]<\/p>\n","protected":false},"author":5,"featured_media":51876,"comment_status":"closed","ping_status":"closed","sticky":false,"template":"","format":"standard","meta":{"_monsterinsights_skip_tracking":false,"_monsterinsights_sitenote_active":false,"_monsterinsights_sitenote_note":"","_monsterinsights_sitenote_category":0,"_uf_show_specific_survey":0,"_uf_disable_surveys":false,"footnotes":""},"categories":[15],"tags":[],"yoast_head":"<!-- This site is optimized with the Yoast SEO plugin v21.5 - https:\/\/yoast.com\/wordpress\/plugins\/seo\/ -->\n<title>Vu\u00e7iq takohet me Hillin: Bised\u00eb e hapur p\u00ebr situat\u00ebn e serb\u00ebve n\u00eb Kosov\u00eb\u00a0<\/title>\n<meta name=\"robots\" content=\"index, follow, max-snippet:-1, max-image-preview:large, max-video-preview:-1\" \/>\n<link rel=\"canonical\" href=\"https:\/\/permbledhja.com\/sq\/vuciq-takohet-me-hillin-bisede-e-hapur-per-situaten-e-serbeve-ne-kosove\/\" \/>\n<meta property=\"og:locale\" content=\"sq_AL\" \/>\n<meta property=\"og:type\" content=\"article\" \/>\n<meta property=\"og:title\" content=\"Vu\u00e7iq takohet me Hillin: Bised\u00eb e hapur p\u00ebr situat\u00ebn e serb\u00ebve n\u00eb Kosov\u00eb\u00a0\" \/>\n<meta property=\"og:description\" content=\"Presidenti i Serbis\u00eb, Aleksandar Vu\u00e7iq, \u00ebsht\u00eb takuar me ambasadorin amerikan Christopher Hill, me t\u00eb cilin ka diskutuar p\u00ebr pozit\u00ebn e serb\u00ebve n\u00eb Kosov\u00eb, si dhe p\u00ebr shum\u00eb \u00e7\u00ebshtje t\u00eb tjera t\u00eb r\u00ebnd\u00ebsishme n\u00eb rajon. \u201cNj\u00eb bised\u00eb e hapur me ambasadorin Christopher Hill p\u00ebr pozit\u00ebn e serb\u00ebve n\u00eb Kosov\u00eb, situat\u00ebn e nd\u00ebrlikuar gjeopolitike dhe \u00e7\u00ebshtje t\u00eb [&hellip;]\" \/>\n<meta property=\"og:url\" content=\"https:\/\/permbledhja.com\/sq\/vuciq-takohet-me-hillin-bisede-e-hapur-per-situaten-e-serbeve-ne-kosove\/\" \/>\n<meta property=\"og:site_name\" content=\"Ve\u00e7 artikuj p\u00ebrmbledh\u00ebs\" \/>\n<meta property=\"article:publisher\" content=\"https:\/\/www.facebook.com\/press07\/\" \/>\n<meta property=\"article:published_time\" content=\"2024-03-11T10:03:04+00:00\" \/>\n<meta property=\"og:image\" content=\"https:\/\/permbledhja.com\/wp-content\/uploads\/2024\/03\/Screenshot_20240311-110200_Facebook.jpg\" \/>\n\t<meta property=\"og:image:width\" content=\"1080\" \/>\n\t<meta property=\"og:image:height\" content=\"594\" \/>\n\t<meta property=\"og:image:type\" content=\"image\/jpeg\" \/>\n<meta name=\"author\" content=\"DL\" \/>\n<meta name=\"twitter:card\" content=\"summary_large_image\" \/>\n<meta name=\"twitter:label1\" content=\"Written by\" \/>\n\t<meta name=\"twitter:data1\" content=\"DL\" \/>\n\t<meta name=\"twitter:label2\" content=\"Est. reading time\" \/>\n\t<meta name=\"twitter:data2\" content=\"1 minut\u00eb\" \/>\n<script type=\"application\/ld+json\" class=\"yoast-schema-graph\">{\"@context\":\"https:\/\/schema.org\",\"@graph\":[{\"@type\":\"Article\",\"@id\":\"https:\/\/permbledhja.com\/vuciq-takohet-me-hillin-bisede-e-hapur-per-situaten-e-serbeve-ne-kosove\/#article\",\"isPartOf\":{\"@id\":\"https:\/\/permbledhja.com\/vuciq-takohet-me-hillin-bisede-e-hapur-per-situaten-e-serbeve-ne-kosove\/\"},\"author\":{\"name\":\"DL\",\"@id\":\"https:\/\/permbledhja.com\/#\/schema\/person\/9c54260cbc4c6f792cb100550491638c\"},\"headline\":\"Vu\u00e7iq takohet me Hillin: Bised\u00eb e hapur p\u00ebr situat\u00ebn e serb\u00ebve n\u00eb Kosov\u00eb\u00a0\",\"datePublished\":\"2024-03-11T10:03:04+00:00\",\"dateModified\":\"2024-03-11T10:03:04+00:00\",\"mainEntityOfPage\":{\"@id\":\"https:\/\/permbledhja.com\/vuciq-takohet-me-hillin-bisede-e-hapur-per-situaten-e-serbeve-ne-kosove\/\"},\"wordCount\":162,\"publisher\":{\"@id\":\"https:\/\/permbledhja.com\/#organization\"},\"articleSection\":[\"Lajme\"],\"inLanguage\":\"sq\"},{\"@type\":\"WebPage\",\"@id\":\"https:\/\/permbledhja.com\/vuciq-takohet-me-hillin-bisede-e-hapur-per-situaten-e-serbeve-ne-kosove\/\",\"url\":\"https:\/\/permbledhja.com\/vuciq-takohet-me-hillin-bisede-e-hapur-per-situaten-e-serbeve-ne-kosove\/\",\"name\":\"Vu\u00e7iq takohet me Hillin: Bised\u00eb e hapur p\u00ebr situat\u00ebn e serb\u00ebve n\u00eb Kosov\u00eb\u00a0\",\"isPartOf\":{\"@id\":\"https:\/\/permbledhja.com\/#website\"},\"datePublished\":\"2024-03-11T10:03:04+00:00\",\"dateModified\":\"2024-03-11T10:03:04+00:00\",\"breadcrumb\":{\"@id\":\"https:\/\/permbledhja.com\/vuciq-takohet-me-hillin-bisede-e-hapur-per-situaten-e-serbeve-ne-kosove\/#breadcrumb\"},\"inLanguage\":\"sq\",\"potentialAction\":[{\"@type\":\"ReadAction\",\"target\":[\"https:\/\/permbledhja.com\/vuciq-takohet-me-hillin-bisede-e-hapur-per-situaten-e-serbeve-ne-kosove\/\"]}]},{\"@type\":\"BreadcrumbList\",\"@id\":\"https:\/\/permbledhja.com\/vuciq-takohet-me-hillin-bisede-e-hapur-per-situaten-e-serbeve-ne-kosove\/#breadcrumb\",\"itemListElement\":[{\"@type\":\"ListItem\",\"position\":1,\"name\":\"Ballina\",\"item\":\"https:\/\/permbledhja.com\/sq\/\"},{\"@type\":\"ListItem\",\"position\":2,\"name\":\"Vu\u00e7iq takohet me Hillin: Bised\u00eb e hapur p\u00ebr situat\u00ebn e serb\u00ebve n\u00eb Kosov\u00eb\u00a0\"}]},{\"@type\":\"WebSite\",\"@id\":\"https:\/\/permbledhja.com\/#website\",\"url\":\"https:\/\/permbledhja.com\/\",\"name\":\"Ve\u00e7 artikuj p\u00ebrmbledh\u00ebs\",\"description\":\"\",\"publisher\":{\"@id\":\"https:\/\/permbledhja.com\/#organization\"},\"potentialAction\":[{\"@type\":\"SearchAction\",\"target\":{\"@type\":\"EntryPoint\",\"urlTemplate\":\"https:\/\/permbledhja.com\/?s={search_term_string}\"},\"query-input\":\"required name=search_term_string\"}],\"inLanguage\":\"sq\"},{\"@type\":\"Organization\",\"@id\":\"https:\/\/permbledhja.com\/#organization\",\"name\":\"MK Media & Pr\",\"url\":\"https:\/\/permbledhja.com\/\",\"logo\":{\"@type\":\"ImageObject\",\"inLanguage\":\"sq\",\"@id\":\"https:\/\/permbledhja.com\/#\/schema\/logo\/image\/\",\"url\":\"https:\/\/permbledhja.com\/wp-content\/uploads\/2021\/12\/07-Press-Logo.jpg\",\"contentUrl\":\"https:\/\/permbledhja.com\/wp-content\/uploads\/2021\/12\/07-Press-Logo.jpg\",\"width\":512,\"height\":512,\"caption\":\"MK Media & Pr\"},\"image\":{\"@id\":\"https:\/\/permbledhja.com\/#\/schema\/logo\/image\/\"},\"sameAs\":[\"https:\/\/www.facebook.com\/press07\/\"]},{\"@type\":\"Person\",\"@id\":\"https:\/\/permbledhja.com\/#\/schema\/person\/9c54260cbc4c6f792cb100550491638c\",\"name\":\"DL\",\"image\":{\"@type\":\"ImageObject\",\"inLanguage\":\"sq\",\"@id\":\"https:\/\/permbledhja.com\/#\/schema\/person\/image\/\",\"url\":\"https:\/\/secure.gravatar.com\/avatar\/94503eb28d4c4b2005a5c8753e35fc80?s=96&d=mm&r=g\",\"contentUrl\":\"https:\/\/secure.gravatar.com\/avatar\/94503eb28d4c4b2005a5c8753e35fc80?s=96&d=mm&r=g\",\"caption\":\"DL\"},\"url\":\"https:\/\/permbledhja.com\/sq\/author\/dl\/\"}]}<\/script>\n<!-- \/ Yoast SEO plugin. -->","yoast_head_json":{"title":"Vu\u00e7iq takohet me Hillin: Bised\u00eb e hapur p\u00ebr situat\u00ebn e serb\u00ebve n\u00eb Kosov\u00eb\u00a0","robots":{"index":"index","follow":"follow","max-snippet":"max-snippet:-1","max-image-preview":"max-image-preview:large","max-video-preview":"max-video-preview:-1"},"canonical":"https:\/\/permbledhja.com\/sq\/vuciq-takohet-me-hillin-bisede-e-hapur-per-situaten-e-serbeve-ne-kosove\/","og_locale":"sq_AL","og_type":"article","og_title":"Vu\u00e7iq takohet me Hillin: Bised\u00eb e hapur p\u00ebr situat\u00ebn e serb\u00ebve n\u00eb Kosov\u00eb\u00a0","og_description":"Presidenti i Serbis\u00eb, Aleksandar Vu\u00e7iq, \u00ebsht\u00eb takuar me ambasadorin amerikan Christopher Hill, me t\u00eb cilin ka diskutuar p\u00ebr pozit\u00ebn e serb\u00ebve n\u00eb Kosov\u00eb, si dhe p\u00ebr shum\u00eb \u00e7\u00ebshtje t\u00eb tjera t\u00eb r\u00ebnd\u00ebsishme n\u00eb rajon. \u201cNj\u00eb bised\u00eb e hapur me ambasadorin Christopher Hill p\u00ebr pozit\u00ebn e serb\u00ebve n\u00eb Kosov\u00eb, situat\u00ebn e nd\u00ebrlikuar gjeopolitike dhe \u00e7\u00ebshtje t\u00eb [&hellip;]","og_url":"https:\/\/permbledhja.com\/sq\/vuciq-takohet-me-hillin-bisede-e-hapur-per-situaten-e-serbeve-ne-kosove\/","og_site_name":"Ve\u00e7 artikuj p\u00ebrmbledh\u00ebs","article_publisher":"https:\/\/www.facebook.com\/press07\/","article_published_time":"2024-03-11T10:03:04+00:00","og_image":[{"width":1080,"height":594,"url":"https:\/\/permbledhja.com\/wp-content\/uploads\/2024\/03\/Screenshot_20240311-110200_Facebook.jpg","type":"image\/jpeg"}],"author":"DL","twitter_card":"summary_large_image","twitter_misc":{"Written by":"DL","Est. reading time":"1 minut\u00eb"},"schema":{"@context":"https:\/\/schema.org","@graph":[{"@type":"Article","@id":"https:\/\/permbledhja.com\/vuciq-takohet-me-hillin-bisede-e-hapur-per-situaten-e-serbeve-ne-kosove\/#article","isPartOf":{"@id":"https:\/\/permbledhja.com\/vuciq-takohet-me-hillin-bisede-e-hapur-per-situaten-e-serbeve-ne-kosove\/"},"author":{"name":"DL","@id":"https:\/\/permbledhja.com\/#\/schema\/person\/9c54260cbc4c6f792cb100550491638c"},"headline":"Vu\u00e7iq takohet me Hillin: Bised\u00eb e hapur p\u00ebr situat\u00ebn e serb\u00ebve n\u00eb Kosov\u00eb\u00a0","datePublished":"2024-03-11T10:03:04+00:00","dateModified":"2024-03-11T10:03:04+00:00","mainEntityOfPage":{"@id":"https:\/\/permbledhja.com\/vuciq-takohet-me-hillin-bisede-e-hapur-per-situaten-e-serbeve-ne-kosove\/"},"wordCount":162,"publisher":{"@id":"https:\/\/permbledhja.com\/#organization"},"articleSection":["Lajme"],"inLanguage":"sq"},{"@type":"WebPage","@id":"https:\/\/permbledhja.com\/vuciq-takohet-me-hillin-bisede-e-hapur-per-situaten-e-serbeve-ne-kosove\/","url":"https:\/\/permbledhja.com\/vuciq-takohet-me-hillin-bisede-e-hapur-per-situaten-e-serbeve-ne-kosove\/","name":"Vu\u00e7iq takohet me Hillin: Bised\u00eb e hapur p\u00ebr situat\u00ebn e serb\u00ebve n\u00eb Kosov\u00eb\u00a0","isPartOf":{"@id":"https:\/\/permbledhja.com\/#website"},"datePublished":"2024-03-11T10:03:04+00:00","dateModified":"2024-03-11T10:03:04+00:00","breadcrumb":{"@id":"https:\/\/permbledhja.com\/vuciq-takohet-me-hillin-bisede-e-hapur-per-situaten-e-serbeve-ne-kosove\/#breadcrumb"},"inLanguage":"sq","potentialAction":[{"@type":"ReadAction","target":["https:\/\/permbledhja.com\/vuciq-takohet-me-hillin-bisede-e-hapur-per-situaten-e-serbeve-ne-kosove\/"]}]},{"@type":"BreadcrumbList","@id":"https:\/\/permbledhja.com\/vuciq-takohet-me-hillin-bisede-e-hapur-per-situaten-e-serbeve-ne-kosove\/#breadcrumb","itemListElement":[{"@type":"ListItem","position":1,"name":"Ballina","item":"https:\/\/permbledhja.com\/sq\/"},{"@type":"ListItem","position":2,"name":"Vu\u00e7iq takohet me Hillin: Bised\u00eb e hapur p\u00ebr situat\u00ebn e serb\u00ebve n\u00eb Kosov\u00eb\u00a0"}]},{"@type":"WebSite","@id":"https:\/\/permbledhja.com\/#website","url":"https:\/\/permbledhja.com\/","name":"Ve\u00e7 artikuj p\u00ebrmbledh\u00ebs","description":"","publisher":{"@id":"https:\/\/permbledhja.com\/#organization"},"potentialAction":[{"@type":"SearchAction","target":{"@type":"EntryPoint","urlTemplate":"https:\/\/permbledhja.com\/?s={search_term_string}"},"query-input":"required name=search_term_string"}],"inLanguage":"sq"},{"@type":"Organization","@id":"https:\/\/permbledhja.com\/#organization","name":"MK Media & Pr","url":"https:\/\/permbledhja.com\/","logo":{"@type":"ImageObject","inLanguage":"sq","@id":"https:\/\/permbledhja.com\/#\/schema\/logo\/image\/","url":"https:\/\/permbledhja.com\/wp-content\/uploads\/2021\/12\/07-Press-Logo.jpg","contentUrl":"https:\/\/permbledhja.com\/wp-content\/uploads\/2021\/12\/07-Press-Logo.jpg","width":512,"height":512,"caption":"MK Media & Pr"},"image":{"@id":"https:\/\/permbledhja.com\/#\/schema\/logo\/image\/"},"sameAs":["https:\/\/www.facebook.com\/press07\/"]},{"@type":"Person","@id":"https:\/\/permbledhja.com\/#\/schema\/person\/9c54260cbc4c6f792cb100550491638c","name":"DL","image":{"@type":"ImageObject","inLanguage":"sq","@id":"https:\/\/permbledhja.com\/#\/schema\/person\/image\/","url":"https:\/\/secure.gravatar.com\/avatar\/94503eb28d4c4b2005a5c8753e35fc80?s=96&d=mm&r=g","contentUrl":"https:\/\/secure.gravatar.com\/avatar\/94503eb28d4c4b2005a5c8753e35fc80?s=96&d=mm&r=g","caption":"DL"},"url":"https:\/\/permbledhja.com\/sq\/author\/dl\/"}]}},"_links":{"self":[{"href":"https:\/\/permbledhja.com\/sq\/wp-json\/wp\/v2\/posts\/51875"}],"collection":[{"href":"https:\/\/permbledhja.com\/sq\/wp-json\/wp\/v2\/posts"}],"about":[{"href":"https:\/\/permbledhja.com\/sq\/wp-json\/wp\/v2\/types\/post"}],"author":[{"embeddable":true,"href":"https:\/\/permbledhja.com\/sq\/wp-json\/wp\/v2\/users\/5"}],"replies":[{"embeddable":true,"href":"https:\/\/permbledhja.com\/sq\/wp-json\/wp\/v2\/comments?post=51875"}],"version-history":[{"count":1,"href":"https:\/\/permbledhja.com\/sq\/wp-json\/wp\/v2\/posts\/51875\/revisions"}],"predecessor-version":[{"id":51877,"href":"https:\/\/permbledhja.com\/sq\/wp-json\/wp\/v2\/posts\/51875\/revisions\/51877"}],"wp:featuredmedia":[{"embeddable":true,"href":"https:\/\/permbledhja.com\/sq\/wp-json\/wp\/v2\/media\/51876"}],"wp:attachment":[{"href":"https:\/\/permbledhja.com\/sq\/wp-json\/wp\/v2\/media?parent=51875"}],"wp:term":[{"taxonomy":"category","embeddable":true,"href":"https:\/\/permbledhja.com\/sq\/wp-json\/wp\/v2\/categories?post=51875"},{"taxonomy":"post_tag","embeddable":true,"href":"https:\/\/permbledhja.com\/sq\/wp-json\/wp\/v2\/tags?post=51875"}],"curies":[{"name":"wp","href":"https:\/\/api.w.org\/{rel}","templated":true}]}}