{"id":51870,"date":"2024-03-11T09:24:59","date_gmt":"2024-03-11T09:24:59","guid":{"rendered":"https:\/\/permbledhja.com\/?p=51870"},"modified":"2024-03-11T09:24:59","modified_gmt":"2024-03-11T09:24:59","slug":"ambasadori-rohde-asnjehere-nuk-jemi-frikesuar-qe-kosovaret-do-ta-keqperdorin-liberalizimin-e-vizave","status":"publish","type":"post","link":"https:\/\/permbledhja.com\/sq\/ambasadori-rohde-asnjehere-nuk-jemi-frikesuar-qe-kosovaret-do-ta-keqperdorin-liberalizimin-e-vizave\/","title":{"rendered":"Ambasadori Rohde: Asnj\u00ebher\u00eb nuk jemi frik\u00ebsuar q\u00eb kosovar\u00ebt do ta keqp\u00ebrdorin liberalizimin e vizave"},"content":{"rendered":"<h3><span style=\"border: none; font-family: kategori;\">Ambasadori gjerman n\u00eb Kosov\u00eb, Joern Rohde ka folur rreth liberalizimit t\u00eb vizave q\u00eb hyri n\u00eb fuqi nga 1 janari, vizave t\u00eb pun\u00ebs dhe atyre p\u00ebr bashkim familjar.<\/span><\/h3>\n<p style=\"border: none; word-break: break-word; line-height: 27px; font-size: 20px; color: #000000; font-family: nentitull;\">Rohde tha se zyrtar\u00ebt e shtetit t\u00eb tij asnj\u00ebher\u00eb nuk jan\u00eb frik\u00ebsuar q\u00eb kosovar\u00ebt do ta keqp\u00ebrdorin liberalizimin.<\/p>\n<p><span style=\"color: #000000; font-family: nentitull; font-size: 20px;\">Mendoj q\u00eb nga ana jon\u00eb kurr\u00eb nuk ka qen\u00eb frik\u00eb sepse liberalizimi i vizave ka t\u00eb b\u00ebj\u00eb me vizat turistike, dhe natyrisht ka disa njer\u00ebz edhe n\u00eb vendet tjera ku keni liberalizim t\u00eb vizave q\u00eb q\u00ebndrojn\u00eb p\u00ebr q\u00ebllime t\u00eb tjera dhe punojn\u00eb ilegalisht por ku nuk \u00ebsht\u00eb nj\u00eb fenomen shum\u00eb i shprehur dhe do t\u00eb thosha q\u00eb 90% e njer\u00ebzve shkojn\u00eb p\u00ebr vizit\u00eb\u201d \u2013 tha Rohde.<\/span><\/p>\n<p><span style=\"color: #000000; font-family: nentitull; font-size: 20px;\">Ai shtoi se Ambasada gjermane \u00ebsht\u00eb duke l\u00ebshuar vizat p\u00ebr bashkim familjar e viza pune gjithashtu.<\/span><\/p>\n","protected":false},"excerpt":{"rendered":"<p>Ambasadori gjerman n\u00eb Kosov\u00eb, Joern Rohde ka folur rreth liberalizimit t\u00eb vizave q\u00eb hyri n\u00eb fuqi nga 1 janari, vizave t\u00eb pun\u00ebs dhe atyre p\u00ebr bashkim familjar. Rohde tha se zyrtar\u00ebt e shtetit t\u00eb tij asnj\u00ebher\u00eb nuk jan\u00eb frik\u00ebsuar q\u00eb kosovar\u00ebt do ta keqp\u00ebrdorin liberalizimin. Mendoj q\u00eb nga ana jon\u00eb kurr\u00eb nuk ka qen\u00eb frik\u00eb [&hellip;]<\/p>\n","protected":false},"author":5,"featured_media":51871,"comment_status":"closed","ping_status":"closed","sticky":false,"template":"","format":"standard","meta":{"_monsterinsights_skip_tracking":false,"_monsterinsights_sitenote_active":false,"_monsterinsights_sitenote_note":"","_monsterinsights_sitenote_category":0,"_uf_show_specific_survey":0,"_uf_disable_surveys":false,"footnotes":""},"categories":[2645],"tags":[],"yoast_head":"<!-- This site is optimized with the Yoast SEO plugin v21.5 - https:\/\/yoast.com\/wordpress\/plugins\/seo\/ -->\n<title>Ambasadori Rohde: Asnj\u00ebher\u00eb nuk jemi frik\u00ebsuar q\u00eb kosovar\u00ebt do ta keqp\u00ebrdorin liberalizimin e vizave<\/title>\n<meta name=\"robots\" content=\"index, follow, max-snippet:-1, max-image-preview:large, max-video-preview:-1\" \/>\n<link rel=\"canonical\" href=\"https:\/\/permbledhja.com\/sq\/ambasadori-rohde-asnjehere-nuk-jemi-frikesuar-qe-kosovaret-do-ta-keqperdorin-liberalizimin-e-vizave\/\" \/>\n<meta property=\"og:locale\" content=\"sq_AL\" \/>\n<meta property=\"og:type\" content=\"article\" \/>\n<meta property=\"og:title\" content=\"Ambasadori Rohde: Asnj\u00ebher\u00eb nuk jemi frik\u00ebsuar q\u00eb kosovar\u00ebt do ta keqp\u00ebrdorin liberalizimin e vizave\" \/>\n<meta property=\"og:description\" content=\"Ambasadori gjerman n\u00eb Kosov\u00eb, Joern Rohde ka folur rreth liberalizimit t\u00eb vizave q\u00eb hyri n\u00eb fuqi nga 1 janari, vizave t\u00eb pun\u00ebs dhe atyre p\u00ebr bashkim familjar. Rohde tha se zyrtar\u00ebt e shtetit t\u00eb tij asnj\u00ebher\u00eb nuk jan\u00eb frik\u00ebsuar q\u00eb kosovar\u00ebt do ta keqp\u00ebrdorin liberalizimin. Mendoj q\u00eb nga ana jon\u00eb kurr\u00eb nuk ka qen\u00eb frik\u00eb [&hellip;]\" \/>\n<meta property=\"og:url\" content=\"https:\/\/permbledhja.com\/sq\/ambasadori-rohde-asnjehere-nuk-jemi-frikesuar-qe-kosovaret-do-ta-keqperdorin-liberalizimin-e-vizave\/\" \/>\n<meta property=\"og:site_name\" content=\"Ve\u00e7 artikuj p\u00ebrmbledh\u00ebs\" \/>\n<meta property=\"article:publisher\" content=\"https:\/\/www.facebook.com\/press07\/\" \/>\n<meta property=\"article:published_time\" content=\"2024-03-11T09:24:59+00:00\" \/>\n<meta property=\"og:image\" content=\"https:\/\/permbledhja.com\/wp-content\/uploads\/2024\/03\/Screenshot_20240311-102253_Facebook.jpg\" \/>\n\t<meta property=\"og:image:width\" content=\"1080\" \/>\n\t<meta property=\"og:image:height\" content=\"675\" \/>\n\t<meta property=\"og:image:type\" content=\"image\/jpeg\" \/>\n<meta name=\"author\" content=\"DL\" \/>\n<meta name=\"twitter:card\" content=\"summary_large_image\" \/>\n<meta name=\"twitter:label1\" content=\"Written by\" \/>\n\t<meta name=\"twitter:data1\" content=\"DL\" \/>\n\t<meta name=\"twitter:label2\" content=\"Est. reading time\" \/>\n\t<meta name=\"twitter:data2\" content=\"1 minut\u00eb\" \/>\n<script type=\"application\/ld+json\" class=\"yoast-schema-graph\">{\"@context\":\"https:\/\/schema.org\",\"@graph\":[{\"@type\":\"Article\",\"@id\":\"https:\/\/permbledhja.com\/ambasadori-rohde-asnjehere-nuk-jemi-frikesuar-qe-kosovaret-do-ta-keqperdorin-liberalizimin-e-vizave\/#article\",\"isPartOf\":{\"@id\":\"https:\/\/permbledhja.com\/ambasadori-rohde-asnjehere-nuk-jemi-frikesuar-qe-kosovaret-do-ta-keqperdorin-liberalizimin-e-vizave\/\"},\"author\":{\"name\":\"DL\",\"@id\":\"https:\/\/permbledhja.com\/#\/schema\/person\/9c54260cbc4c6f792cb100550491638c\"},\"headline\":\"Ambasadori Rohde: Asnj\u00ebher\u00eb nuk jemi frik\u00ebsuar q\u00eb kosovar\u00ebt do ta keqp\u00ebrdorin liberalizimin e vizave\",\"datePublished\":\"2024-03-11T09:24:59+00:00\",\"dateModified\":\"2024-03-11T09:24:59+00:00\",\"mainEntityOfPage\":{\"@id\":\"https:\/\/permbledhja.com\/ambasadori-rohde-asnjehere-nuk-jemi-frikesuar-qe-kosovaret-do-ta-keqperdorin-liberalizimin-e-vizave\/\"},\"wordCount\":158,\"publisher\":{\"@id\":\"https:\/\/permbledhja.com\/#organization\"},\"articleSection\":[\"T\u00eb r\u00ebnd\u00ebsishme\"],\"inLanguage\":\"sq\"},{\"@type\":\"WebPage\",\"@id\":\"https:\/\/permbledhja.com\/ambasadori-rohde-asnjehere-nuk-jemi-frikesuar-qe-kosovaret-do-ta-keqperdorin-liberalizimin-e-vizave\/\",\"url\":\"https:\/\/permbledhja.com\/ambasadori-rohde-asnjehere-nuk-jemi-frikesuar-qe-kosovaret-do-ta-keqperdorin-liberalizimin-e-vizave\/\",\"name\":\"Ambasadori Rohde: Asnj\u00ebher\u00eb nuk jemi frik\u00ebsuar q\u00eb kosovar\u00ebt do ta keqp\u00ebrdorin liberalizimin e vizave\",\"isPartOf\":{\"@id\":\"https:\/\/permbledhja.com\/#website\"},\"datePublished\":\"2024-03-11T09:24:59+00:00\",\"dateModified\":\"2024-03-11T09:24:59+00:00\",\"breadcrumb\":{\"@id\":\"https:\/\/permbledhja.com\/ambasadori-rohde-asnjehere-nuk-jemi-frikesuar-qe-kosovaret-do-ta-keqperdorin-liberalizimin-e-vizave\/#breadcrumb\"},\"inLanguage\":\"sq\",\"potentialAction\":[{\"@type\":\"ReadAction\",\"target\":[\"https:\/\/permbledhja.com\/ambasadori-rohde-asnjehere-nuk-jemi-frikesuar-qe-kosovaret-do-ta-keqperdorin-liberalizimin-e-vizave\/\"]}]},{\"@type\":\"BreadcrumbList\",\"@id\":\"https:\/\/permbledhja.com\/ambasadori-rohde-asnjehere-nuk-jemi-frikesuar-qe-kosovaret-do-ta-keqperdorin-liberalizimin-e-vizave\/#breadcrumb\",\"itemListElement\":[{\"@type\":\"ListItem\",\"position\":1,\"name\":\"Ballina\",\"item\":\"https:\/\/permbledhja.com\/sq\/\"},{\"@type\":\"ListItem\",\"position\":2,\"name\":\"Ambasadori Rohde: Asnj\u00ebher\u00eb nuk jemi frik\u00ebsuar q\u00eb kosovar\u00ebt do ta keqp\u00ebrdorin liberalizimin e vizave\"}]},{\"@type\":\"WebSite\",\"@id\":\"https:\/\/permbledhja.com\/#website\",\"url\":\"https:\/\/permbledhja.com\/\",\"name\":\"Ve\u00e7 artikuj p\u00ebrmbledh\u00ebs\",\"description\":\"\",\"publisher\":{\"@id\":\"https:\/\/permbledhja.com\/#organization\"},\"potentialAction\":[{\"@type\":\"SearchAction\",\"target\":{\"@type\":\"EntryPoint\",\"urlTemplate\":\"https:\/\/permbledhja.com\/?s={search_term_string}\"},\"query-input\":\"required name=search_term_string\"}],\"inLanguage\":\"sq\"},{\"@type\":\"Organization\",\"@id\":\"https:\/\/permbledhja.com\/#organization\",\"name\":\"MK Media & Pr\",\"url\":\"https:\/\/permbledhja.com\/\",\"logo\":{\"@type\":\"ImageObject\",\"inLanguage\":\"sq\",\"@id\":\"https:\/\/permbledhja.com\/#\/schema\/logo\/image\/\",\"url\":\"https:\/\/permbledhja.com\/wp-content\/uploads\/2021\/12\/07-Press-Logo.jpg\",\"contentUrl\":\"https:\/\/permbledhja.com\/wp-content\/uploads\/2021\/12\/07-Press-Logo.jpg\",\"width\":512,\"height\":512,\"caption\":\"MK Media & Pr\"},\"image\":{\"@id\":\"https:\/\/permbledhja.com\/#\/schema\/logo\/image\/\"},\"sameAs\":[\"https:\/\/www.facebook.com\/press07\/\"]},{\"@type\":\"Person\",\"@id\":\"https:\/\/permbledhja.com\/#\/schema\/person\/9c54260cbc4c6f792cb100550491638c\",\"name\":\"DL\",\"image\":{\"@type\":\"ImageObject\",\"inLanguage\":\"sq\",\"@id\":\"https:\/\/permbledhja.com\/#\/schema\/person\/image\/\",\"url\":\"https:\/\/secure.gravatar.com\/avatar\/94503eb28d4c4b2005a5c8753e35fc80?s=96&d=mm&r=g\",\"contentUrl\":\"https:\/\/secure.gravatar.com\/avatar\/94503eb28d4c4b2005a5c8753e35fc80?s=96&d=mm&r=g\",\"caption\":\"DL\"},\"url\":\"https:\/\/permbledhja.com\/sq\/author\/dl\/\"}]}<\/script>\n<!-- \/ Yoast SEO plugin. -->","yoast_head_json":{"title":"Ambasadori Rohde: Asnj\u00ebher\u00eb nuk jemi frik\u00ebsuar q\u00eb kosovar\u00ebt do ta keqp\u00ebrdorin liberalizimin e vizave","robots":{"index":"index","follow":"follow","max-snippet":"max-snippet:-1","max-image-preview":"max-image-preview:large","max-video-preview":"max-video-preview:-1"},"canonical":"https:\/\/permbledhja.com\/sq\/ambasadori-rohde-asnjehere-nuk-jemi-frikesuar-qe-kosovaret-do-ta-keqperdorin-liberalizimin-e-vizave\/","og_locale":"sq_AL","og_type":"article","og_title":"Ambasadori Rohde: Asnj\u00ebher\u00eb nuk jemi frik\u00ebsuar q\u00eb kosovar\u00ebt do ta keqp\u00ebrdorin liberalizimin e vizave","og_description":"Ambasadori gjerman n\u00eb Kosov\u00eb, Joern Rohde ka folur rreth liberalizimit t\u00eb vizave q\u00eb hyri n\u00eb fuqi nga 1 janari, vizave t\u00eb pun\u00ebs dhe atyre p\u00ebr bashkim familjar. Rohde tha se zyrtar\u00ebt e shtetit t\u00eb tij asnj\u00ebher\u00eb nuk jan\u00eb frik\u00ebsuar q\u00eb kosovar\u00ebt do ta keqp\u00ebrdorin liberalizimin. Mendoj q\u00eb nga ana jon\u00eb kurr\u00eb nuk ka qen\u00eb frik\u00eb [&hellip;]","og_url":"https:\/\/permbledhja.com\/sq\/ambasadori-rohde-asnjehere-nuk-jemi-frikesuar-qe-kosovaret-do-ta-keqperdorin-liberalizimin-e-vizave\/","og_site_name":"Ve\u00e7 artikuj p\u00ebrmbledh\u00ebs","article_publisher":"https:\/\/www.facebook.com\/press07\/","article_published_time":"2024-03-11T09:24:59+00:00","og_image":[{"width":1080,"height":675,"url":"https:\/\/permbledhja.com\/wp-content\/uploads\/2024\/03\/Screenshot_20240311-102253_Facebook.jpg","type":"image\/jpeg"}],"author":"DL","twitter_card":"summary_large_image","twitter_misc":{"Written by":"DL","Est. reading time":"1 minut\u00eb"},"schema":{"@context":"https:\/\/schema.org","@graph":[{"@type":"Article","@id":"https:\/\/permbledhja.com\/ambasadori-rohde-asnjehere-nuk-jemi-frikesuar-qe-kosovaret-do-ta-keqperdorin-liberalizimin-e-vizave\/#article","isPartOf":{"@id":"https:\/\/permbledhja.com\/ambasadori-rohde-asnjehere-nuk-jemi-frikesuar-qe-kosovaret-do-ta-keqperdorin-liberalizimin-e-vizave\/"},"author":{"name":"DL","@id":"https:\/\/permbledhja.com\/#\/schema\/person\/9c54260cbc4c6f792cb100550491638c"},"headline":"Ambasadori Rohde: Asnj\u00ebher\u00eb nuk jemi frik\u00ebsuar q\u00eb kosovar\u00ebt do ta keqp\u00ebrdorin liberalizimin e vizave","datePublished":"2024-03-11T09:24:59+00:00","dateModified":"2024-03-11T09:24:59+00:00","mainEntityOfPage":{"@id":"https:\/\/permbledhja.com\/ambasadori-rohde-asnjehere-nuk-jemi-frikesuar-qe-kosovaret-do-ta-keqperdorin-liberalizimin-e-vizave\/"},"wordCount":158,"publisher":{"@id":"https:\/\/permbledhja.com\/#organization"},"articleSection":["T\u00eb r\u00ebnd\u00ebsishme"],"inLanguage":"sq"},{"@type":"WebPage","@id":"https:\/\/permbledhja.com\/ambasadori-rohde-asnjehere-nuk-jemi-frikesuar-qe-kosovaret-do-ta-keqperdorin-liberalizimin-e-vizave\/","url":"https:\/\/permbledhja.com\/ambasadori-rohde-asnjehere-nuk-jemi-frikesuar-qe-kosovaret-do-ta-keqperdorin-liberalizimin-e-vizave\/","name":"Ambasadori Rohde: Asnj\u00ebher\u00eb nuk jemi frik\u00ebsuar q\u00eb kosovar\u00ebt do ta keqp\u00ebrdorin liberalizimin e vizave","isPartOf":{"@id":"https:\/\/permbledhja.com\/#website"},"datePublished":"2024-03-11T09:24:59+00:00","dateModified":"2024-03-11T09:24:59+00:00","breadcrumb":{"@id":"https:\/\/permbledhja.com\/ambasadori-rohde-asnjehere-nuk-jemi-frikesuar-qe-kosovaret-do-ta-keqperdorin-liberalizimin-e-vizave\/#breadcrumb"},"inLanguage":"sq","potentialAction":[{"@type":"ReadAction","target":["https:\/\/permbledhja.com\/ambasadori-rohde-asnjehere-nuk-jemi-frikesuar-qe-kosovaret-do-ta-keqperdorin-liberalizimin-e-vizave\/"]}]},{"@type":"BreadcrumbList","@id":"https:\/\/permbledhja.com\/ambasadori-rohde-asnjehere-nuk-jemi-frikesuar-qe-kosovaret-do-ta-keqperdorin-liberalizimin-e-vizave\/#breadcrumb","itemListElement":[{"@type":"ListItem","position":1,"name":"Ballina","item":"https:\/\/permbledhja.com\/sq\/"},{"@type":"ListItem","position":2,"name":"Ambasadori Rohde: Asnj\u00ebher\u00eb nuk jemi frik\u00ebsuar q\u00eb kosovar\u00ebt do ta keqp\u00ebrdorin liberalizimin e vizave"}]},{"@type":"WebSite","@id":"https:\/\/permbledhja.com\/#website","url":"https:\/\/permbledhja.com\/","name":"Ve\u00e7 artikuj p\u00ebrmbledh\u00ebs","description":"","publisher":{"@id":"https:\/\/permbledhja.com\/#organization"},"potentialAction":[{"@type":"SearchAction","target":{"@type":"EntryPoint","urlTemplate":"https:\/\/permbledhja.com\/?s={search_term_string}"},"query-input":"required name=search_term_string"}],"inLanguage":"sq"},{"@type":"Organization","@id":"https:\/\/permbledhja.com\/#organization","name":"MK Media & Pr","url":"https:\/\/permbledhja.com\/","logo":{"@type":"ImageObject","inLanguage":"sq","@id":"https:\/\/permbledhja.com\/#\/schema\/logo\/image\/","url":"https:\/\/permbledhja.com\/wp-content\/uploads\/2021\/12\/07-Press-Logo.jpg","contentUrl":"https:\/\/permbledhja.com\/wp-content\/uploads\/2021\/12\/07-Press-Logo.jpg","width":512,"height":512,"caption":"MK Media & Pr"},"image":{"@id":"https:\/\/permbledhja.com\/#\/schema\/logo\/image\/"},"sameAs":["https:\/\/www.facebook.com\/press07\/"]},{"@type":"Person","@id":"https:\/\/permbledhja.com\/#\/schema\/person\/9c54260cbc4c6f792cb100550491638c","name":"DL","image":{"@type":"ImageObject","inLanguage":"sq","@id":"https:\/\/permbledhja.com\/#\/schema\/person\/image\/","url":"https:\/\/secure.gravatar.com\/avatar\/94503eb28d4c4b2005a5c8753e35fc80?s=96&d=mm&r=g","contentUrl":"https:\/\/secure.gravatar.com\/avatar\/94503eb28d4c4b2005a5c8753e35fc80?s=96&d=mm&r=g","caption":"DL"},"url":"https:\/\/permbledhja.com\/sq\/author\/dl\/"}]}},"_links":{"self":[{"href":"https:\/\/permbledhja.com\/sq\/wp-json\/wp\/v2\/posts\/51870"}],"collection":[{"href":"https:\/\/permbledhja.com\/sq\/wp-json\/wp\/v2\/posts"}],"about":[{"href":"https:\/\/permbledhja.com\/sq\/wp-json\/wp\/v2\/types\/post"}],"author":[{"embeddable":true,"href":"https:\/\/permbledhja.com\/sq\/wp-json\/wp\/v2\/users\/5"}],"replies":[{"embeddable":true,"href":"https:\/\/permbledhja.com\/sq\/wp-json\/wp\/v2\/comments?post=51870"}],"version-history":[{"count":1,"href":"https:\/\/permbledhja.com\/sq\/wp-json\/wp\/v2\/posts\/51870\/revisions"}],"predecessor-version":[{"id":51872,"href":"https:\/\/permbledhja.com\/sq\/wp-json\/wp\/v2\/posts\/51870\/revisions\/51872"}],"wp:featuredmedia":[{"embeddable":true,"href":"https:\/\/permbledhja.com\/sq\/wp-json\/wp\/v2\/media\/51871"}],"wp:attachment":[{"href":"https:\/\/permbledhja.com\/sq\/wp-json\/wp\/v2\/media?parent=51870"}],"wp:term":[{"taxonomy":"category","embeddable":true,"href":"https:\/\/permbledhja.com\/sq\/wp-json\/wp\/v2\/categories?post=51870"},{"taxonomy":"post_tag","embeddable":true,"href":"https:\/\/permbledhja.com\/sq\/wp-json\/wp\/v2\/tags?post=51870"}],"curies":[{"name":"wp","href":"https:\/\/api.w.org\/{rel}","templated":true}]}}