{"id":51867,"date":"2024-03-11T09:05:41","date_gmt":"2024-03-11T09:05:41","guid":{"rendered":"https:\/\/permbledhja.com\/?p=51867"},"modified":"2024-03-11T09:05:41","modified_gmt":"2024-03-11T09:05:41","slug":"r-i-p-higjiena-studentet-bojkotojne-mesimin-shkak-papastertia-pasi-stafi-teknik-i-up-se-gjendet-ne-greve","status":"publish","type":"post","link":"https:\/\/permbledhja.com\/sq\/r-i-p-higjiena-studentet-bojkotojne-mesimin-shkak-papastertia-pasi-stafi-teknik-i-up-se-gjendet-ne-greve\/","title":{"rendered":"\u201cR.I.P Higjiena\u201d: Student\u00ebt bojkotojn\u00eb m\u00ebsimin, shkak papast\u00ebrtia pasi stafi teknik i UP-s\u00eb gjendet n\u00eb grev\u00eb"},"content":{"rendered":"<h3>K\u00ebshilli Studentor i Fakultetit Filozofik\/Organizata Studentore \u201cReforma\u201d kan\u00eb bojkotuar t\u00eb h\u00ebn\u00ebn procesin m\u00ebsimor, pasi stafi teknik i UP-s\u00eb gjendet n\u00eb grev\u00eb, dhe p\u00ebr pasoj\u00eb papast\u00ebrtia \u00ebsht\u00eb n\u00eb gjendje alarmante.<\/h3>\n<p style=\"box-sizing: border-box; margin-bottom: 15px; font-size: 15px; line-height: 26px; letter-spacing: -0.2px; font-family: Raleway-Regular, sans-serif; color: #212529;\">Studentet para hyrjes s\u00eb Fakultetit kan\u00eb vendosur edhe nj\u00eb karrige me mbishkrimin \u201cR.I.P Higjena\u201d.<\/p>\n<p style=\"box-sizing: border-box; margin-bottom: 15px; font-size: 15px; line-height: 26px; letter-spacing: -0.2px; font-family: Raleway-Regular, sans-serif; color: #212529;\">Po ashtu sot gjat\u00eb dit\u00ebs pun\u00ebtor\u00ebt teknik\u00eb dhe ata t\u00eb sigurimit fizik\u00eb t\u00eb Universitetit \u201cHasan Prishtina\u201d, mbajn\u00eb protest\u00eb para rektoratit t\u00eb UP-s\u00eb.<\/p>\n<p style=\"box-sizing: border-box; margin-bottom: 15px; font-size: 15px; line-height: 26px; letter-spacing: -0.2px; font-family: Raleway-Regular, sans-serif; color: #212529;\">Ismet Krasniqi, kryetari i Organizat\u00ebs Studentore \u201cReforma\u201d, tha se sot gjat\u00eb t\u00ebr\u00eb dit\u00ebs student\u00ebt e k\u00ebtij fakulteti nuk do t\u00eb mbajn\u00eb m\u00ebsim.<\/p>\n","protected":false},"excerpt":{"rendered":"<p>K\u00ebshilli Studentor i Fakultetit Filozofik\/Organizata Studentore \u201cReforma\u201d kan\u00eb bojkotuar t\u00eb h\u00ebn\u00ebn procesin m\u00ebsimor, pasi stafi teknik i UP-s\u00eb gjendet n\u00eb grev\u00eb, dhe p\u00ebr pasoj\u00eb papast\u00ebrtia \u00ebsht\u00eb n\u00eb gjendje alarmante. Studentet para hyrjes s\u00eb Fakultetit kan\u00eb vendosur edhe nj\u00eb karrige me mbishkrimin \u201cR.I.P Higjena\u201d. Po ashtu sot gjat\u00eb dit\u00ebs pun\u00ebtor\u00ebt teknik\u00eb dhe ata t\u00eb sigurimit fizik\u00eb [&hellip;]<\/p>\n","protected":false},"author":5,"featured_media":51868,"comment_status":"closed","ping_status":"closed","sticky":false,"template":"","format":"standard","meta":{"_monsterinsights_skip_tracking":false,"_monsterinsights_sitenote_active":false,"_monsterinsights_sitenote_note":"","_monsterinsights_sitenote_category":0,"_uf_show_specific_survey":0,"_uf_disable_surveys":false,"footnotes":""},"categories":[15],"tags":[],"yoast_head":"<!-- This site is optimized with the Yoast SEO plugin v21.5 - https:\/\/yoast.com\/wordpress\/plugins\/seo\/ -->\n<title>\u201cR.I.P Higjiena\u201d: Student\u00ebt bojkotojn\u00eb m\u00ebsimin, shkak papast\u00ebrtia pasi stafi teknik i UP-s\u00eb gjendet n\u00eb grev\u00eb<\/title>\n<meta name=\"robots\" content=\"index, follow, max-snippet:-1, max-image-preview:large, max-video-preview:-1\" \/>\n<link rel=\"canonical\" href=\"https:\/\/permbledhja.com\/sq\/r-i-p-higjiena-studentet-bojkotojne-mesimin-shkak-papastertia-pasi-stafi-teknik-i-up-se-gjendet-ne-greve\/\" \/>\n<meta property=\"og:locale\" content=\"sq_AL\" \/>\n<meta property=\"og:type\" content=\"article\" \/>\n<meta property=\"og:title\" content=\"\u201cR.I.P Higjiena\u201d: Student\u00ebt bojkotojn\u00eb m\u00ebsimin, shkak papast\u00ebrtia pasi stafi teknik i UP-s\u00eb gjendet n\u00eb grev\u00eb\" \/>\n<meta property=\"og:description\" content=\"K\u00ebshilli Studentor i Fakultetit Filozofik\/Organizata Studentore \u201cReforma\u201d kan\u00eb bojkotuar t\u00eb h\u00ebn\u00ebn procesin m\u00ebsimor, pasi stafi teknik i UP-s\u00eb gjendet n\u00eb grev\u00eb, dhe p\u00ebr pasoj\u00eb papast\u00ebrtia \u00ebsht\u00eb n\u00eb gjendje alarmante. Studentet para hyrjes s\u00eb Fakultetit kan\u00eb vendosur edhe nj\u00eb karrige me mbishkrimin \u201cR.I.P Higjena\u201d. Po ashtu sot gjat\u00eb dit\u00ebs pun\u00ebtor\u00ebt teknik\u00eb dhe ata t\u00eb sigurimit fizik\u00eb [&hellip;]\" \/>\n<meta property=\"og:url\" content=\"https:\/\/permbledhja.com\/sq\/r-i-p-higjiena-studentet-bojkotojne-mesimin-shkak-papastertia-pasi-stafi-teknik-i-up-se-gjendet-ne-greve\/\" \/>\n<meta property=\"og:site_name\" content=\"Ve\u00e7 artikuj p\u00ebrmbledh\u00ebs\" \/>\n<meta property=\"article:publisher\" content=\"https:\/\/www.facebook.com\/press07\/\" \/>\n<meta property=\"article:published_time\" content=\"2024-03-11T09:05:41+00:00\" \/>\n<meta property=\"og:image\" content=\"https:\/\/permbledhja.com\/wp-content\/uploads\/2024\/03\/Screenshot_20240311-100252_Facebook.jpg\" \/>\n\t<meta property=\"og:image:width\" content=\"973\" \/>\n\t<meta property=\"og:image:height\" content=\"584\" \/>\n\t<meta property=\"og:image:type\" content=\"image\/jpeg\" \/>\n<meta name=\"author\" content=\"DL\" \/>\n<meta name=\"twitter:card\" content=\"summary_large_image\" \/>\n<meta name=\"twitter:label1\" content=\"Written by\" \/>\n\t<meta name=\"twitter:data1\" content=\"DL\" \/>\n\t<meta name=\"twitter:label2\" content=\"Est. reading time\" \/>\n\t<meta name=\"twitter:data2\" content=\"1 minut\u00eb\" \/>\n<script type=\"application\/ld+json\" class=\"yoast-schema-graph\">{\"@context\":\"https:\/\/schema.org\",\"@graph\":[{\"@type\":\"Article\",\"@id\":\"https:\/\/permbledhja.com\/r-i-p-higjiena-studentet-bojkotojne-mesimin-shkak-papastertia-pasi-stafi-teknik-i-up-se-gjendet-ne-greve\/#article\",\"isPartOf\":{\"@id\":\"https:\/\/permbledhja.com\/r-i-p-higjiena-studentet-bojkotojne-mesimin-shkak-papastertia-pasi-stafi-teknik-i-up-se-gjendet-ne-greve\/\"},\"author\":{\"name\":\"DL\",\"@id\":\"https:\/\/permbledhja.com\/#\/schema\/person\/9c54260cbc4c6f792cb100550491638c\"},\"headline\":\"\u201cR.I.P Higjiena\u201d: Student\u00ebt bojkotojn\u00eb m\u00ebsimin, shkak papast\u00ebrtia pasi stafi teknik i UP-s\u00eb gjendet n\u00eb grev\u00eb\",\"datePublished\":\"2024-03-11T09:05:41+00:00\",\"dateModified\":\"2024-03-11T09:05:41+00:00\",\"mainEntityOfPage\":{\"@id\":\"https:\/\/permbledhja.com\/r-i-p-higjiena-studentet-bojkotojne-mesimin-shkak-papastertia-pasi-stafi-teknik-i-up-se-gjendet-ne-greve\/\"},\"wordCount\":125,\"publisher\":{\"@id\":\"https:\/\/permbledhja.com\/#organization\"},\"articleSection\":[\"Lajme\"],\"inLanguage\":\"sq\"},{\"@type\":\"WebPage\",\"@id\":\"https:\/\/permbledhja.com\/r-i-p-higjiena-studentet-bojkotojne-mesimin-shkak-papastertia-pasi-stafi-teknik-i-up-se-gjendet-ne-greve\/\",\"url\":\"https:\/\/permbledhja.com\/r-i-p-higjiena-studentet-bojkotojne-mesimin-shkak-papastertia-pasi-stafi-teknik-i-up-se-gjendet-ne-greve\/\",\"name\":\"\u201cR.I.P Higjiena\u201d: Student\u00ebt bojkotojn\u00eb m\u00ebsimin, shkak papast\u00ebrtia pasi stafi teknik i UP-s\u00eb gjendet n\u00eb grev\u00eb\",\"isPartOf\":{\"@id\":\"https:\/\/permbledhja.com\/#website\"},\"datePublished\":\"2024-03-11T09:05:41+00:00\",\"dateModified\":\"2024-03-11T09:05:41+00:00\",\"breadcrumb\":{\"@id\":\"https:\/\/permbledhja.com\/r-i-p-higjiena-studentet-bojkotojne-mesimin-shkak-papastertia-pasi-stafi-teknik-i-up-se-gjendet-ne-greve\/#breadcrumb\"},\"inLanguage\":\"sq\",\"potentialAction\":[{\"@type\":\"ReadAction\",\"target\":[\"https:\/\/permbledhja.com\/r-i-p-higjiena-studentet-bojkotojne-mesimin-shkak-papastertia-pasi-stafi-teknik-i-up-se-gjendet-ne-greve\/\"]}]},{\"@type\":\"BreadcrumbList\",\"@id\":\"https:\/\/permbledhja.com\/r-i-p-higjiena-studentet-bojkotojne-mesimin-shkak-papastertia-pasi-stafi-teknik-i-up-se-gjendet-ne-greve\/#breadcrumb\",\"itemListElement\":[{\"@type\":\"ListItem\",\"position\":1,\"name\":\"Ballina\",\"item\":\"https:\/\/permbledhja.com\/sq\/\"},{\"@type\":\"ListItem\",\"position\":2,\"name\":\"\u201cR.I.P Higjiena\u201d: Student\u00ebt bojkotojn\u00eb m\u00ebsimin, shkak papast\u00ebrtia pasi stafi teknik i UP-s\u00eb gjendet n\u00eb grev\u00eb\"}]},{\"@type\":\"WebSite\",\"@id\":\"https:\/\/permbledhja.com\/#website\",\"url\":\"https:\/\/permbledhja.com\/\",\"name\":\"Ve\u00e7 artikuj p\u00ebrmbledh\u00ebs\",\"description\":\"\",\"publisher\":{\"@id\":\"https:\/\/permbledhja.com\/#organization\"},\"potentialAction\":[{\"@type\":\"SearchAction\",\"target\":{\"@type\":\"EntryPoint\",\"urlTemplate\":\"https:\/\/permbledhja.com\/?s={search_term_string}\"},\"query-input\":\"required name=search_term_string\"}],\"inLanguage\":\"sq\"},{\"@type\":\"Organization\",\"@id\":\"https:\/\/permbledhja.com\/#organization\",\"name\":\"MK Media & Pr\",\"url\":\"https:\/\/permbledhja.com\/\",\"logo\":{\"@type\":\"ImageObject\",\"inLanguage\":\"sq\",\"@id\":\"https:\/\/permbledhja.com\/#\/schema\/logo\/image\/\",\"url\":\"https:\/\/permbledhja.com\/wp-content\/uploads\/2021\/12\/07-Press-Logo.jpg\",\"contentUrl\":\"https:\/\/permbledhja.com\/wp-content\/uploads\/2021\/12\/07-Press-Logo.jpg\",\"width\":512,\"height\":512,\"caption\":\"MK Media & Pr\"},\"image\":{\"@id\":\"https:\/\/permbledhja.com\/#\/schema\/logo\/image\/\"},\"sameAs\":[\"https:\/\/www.facebook.com\/press07\/\"]},{\"@type\":\"Person\",\"@id\":\"https:\/\/permbledhja.com\/#\/schema\/person\/9c54260cbc4c6f792cb100550491638c\",\"name\":\"DL\",\"image\":{\"@type\":\"ImageObject\",\"inLanguage\":\"sq\",\"@id\":\"https:\/\/permbledhja.com\/#\/schema\/person\/image\/\",\"url\":\"https:\/\/secure.gravatar.com\/avatar\/94503eb28d4c4b2005a5c8753e35fc80?s=96&d=mm&r=g\",\"contentUrl\":\"https:\/\/secure.gravatar.com\/avatar\/94503eb28d4c4b2005a5c8753e35fc80?s=96&d=mm&r=g\",\"caption\":\"DL\"},\"url\":\"https:\/\/permbledhja.com\/sq\/author\/dl\/\"}]}<\/script>\n<!-- \/ Yoast SEO plugin. -->","yoast_head_json":{"title":"\u201cR.I.P Higjiena\u201d: Student\u00ebt bojkotojn\u00eb m\u00ebsimin, shkak papast\u00ebrtia pasi stafi teknik i UP-s\u00eb gjendet n\u00eb grev\u00eb","robots":{"index":"index","follow":"follow","max-snippet":"max-snippet:-1","max-image-preview":"max-image-preview:large","max-video-preview":"max-video-preview:-1"},"canonical":"https:\/\/permbledhja.com\/sq\/r-i-p-higjiena-studentet-bojkotojne-mesimin-shkak-papastertia-pasi-stafi-teknik-i-up-se-gjendet-ne-greve\/","og_locale":"sq_AL","og_type":"article","og_title":"\u201cR.I.P Higjiena\u201d: Student\u00ebt bojkotojn\u00eb m\u00ebsimin, shkak papast\u00ebrtia pasi stafi teknik i UP-s\u00eb gjendet n\u00eb grev\u00eb","og_description":"K\u00ebshilli Studentor i Fakultetit Filozofik\/Organizata Studentore \u201cReforma\u201d kan\u00eb bojkotuar t\u00eb h\u00ebn\u00ebn procesin m\u00ebsimor, pasi stafi teknik i UP-s\u00eb gjendet n\u00eb grev\u00eb, dhe p\u00ebr pasoj\u00eb papast\u00ebrtia \u00ebsht\u00eb n\u00eb gjendje alarmante. Studentet para hyrjes s\u00eb Fakultetit kan\u00eb vendosur edhe nj\u00eb karrige me mbishkrimin \u201cR.I.P Higjena\u201d. Po ashtu sot gjat\u00eb dit\u00ebs pun\u00ebtor\u00ebt teknik\u00eb dhe ata t\u00eb sigurimit fizik\u00eb [&hellip;]","og_url":"https:\/\/permbledhja.com\/sq\/r-i-p-higjiena-studentet-bojkotojne-mesimin-shkak-papastertia-pasi-stafi-teknik-i-up-se-gjendet-ne-greve\/","og_site_name":"Ve\u00e7 artikuj p\u00ebrmbledh\u00ebs","article_publisher":"https:\/\/www.facebook.com\/press07\/","article_published_time":"2024-03-11T09:05:41+00:00","og_image":[{"width":973,"height":584,"url":"https:\/\/permbledhja.com\/wp-content\/uploads\/2024\/03\/Screenshot_20240311-100252_Facebook.jpg","type":"image\/jpeg"}],"author":"DL","twitter_card":"summary_large_image","twitter_misc":{"Written by":"DL","Est. reading time":"1 minut\u00eb"},"schema":{"@context":"https:\/\/schema.org","@graph":[{"@type":"Article","@id":"https:\/\/permbledhja.com\/r-i-p-higjiena-studentet-bojkotojne-mesimin-shkak-papastertia-pasi-stafi-teknik-i-up-se-gjendet-ne-greve\/#article","isPartOf":{"@id":"https:\/\/permbledhja.com\/r-i-p-higjiena-studentet-bojkotojne-mesimin-shkak-papastertia-pasi-stafi-teknik-i-up-se-gjendet-ne-greve\/"},"author":{"name":"DL","@id":"https:\/\/permbledhja.com\/#\/schema\/person\/9c54260cbc4c6f792cb100550491638c"},"headline":"\u201cR.I.P Higjiena\u201d: Student\u00ebt bojkotojn\u00eb m\u00ebsimin, shkak papast\u00ebrtia pasi stafi teknik i UP-s\u00eb gjendet n\u00eb grev\u00eb","datePublished":"2024-03-11T09:05:41+00:00","dateModified":"2024-03-11T09:05:41+00:00","mainEntityOfPage":{"@id":"https:\/\/permbledhja.com\/r-i-p-higjiena-studentet-bojkotojne-mesimin-shkak-papastertia-pasi-stafi-teknik-i-up-se-gjendet-ne-greve\/"},"wordCount":125,"publisher":{"@id":"https:\/\/permbledhja.com\/#organization"},"articleSection":["Lajme"],"inLanguage":"sq"},{"@type":"WebPage","@id":"https:\/\/permbledhja.com\/r-i-p-higjiena-studentet-bojkotojne-mesimin-shkak-papastertia-pasi-stafi-teknik-i-up-se-gjendet-ne-greve\/","url":"https:\/\/permbledhja.com\/r-i-p-higjiena-studentet-bojkotojne-mesimin-shkak-papastertia-pasi-stafi-teknik-i-up-se-gjendet-ne-greve\/","name":"\u201cR.I.P Higjiena\u201d: Student\u00ebt bojkotojn\u00eb m\u00ebsimin, shkak papast\u00ebrtia pasi stafi teknik i UP-s\u00eb gjendet n\u00eb grev\u00eb","isPartOf":{"@id":"https:\/\/permbledhja.com\/#website"},"datePublished":"2024-03-11T09:05:41+00:00","dateModified":"2024-03-11T09:05:41+00:00","breadcrumb":{"@id":"https:\/\/permbledhja.com\/r-i-p-higjiena-studentet-bojkotojne-mesimin-shkak-papastertia-pasi-stafi-teknik-i-up-se-gjendet-ne-greve\/#breadcrumb"},"inLanguage":"sq","potentialAction":[{"@type":"ReadAction","target":["https:\/\/permbledhja.com\/r-i-p-higjiena-studentet-bojkotojne-mesimin-shkak-papastertia-pasi-stafi-teknik-i-up-se-gjendet-ne-greve\/"]}]},{"@type":"BreadcrumbList","@id":"https:\/\/permbledhja.com\/r-i-p-higjiena-studentet-bojkotojne-mesimin-shkak-papastertia-pasi-stafi-teknik-i-up-se-gjendet-ne-greve\/#breadcrumb","itemListElement":[{"@type":"ListItem","position":1,"name":"Ballina","item":"https:\/\/permbledhja.com\/sq\/"},{"@type":"ListItem","position":2,"name":"\u201cR.I.P Higjiena\u201d: Student\u00ebt bojkotojn\u00eb m\u00ebsimin, shkak papast\u00ebrtia pasi stafi teknik i UP-s\u00eb gjendet n\u00eb grev\u00eb"}]},{"@type":"WebSite","@id":"https:\/\/permbledhja.com\/#website","url":"https:\/\/permbledhja.com\/","name":"Ve\u00e7 artikuj p\u00ebrmbledh\u00ebs","description":"","publisher":{"@id":"https:\/\/permbledhja.com\/#organization"},"potentialAction":[{"@type":"SearchAction","target":{"@type":"EntryPoint","urlTemplate":"https:\/\/permbledhja.com\/?s={search_term_string}"},"query-input":"required name=search_term_string"}],"inLanguage":"sq"},{"@type":"Organization","@id":"https:\/\/permbledhja.com\/#organization","name":"MK Media & Pr","url":"https:\/\/permbledhja.com\/","logo":{"@type":"ImageObject","inLanguage":"sq","@id":"https:\/\/permbledhja.com\/#\/schema\/logo\/image\/","url":"https:\/\/permbledhja.com\/wp-content\/uploads\/2021\/12\/07-Press-Logo.jpg","contentUrl":"https:\/\/permbledhja.com\/wp-content\/uploads\/2021\/12\/07-Press-Logo.jpg","width":512,"height":512,"caption":"MK Media & Pr"},"image":{"@id":"https:\/\/permbledhja.com\/#\/schema\/logo\/image\/"},"sameAs":["https:\/\/www.facebook.com\/press07\/"]},{"@type":"Person","@id":"https:\/\/permbledhja.com\/#\/schema\/person\/9c54260cbc4c6f792cb100550491638c","name":"DL","image":{"@type":"ImageObject","inLanguage":"sq","@id":"https:\/\/permbledhja.com\/#\/schema\/person\/image\/","url":"https:\/\/secure.gravatar.com\/avatar\/94503eb28d4c4b2005a5c8753e35fc80?s=96&d=mm&r=g","contentUrl":"https:\/\/secure.gravatar.com\/avatar\/94503eb28d4c4b2005a5c8753e35fc80?s=96&d=mm&r=g","caption":"DL"},"url":"https:\/\/permbledhja.com\/sq\/author\/dl\/"}]}},"_links":{"self":[{"href":"https:\/\/permbledhja.com\/sq\/wp-json\/wp\/v2\/posts\/51867"}],"collection":[{"href":"https:\/\/permbledhja.com\/sq\/wp-json\/wp\/v2\/posts"}],"about":[{"href":"https:\/\/permbledhja.com\/sq\/wp-json\/wp\/v2\/types\/post"}],"author":[{"embeddable":true,"href":"https:\/\/permbledhja.com\/sq\/wp-json\/wp\/v2\/users\/5"}],"replies":[{"embeddable":true,"href":"https:\/\/permbledhja.com\/sq\/wp-json\/wp\/v2\/comments?post=51867"}],"version-history":[{"count":1,"href":"https:\/\/permbledhja.com\/sq\/wp-json\/wp\/v2\/posts\/51867\/revisions"}],"predecessor-version":[{"id":51869,"href":"https:\/\/permbledhja.com\/sq\/wp-json\/wp\/v2\/posts\/51867\/revisions\/51869"}],"wp:featuredmedia":[{"embeddable":true,"href":"https:\/\/permbledhja.com\/sq\/wp-json\/wp\/v2\/media\/51868"}],"wp:attachment":[{"href":"https:\/\/permbledhja.com\/sq\/wp-json\/wp\/v2\/media?parent=51867"}],"wp:term":[{"taxonomy":"category","embeddable":true,"href":"https:\/\/permbledhja.com\/sq\/wp-json\/wp\/v2\/categories?post=51867"},{"taxonomy":"post_tag","embeddable":true,"href":"https:\/\/permbledhja.com\/sq\/wp-json\/wp\/v2\/tags?post=51867"}],"curies":[{"name":"wp","href":"https:\/\/api.w.org\/{rel}","templated":true}]}}