{"id":51863,"date":"2024-03-11T08:30:56","date_gmt":"2024-03-11T08:30:56","guid":{"rendered":"https:\/\/permbledhja.com\/?p=51863"},"modified":"2024-03-11T08:30:56","modified_gmt":"2024-03-11T08:30:56","slug":"ceshtja-e-dinarit-dhe-dialogu-me-serbine-escobar-kete-jave-viziton-prishtinen","status":"publish","type":"post","link":"https:\/\/permbledhja.com\/sq\/ceshtja-e-dinarit-dhe-dialogu-me-serbine-escobar-kete-jave-viziton-prishtinen\/","title":{"rendered":"\u00c7\u00ebshtja e dinarit dhe dialogu me Serbin\u00eb, Escobar k\u00ebt\u00eb jav\u00eb viziton Prishtin\u00ebn"},"content":{"rendered":"<h3>I d\u00ebrguari amerikan p\u00ebr Ballkanin Per\u00ebndimor, Gabriel Escobar, do ta vizitoj\u00eb Prishtin\u00ebn k\u00ebt\u00eb jav\u00eb p\u00ebr t\u00eb biseduar me lider\u00ebt e Qeveris\u00eb s\u00eb Kosov\u00ebs p\u00ebr dialogun mes saj dhe Serbis\u00eb, si dhe p\u00ebr dinarin e ndalur serb n\u00eb Kosov\u00eb, njoftoi Departamenti amerikan i Shtetit t\u00eb diel\u00ebn.<\/h3>\n<p style=\"box-sizing: border-box; margin-bottom: 15px; font-size: 15px; line-height: 26px; letter-spacing: -0.2px; font-family: Raleway-Regular, sans-serif; color: #212529;\">Escobar do ta vizitoj\u00eb Belgjik\u00ebn, Kosov\u00ebn, Austrin\u00eb dhe Malin e Zi nga 10 deri m\u00eb 18 mars 2024, sipas njoftimit.<\/p>\n<p style=\"box-sizing: border-box; margin-bottom: 15px; font-size: 15px; line-height: 26px; letter-spacing: -0.2px; font-family: Raleway-Regular, sans-serif; color: #212529;\">Vizita e tij do ta ritheksoj\u00eb p\u00ebrkushtimin e shteteve t\u00eb Bashkuara p\u00ebr vendet e Ballkanit Per\u00ebndimor, t\u00eb cilat e synojn\u00eb integrimin Euroatlantik dhe nj\u00eb bashk\u00ebpunim m\u00eb t\u00eb thell\u00eb rajonal\u201d, tha Departamenti i Shtetit.<\/p>\n<p style=\"box-sizing: border-box; margin-bottom: 15px; font-size: 15px; line-height: 26px; letter-spacing: -0.2px; font-family: Raleway-Regular, sans-serif; color: #212529;\">Escobari e viziton Kosov\u00ebn n\u00eb nj\u00eb koh\u00eb kur marr\u00ebdh\u00ebniet e zyrtar\u00ebve amerikan\u00eb me Qeverin\u00eb e Kosov\u00ebs duken t\u00eb tensionuara p\u00ebr shkak t\u00eb \u00e7\u00ebshtjes s\u00eb dinarit serb, t\u00eb cilin Banka Qendrore e Kosov\u00ebs e ndaloi p\u00ebrmes nj\u00eb rregulloreje muajin e kaluar.<\/p>\n<p>&nbsp;<\/p>\n","protected":false},"excerpt":{"rendered":"<p>I d\u00ebrguari amerikan p\u00ebr Ballkanin Per\u00ebndimor, Gabriel Escobar, do ta vizitoj\u00eb Prishtin\u00ebn k\u00ebt\u00eb jav\u00eb p\u00ebr t\u00eb biseduar me lider\u00ebt e Qeveris\u00eb s\u00eb Kosov\u00ebs p\u00ebr dialogun mes saj dhe Serbis\u00eb, si dhe p\u00ebr dinarin e ndalur serb n\u00eb Kosov\u00eb, njoftoi Departamenti amerikan i Shtetit t\u00eb diel\u00ebn. Escobar do ta vizitoj\u00eb Belgjik\u00ebn, Kosov\u00ebn, Austrin\u00eb dhe Malin e [&hellip;]<\/p>\n","protected":false},"author":5,"featured_media":34820,"comment_status":"closed","ping_status":"closed","sticky":false,"template":"","format":"standard","meta":{"_monsterinsights_skip_tracking":false,"_monsterinsights_sitenote_active":false,"_monsterinsights_sitenote_note":"","_monsterinsights_sitenote_category":0,"_uf_show_specific_survey":0,"_uf_disable_surveys":false,"footnotes":""},"categories":[1146],"tags":[],"yoast_head":"<!-- This site is optimized with the Yoast SEO plugin v21.5 - https:\/\/yoast.com\/wordpress\/plugins\/seo\/ -->\n<title>\u00c7\u00ebshtja e dinarit dhe dialogu me Serbin\u00eb, Escobar k\u00ebt\u00eb jav\u00eb viziton Prishtin\u00ebn<\/title>\n<meta name=\"robots\" content=\"index, follow, max-snippet:-1, max-image-preview:large, max-video-preview:-1\" \/>\n<link rel=\"canonical\" href=\"https:\/\/permbledhja.com\/sq\/ceshtja-e-dinarit-dhe-dialogu-me-serbine-escobar-kete-jave-viziton-prishtinen\/\" \/>\n<meta property=\"og:locale\" content=\"sq_AL\" \/>\n<meta property=\"og:type\" content=\"article\" \/>\n<meta property=\"og:title\" content=\"\u00c7\u00ebshtja e dinarit dhe dialogu me Serbin\u00eb, Escobar k\u00ebt\u00eb jav\u00eb viziton Prishtin\u00ebn\" \/>\n<meta property=\"og:description\" content=\"I d\u00ebrguari amerikan p\u00ebr Ballkanin Per\u00ebndimor, Gabriel Escobar, do ta vizitoj\u00eb Prishtin\u00ebn k\u00ebt\u00eb jav\u00eb p\u00ebr t\u00eb biseduar me lider\u00ebt e Qeveris\u00eb s\u00eb Kosov\u00ebs p\u00ebr dialogun mes saj dhe Serbis\u00eb, si dhe p\u00ebr dinarin e ndalur serb n\u00eb Kosov\u00eb, njoftoi Departamenti amerikan i Shtetit t\u00eb diel\u00ebn. Escobar do ta vizitoj\u00eb Belgjik\u00ebn, Kosov\u00ebn, Austrin\u00eb dhe Malin e [&hellip;]\" \/>\n<meta property=\"og:url\" content=\"https:\/\/permbledhja.com\/sq\/ceshtja-e-dinarit-dhe-dialogu-me-serbine-escobar-kete-jave-viziton-prishtinen\/\" \/>\n<meta property=\"og:site_name\" content=\"Ve\u00e7 artikuj p\u00ebrmbledh\u00ebs\" \/>\n<meta property=\"article:publisher\" content=\"https:\/\/www.facebook.com\/press07\/\" \/>\n<meta property=\"article:published_time\" content=\"2024-03-11T08:30:56+00:00\" \/>\n<meta property=\"og:image\" content=\"https:\/\/permbledhja.com\/wp-content\/uploads\/2023\/11\/gabriel-escobar.jpg\" \/>\n\t<meta property=\"og:image:width\" content=\"787\" \/>\n\t<meta property=\"og:image:height\" content=\"504\" \/>\n\t<meta property=\"og:image:type\" content=\"image\/jpeg\" \/>\n<meta name=\"author\" content=\"DL\" \/>\n<meta name=\"twitter:card\" content=\"summary_large_image\" \/>\n<meta name=\"twitter:label1\" content=\"Written by\" \/>\n\t<meta name=\"twitter:data1\" content=\"DL\" \/>\n\t<meta name=\"twitter:label2\" content=\"Est. reading time\" \/>\n\t<meta name=\"twitter:data2\" content=\"1 minut\u00eb\" \/>\n<script type=\"application\/ld+json\" class=\"yoast-schema-graph\">{\"@context\":\"https:\/\/schema.org\",\"@graph\":[{\"@type\":\"Article\",\"@id\":\"https:\/\/permbledhja.com\/ceshtja-e-dinarit-dhe-dialogu-me-serbine-escobar-kete-jave-viziton-prishtinen\/#article\",\"isPartOf\":{\"@id\":\"https:\/\/permbledhja.com\/ceshtja-e-dinarit-dhe-dialogu-me-serbine-escobar-kete-jave-viziton-prishtinen\/\"},\"author\":{\"name\":\"DL\",\"@id\":\"https:\/\/permbledhja.com\/#\/schema\/person\/9c54260cbc4c6f792cb100550491638c\"},\"headline\":\"\u00c7\u00ebshtja e dinarit dhe dialogu me Serbin\u00eb, Escobar k\u00ebt\u00eb jav\u00eb viziton Prishtin\u00ebn\",\"datePublished\":\"2024-03-11T08:30:56+00:00\",\"dateModified\":\"2024-03-11T08:30:56+00:00\",\"mainEntityOfPage\":{\"@id\":\"https:\/\/permbledhja.com\/ceshtja-e-dinarit-dhe-dialogu-me-serbine-escobar-kete-jave-viziton-prishtinen\/\"},\"wordCount\":175,\"publisher\":{\"@id\":\"https:\/\/permbledhja.com\/#organization\"},\"articleSection\":[\"Kryesoret\"],\"inLanguage\":\"sq\"},{\"@type\":\"WebPage\",\"@id\":\"https:\/\/permbledhja.com\/ceshtja-e-dinarit-dhe-dialogu-me-serbine-escobar-kete-jave-viziton-prishtinen\/\",\"url\":\"https:\/\/permbledhja.com\/ceshtja-e-dinarit-dhe-dialogu-me-serbine-escobar-kete-jave-viziton-prishtinen\/\",\"name\":\"\u00c7\u00ebshtja e dinarit dhe dialogu me Serbin\u00eb, Escobar k\u00ebt\u00eb jav\u00eb viziton Prishtin\u00ebn\",\"isPartOf\":{\"@id\":\"https:\/\/permbledhja.com\/#website\"},\"datePublished\":\"2024-03-11T08:30:56+00:00\",\"dateModified\":\"2024-03-11T08:30:56+00:00\",\"breadcrumb\":{\"@id\":\"https:\/\/permbledhja.com\/ceshtja-e-dinarit-dhe-dialogu-me-serbine-escobar-kete-jave-viziton-prishtinen\/#breadcrumb\"},\"inLanguage\":\"sq\",\"potentialAction\":[{\"@type\":\"ReadAction\",\"target\":[\"https:\/\/permbledhja.com\/ceshtja-e-dinarit-dhe-dialogu-me-serbine-escobar-kete-jave-viziton-prishtinen\/\"]}]},{\"@type\":\"BreadcrumbList\",\"@id\":\"https:\/\/permbledhja.com\/ceshtja-e-dinarit-dhe-dialogu-me-serbine-escobar-kete-jave-viziton-prishtinen\/#breadcrumb\",\"itemListElement\":[{\"@type\":\"ListItem\",\"position\":1,\"name\":\"Ballina\",\"item\":\"https:\/\/permbledhja.com\/sq\/\"},{\"@type\":\"ListItem\",\"position\":2,\"name\":\"\u00c7\u00ebshtja e dinarit dhe dialogu me Serbin\u00eb, Escobar k\u00ebt\u00eb jav\u00eb viziton Prishtin\u00ebn\"}]},{\"@type\":\"WebSite\",\"@id\":\"https:\/\/permbledhja.com\/#website\",\"url\":\"https:\/\/permbledhja.com\/\",\"name\":\"Ve\u00e7 artikuj p\u00ebrmbledh\u00ebs\",\"description\":\"\",\"publisher\":{\"@id\":\"https:\/\/permbledhja.com\/#organization\"},\"potentialAction\":[{\"@type\":\"SearchAction\",\"target\":{\"@type\":\"EntryPoint\",\"urlTemplate\":\"https:\/\/permbledhja.com\/?s={search_term_string}\"},\"query-input\":\"required name=search_term_string\"}],\"inLanguage\":\"sq\"},{\"@type\":\"Organization\",\"@id\":\"https:\/\/permbledhja.com\/#organization\",\"name\":\"MK Media & Pr\",\"url\":\"https:\/\/permbledhja.com\/\",\"logo\":{\"@type\":\"ImageObject\",\"inLanguage\":\"sq\",\"@id\":\"https:\/\/permbledhja.com\/#\/schema\/logo\/image\/\",\"url\":\"https:\/\/permbledhja.com\/wp-content\/uploads\/2021\/12\/07-Press-Logo.jpg\",\"contentUrl\":\"https:\/\/permbledhja.com\/wp-content\/uploads\/2021\/12\/07-Press-Logo.jpg\",\"width\":512,\"height\":512,\"caption\":\"MK Media & Pr\"},\"image\":{\"@id\":\"https:\/\/permbledhja.com\/#\/schema\/logo\/image\/\"},\"sameAs\":[\"https:\/\/www.facebook.com\/press07\/\"]},{\"@type\":\"Person\",\"@id\":\"https:\/\/permbledhja.com\/#\/schema\/person\/9c54260cbc4c6f792cb100550491638c\",\"name\":\"DL\",\"image\":{\"@type\":\"ImageObject\",\"inLanguage\":\"sq\",\"@id\":\"https:\/\/permbledhja.com\/#\/schema\/person\/image\/\",\"url\":\"https:\/\/secure.gravatar.com\/avatar\/94503eb28d4c4b2005a5c8753e35fc80?s=96&d=mm&r=g\",\"contentUrl\":\"https:\/\/secure.gravatar.com\/avatar\/94503eb28d4c4b2005a5c8753e35fc80?s=96&d=mm&r=g\",\"caption\":\"DL\"},\"url\":\"https:\/\/permbledhja.com\/sq\/author\/dl\/\"}]}<\/script>\n<!-- \/ Yoast SEO plugin. -->","yoast_head_json":{"title":"\u00c7\u00ebshtja e dinarit dhe dialogu me Serbin\u00eb, Escobar k\u00ebt\u00eb jav\u00eb viziton Prishtin\u00ebn","robots":{"index":"index","follow":"follow","max-snippet":"max-snippet:-1","max-image-preview":"max-image-preview:large","max-video-preview":"max-video-preview:-1"},"canonical":"https:\/\/permbledhja.com\/sq\/ceshtja-e-dinarit-dhe-dialogu-me-serbine-escobar-kete-jave-viziton-prishtinen\/","og_locale":"sq_AL","og_type":"article","og_title":"\u00c7\u00ebshtja e dinarit dhe dialogu me Serbin\u00eb, Escobar k\u00ebt\u00eb jav\u00eb viziton Prishtin\u00ebn","og_description":"I d\u00ebrguari amerikan p\u00ebr Ballkanin Per\u00ebndimor, Gabriel Escobar, do ta vizitoj\u00eb Prishtin\u00ebn k\u00ebt\u00eb jav\u00eb p\u00ebr t\u00eb biseduar me lider\u00ebt e Qeveris\u00eb s\u00eb Kosov\u00ebs p\u00ebr dialogun mes saj dhe Serbis\u00eb, si dhe p\u00ebr dinarin e ndalur serb n\u00eb Kosov\u00eb, njoftoi Departamenti amerikan i Shtetit t\u00eb diel\u00ebn. Escobar do ta vizitoj\u00eb Belgjik\u00ebn, Kosov\u00ebn, Austrin\u00eb dhe Malin e [&hellip;]","og_url":"https:\/\/permbledhja.com\/sq\/ceshtja-e-dinarit-dhe-dialogu-me-serbine-escobar-kete-jave-viziton-prishtinen\/","og_site_name":"Ve\u00e7 artikuj p\u00ebrmbledh\u00ebs","article_publisher":"https:\/\/www.facebook.com\/press07\/","article_published_time":"2024-03-11T08:30:56+00:00","og_image":[{"width":787,"height":504,"url":"https:\/\/permbledhja.com\/wp-content\/uploads\/2023\/11\/gabriel-escobar.jpg","type":"image\/jpeg"}],"author":"DL","twitter_card":"summary_large_image","twitter_misc":{"Written by":"DL","Est. reading time":"1 minut\u00eb"},"schema":{"@context":"https:\/\/schema.org","@graph":[{"@type":"Article","@id":"https:\/\/permbledhja.com\/ceshtja-e-dinarit-dhe-dialogu-me-serbine-escobar-kete-jave-viziton-prishtinen\/#article","isPartOf":{"@id":"https:\/\/permbledhja.com\/ceshtja-e-dinarit-dhe-dialogu-me-serbine-escobar-kete-jave-viziton-prishtinen\/"},"author":{"name":"DL","@id":"https:\/\/permbledhja.com\/#\/schema\/person\/9c54260cbc4c6f792cb100550491638c"},"headline":"\u00c7\u00ebshtja e dinarit dhe dialogu me Serbin\u00eb, Escobar k\u00ebt\u00eb jav\u00eb viziton Prishtin\u00ebn","datePublished":"2024-03-11T08:30:56+00:00","dateModified":"2024-03-11T08:30:56+00:00","mainEntityOfPage":{"@id":"https:\/\/permbledhja.com\/ceshtja-e-dinarit-dhe-dialogu-me-serbine-escobar-kete-jave-viziton-prishtinen\/"},"wordCount":175,"publisher":{"@id":"https:\/\/permbledhja.com\/#organization"},"articleSection":["Kryesoret"],"inLanguage":"sq"},{"@type":"WebPage","@id":"https:\/\/permbledhja.com\/ceshtja-e-dinarit-dhe-dialogu-me-serbine-escobar-kete-jave-viziton-prishtinen\/","url":"https:\/\/permbledhja.com\/ceshtja-e-dinarit-dhe-dialogu-me-serbine-escobar-kete-jave-viziton-prishtinen\/","name":"\u00c7\u00ebshtja e dinarit dhe dialogu me Serbin\u00eb, Escobar k\u00ebt\u00eb jav\u00eb viziton Prishtin\u00ebn","isPartOf":{"@id":"https:\/\/permbledhja.com\/#website"},"datePublished":"2024-03-11T08:30:56+00:00","dateModified":"2024-03-11T08:30:56+00:00","breadcrumb":{"@id":"https:\/\/permbledhja.com\/ceshtja-e-dinarit-dhe-dialogu-me-serbine-escobar-kete-jave-viziton-prishtinen\/#breadcrumb"},"inLanguage":"sq","potentialAction":[{"@type":"ReadAction","target":["https:\/\/permbledhja.com\/ceshtja-e-dinarit-dhe-dialogu-me-serbine-escobar-kete-jave-viziton-prishtinen\/"]}]},{"@type":"BreadcrumbList","@id":"https:\/\/permbledhja.com\/ceshtja-e-dinarit-dhe-dialogu-me-serbine-escobar-kete-jave-viziton-prishtinen\/#breadcrumb","itemListElement":[{"@type":"ListItem","position":1,"name":"Ballina","item":"https:\/\/permbledhja.com\/sq\/"},{"@type":"ListItem","position":2,"name":"\u00c7\u00ebshtja e dinarit dhe dialogu me Serbin\u00eb, Escobar k\u00ebt\u00eb jav\u00eb viziton Prishtin\u00ebn"}]},{"@type":"WebSite","@id":"https:\/\/permbledhja.com\/#website","url":"https:\/\/permbledhja.com\/","name":"Ve\u00e7 artikuj p\u00ebrmbledh\u00ebs","description":"","publisher":{"@id":"https:\/\/permbledhja.com\/#organization"},"potentialAction":[{"@type":"SearchAction","target":{"@type":"EntryPoint","urlTemplate":"https:\/\/permbledhja.com\/?s={search_term_string}"},"query-input":"required name=search_term_string"}],"inLanguage":"sq"},{"@type":"Organization","@id":"https:\/\/permbledhja.com\/#organization","name":"MK Media & Pr","url":"https:\/\/permbledhja.com\/","logo":{"@type":"ImageObject","inLanguage":"sq","@id":"https:\/\/permbledhja.com\/#\/schema\/logo\/image\/","url":"https:\/\/permbledhja.com\/wp-content\/uploads\/2021\/12\/07-Press-Logo.jpg","contentUrl":"https:\/\/permbledhja.com\/wp-content\/uploads\/2021\/12\/07-Press-Logo.jpg","width":512,"height":512,"caption":"MK Media & Pr"},"image":{"@id":"https:\/\/permbledhja.com\/#\/schema\/logo\/image\/"},"sameAs":["https:\/\/www.facebook.com\/press07\/"]},{"@type":"Person","@id":"https:\/\/permbledhja.com\/#\/schema\/person\/9c54260cbc4c6f792cb100550491638c","name":"DL","image":{"@type":"ImageObject","inLanguage":"sq","@id":"https:\/\/permbledhja.com\/#\/schema\/person\/image\/","url":"https:\/\/secure.gravatar.com\/avatar\/94503eb28d4c4b2005a5c8753e35fc80?s=96&d=mm&r=g","contentUrl":"https:\/\/secure.gravatar.com\/avatar\/94503eb28d4c4b2005a5c8753e35fc80?s=96&d=mm&r=g","caption":"DL"},"url":"https:\/\/permbledhja.com\/sq\/author\/dl\/"}]}},"_links":{"self":[{"href":"https:\/\/permbledhja.com\/sq\/wp-json\/wp\/v2\/posts\/51863"}],"collection":[{"href":"https:\/\/permbledhja.com\/sq\/wp-json\/wp\/v2\/posts"}],"about":[{"href":"https:\/\/permbledhja.com\/sq\/wp-json\/wp\/v2\/types\/post"}],"author":[{"embeddable":true,"href":"https:\/\/permbledhja.com\/sq\/wp-json\/wp\/v2\/users\/5"}],"replies":[{"embeddable":true,"href":"https:\/\/permbledhja.com\/sq\/wp-json\/wp\/v2\/comments?post=51863"}],"version-history":[{"count":1,"href":"https:\/\/permbledhja.com\/sq\/wp-json\/wp\/v2\/posts\/51863\/revisions"}],"predecessor-version":[{"id":51864,"href":"https:\/\/permbledhja.com\/sq\/wp-json\/wp\/v2\/posts\/51863\/revisions\/51864"}],"wp:featuredmedia":[{"embeddable":true,"href":"https:\/\/permbledhja.com\/sq\/wp-json\/wp\/v2\/media\/34820"}],"wp:attachment":[{"href":"https:\/\/permbledhja.com\/sq\/wp-json\/wp\/v2\/media?parent=51863"}],"wp:term":[{"taxonomy":"category","embeddable":true,"href":"https:\/\/permbledhja.com\/sq\/wp-json\/wp\/v2\/categories?post=51863"},{"taxonomy":"post_tag","embeddable":true,"href":"https:\/\/permbledhja.com\/sq\/wp-json\/wp\/v2\/tags?post=51863"}],"curies":[{"name":"wp","href":"https:\/\/api.w.org\/{rel}","templated":true}]}}