{"id":51860,"date":"2024-03-11T08:14:43","date_gmt":"2024-03-11T08:14:43","guid":{"rendered":"https:\/\/permbledhja.com\/?p=51860"},"modified":"2024-03-11T08:14:43","modified_gmt":"2024-03-11T08:14:43","slug":"sot-fillon-muaji-i-shenjte-i-ramazanit-besimtaret-nisin-agjerimin","status":"publish","type":"post","link":"https:\/\/permbledhja.com\/sq\/sot-fillon-muaji-i-shenjte-i-ramazanit-besimtaret-nisin-agjerimin\/","title":{"rendered":"Sot fillon muaji i shenjt\u00eb i Ramazanit, besimtar\u00ebt nisin agj\u00ebrimin"},"content":{"rendered":"<p style=\"box-sizing: border-box; margin-bottom: 1rem; color: #000000; font-family: NeueHaas, Arial, sans-serif; font-size: 18px;\"><span style=\"box-sizing: border-box; font-weight: bolder;\">Muaji i Ramazanit nis sot n\u00eb Kosov\u00eb, edhe pse data e nisjes ndryshon n\u00eb shtete t\u00eb ndryshme, var\u00ebsisht nga v\u00ebzhgimet pamore t\u00eb H\u00ebn\u00ebs s\u00eb re.<\/span><\/p>\n<p style=\"box-sizing: border-box; margin-bottom: 1rem; color: #000000; font-family: NeueHaas, Arial, sans-serif; font-size: 18px;\">Gjat\u00eb Muajit t\u00eb Ramazanit besimtar\u00ebt mysliman\u00eb agj\u00ebrojn\u00eb nga agimi deri n\u00eb per\u00ebndim t\u00eb diellit si shenj\u00eb sakrifice dhe p\u00ebrkushtimi ndaj Zotit.<\/p>\n<p style=\"box-sizing: border-box; margin-bottom: 1rem; color: #000000; font-family: NeueHaas, Arial, sans-serif; font-size: 18px;\">Ramazani \u00ebsht\u00eb muaji m\u00eb i r\u00ebnd\u00ebsish\u00ebm i besimit islam.<\/p>\n<p style=\"box-sizing: border-box; margin-bottom: 1rem; color: #000000; font-family: NeueHaas, Arial, sans-serif; font-size: 18px;\">\u00c7do besimtar e pret at\u00eb me g\u00ebzim, duke shpresuar n\u00eb faljen dhe m\u00ebshir\u00ebn e Zotit.<\/p>\n","protected":false},"excerpt":{"rendered":"<p>Muaji i Ramazanit nis sot n\u00eb Kosov\u00eb, edhe pse data e nisjes ndryshon n\u00eb shtete t\u00eb ndryshme, var\u00ebsisht nga v\u00ebzhgimet pamore t\u00eb H\u00ebn\u00ebs s\u00eb re. Gjat\u00eb Muajit t\u00eb Ramazanit besimtar\u00ebt mysliman\u00eb agj\u00ebrojn\u00eb nga agimi deri n\u00eb per\u00ebndim t\u00eb diellit si shenj\u00eb sakrifice dhe p\u00ebrkushtimi ndaj Zotit. Ramazani \u00ebsht\u00eb muaji m\u00eb i r\u00ebnd\u00ebsish\u00ebm i besimit islam. [&hellip;]<\/p>\n","protected":false},"author":5,"featured_media":51861,"comment_status":"closed","ping_status":"closed","sticky":false,"template":"","format":"standard","meta":{"_monsterinsights_skip_tracking":false,"_monsterinsights_sitenote_active":false,"_monsterinsights_sitenote_note":"","_monsterinsights_sitenote_category":0,"_uf_show_specific_survey":0,"_uf_disable_surveys":false,"footnotes":""},"categories":[15],"tags":[],"yoast_head":"<!-- This site is optimized with the Yoast SEO plugin v21.5 - https:\/\/yoast.com\/wordpress\/plugins\/seo\/ -->\n<title>Sot fillon muaji i shenjt\u00eb i Ramazanit, besimtar\u00ebt nisin agj\u00ebrimin<\/title>\n<meta name=\"robots\" content=\"index, follow, max-snippet:-1, max-image-preview:large, max-video-preview:-1\" \/>\n<link rel=\"canonical\" href=\"https:\/\/permbledhja.com\/sq\/sot-fillon-muaji-i-shenjte-i-ramazanit-besimtaret-nisin-agjerimin\/\" \/>\n<meta property=\"og:locale\" content=\"sq_AL\" \/>\n<meta property=\"og:type\" content=\"article\" \/>\n<meta property=\"og:title\" content=\"Sot fillon muaji i shenjt\u00eb i Ramazanit, besimtar\u00ebt nisin agj\u00ebrimin\" \/>\n<meta property=\"og:description\" content=\"Muaji i Ramazanit nis sot n\u00eb Kosov\u00eb, edhe pse data e nisjes ndryshon n\u00eb shtete t\u00eb ndryshme, var\u00ebsisht nga v\u00ebzhgimet pamore t\u00eb H\u00ebn\u00ebs s\u00eb re. Gjat\u00eb Muajit t\u00eb Ramazanit besimtar\u00ebt mysliman\u00eb agj\u00ebrojn\u00eb nga agimi deri n\u00eb per\u00ebndim t\u00eb diellit si shenj\u00eb sakrifice dhe p\u00ebrkushtimi ndaj Zotit. Ramazani \u00ebsht\u00eb muaji m\u00eb i r\u00ebnd\u00ebsish\u00ebm i besimit islam. [&hellip;]\" \/>\n<meta property=\"og:url\" content=\"https:\/\/permbledhja.com\/sq\/sot-fillon-muaji-i-shenjte-i-ramazanit-besimtaret-nisin-agjerimin\/\" \/>\n<meta property=\"og:site_name\" content=\"Ve\u00e7 artikuj p\u00ebrmbledh\u00ebs\" \/>\n<meta property=\"article:publisher\" content=\"https:\/\/www.facebook.com\/press07\/\" \/>\n<meta property=\"article:published_time\" content=\"2024-03-11T08:14:43+00:00\" \/>\n<meta property=\"og:image\" content=\"https:\/\/permbledhja.com\/wp-content\/uploads\/2024\/03\/Screenshot_20240311-091229_Chrome.jpg\" \/>\n\t<meta property=\"og:image:width\" content=\"772\" \/>\n\t<meta property=\"og:image:height\" content=\"510\" \/>\n\t<meta property=\"og:image:type\" content=\"image\/jpeg\" \/>\n<meta name=\"author\" content=\"DL\" \/>\n<meta name=\"twitter:card\" content=\"summary_large_image\" \/>\n<meta name=\"twitter:label1\" content=\"Written by\" \/>\n\t<meta name=\"twitter:data1\" content=\"DL\" \/>\n\t<meta name=\"twitter:label2\" content=\"Est. reading time\" \/>\n\t<meta name=\"twitter:data2\" content=\"1 minut\u00eb\" \/>\n<script type=\"application\/ld+json\" class=\"yoast-schema-graph\">{\"@context\":\"https:\/\/schema.org\",\"@graph\":[{\"@type\":\"Article\",\"@id\":\"https:\/\/permbledhja.com\/sot-fillon-muaji-i-shenjte-i-ramazanit-besimtaret-nisin-agjerimin\/#article\",\"isPartOf\":{\"@id\":\"https:\/\/permbledhja.com\/sot-fillon-muaji-i-shenjte-i-ramazanit-besimtaret-nisin-agjerimin\/\"},\"author\":{\"name\":\"DL\",\"@id\":\"https:\/\/permbledhja.com\/#\/schema\/person\/9c54260cbc4c6f792cb100550491638c\"},\"headline\":\"Sot fillon muaji i shenjt\u00eb i Ramazanit, besimtar\u00ebt nisin agj\u00ebrimin\",\"datePublished\":\"2024-03-11T08:14:43+00:00\",\"dateModified\":\"2024-03-11T08:14:43+00:00\",\"mainEntityOfPage\":{\"@id\":\"https:\/\/permbledhja.com\/sot-fillon-muaji-i-shenjte-i-ramazanit-besimtaret-nisin-agjerimin\/\"},\"wordCount\":96,\"publisher\":{\"@id\":\"https:\/\/permbledhja.com\/#organization\"},\"articleSection\":[\"Lajme\"],\"inLanguage\":\"sq\"},{\"@type\":\"WebPage\",\"@id\":\"https:\/\/permbledhja.com\/sot-fillon-muaji-i-shenjte-i-ramazanit-besimtaret-nisin-agjerimin\/\",\"url\":\"https:\/\/permbledhja.com\/sot-fillon-muaji-i-shenjte-i-ramazanit-besimtaret-nisin-agjerimin\/\",\"name\":\"Sot fillon muaji i shenjt\u00eb i Ramazanit, besimtar\u00ebt nisin agj\u00ebrimin\",\"isPartOf\":{\"@id\":\"https:\/\/permbledhja.com\/#website\"},\"datePublished\":\"2024-03-11T08:14:43+00:00\",\"dateModified\":\"2024-03-11T08:14:43+00:00\",\"breadcrumb\":{\"@id\":\"https:\/\/permbledhja.com\/sot-fillon-muaji-i-shenjte-i-ramazanit-besimtaret-nisin-agjerimin\/#breadcrumb\"},\"inLanguage\":\"sq\",\"potentialAction\":[{\"@type\":\"ReadAction\",\"target\":[\"https:\/\/permbledhja.com\/sot-fillon-muaji-i-shenjte-i-ramazanit-besimtaret-nisin-agjerimin\/\"]}]},{\"@type\":\"BreadcrumbList\",\"@id\":\"https:\/\/permbledhja.com\/sot-fillon-muaji-i-shenjte-i-ramazanit-besimtaret-nisin-agjerimin\/#breadcrumb\",\"itemListElement\":[{\"@type\":\"ListItem\",\"position\":1,\"name\":\"Ballina\",\"item\":\"https:\/\/permbledhja.com\/sq\/\"},{\"@type\":\"ListItem\",\"position\":2,\"name\":\"Sot fillon muaji i shenjt\u00eb i Ramazanit, besimtar\u00ebt nisin agj\u00ebrimin\"}]},{\"@type\":\"WebSite\",\"@id\":\"https:\/\/permbledhja.com\/#website\",\"url\":\"https:\/\/permbledhja.com\/\",\"name\":\"Ve\u00e7 artikuj p\u00ebrmbledh\u00ebs\",\"description\":\"\",\"publisher\":{\"@id\":\"https:\/\/permbledhja.com\/#organization\"},\"potentialAction\":[{\"@type\":\"SearchAction\",\"target\":{\"@type\":\"EntryPoint\",\"urlTemplate\":\"https:\/\/permbledhja.com\/?s={search_term_string}\"},\"query-input\":\"required name=search_term_string\"}],\"inLanguage\":\"sq\"},{\"@type\":\"Organization\",\"@id\":\"https:\/\/permbledhja.com\/#organization\",\"name\":\"MK Media & Pr\",\"url\":\"https:\/\/permbledhja.com\/\",\"logo\":{\"@type\":\"ImageObject\",\"inLanguage\":\"sq\",\"@id\":\"https:\/\/permbledhja.com\/#\/schema\/logo\/image\/\",\"url\":\"https:\/\/permbledhja.com\/wp-content\/uploads\/2021\/12\/07-Press-Logo.jpg\",\"contentUrl\":\"https:\/\/permbledhja.com\/wp-content\/uploads\/2021\/12\/07-Press-Logo.jpg\",\"width\":512,\"height\":512,\"caption\":\"MK Media & Pr\"},\"image\":{\"@id\":\"https:\/\/permbledhja.com\/#\/schema\/logo\/image\/\"},\"sameAs\":[\"https:\/\/www.facebook.com\/press07\/\"]},{\"@type\":\"Person\",\"@id\":\"https:\/\/permbledhja.com\/#\/schema\/person\/9c54260cbc4c6f792cb100550491638c\",\"name\":\"DL\",\"image\":{\"@type\":\"ImageObject\",\"inLanguage\":\"sq\",\"@id\":\"https:\/\/permbledhja.com\/#\/schema\/person\/image\/\",\"url\":\"https:\/\/secure.gravatar.com\/avatar\/94503eb28d4c4b2005a5c8753e35fc80?s=96&d=mm&r=g\",\"contentUrl\":\"https:\/\/secure.gravatar.com\/avatar\/94503eb28d4c4b2005a5c8753e35fc80?s=96&d=mm&r=g\",\"caption\":\"DL\"},\"url\":\"https:\/\/permbledhja.com\/sq\/author\/dl\/\"}]}<\/script>\n<!-- \/ Yoast SEO plugin. -->","yoast_head_json":{"title":"Sot fillon muaji i shenjt\u00eb i Ramazanit, besimtar\u00ebt nisin agj\u00ebrimin","robots":{"index":"index","follow":"follow","max-snippet":"max-snippet:-1","max-image-preview":"max-image-preview:large","max-video-preview":"max-video-preview:-1"},"canonical":"https:\/\/permbledhja.com\/sq\/sot-fillon-muaji-i-shenjte-i-ramazanit-besimtaret-nisin-agjerimin\/","og_locale":"sq_AL","og_type":"article","og_title":"Sot fillon muaji i shenjt\u00eb i Ramazanit, besimtar\u00ebt nisin agj\u00ebrimin","og_description":"Muaji i Ramazanit nis sot n\u00eb Kosov\u00eb, edhe pse data e nisjes ndryshon n\u00eb shtete t\u00eb ndryshme, var\u00ebsisht nga v\u00ebzhgimet pamore t\u00eb H\u00ebn\u00ebs s\u00eb re. Gjat\u00eb Muajit t\u00eb Ramazanit besimtar\u00ebt mysliman\u00eb agj\u00ebrojn\u00eb nga agimi deri n\u00eb per\u00ebndim t\u00eb diellit si shenj\u00eb sakrifice dhe p\u00ebrkushtimi ndaj Zotit. Ramazani \u00ebsht\u00eb muaji m\u00eb i r\u00ebnd\u00ebsish\u00ebm i besimit islam. [&hellip;]","og_url":"https:\/\/permbledhja.com\/sq\/sot-fillon-muaji-i-shenjte-i-ramazanit-besimtaret-nisin-agjerimin\/","og_site_name":"Ve\u00e7 artikuj p\u00ebrmbledh\u00ebs","article_publisher":"https:\/\/www.facebook.com\/press07\/","article_published_time":"2024-03-11T08:14:43+00:00","og_image":[{"width":772,"height":510,"url":"https:\/\/permbledhja.com\/wp-content\/uploads\/2024\/03\/Screenshot_20240311-091229_Chrome.jpg","type":"image\/jpeg"}],"author":"DL","twitter_card":"summary_large_image","twitter_misc":{"Written by":"DL","Est. reading time":"1 minut\u00eb"},"schema":{"@context":"https:\/\/schema.org","@graph":[{"@type":"Article","@id":"https:\/\/permbledhja.com\/sot-fillon-muaji-i-shenjte-i-ramazanit-besimtaret-nisin-agjerimin\/#article","isPartOf":{"@id":"https:\/\/permbledhja.com\/sot-fillon-muaji-i-shenjte-i-ramazanit-besimtaret-nisin-agjerimin\/"},"author":{"name":"DL","@id":"https:\/\/permbledhja.com\/#\/schema\/person\/9c54260cbc4c6f792cb100550491638c"},"headline":"Sot fillon muaji i shenjt\u00eb i Ramazanit, besimtar\u00ebt nisin agj\u00ebrimin","datePublished":"2024-03-11T08:14:43+00:00","dateModified":"2024-03-11T08:14:43+00:00","mainEntityOfPage":{"@id":"https:\/\/permbledhja.com\/sot-fillon-muaji-i-shenjte-i-ramazanit-besimtaret-nisin-agjerimin\/"},"wordCount":96,"publisher":{"@id":"https:\/\/permbledhja.com\/#organization"},"articleSection":["Lajme"],"inLanguage":"sq"},{"@type":"WebPage","@id":"https:\/\/permbledhja.com\/sot-fillon-muaji-i-shenjte-i-ramazanit-besimtaret-nisin-agjerimin\/","url":"https:\/\/permbledhja.com\/sot-fillon-muaji-i-shenjte-i-ramazanit-besimtaret-nisin-agjerimin\/","name":"Sot fillon muaji i shenjt\u00eb i Ramazanit, besimtar\u00ebt nisin agj\u00ebrimin","isPartOf":{"@id":"https:\/\/permbledhja.com\/#website"},"datePublished":"2024-03-11T08:14:43+00:00","dateModified":"2024-03-11T08:14:43+00:00","breadcrumb":{"@id":"https:\/\/permbledhja.com\/sot-fillon-muaji-i-shenjte-i-ramazanit-besimtaret-nisin-agjerimin\/#breadcrumb"},"inLanguage":"sq","potentialAction":[{"@type":"ReadAction","target":["https:\/\/permbledhja.com\/sot-fillon-muaji-i-shenjte-i-ramazanit-besimtaret-nisin-agjerimin\/"]}]},{"@type":"BreadcrumbList","@id":"https:\/\/permbledhja.com\/sot-fillon-muaji-i-shenjte-i-ramazanit-besimtaret-nisin-agjerimin\/#breadcrumb","itemListElement":[{"@type":"ListItem","position":1,"name":"Ballina","item":"https:\/\/permbledhja.com\/sq\/"},{"@type":"ListItem","position":2,"name":"Sot fillon muaji i shenjt\u00eb i Ramazanit, besimtar\u00ebt nisin agj\u00ebrimin"}]},{"@type":"WebSite","@id":"https:\/\/permbledhja.com\/#website","url":"https:\/\/permbledhja.com\/","name":"Ve\u00e7 artikuj p\u00ebrmbledh\u00ebs","description":"","publisher":{"@id":"https:\/\/permbledhja.com\/#organization"},"potentialAction":[{"@type":"SearchAction","target":{"@type":"EntryPoint","urlTemplate":"https:\/\/permbledhja.com\/?s={search_term_string}"},"query-input":"required name=search_term_string"}],"inLanguage":"sq"},{"@type":"Organization","@id":"https:\/\/permbledhja.com\/#organization","name":"MK Media & Pr","url":"https:\/\/permbledhja.com\/","logo":{"@type":"ImageObject","inLanguage":"sq","@id":"https:\/\/permbledhja.com\/#\/schema\/logo\/image\/","url":"https:\/\/permbledhja.com\/wp-content\/uploads\/2021\/12\/07-Press-Logo.jpg","contentUrl":"https:\/\/permbledhja.com\/wp-content\/uploads\/2021\/12\/07-Press-Logo.jpg","width":512,"height":512,"caption":"MK Media & Pr"},"image":{"@id":"https:\/\/permbledhja.com\/#\/schema\/logo\/image\/"},"sameAs":["https:\/\/www.facebook.com\/press07\/"]},{"@type":"Person","@id":"https:\/\/permbledhja.com\/#\/schema\/person\/9c54260cbc4c6f792cb100550491638c","name":"DL","image":{"@type":"ImageObject","inLanguage":"sq","@id":"https:\/\/permbledhja.com\/#\/schema\/person\/image\/","url":"https:\/\/secure.gravatar.com\/avatar\/94503eb28d4c4b2005a5c8753e35fc80?s=96&d=mm&r=g","contentUrl":"https:\/\/secure.gravatar.com\/avatar\/94503eb28d4c4b2005a5c8753e35fc80?s=96&d=mm&r=g","caption":"DL"},"url":"https:\/\/permbledhja.com\/sq\/author\/dl\/"}]}},"_links":{"self":[{"href":"https:\/\/permbledhja.com\/sq\/wp-json\/wp\/v2\/posts\/51860"}],"collection":[{"href":"https:\/\/permbledhja.com\/sq\/wp-json\/wp\/v2\/posts"}],"about":[{"href":"https:\/\/permbledhja.com\/sq\/wp-json\/wp\/v2\/types\/post"}],"author":[{"embeddable":true,"href":"https:\/\/permbledhja.com\/sq\/wp-json\/wp\/v2\/users\/5"}],"replies":[{"embeddable":true,"href":"https:\/\/permbledhja.com\/sq\/wp-json\/wp\/v2\/comments?post=51860"}],"version-history":[{"count":1,"href":"https:\/\/permbledhja.com\/sq\/wp-json\/wp\/v2\/posts\/51860\/revisions"}],"predecessor-version":[{"id":51862,"href":"https:\/\/permbledhja.com\/sq\/wp-json\/wp\/v2\/posts\/51860\/revisions\/51862"}],"wp:featuredmedia":[{"embeddable":true,"href":"https:\/\/permbledhja.com\/sq\/wp-json\/wp\/v2\/media\/51861"}],"wp:attachment":[{"href":"https:\/\/permbledhja.com\/sq\/wp-json\/wp\/v2\/media?parent=51860"}],"wp:term":[{"taxonomy":"category","embeddable":true,"href":"https:\/\/permbledhja.com\/sq\/wp-json\/wp\/v2\/categories?post=51860"},{"taxonomy":"post_tag","embeddable":true,"href":"https:\/\/permbledhja.com\/sq\/wp-json\/wp\/v2\/tags?post=51860"}],"curies":[{"name":"wp","href":"https:\/\/api.w.org\/{rel}","templated":true}]}}