{"id":51858,"date":"2024-03-11T08:04:33","date_gmt":"2024-03-11T08:04:33","guid":{"rendered":"https:\/\/permbledhja.com\/?p=51858"},"modified":"2024-03-11T08:04:33","modified_gmt":"2024-03-11T08:04:33","slug":"palajamerohet-shi-e-ere-e-fuqishme-ky-eshte-parashikimi-per-sot","status":"publish","type":"post","link":"https:\/\/permbledhja.com\/sq\/palajamerohet-shi-e-ere-e-fuqishme-ky-eshte-parashikimi-per-sot\/","title":{"rendered":"Palajam\u00ebrohet shi e er\u00eb e fuqishme \u2013 ky \u00ebsht\u00eb parashikimi p\u00ebr sot"},"content":{"rendered":"<p><span style=\"box-sizing: border-box; font-weight: bolder; color: #000000; font-family: NeueHaas, Arial, sans-serif; font-size: 18px;\">Dit\u00ebn e sotme parashikohet t\u00eb mbaj\u00eb mot me vran\u00ebsira dhe intervale t\u00eb shkurta me diell, ku fillimisht pritet t\u00eb ket\u00eb reshje t\u00eb pakta lokale shiu, nd\u00ebrsa gjat\u00eb or\u00ebve t\u00eb pasdites e deri n\u00eb mbr\u00ebmje pritet kalimi i sistemit frontal, duke sjell\u00eb reshje shiu n\u00eb t\u00eb gjith\u00eb vendin.<\/span><\/p>\n<p style=\"box-sizing: border-box; margin-bottom: 1rem; color: #000000; font-family: NeueHaas, Arial, sans-serif; font-size: 18px;\">Meteo Kosova ka njoftuar se reshjet lokalisht do t\u00eb jen\u00eb n\u00eb form\u00eb t\u00eb rrebesheve, nd\u00ebrsa n\u00eb zonat e larta malore priten reshje bore.<\/p>\n<p style=\"box-sizing: border-box; margin-bottom: 1rem; color: #000000; font-family: NeueHaas, Arial, sans-serif; font-size: 18px;\">\u201cMeqen\u00ebse cikloni q\u00eb vie nga Evropa Per\u00ebndimore ka shtrirje deri n\u00eb Afrik\u00ebn Veriore, do t\u00eb bart\u00eb me vete koncentrime t\u00eb larta t\u00eb pluhurit Saharian, duke b\u00ebr\u00eb q\u00eb reshjet t\u00eb p\u00ebrzihen me balt\u00eb.<\/p>\n<p style=\"box-sizing: border-box; margin-bottom: 1rem; color: #000000; font-family: NeueHaas, Arial, sans-serif; font-size: 18px;\">Era do fryj\u00eb nga juglindja, e cila n\u00eb momente t\u00eb ve\u00e7anta pritet t\u00eb jet\u00eb jasht\u00ebzakonisht e fuqishme, kryesisht n\u00eb Rrafshin e Kosov\u00ebs, me shpejt\u00ebsi prej 20-80 km\/h! Parashihet t\u00eb ket\u00eb d\u00ebme materiale n\u00eb zona t\u00eb caktuara.<\/p>\n<p style=\"box-sizing: border-box; margin-bottom: 1rem; color: #000000; font-family: NeueHaas, Arial, sans-serif; font-size: 18px;\">Temperaturat minimale do t\u00eb l\u00ebvizin prej 4 deri n\u00eb 8\u00b0C, nd\u00ebrsa ato maksimale prej 11 deri n\u00eb 14\u00b0C.\u201d \u2013 thuhet n\u00eb njoftim.<\/p>\n","protected":false},"excerpt":{"rendered":"<p>Dit\u00ebn e sotme parashikohet t\u00eb mbaj\u00eb mot me vran\u00ebsira dhe intervale t\u00eb shkurta me diell, ku fillimisht pritet t\u00eb ket\u00eb reshje t\u00eb pakta lokale shiu, nd\u00ebrsa gjat\u00eb or\u00ebve t\u00eb pasdites e deri n\u00eb mbr\u00ebmje pritet kalimi i sistemit frontal, duke sjell\u00eb reshje shiu n\u00eb t\u00eb gjith\u00eb vendin. Meteo Kosova ka njoftuar se reshjet lokalisht do [&hellip;]<\/p>\n","protected":false},"author":5,"featured_media":34749,"comment_status":"closed","ping_status":"closed","sticky":false,"template":"","format":"standard","meta":{"_monsterinsights_skip_tracking":false,"_monsterinsights_sitenote_active":false,"_monsterinsights_sitenote_note":"","_monsterinsights_sitenote_category":0,"_uf_show_specific_survey":0,"_uf_disable_surveys":false,"footnotes":""},"categories":[15],"tags":[],"yoast_head":"<!-- This site is optimized with the Yoast SEO plugin v21.5 - https:\/\/yoast.com\/wordpress\/plugins\/seo\/ -->\n<title>Palajam\u00ebrohet shi e er\u00eb e fuqishme \u2013 ky \u00ebsht\u00eb parashikimi p\u00ebr sot<\/title>\n<meta name=\"robots\" content=\"index, follow, max-snippet:-1, max-image-preview:large, max-video-preview:-1\" \/>\n<link rel=\"canonical\" href=\"https:\/\/permbledhja.com\/sq\/palajamerohet-shi-e-ere-e-fuqishme-ky-eshte-parashikimi-per-sot\/\" \/>\n<meta property=\"og:locale\" content=\"sq_AL\" \/>\n<meta property=\"og:type\" content=\"article\" \/>\n<meta property=\"og:title\" content=\"Palajam\u00ebrohet shi e er\u00eb e fuqishme \u2013 ky \u00ebsht\u00eb parashikimi p\u00ebr sot\" \/>\n<meta property=\"og:description\" content=\"Dit\u00ebn e sotme parashikohet t\u00eb mbaj\u00eb mot me vran\u00ebsira dhe intervale t\u00eb shkurta me diell, ku fillimisht pritet t\u00eb ket\u00eb reshje t\u00eb pakta lokale shiu, nd\u00ebrsa gjat\u00eb or\u00ebve t\u00eb pasdites e deri n\u00eb mbr\u00ebmje pritet kalimi i sistemit frontal, duke sjell\u00eb reshje shiu n\u00eb t\u00eb gjith\u00eb vendin. Meteo Kosova ka njoftuar se reshjet lokalisht do [&hellip;]\" \/>\n<meta property=\"og:url\" content=\"https:\/\/permbledhja.com\/sq\/palajamerohet-shi-e-ere-e-fuqishme-ky-eshte-parashikimi-per-sot\/\" \/>\n<meta property=\"og:site_name\" content=\"Ve\u00e7 artikuj p\u00ebrmbledh\u00ebs\" \/>\n<meta property=\"article:publisher\" content=\"https:\/\/www.facebook.com\/press07\/\" \/>\n<meta property=\"article:published_time\" content=\"2024-03-11T08:04:33+00:00\" \/>\n<meta property=\"og:image\" content=\"https:\/\/permbledhja.com\/wp-content\/uploads\/2023\/11\/moti-me-shi-1-600x360-1.png\" \/>\n\t<meta property=\"og:image:width\" content=\"600\" \/>\n\t<meta property=\"og:image:height\" content=\"360\" \/>\n\t<meta property=\"og:image:type\" content=\"image\/png\" \/>\n<meta name=\"author\" content=\"DL\" \/>\n<meta name=\"twitter:card\" content=\"summary_large_image\" \/>\n<meta name=\"twitter:label1\" content=\"Written by\" \/>\n\t<meta name=\"twitter:data1\" content=\"DL\" \/>\n\t<meta name=\"twitter:label2\" content=\"Est. reading time\" \/>\n\t<meta name=\"twitter:data2\" content=\"1 minut\u00eb\" \/>\n<script type=\"application\/ld+json\" class=\"yoast-schema-graph\">{\"@context\":\"https:\/\/schema.org\",\"@graph\":[{\"@type\":\"Article\",\"@id\":\"https:\/\/permbledhja.com\/palajamerohet-shi-e-ere-e-fuqishme-ky-eshte-parashikimi-per-sot\/#article\",\"isPartOf\":{\"@id\":\"https:\/\/permbledhja.com\/palajamerohet-shi-e-ere-e-fuqishme-ky-eshte-parashikimi-per-sot\/\"},\"author\":{\"name\":\"DL\",\"@id\":\"https:\/\/permbledhja.com\/#\/schema\/person\/9c54260cbc4c6f792cb100550491638c\"},\"headline\":\"Palajam\u00ebrohet shi e er\u00eb e fuqishme \u2013 ky \u00ebsht\u00eb parashikimi p\u00ebr sot\",\"datePublished\":\"2024-03-11T08:04:33+00:00\",\"dateModified\":\"2024-03-11T08:04:33+00:00\",\"mainEntityOfPage\":{\"@id\":\"https:\/\/permbledhja.com\/palajamerohet-shi-e-ere-e-fuqishme-ky-eshte-parashikimi-per-sot\/\"},\"wordCount\":189,\"publisher\":{\"@id\":\"https:\/\/permbledhja.com\/#organization\"},\"articleSection\":[\"Lajme\"],\"inLanguage\":\"sq\"},{\"@type\":\"WebPage\",\"@id\":\"https:\/\/permbledhja.com\/palajamerohet-shi-e-ere-e-fuqishme-ky-eshte-parashikimi-per-sot\/\",\"url\":\"https:\/\/permbledhja.com\/palajamerohet-shi-e-ere-e-fuqishme-ky-eshte-parashikimi-per-sot\/\",\"name\":\"Palajam\u00ebrohet shi e er\u00eb e fuqishme \u2013 ky \u00ebsht\u00eb parashikimi p\u00ebr sot\",\"isPartOf\":{\"@id\":\"https:\/\/permbledhja.com\/#website\"},\"datePublished\":\"2024-03-11T08:04:33+00:00\",\"dateModified\":\"2024-03-11T08:04:33+00:00\",\"breadcrumb\":{\"@id\":\"https:\/\/permbledhja.com\/palajamerohet-shi-e-ere-e-fuqishme-ky-eshte-parashikimi-per-sot\/#breadcrumb\"},\"inLanguage\":\"sq\",\"potentialAction\":[{\"@type\":\"ReadAction\",\"target\":[\"https:\/\/permbledhja.com\/palajamerohet-shi-e-ere-e-fuqishme-ky-eshte-parashikimi-per-sot\/\"]}]},{\"@type\":\"BreadcrumbList\",\"@id\":\"https:\/\/permbledhja.com\/palajamerohet-shi-e-ere-e-fuqishme-ky-eshte-parashikimi-per-sot\/#breadcrumb\",\"itemListElement\":[{\"@type\":\"ListItem\",\"position\":1,\"name\":\"Ballina\",\"item\":\"https:\/\/permbledhja.com\/sq\/\"},{\"@type\":\"ListItem\",\"position\":2,\"name\":\"Palajam\u00ebrohet shi e er\u00eb e fuqishme \u2013 ky \u00ebsht\u00eb parashikimi p\u00ebr sot\"}]},{\"@type\":\"WebSite\",\"@id\":\"https:\/\/permbledhja.com\/#website\",\"url\":\"https:\/\/permbledhja.com\/\",\"name\":\"Ve\u00e7 artikuj p\u00ebrmbledh\u00ebs\",\"description\":\"\",\"publisher\":{\"@id\":\"https:\/\/permbledhja.com\/#organization\"},\"potentialAction\":[{\"@type\":\"SearchAction\",\"target\":{\"@type\":\"EntryPoint\",\"urlTemplate\":\"https:\/\/permbledhja.com\/?s={search_term_string}\"},\"query-input\":\"required name=search_term_string\"}],\"inLanguage\":\"sq\"},{\"@type\":\"Organization\",\"@id\":\"https:\/\/permbledhja.com\/#organization\",\"name\":\"MK Media & Pr\",\"url\":\"https:\/\/permbledhja.com\/\",\"logo\":{\"@type\":\"ImageObject\",\"inLanguage\":\"sq\",\"@id\":\"https:\/\/permbledhja.com\/#\/schema\/logo\/image\/\",\"url\":\"https:\/\/permbledhja.com\/wp-content\/uploads\/2021\/12\/07-Press-Logo.jpg\",\"contentUrl\":\"https:\/\/permbledhja.com\/wp-content\/uploads\/2021\/12\/07-Press-Logo.jpg\",\"width\":512,\"height\":512,\"caption\":\"MK Media & Pr\"},\"image\":{\"@id\":\"https:\/\/permbledhja.com\/#\/schema\/logo\/image\/\"},\"sameAs\":[\"https:\/\/www.facebook.com\/press07\/\"]},{\"@type\":\"Person\",\"@id\":\"https:\/\/permbledhja.com\/#\/schema\/person\/9c54260cbc4c6f792cb100550491638c\",\"name\":\"DL\",\"image\":{\"@type\":\"ImageObject\",\"inLanguage\":\"sq\",\"@id\":\"https:\/\/permbledhja.com\/#\/schema\/person\/image\/\",\"url\":\"https:\/\/secure.gravatar.com\/avatar\/94503eb28d4c4b2005a5c8753e35fc80?s=96&d=mm&r=g\",\"contentUrl\":\"https:\/\/secure.gravatar.com\/avatar\/94503eb28d4c4b2005a5c8753e35fc80?s=96&d=mm&r=g\",\"caption\":\"DL\"},\"url\":\"https:\/\/permbledhja.com\/sq\/author\/dl\/\"}]}<\/script>\n<!-- \/ Yoast SEO plugin. -->","yoast_head_json":{"title":"Palajam\u00ebrohet shi e er\u00eb e fuqishme \u2013 ky \u00ebsht\u00eb parashikimi p\u00ebr sot","robots":{"index":"index","follow":"follow","max-snippet":"max-snippet:-1","max-image-preview":"max-image-preview:large","max-video-preview":"max-video-preview:-1"},"canonical":"https:\/\/permbledhja.com\/sq\/palajamerohet-shi-e-ere-e-fuqishme-ky-eshte-parashikimi-per-sot\/","og_locale":"sq_AL","og_type":"article","og_title":"Palajam\u00ebrohet shi e er\u00eb e fuqishme \u2013 ky \u00ebsht\u00eb parashikimi p\u00ebr sot","og_description":"Dit\u00ebn e sotme parashikohet t\u00eb mbaj\u00eb mot me vran\u00ebsira dhe intervale t\u00eb shkurta me diell, ku fillimisht pritet t\u00eb ket\u00eb reshje t\u00eb pakta lokale shiu, nd\u00ebrsa gjat\u00eb or\u00ebve t\u00eb pasdites e deri n\u00eb mbr\u00ebmje pritet kalimi i sistemit frontal, duke sjell\u00eb reshje shiu n\u00eb t\u00eb gjith\u00eb vendin. Meteo Kosova ka njoftuar se reshjet lokalisht do [&hellip;]","og_url":"https:\/\/permbledhja.com\/sq\/palajamerohet-shi-e-ere-e-fuqishme-ky-eshte-parashikimi-per-sot\/","og_site_name":"Ve\u00e7 artikuj p\u00ebrmbledh\u00ebs","article_publisher":"https:\/\/www.facebook.com\/press07\/","article_published_time":"2024-03-11T08:04:33+00:00","og_image":[{"width":600,"height":360,"url":"https:\/\/permbledhja.com\/wp-content\/uploads\/2023\/11\/moti-me-shi-1-600x360-1.png","type":"image\/png"}],"author":"DL","twitter_card":"summary_large_image","twitter_misc":{"Written by":"DL","Est. reading time":"1 minut\u00eb"},"schema":{"@context":"https:\/\/schema.org","@graph":[{"@type":"Article","@id":"https:\/\/permbledhja.com\/palajamerohet-shi-e-ere-e-fuqishme-ky-eshte-parashikimi-per-sot\/#article","isPartOf":{"@id":"https:\/\/permbledhja.com\/palajamerohet-shi-e-ere-e-fuqishme-ky-eshte-parashikimi-per-sot\/"},"author":{"name":"DL","@id":"https:\/\/permbledhja.com\/#\/schema\/person\/9c54260cbc4c6f792cb100550491638c"},"headline":"Palajam\u00ebrohet shi e er\u00eb e fuqishme \u2013 ky \u00ebsht\u00eb parashikimi p\u00ebr sot","datePublished":"2024-03-11T08:04:33+00:00","dateModified":"2024-03-11T08:04:33+00:00","mainEntityOfPage":{"@id":"https:\/\/permbledhja.com\/palajamerohet-shi-e-ere-e-fuqishme-ky-eshte-parashikimi-per-sot\/"},"wordCount":189,"publisher":{"@id":"https:\/\/permbledhja.com\/#organization"},"articleSection":["Lajme"],"inLanguage":"sq"},{"@type":"WebPage","@id":"https:\/\/permbledhja.com\/palajamerohet-shi-e-ere-e-fuqishme-ky-eshte-parashikimi-per-sot\/","url":"https:\/\/permbledhja.com\/palajamerohet-shi-e-ere-e-fuqishme-ky-eshte-parashikimi-per-sot\/","name":"Palajam\u00ebrohet shi e er\u00eb e fuqishme \u2013 ky \u00ebsht\u00eb parashikimi p\u00ebr sot","isPartOf":{"@id":"https:\/\/permbledhja.com\/#website"},"datePublished":"2024-03-11T08:04:33+00:00","dateModified":"2024-03-11T08:04:33+00:00","breadcrumb":{"@id":"https:\/\/permbledhja.com\/palajamerohet-shi-e-ere-e-fuqishme-ky-eshte-parashikimi-per-sot\/#breadcrumb"},"inLanguage":"sq","potentialAction":[{"@type":"ReadAction","target":["https:\/\/permbledhja.com\/palajamerohet-shi-e-ere-e-fuqishme-ky-eshte-parashikimi-per-sot\/"]}]},{"@type":"BreadcrumbList","@id":"https:\/\/permbledhja.com\/palajamerohet-shi-e-ere-e-fuqishme-ky-eshte-parashikimi-per-sot\/#breadcrumb","itemListElement":[{"@type":"ListItem","position":1,"name":"Ballina","item":"https:\/\/permbledhja.com\/sq\/"},{"@type":"ListItem","position":2,"name":"Palajam\u00ebrohet shi e er\u00eb e fuqishme \u2013 ky \u00ebsht\u00eb parashikimi p\u00ebr sot"}]},{"@type":"WebSite","@id":"https:\/\/permbledhja.com\/#website","url":"https:\/\/permbledhja.com\/","name":"Ve\u00e7 artikuj p\u00ebrmbledh\u00ebs","description":"","publisher":{"@id":"https:\/\/permbledhja.com\/#organization"},"potentialAction":[{"@type":"SearchAction","target":{"@type":"EntryPoint","urlTemplate":"https:\/\/permbledhja.com\/?s={search_term_string}"},"query-input":"required name=search_term_string"}],"inLanguage":"sq"},{"@type":"Organization","@id":"https:\/\/permbledhja.com\/#organization","name":"MK Media & Pr","url":"https:\/\/permbledhja.com\/","logo":{"@type":"ImageObject","inLanguage":"sq","@id":"https:\/\/permbledhja.com\/#\/schema\/logo\/image\/","url":"https:\/\/permbledhja.com\/wp-content\/uploads\/2021\/12\/07-Press-Logo.jpg","contentUrl":"https:\/\/permbledhja.com\/wp-content\/uploads\/2021\/12\/07-Press-Logo.jpg","width":512,"height":512,"caption":"MK Media & Pr"},"image":{"@id":"https:\/\/permbledhja.com\/#\/schema\/logo\/image\/"},"sameAs":["https:\/\/www.facebook.com\/press07\/"]},{"@type":"Person","@id":"https:\/\/permbledhja.com\/#\/schema\/person\/9c54260cbc4c6f792cb100550491638c","name":"DL","image":{"@type":"ImageObject","inLanguage":"sq","@id":"https:\/\/permbledhja.com\/#\/schema\/person\/image\/","url":"https:\/\/secure.gravatar.com\/avatar\/94503eb28d4c4b2005a5c8753e35fc80?s=96&d=mm&r=g","contentUrl":"https:\/\/secure.gravatar.com\/avatar\/94503eb28d4c4b2005a5c8753e35fc80?s=96&d=mm&r=g","caption":"DL"},"url":"https:\/\/permbledhja.com\/sq\/author\/dl\/"}]}},"_links":{"self":[{"href":"https:\/\/permbledhja.com\/sq\/wp-json\/wp\/v2\/posts\/51858"}],"collection":[{"href":"https:\/\/permbledhja.com\/sq\/wp-json\/wp\/v2\/posts"}],"about":[{"href":"https:\/\/permbledhja.com\/sq\/wp-json\/wp\/v2\/types\/post"}],"author":[{"embeddable":true,"href":"https:\/\/permbledhja.com\/sq\/wp-json\/wp\/v2\/users\/5"}],"replies":[{"embeddable":true,"href":"https:\/\/permbledhja.com\/sq\/wp-json\/wp\/v2\/comments?post=51858"}],"version-history":[{"count":1,"href":"https:\/\/permbledhja.com\/sq\/wp-json\/wp\/v2\/posts\/51858\/revisions"}],"predecessor-version":[{"id":51859,"href":"https:\/\/permbledhja.com\/sq\/wp-json\/wp\/v2\/posts\/51858\/revisions\/51859"}],"wp:featuredmedia":[{"embeddable":true,"href":"https:\/\/permbledhja.com\/sq\/wp-json\/wp\/v2\/media\/34749"}],"wp:attachment":[{"href":"https:\/\/permbledhja.com\/sq\/wp-json\/wp\/v2\/media?parent=51858"}],"wp:term":[{"taxonomy":"category","embeddable":true,"href":"https:\/\/permbledhja.com\/sq\/wp-json\/wp\/v2\/categories?post=51858"},{"taxonomy":"post_tag","embeddable":true,"href":"https:\/\/permbledhja.com\/sq\/wp-json\/wp\/v2\/tags?post=51858"}],"curies":[{"name":"wp","href":"https:\/\/api.w.org\/{rel}","templated":true}]}}