{"id":51839,"date":"2024-03-10T12:16:09","date_gmt":"2024-03-10T12:16:09","guid":{"rendered":"https:\/\/permbledhja.com\/?p=51839"},"modified":"2024-03-10T12:16:09","modified_gmt":"2024-03-10T12:16:09","slug":"marko-gjuriq-reagon-pasi-iu-publikua-fotografia-me-terroristin-milan-radojiciq-nuk-e-fsheh-e-as-nuk-kam-turp","status":"publish","type":"post","link":"https:\/\/permbledhja.com\/sq\/marko-gjuriq-reagon-pasi-iu-publikua-fotografia-me-terroristin-milan-radojiciq-nuk-e-fsheh-e-as-nuk-kam-turp\/","title":{"rendered":"Marko Gjuriq reagon pasi iu publikua fotografia me terroristin Milan Radoji\u00e7iq: Nuk e fsheh e as nuk kam turp"},"content":{"rendered":"<h3>Takimin me terroristin Milan Radoi\u00e7iq n\u00eb nj\u00eb restorant, Marko Gjuriq e ka quajtur \u201cfushat\u00eb negative\u201d kund\u00ebr tij e Serbis\u00eb. Gjuriq, p\u00ebr takimin me terroristin thot\u00eb se \u201cnuk e ka nd\u00ebrmend t\u2019i k\u00ebrkoj\u00eb falje\u201d kryeministrit t\u00eb Republik\u00ebs s\u00eb Kosov\u00ebs Albin Kurti e as ministrit Sve\u00e7la.<\/h3>\n<p>\u201cDo t\u00eb isha i zhg\u00ebnjyer n\u00ebse nuk do t\u00eb niste nj\u00eb fushat\u00eb negative me rastin e rikthimit tim t\u00eb fundit. Edhe n\u00ebse \u00ebsht\u00eb goxha e varf\u00ebr. Nuk kam nd\u00ebrmend t\u2019i k\u00ebrkoj falje Kurtit dhe Sve\u00e7l\u00ebs apo boteve t\u00eb tyre dhe njer\u00ebzve t\u00eb tjer\u00eb keqdash\u00ebs p\u00ebr asgj\u00eb\u201d, shkruan Gjuriq.<\/p>\n<p>I nj\u00ebjti pohon se nuk ndihet i\u00a0<a href=\"https:\/\/www.gazetaexpress.com\/ne-x-publikohet-nje-1fotografi-e-marko-gjuriqit-me-milan-radojiciqin-e-kerkuar-nga-interpoli-thuhet-se-jane-takuar-ne-restorant\/\">turp\u00ebruar<\/a>\u00a0q\u00eb ka takuar terroristin Radoi\u00e7iq.<\/p>\n<p>\u201cNuk i kam fshehur dhe as nuk kam turp asnj\u00ebher\u00eb nga kontaktet publike q\u00eb kam n\u00eb pun\u00ebn q\u00eb b\u00ebj. P\u00ebrve\u00e7 p\u00ebrfaq\u00ebsuesve t\u00eb ndrysh\u00ebm serb\u00eb me t\u00eb cil\u00ebt kam kontakte t\u00eb rregullta dhe me t\u00eb cil\u00ebt d\u00ebshiroj t\u00eb takohem edhe sot, jam takuar shum\u00eb her\u00eb, gjithashtu n\u00eb kuad\u00ebr t\u00eb pun\u00ebs sime, me udh\u00ebheq\u00ebs t\u00eb shumt\u00eb shqiptar\u00eb\u201d, vijon ai.<\/p>\n<p>Ai tenton t\u00eb largoj\u00eb v\u00ebmendjen nga takimi i tij, duke th\u00ebn\u00eb se takime ka pasur edhe me Kurtin e Sve\u00e7l\u00ebn, dhe si r\u00ebndom akuzon krer\u00ebt e shtetit t\u00eb Kosov\u00ebs se \u201cshkelin t\u00eb drejtat e serb\u00ebve\u201d.<\/p>\n<p>Ai paralajm\u00ebron rikthim n\u00eb politik\u00eb, si\u00e7 po flitet n\u00eb krye t\u00eb qeveris\u00eb serbe.<\/p>\n<p>\u201cKam koh\u00eb q\u00eb jam larguar nga politika ditore, ndaj m\u00eb duket paksa i habitsh\u00ebm pasioni me t\u00eb cilin disa n\u00eb hap\u00ebsir\u00ebn publike b\u00ebjn\u00eb fushat\u00eb kund\u00ebr vendit t\u00eb tyre, duke menduar se me k\u00ebt\u00eb do t\u00eb arrijn\u00eb p\u00ebrfitime politike. Megjithat\u00eb, n\u00eb t\u00eb ardhmen e af\u00ebrt i presin zhg\u00ebnjime t\u00eb reja t\u00eb m\u00ebdha. Do t\u00eb kthehem s\u00eb shpejti dhe mezi pres t\u2019i p\u00ebrballoj t\u00eb gjith\u00eb s\u00eb bashku\u201d.<\/p>\n","protected":false},"excerpt":{"rendered":"<p>Takimin me terroristin Milan Radoi\u00e7iq n\u00eb nj\u00eb restorant, Marko Gjuriq e ka quajtur \u201cfushat\u00eb negative\u201d kund\u00ebr tij e Serbis\u00eb. Gjuriq, p\u00ebr takimin me terroristin thot\u00eb se \u201cnuk e ka nd\u00ebrmend t\u2019i k\u00ebrkoj\u00eb falje\u201d kryeministrit t\u00eb Republik\u00ebs s\u00eb Kosov\u00ebs Albin Kurti e as ministrit Sve\u00e7la. \u201cDo t\u00eb isha i zhg\u00ebnjyer n\u00ebse nuk do t\u00eb niste nj\u00eb [&hellip;]<\/p>\n","protected":false},"author":5,"featured_media":51841,"comment_status":"closed","ping_status":"closed","sticky":false,"template":"","format":"standard","meta":{"_monsterinsights_skip_tracking":false,"_monsterinsights_sitenote_active":false,"_monsterinsights_sitenote_note":"","_monsterinsights_sitenote_category":0,"_uf_show_specific_survey":0,"_uf_disable_surveys":false,"footnotes":""},"categories":[1146],"tags":[],"yoast_head":"<!-- This site is optimized with the Yoast SEO plugin v21.5 - https:\/\/yoast.com\/wordpress\/plugins\/seo\/ -->\n<title>Marko Gjuriq reagon pasi iu publikua fotografia me terroristin Milan Radoji\u00e7iq: Nuk e fsheh e as nuk kam turp<\/title>\n<meta name=\"robots\" content=\"index, follow, max-snippet:-1, max-image-preview:large, max-video-preview:-1\" \/>\n<link rel=\"canonical\" href=\"https:\/\/permbledhja.com\/sq\/marko-gjuriq-reagon-pasi-iu-publikua-fotografia-me-terroristin-milan-radojiciq-nuk-e-fsheh-e-as-nuk-kam-turp\/\" \/>\n<meta property=\"og:locale\" content=\"sq_AL\" \/>\n<meta property=\"og:type\" content=\"article\" \/>\n<meta property=\"og:title\" content=\"Marko Gjuriq reagon pasi iu publikua fotografia me terroristin Milan Radoji\u00e7iq: Nuk e fsheh e as nuk kam turp\" \/>\n<meta property=\"og:description\" content=\"Takimin me terroristin Milan Radoi\u00e7iq n\u00eb nj\u00eb restorant, Marko Gjuriq e ka quajtur \u201cfushat\u00eb negative\u201d kund\u00ebr tij e Serbis\u00eb. Gjuriq, p\u00ebr takimin me terroristin thot\u00eb se \u201cnuk e ka nd\u00ebrmend t\u2019i k\u00ebrkoj\u00eb falje\u201d kryeministrit t\u00eb Republik\u00ebs s\u00eb Kosov\u00ebs Albin Kurti e as ministrit Sve\u00e7la. \u201cDo t\u00eb isha i zhg\u00ebnjyer n\u00ebse nuk do t\u00eb niste nj\u00eb [&hellip;]\" \/>\n<meta property=\"og:url\" content=\"https:\/\/permbledhja.com\/sq\/marko-gjuriq-reagon-pasi-iu-publikua-fotografia-me-terroristin-milan-radojiciq-nuk-e-fsheh-e-as-nuk-kam-turp\/\" \/>\n<meta property=\"og:site_name\" content=\"Ve\u00e7 artikuj p\u00ebrmbledh\u00ebs\" \/>\n<meta property=\"article:publisher\" content=\"https:\/\/www.facebook.com\/press07\/\" \/>\n<meta property=\"article:published_time\" content=\"2024-03-10T12:16:09+00:00\" \/>\n<meta property=\"og:image\" content=\"https:\/\/permbledhja.com\/wp-content\/uploads\/2024\/03\/gj.jpg\" \/>\n\t<meta property=\"og:image:width\" content=\"598\" \/>\n\t<meta property=\"og:image:height\" content=\"360\" \/>\n\t<meta property=\"og:image:type\" content=\"image\/jpeg\" \/>\n<meta name=\"author\" content=\"DL\" \/>\n<meta name=\"twitter:card\" content=\"summary_large_image\" \/>\n<meta name=\"twitter:label1\" content=\"Written by\" \/>\n\t<meta name=\"twitter:data1\" content=\"DL\" \/>\n\t<meta name=\"twitter:label2\" content=\"Est. reading time\" \/>\n\t<meta name=\"twitter:data2\" content=\"2 minuta\" \/>\n<script type=\"application\/ld+json\" class=\"yoast-schema-graph\">{\"@context\":\"https:\/\/schema.org\",\"@graph\":[{\"@type\":\"Article\",\"@id\":\"https:\/\/permbledhja.com\/marko-gjuriq-reagon-pasi-iu-publikua-fotografia-me-terroristin-milan-radojiciq-nuk-e-fsheh-e-as-nuk-kam-turp\/#article\",\"isPartOf\":{\"@id\":\"https:\/\/permbledhja.com\/marko-gjuriq-reagon-pasi-iu-publikua-fotografia-me-terroristin-milan-radojiciq-nuk-e-fsheh-e-as-nuk-kam-turp\/\"},\"author\":{\"name\":\"DL\",\"@id\":\"https:\/\/permbledhja.com\/#\/schema\/person\/9c54260cbc4c6f792cb100550491638c\"},\"headline\":\"Marko Gjuriq reagon pasi iu publikua fotografia me terroristin Milan Radoji\u00e7iq: Nuk e fsheh e as nuk kam turp\",\"datePublished\":\"2024-03-10T12:16:09+00:00\",\"dateModified\":\"2024-03-10T12:16:09+00:00\",\"mainEntityOfPage\":{\"@id\":\"https:\/\/permbledhja.com\/marko-gjuriq-reagon-pasi-iu-publikua-fotografia-me-terroristin-milan-radojiciq-nuk-e-fsheh-e-as-nuk-kam-turp\/\"},\"wordCount\":354,\"publisher\":{\"@id\":\"https:\/\/permbledhja.com\/#organization\"},\"articleSection\":[\"Kryesoret\"],\"inLanguage\":\"sq\"},{\"@type\":\"WebPage\",\"@id\":\"https:\/\/permbledhja.com\/marko-gjuriq-reagon-pasi-iu-publikua-fotografia-me-terroristin-milan-radojiciq-nuk-e-fsheh-e-as-nuk-kam-turp\/\",\"url\":\"https:\/\/permbledhja.com\/marko-gjuriq-reagon-pasi-iu-publikua-fotografia-me-terroristin-milan-radojiciq-nuk-e-fsheh-e-as-nuk-kam-turp\/\",\"name\":\"Marko Gjuriq reagon pasi iu publikua fotografia me terroristin Milan Radoji\u00e7iq: Nuk e fsheh e as nuk kam turp\",\"isPartOf\":{\"@id\":\"https:\/\/permbledhja.com\/#website\"},\"datePublished\":\"2024-03-10T12:16:09+00:00\",\"dateModified\":\"2024-03-10T12:16:09+00:00\",\"breadcrumb\":{\"@id\":\"https:\/\/permbledhja.com\/marko-gjuriq-reagon-pasi-iu-publikua-fotografia-me-terroristin-milan-radojiciq-nuk-e-fsheh-e-as-nuk-kam-turp\/#breadcrumb\"},\"inLanguage\":\"sq\",\"potentialAction\":[{\"@type\":\"ReadAction\",\"target\":[\"https:\/\/permbledhja.com\/marko-gjuriq-reagon-pasi-iu-publikua-fotografia-me-terroristin-milan-radojiciq-nuk-e-fsheh-e-as-nuk-kam-turp\/\"]}]},{\"@type\":\"BreadcrumbList\",\"@id\":\"https:\/\/permbledhja.com\/marko-gjuriq-reagon-pasi-iu-publikua-fotografia-me-terroristin-milan-radojiciq-nuk-e-fsheh-e-as-nuk-kam-turp\/#breadcrumb\",\"itemListElement\":[{\"@type\":\"ListItem\",\"position\":1,\"name\":\"Ballina\",\"item\":\"https:\/\/permbledhja.com\/sq\/\"},{\"@type\":\"ListItem\",\"position\":2,\"name\":\"Marko Gjuriq reagon pasi iu publikua fotografia me terroristin Milan Radoji\u00e7iq: Nuk e fsheh e as nuk kam turp\"}]},{\"@type\":\"WebSite\",\"@id\":\"https:\/\/permbledhja.com\/#website\",\"url\":\"https:\/\/permbledhja.com\/\",\"name\":\"Ve\u00e7 artikuj p\u00ebrmbledh\u00ebs\",\"description\":\"\",\"publisher\":{\"@id\":\"https:\/\/permbledhja.com\/#organization\"},\"potentialAction\":[{\"@type\":\"SearchAction\",\"target\":{\"@type\":\"EntryPoint\",\"urlTemplate\":\"https:\/\/permbledhja.com\/?s={search_term_string}\"},\"query-input\":\"required name=search_term_string\"}],\"inLanguage\":\"sq\"},{\"@type\":\"Organization\",\"@id\":\"https:\/\/permbledhja.com\/#organization\",\"name\":\"MK Media & Pr\",\"url\":\"https:\/\/permbledhja.com\/\",\"logo\":{\"@type\":\"ImageObject\",\"inLanguage\":\"sq\",\"@id\":\"https:\/\/permbledhja.com\/#\/schema\/logo\/image\/\",\"url\":\"https:\/\/permbledhja.com\/wp-content\/uploads\/2021\/12\/07-Press-Logo.jpg\",\"contentUrl\":\"https:\/\/permbledhja.com\/wp-content\/uploads\/2021\/12\/07-Press-Logo.jpg\",\"width\":512,\"height\":512,\"caption\":\"MK Media & Pr\"},\"image\":{\"@id\":\"https:\/\/permbledhja.com\/#\/schema\/logo\/image\/\"},\"sameAs\":[\"https:\/\/www.facebook.com\/press07\/\"]},{\"@type\":\"Person\",\"@id\":\"https:\/\/permbledhja.com\/#\/schema\/person\/9c54260cbc4c6f792cb100550491638c\",\"name\":\"DL\",\"image\":{\"@type\":\"ImageObject\",\"inLanguage\":\"sq\",\"@id\":\"https:\/\/permbledhja.com\/#\/schema\/person\/image\/\",\"url\":\"https:\/\/secure.gravatar.com\/avatar\/94503eb28d4c4b2005a5c8753e35fc80?s=96&d=mm&r=g\",\"contentUrl\":\"https:\/\/secure.gravatar.com\/avatar\/94503eb28d4c4b2005a5c8753e35fc80?s=96&d=mm&r=g\",\"caption\":\"DL\"},\"url\":\"https:\/\/permbledhja.com\/sq\/author\/dl\/\"}]}<\/script>\n<!-- \/ Yoast SEO plugin. -->","yoast_head_json":{"title":"Marko Gjuriq reagon pasi iu publikua fotografia me terroristin Milan Radoji\u00e7iq: Nuk e fsheh e as nuk kam turp","robots":{"index":"index","follow":"follow","max-snippet":"max-snippet:-1","max-image-preview":"max-image-preview:large","max-video-preview":"max-video-preview:-1"},"canonical":"https:\/\/permbledhja.com\/sq\/marko-gjuriq-reagon-pasi-iu-publikua-fotografia-me-terroristin-milan-radojiciq-nuk-e-fsheh-e-as-nuk-kam-turp\/","og_locale":"sq_AL","og_type":"article","og_title":"Marko Gjuriq reagon pasi iu publikua fotografia me terroristin Milan Radoji\u00e7iq: Nuk e fsheh e as nuk kam turp","og_description":"Takimin me terroristin Milan Radoi\u00e7iq n\u00eb nj\u00eb restorant, Marko Gjuriq e ka quajtur \u201cfushat\u00eb negative\u201d kund\u00ebr tij e Serbis\u00eb. Gjuriq, p\u00ebr takimin me terroristin thot\u00eb se \u201cnuk e ka nd\u00ebrmend t\u2019i k\u00ebrkoj\u00eb falje\u201d kryeministrit t\u00eb Republik\u00ebs s\u00eb Kosov\u00ebs Albin Kurti e as ministrit Sve\u00e7la. \u201cDo t\u00eb isha i zhg\u00ebnjyer n\u00ebse nuk do t\u00eb niste nj\u00eb [&hellip;]","og_url":"https:\/\/permbledhja.com\/sq\/marko-gjuriq-reagon-pasi-iu-publikua-fotografia-me-terroristin-milan-radojiciq-nuk-e-fsheh-e-as-nuk-kam-turp\/","og_site_name":"Ve\u00e7 artikuj p\u00ebrmbledh\u00ebs","article_publisher":"https:\/\/www.facebook.com\/press07\/","article_published_time":"2024-03-10T12:16:09+00:00","og_image":[{"width":598,"height":360,"url":"https:\/\/permbledhja.com\/wp-content\/uploads\/2024\/03\/gj.jpg","type":"image\/jpeg"}],"author":"DL","twitter_card":"summary_large_image","twitter_misc":{"Written by":"DL","Est. reading time":"2 minuta"},"schema":{"@context":"https:\/\/schema.org","@graph":[{"@type":"Article","@id":"https:\/\/permbledhja.com\/marko-gjuriq-reagon-pasi-iu-publikua-fotografia-me-terroristin-milan-radojiciq-nuk-e-fsheh-e-as-nuk-kam-turp\/#article","isPartOf":{"@id":"https:\/\/permbledhja.com\/marko-gjuriq-reagon-pasi-iu-publikua-fotografia-me-terroristin-milan-radojiciq-nuk-e-fsheh-e-as-nuk-kam-turp\/"},"author":{"name":"DL","@id":"https:\/\/permbledhja.com\/#\/schema\/person\/9c54260cbc4c6f792cb100550491638c"},"headline":"Marko Gjuriq reagon pasi iu publikua fotografia me terroristin Milan Radoji\u00e7iq: Nuk e fsheh e as nuk kam turp","datePublished":"2024-03-10T12:16:09+00:00","dateModified":"2024-03-10T12:16:09+00:00","mainEntityOfPage":{"@id":"https:\/\/permbledhja.com\/marko-gjuriq-reagon-pasi-iu-publikua-fotografia-me-terroristin-milan-radojiciq-nuk-e-fsheh-e-as-nuk-kam-turp\/"},"wordCount":354,"publisher":{"@id":"https:\/\/permbledhja.com\/#organization"},"articleSection":["Kryesoret"],"inLanguage":"sq"},{"@type":"WebPage","@id":"https:\/\/permbledhja.com\/marko-gjuriq-reagon-pasi-iu-publikua-fotografia-me-terroristin-milan-radojiciq-nuk-e-fsheh-e-as-nuk-kam-turp\/","url":"https:\/\/permbledhja.com\/marko-gjuriq-reagon-pasi-iu-publikua-fotografia-me-terroristin-milan-radojiciq-nuk-e-fsheh-e-as-nuk-kam-turp\/","name":"Marko Gjuriq reagon pasi iu publikua fotografia me terroristin Milan Radoji\u00e7iq: Nuk e fsheh e as nuk kam turp","isPartOf":{"@id":"https:\/\/permbledhja.com\/#website"},"datePublished":"2024-03-10T12:16:09+00:00","dateModified":"2024-03-10T12:16:09+00:00","breadcrumb":{"@id":"https:\/\/permbledhja.com\/marko-gjuriq-reagon-pasi-iu-publikua-fotografia-me-terroristin-milan-radojiciq-nuk-e-fsheh-e-as-nuk-kam-turp\/#breadcrumb"},"inLanguage":"sq","potentialAction":[{"@type":"ReadAction","target":["https:\/\/permbledhja.com\/marko-gjuriq-reagon-pasi-iu-publikua-fotografia-me-terroristin-milan-radojiciq-nuk-e-fsheh-e-as-nuk-kam-turp\/"]}]},{"@type":"BreadcrumbList","@id":"https:\/\/permbledhja.com\/marko-gjuriq-reagon-pasi-iu-publikua-fotografia-me-terroristin-milan-radojiciq-nuk-e-fsheh-e-as-nuk-kam-turp\/#breadcrumb","itemListElement":[{"@type":"ListItem","position":1,"name":"Ballina","item":"https:\/\/permbledhja.com\/sq\/"},{"@type":"ListItem","position":2,"name":"Marko Gjuriq reagon pasi iu publikua fotografia me terroristin Milan Radoji\u00e7iq: Nuk e fsheh e as nuk kam turp"}]},{"@type":"WebSite","@id":"https:\/\/permbledhja.com\/#website","url":"https:\/\/permbledhja.com\/","name":"Ve\u00e7 artikuj p\u00ebrmbledh\u00ebs","description":"","publisher":{"@id":"https:\/\/permbledhja.com\/#organization"},"potentialAction":[{"@type":"SearchAction","target":{"@type":"EntryPoint","urlTemplate":"https:\/\/permbledhja.com\/?s={search_term_string}"},"query-input":"required name=search_term_string"}],"inLanguage":"sq"},{"@type":"Organization","@id":"https:\/\/permbledhja.com\/#organization","name":"MK Media & Pr","url":"https:\/\/permbledhja.com\/","logo":{"@type":"ImageObject","inLanguage":"sq","@id":"https:\/\/permbledhja.com\/#\/schema\/logo\/image\/","url":"https:\/\/permbledhja.com\/wp-content\/uploads\/2021\/12\/07-Press-Logo.jpg","contentUrl":"https:\/\/permbledhja.com\/wp-content\/uploads\/2021\/12\/07-Press-Logo.jpg","width":512,"height":512,"caption":"MK Media & Pr"},"image":{"@id":"https:\/\/permbledhja.com\/#\/schema\/logo\/image\/"},"sameAs":["https:\/\/www.facebook.com\/press07\/"]},{"@type":"Person","@id":"https:\/\/permbledhja.com\/#\/schema\/person\/9c54260cbc4c6f792cb100550491638c","name":"DL","image":{"@type":"ImageObject","inLanguage":"sq","@id":"https:\/\/permbledhja.com\/#\/schema\/person\/image\/","url":"https:\/\/secure.gravatar.com\/avatar\/94503eb28d4c4b2005a5c8753e35fc80?s=96&d=mm&r=g","contentUrl":"https:\/\/secure.gravatar.com\/avatar\/94503eb28d4c4b2005a5c8753e35fc80?s=96&d=mm&r=g","caption":"DL"},"url":"https:\/\/permbledhja.com\/sq\/author\/dl\/"}]}},"_links":{"self":[{"href":"https:\/\/permbledhja.com\/sq\/wp-json\/wp\/v2\/posts\/51839"}],"collection":[{"href":"https:\/\/permbledhja.com\/sq\/wp-json\/wp\/v2\/posts"}],"about":[{"href":"https:\/\/permbledhja.com\/sq\/wp-json\/wp\/v2\/types\/post"}],"author":[{"embeddable":true,"href":"https:\/\/permbledhja.com\/sq\/wp-json\/wp\/v2\/users\/5"}],"replies":[{"embeddable":true,"href":"https:\/\/permbledhja.com\/sq\/wp-json\/wp\/v2\/comments?post=51839"}],"version-history":[{"count":1,"href":"https:\/\/permbledhja.com\/sq\/wp-json\/wp\/v2\/posts\/51839\/revisions"}],"predecessor-version":[{"id":51842,"href":"https:\/\/permbledhja.com\/sq\/wp-json\/wp\/v2\/posts\/51839\/revisions\/51842"}],"wp:featuredmedia":[{"embeddable":true,"href":"https:\/\/permbledhja.com\/sq\/wp-json\/wp\/v2\/media\/51841"}],"wp:attachment":[{"href":"https:\/\/permbledhja.com\/sq\/wp-json\/wp\/v2\/media?parent=51839"}],"wp:term":[{"taxonomy":"category","embeddable":true,"href":"https:\/\/permbledhja.com\/sq\/wp-json\/wp\/v2\/categories?post=51839"},{"taxonomy":"post_tag","embeddable":true,"href":"https:\/\/permbledhja.com\/sq\/wp-json\/wp\/v2\/tags?post=51839"}],"curies":[{"name":"wp","href":"https:\/\/api.w.org\/{rel}","templated":true}]}}