{"id":51836,"date":"2024-03-10T11:59:24","date_gmt":"2024-03-10T11:59:24","guid":{"rendered":"https:\/\/permbledhja.com\/?p=51836"},"modified":"2024-03-10T11:59:24","modified_gmt":"2024-03-10T11:59:24","slug":"ndalohet-nje-person-ne-leposaviq-tentohej-te-fus-mallra-pa-dokumentacione","status":"publish","type":"post","link":"https:\/\/permbledhja.com\/sq\/ndalohet-nje-person-ne-leposaviq-tentohej-te-fus-mallra-pa-dokumentacione\/","title":{"rendered":"Ndalohet nj\u00eb person n\u00eb Leposaviq, tentohej t\u00eb fus mallra pa dokumentacione"},"content":{"rendered":"<h3>Nj\u00ebsia policore t\u00eb shtun\u00ebn n\u00eb Leposaviq ka ndaluar nj\u00eb furgon q\u00eb drejtohej nga nj\u00eb person n\u00eb t\u00eb cilin kishte t\u00eb ngarkuara mallra t\u00eb ndryshme, p\u00ebr t\u00eb cil\u00ebt nuk kishte dokumentacion.<\/h3>\n<p>Sipas raportit t\u00eb Policis\u00eb, thuhet se i dyshuari me furgon kishte hyr\u00eb n\u00eb territorin e Kosov\u00ebs nga Serbia p\u00ebrmes rrug\u00ebve ilegale.<\/p>\n<p>Policia ka b\u00ebr\u00eb t\u00eb ditur se n\u00eb konsultim me prokurorin i dyshuari pas inicimit t\u00eb rastit \u00ebsht\u00eb liruar n\u00eb procedur\u00eb t\u00eb rregullt, nd\u00ebrsa malli i \u00ebsht\u00eb dor\u00ebzuar dogan\u00ebs.<\/p>\n<p>\u201cQirkoviq, Leposaviq \/ 09.03.2024 \u2013 22:10. Nj\u00ebsia policore ka ndaluar nj\u00eb furgon q\u00eb drejtohej nga i dyshuari kosovar n\u00eb t\u00eb cilin kishte t\u00eb ngarkuara mallra t\u00eb ndryshme (qeramika, radiator\u00eb p\u00ebr nxemje, motosharr\u00eb, birra, disa bidon\u00eb me benzin\u00eb, etj) p\u00ebr t\u00eb cilat nuk kishte dokumentacion. Gjat\u00eb legjitimimit \u00ebsht\u00eb kuptuar se i dyshuari me furgon kishte hyr\u00eb n\u00eb territorin e Republik\u00ebs s\u00eb Kosov\u00ebs nga Serbia p\u00ebrmes rrug\u00ebve ilegale. N\u00eb konsultim me prokurorin i dyshuari pas inicimit t\u00eb rastit \u00ebsht\u00eb liruar n\u00eb procedur\u00eb t\u00eb rregullt, nd\u00ebrsa malli i \u00ebsht\u00eb dor\u00ebzuar dogan\u00ebs\u201d, thuhet n\u00eb raport.<\/p>\n","protected":false},"excerpt":{"rendered":"<p>Nj\u00ebsia policore t\u00eb shtun\u00ebn n\u00eb Leposaviq ka ndaluar nj\u00eb furgon q\u00eb drejtohej nga nj\u00eb person n\u00eb t\u00eb cilin kishte t\u00eb ngarkuara mallra t\u00eb ndryshme, p\u00ebr t\u00eb cil\u00ebt nuk kishte dokumentacion. Sipas raportit t\u00eb Policis\u00eb, thuhet se i dyshuari me furgon kishte hyr\u00eb n\u00eb territorin e Kosov\u00ebs nga Serbia p\u00ebrmes rrug\u00ebve ilegale. Policia ka b\u00ebr\u00eb t\u00eb [&hellip;]<\/p>\n","protected":false},"author":5,"featured_media":51837,"comment_status":"closed","ping_status":"closed","sticky":false,"template":"","format":"standard","meta":{"_monsterinsights_skip_tracking":false,"_monsterinsights_sitenote_active":false,"_monsterinsights_sitenote_note":"","_monsterinsights_sitenote_category":0,"_uf_show_specific_survey":0,"_uf_disable_surveys":false,"footnotes":""},"categories":[15],"tags":[],"yoast_head":"<!-- This site is optimized with the Yoast SEO plugin v21.5 - https:\/\/yoast.com\/wordpress\/plugins\/seo\/ -->\n<title>Ndalohet nj\u00eb person n\u00eb Leposaviq, tentohej t\u00eb fus mallra pa dokumentacione<\/title>\n<meta name=\"robots\" content=\"index, follow, max-snippet:-1, max-image-preview:large, max-video-preview:-1\" \/>\n<link rel=\"canonical\" href=\"https:\/\/permbledhja.com\/sq\/ndalohet-nje-person-ne-leposaviq-tentohej-te-fus-mallra-pa-dokumentacione\/\" \/>\n<meta property=\"og:locale\" content=\"sq_AL\" \/>\n<meta property=\"og:type\" content=\"article\" \/>\n<meta property=\"og:title\" content=\"Ndalohet nj\u00eb person n\u00eb Leposaviq, tentohej t\u00eb fus mallra pa dokumentacione\" \/>\n<meta property=\"og:description\" content=\"Nj\u00ebsia policore t\u00eb shtun\u00ebn n\u00eb Leposaviq ka ndaluar nj\u00eb furgon q\u00eb drejtohej nga nj\u00eb person n\u00eb t\u00eb cilin kishte t\u00eb ngarkuara mallra t\u00eb ndryshme, p\u00ebr t\u00eb cil\u00ebt nuk kishte dokumentacion. Sipas raportit t\u00eb Policis\u00eb, thuhet se i dyshuari me furgon kishte hyr\u00eb n\u00eb territorin e Kosov\u00ebs nga Serbia p\u00ebrmes rrug\u00ebve ilegale. Policia ka b\u00ebr\u00eb t\u00eb [&hellip;]\" \/>\n<meta property=\"og:url\" content=\"https:\/\/permbledhja.com\/sq\/ndalohet-nje-person-ne-leposaviq-tentohej-te-fus-mallra-pa-dokumentacione\/\" \/>\n<meta property=\"og:site_name\" content=\"Ve\u00e7 artikuj p\u00ebrmbledh\u00ebs\" \/>\n<meta property=\"article:publisher\" content=\"https:\/\/www.facebook.com\/press07\/\" \/>\n<meta property=\"article:published_time\" content=\"2024-03-10T11:59:24+00:00\" \/>\n<meta property=\"og:image\" content=\"https:\/\/permbledhja.com\/wp-content\/uploads\/2024\/03\/po.jpg\" \/>\n\t<meta property=\"og:image:width\" content=\"850\" \/>\n\t<meta property=\"og:image:height\" content=\"478\" \/>\n\t<meta property=\"og:image:type\" content=\"image\/jpeg\" \/>\n<meta name=\"author\" content=\"DL\" \/>\n<meta name=\"twitter:card\" content=\"summary_large_image\" \/>\n<meta name=\"twitter:label1\" content=\"Written by\" \/>\n\t<meta name=\"twitter:data1\" content=\"DL\" \/>\n\t<meta name=\"twitter:label2\" content=\"Est. reading time\" \/>\n\t<meta name=\"twitter:data2\" content=\"1 minut\u00eb\" \/>\n<script type=\"application\/ld+json\" class=\"yoast-schema-graph\">{\"@context\":\"https:\/\/schema.org\",\"@graph\":[{\"@type\":\"Article\",\"@id\":\"https:\/\/permbledhja.com\/ndalohet-nje-person-ne-leposaviq-tentohej-te-fus-mallra-pa-dokumentacione\/#article\",\"isPartOf\":{\"@id\":\"https:\/\/permbledhja.com\/ndalohet-nje-person-ne-leposaviq-tentohej-te-fus-mallra-pa-dokumentacione\/\"},\"author\":{\"name\":\"DL\",\"@id\":\"https:\/\/permbledhja.com\/#\/schema\/person\/9c54260cbc4c6f792cb100550491638c\"},\"headline\":\"Ndalohet nj\u00eb person n\u00eb Leposaviq, tentohej t\u00eb fus mallra pa dokumentacione\",\"datePublished\":\"2024-03-10T11:59:24+00:00\",\"dateModified\":\"2024-03-10T11:59:24+00:00\",\"mainEntityOfPage\":{\"@id\":\"https:\/\/permbledhja.com\/ndalohet-nje-person-ne-leposaviq-tentohej-te-fus-mallra-pa-dokumentacione\/\"},\"wordCount\":198,\"publisher\":{\"@id\":\"https:\/\/permbledhja.com\/#organization\"},\"articleSection\":[\"Lajme\"],\"inLanguage\":\"sq\"},{\"@type\":\"WebPage\",\"@id\":\"https:\/\/permbledhja.com\/ndalohet-nje-person-ne-leposaviq-tentohej-te-fus-mallra-pa-dokumentacione\/\",\"url\":\"https:\/\/permbledhja.com\/ndalohet-nje-person-ne-leposaviq-tentohej-te-fus-mallra-pa-dokumentacione\/\",\"name\":\"Ndalohet nj\u00eb person n\u00eb Leposaviq, tentohej t\u00eb fus mallra pa dokumentacione\",\"isPartOf\":{\"@id\":\"https:\/\/permbledhja.com\/#website\"},\"datePublished\":\"2024-03-10T11:59:24+00:00\",\"dateModified\":\"2024-03-10T11:59:24+00:00\",\"breadcrumb\":{\"@id\":\"https:\/\/permbledhja.com\/ndalohet-nje-person-ne-leposaviq-tentohej-te-fus-mallra-pa-dokumentacione\/#breadcrumb\"},\"inLanguage\":\"sq\",\"potentialAction\":[{\"@type\":\"ReadAction\",\"target\":[\"https:\/\/permbledhja.com\/ndalohet-nje-person-ne-leposaviq-tentohej-te-fus-mallra-pa-dokumentacione\/\"]}]},{\"@type\":\"BreadcrumbList\",\"@id\":\"https:\/\/permbledhja.com\/ndalohet-nje-person-ne-leposaviq-tentohej-te-fus-mallra-pa-dokumentacione\/#breadcrumb\",\"itemListElement\":[{\"@type\":\"ListItem\",\"position\":1,\"name\":\"Ballina\",\"item\":\"https:\/\/permbledhja.com\/sq\/\"},{\"@type\":\"ListItem\",\"position\":2,\"name\":\"Ndalohet nj\u00eb person n\u00eb Leposaviq, tentohej t\u00eb fus mallra pa dokumentacione\"}]},{\"@type\":\"WebSite\",\"@id\":\"https:\/\/permbledhja.com\/#website\",\"url\":\"https:\/\/permbledhja.com\/\",\"name\":\"Ve\u00e7 artikuj p\u00ebrmbledh\u00ebs\",\"description\":\"\",\"publisher\":{\"@id\":\"https:\/\/permbledhja.com\/#organization\"},\"potentialAction\":[{\"@type\":\"SearchAction\",\"target\":{\"@type\":\"EntryPoint\",\"urlTemplate\":\"https:\/\/permbledhja.com\/?s={search_term_string}\"},\"query-input\":\"required name=search_term_string\"}],\"inLanguage\":\"sq\"},{\"@type\":\"Organization\",\"@id\":\"https:\/\/permbledhja.com\/#organization\",\"name\":\"MK Media & Pr\",\"url\":\"https:\/\/permbledhja.com\/\",\"logo\":{\"@type\":\"ImageObject\",\"inLanguage\":\"sq\",\"@id\":\"https:\/\/permbledhja.com\/#\/schema\/logo\/image\/\",\"url\":\"https:\/\/permbledhja.com\/wp-content\/uploads\/2021\/12\/07-Press-Logo.jpg\",\"contentUrl\":\"https:\/\/permbledhja.com\/wp-content\/uploads\/2021\/12\/07-Press-Logo.jpg\",\"width\":512,\"height\":512,\"caption\":\"MK Media & Pr\"},\"image\":{\"@id\":\"https:\/\/permbledhja.com\/#\/schema\/logo\/image\/\"},\"sameAs\":[\"https:\/\/www.facebook.com\/press07\/\"]},{\"@type\":\"Person\",\"@id\":\"https:\/\/permbledhja.com\/#\/schema\/person\/9c54260cbc4c6f792cb100550491638c\",\"name\":\"DL\",\"image\":{\"@type\":\"ImageObject\",\"inLanguage\":\"sq\",\"@id\":\"https:\/\/permbledhja.com\/#\/schema\/person\/image\/\",\"url\":\"https:\/\/secure.gravatar.com\/avatar\/94503eb28d4c4b2005a5c8753e35fc80?s=96&d=mm&r=g\",\"contentUrl\":\"https:\/\/secure.gravatar.com\/avatar\/94503eb28d4c4b2005a5c8753e35fc80?s=96&d=mm&r=g\",\"caption\":\"DL\"},\"url\":\"https:\/\/permbledhja.com\/sq\/author\/dl\/\"}]}<\/script>\n<!-- \/ Yoast SEO plugin. -->","yoast_head_json":{"title":"Ndalohet nj\u00eb person n\u00eb Leposaviq, tentohej t\u00eb fus mallra pa dokumentacione","robots":{"index":"index","follow":"follow","max-snippet":"max-snippet:-1","max-image-preview":"max-image-preview:large","max-video-preview":"max-video-preview:-1"},"canonical":"https:\/\/permbledhja.com\/sq\/ndalohet-nje-person-ne-leposaviq-tentohej-te-fus-mallra-pa-dokumentacione\/","og_locale":"sq_AL","og_type":"article","og_title":"Ndalohet nj\u00eb person n\u00eb Leposaviq, tentohej t\u00eb fus mallra pa dokumentacione","og_description":"Nj\u00ebsia policore t\u00eb shtun\u00ebn n\u00eb Leposaviq ka ndaluar nj\u00eb furgon q\u00eb drejtohej nga nj\u00eb person n\u00eb t\u00eb cilin kishte t\u00eb ngarkuara mallra t\u00eb ndryshme, p\u00ebr t\u00eb cil\u00ebt nuk kishte dokumentacion. Sipas raportit t\u00eb Policis\u00eb, thuhet se i dyshuari me furgon kishte hyr\u00eb n\u00eb territorin e Kosov\u00ebs nga Serbia p\u00ebrmes rrug\u00ebve ilegale. Policia ka b\u00ebr\u00eb t\u00eb [&hellip;]","og_url":"https:\/\/permbledhja.com\/sq\/ndalohet-nje-person-ne-leposaviq-tentohej-te-fus-mallra-pa-dokumentacione\/","og_site_name":"Ve\u00e7 artikuj p\u00ebrmbledh\u00ebs","article_publisher":"https:\/\/www.facebook.com\/press07\/","article_published_time":"2024-03-10T11:59:24+00:00","og_image":[{"width":850,"height":478,"url":"https:\/\/permbledhja.com\/wp-content\/uploads\/2024\/03\/po.jpg","type":"image\/jpeg"}],"author":"DL","twitter_card":"summary_large_image","twitter_misc":{"Written by":"DL","Est. reading time":"1 minut\u00eb"},"schema":{"@context":"https:\/\/schema.org","@graph":[{"@type":"Article","@id":"https:\/\/permbledhja.com\/ndalohet-nje-person-ne-leposaviq-tentohej-te-fus-mallra-pa-dokumentacione\/#article","isPartOf":{"@id":"https:\/\/permbledhja.com\/ndalohet-nje-person-ne-leposaviq-tentohej-te-fus-mallra-pa-dokumentacione\/"},"author":{"name":"DL","@id":"https:\/\/permbledhja.com\/#\/schema\/person\/9c54260cbc4c6f792cb100550491638c"},"headline":"Ndalohet nj\u00eb person n\u00eb Leposaviq, tentohej t\u00eb fus mallra pa dokumentacione","datePublished":"2024-03-10T11:59:24+00:00","dateModified":"2024-03-10T11:59:24+00:00","mainEntityOfPage":{"@id":"https:\/\/permbledhja.com\/ndalohet-nje-person-ne-leposaviq-tentohej-te-fus-mallra-pa-dokumentacione\/"},"wordCount":198,"publisher":{"@id":"https:\/\/permbledhja.com\/#organization"},"articleSection":["Lajme"],"inLanguage":"sq"},{"@type":"WebPage","@id":"https:\/\/permbledhja.com\/ndalohet-nje-person-ne-leposaviq-tentohej-te-fus-mallra-pa-dokumentacione\/","url":"https:\/\/permbledhja.com\/ndalohet-nje-person-ne-leposaviq-tentohej-te-fus-mallra-pa-dokumentacione\/","name":"Ndalohet nj\u00eb person n\u00eb Leposaviq, tentohej t\u00eb fus mallra pa dokumentacione","isPartOf":{"@id":"https:\/\/permbledhja.com\/#website"},"datePublished":"2024-03-10T11:59:24+00:00","dateModified":"2024-03-10T11:59:24+00:00","breadcrumb":{"@id":"https:\/\/permbledhja.com\/ndalohet-nje-person-ne-leposaviq-tentohej-te-fus-mallra-pa-dokumentacione\/#breadcrumb"},"inLanguage":"sq","potentialAction":[{"@type":"ReadAction","target":["https:\/\/permbledhja.com\/ndalohet-nje-person-ne-leposaviq-tentohej-te-fus-mallra-pa-dokumentacione\/"]}]},{"@type":"BreadcrumbList","@id":"https:\/\/permbledhja.com\/ndalohet-nje-person-ne-leposaviq-tentohej-te-fus-mallra-pa-dokumentacione\/#breadcrumb","itemListElement":[{"@type":"ListItem","position":1,"name":"Ballina","item":"https:\/\/permbledhja.com\/sq\/"},{"@type":"ListItem","position":2,"name":"Ndalohet nj\u00eb person n\u00eb Leposaviq, tentohej t\u00eb fus mallra pa dokumentacione"}]},{"@type":"WebSite","@id":"https:\/\/permbledhja.com\/#website","url":"https:\/\/permbledhja.com\/","name":"Ve\u00e7 artikuj p\u00ebrmbledh\u00ebs","description":"","publisher":{"@id":"https:\/\/permbledhja.com\/#organization"},"potentialAction":[{"@type":"SearchAction","target":{"@type":"EntryPoint","urlTemplate":"https:\/\/permbledhja.com\/?s={search_term_string}"},"query-input":"required name=search_term_string"}],"inLanguage":"sq"},{"@type":"Organization","@id":"https:\/\/permbledhja.com\/#organization","name":"MK Media & Pr","url":"https:\/\/permbledhja.com\/","logo":{"@type":"ImageObject","inLanguage":"sq","@id":"https:\/\/permbledhja.com\/#\/schema\/logo\/image\/","url":"https:\/\/permbledhja.com\/wp-content\/uploads\/2021\/12\/07-Press-Logo.jpg","contentUrl":"https:\/\/permbledhja.com\/wp-content\/uploads\/2021\/12\/07-Press-Logo.jpg","width":512,"height":512,"caption":"MK Media & Pr"},"image":{"@id":"https:\/\/permbledhja.com\/#\/schema\/logo\/image\/"},"sameAs":["https:\/\/www.facebook.com\/press07\/"]},{"@type":"Person","@id":"https:\/\/permbledhja.com\/#\/schema\/person\/9c54260cbc4c6f792cb100550491638c","name":"DL","image":{"@type":"ImageObject","inLanguage":"sq","@id":"https:\/\/permbledhja.com\/#\/schema\/person\/image\/","url":"https:\/\/secure.gravatar.com\/avatar\/94503eb28d4c4b2005a5c8753e35fc80?s=96&d=mm&r=g","contentUrl":"https:\/\/secure.gravatar.com\/avatar\/94503eb28d4c4b2005a5c8753e35fc80?s=96&d=mm&r=g","caption":"DL"},"url":"https:\/\/permbledhja.com\/sq\/author\/dl\/"}]}},"_links":{"self":[{"href":"https:\/\/permbledhja.com\/sq\/wp-json\/wp\/v2\/posts\/51836"}],"collection":[{"href":"https:\/\/permbledhja.com\/sq\/wp-json\/wp\/v2\/posts"}],"about":[{"href":"https:\/\/permbledhja.com\/sq\/wp-json\/wp\/v2\/types\/post"}],"author":[{"embeddable":true,"href":"https:\/\/permbledhja.com\/sq\/wp-json\/wp\/v2\/users\/5"}],"replies":[{"embeddable":true,"href":"https:\/\/permbledhja.com\/sq\/wp-json\/wp\/v2\/comments?post=51836"}],"version-history":[{"count":1,"href":"https:\/\/permbledhja.com\/sq\/wp-json\/wp\/v2\/posts\/51836\/revisions"}],"predecessor-version":[{"id":51838,"href":"https:\/\/permbledhja.com\/sq\/wp-json\/wp\/v2\/posts\/51836\/revisions\/51838"}],"wp:featuredmedia":[{"embeddable":true,"href":"https:\/\/permbledhja.com\/sq\/wp-json\/wp\/v2\/media\/51837"}],"wp:attachment":[{"href":"https:\/\/permbledhja.com\/sq\/wp-json\/wp\/v2\/media?parent=51836"}],"wp:term":[{"taxonomy":"category","embeddable":true,"href":"https:\/\/permbledhja.com\/sq\/wp-json\/wp\/v2\/categories?post=51836"},{"taxonomy":"post_tag","embeddable":true,"href":"https:\/\/permbledhja.com\/sq\/wp-json\/wp\/v2\/tags?post=51836"}],"curies":[{"name":"wp","href":"https:\/\/api.w.org\/{rel}","templated":true}]}}