{"id":51833,"date":"2024-03-10T11:42:19","date_gmt":"2024-03-10T11:42:19","guid":{"rendered":"https:\/\/permbledhja.com\/?p=51833"},"modified":"2024-03-10T11:42:19","modified_gmt":"2024-03-10T11:42:19","slug":"deputetja-bytyqi-aak-e-gatshme-per-zgjedhje-kurtin-e-ka-kapur-panika","status":"publish","type":"post","link":"https:\/\/permbledhja.com\/sq\/deputetja-bytyqi-aak-e-gatshme-per-zgjedhje-kurtin-e-ka-kapur-panika\/","title":{"rendered":"Deputetja Bytyqi: AAK e gatshme p\u00ebr zgjedhje, Kurtin e ka kapur panika"},"content":{"rendered":"<h3>Zgjedhjet e rregullta parlamentare do t\u00eb duhej t\u00eb mbaheshin n\u00eb shkurt t\u00eb vitit 2025.<\/h3>\n<p>Por, t\u00eb nj\u00ebjtat kan\u00eb filluar t\u00eb p\u00ebrmenden shum\u00eb m\u00eb her\u00ebt, nj\u00ebjt\u00eb si nga opozita e po ashtu edhe nga pushteti.<\/p>\n<p>Madje, koh\u00ebve t\u00eb fundit kabineti qeveritar bashk\u00eb me kryeministrin e vendit Albin Kurti po shihen mjaft\u00eb shpesh n\u00eb terren.<\/p>\n<p>Se a jan\u00eb daljet e kryeministrit Kurti n\u00eb terren fushat\u00eb p\u00ebr zgjedhjet e ardhshme, qofshin ato t\u00eb rregullta apo parlamentare p\u00ebr Front Online ka folur deputetja e AAK-s\u00eb, Albana Bytyqi.<\/p>\n<p>Bytyqi, thot\u00eb se Kurtin e ka kap\u00eb paniku sepse ka frik\u00eb p\u00ebr rezultatin q\u00eb do t\u00eb merr n\u00eb zgjedhjet e ardhshme.<\/p>\n<p>\u201cPo kjo po shihet ashiqare q\u00eb kryeministrin e ka kap panika dhe ka nis fushat\u00ebn n\u00eb terren. Kur them e ka kap panika, \u00ebsht\u00eb se kryeministri ka frik\u00eb nga rezultati q\u00eb do t\u00eb jet\u00eb n\u00eb zgjedhjet e ardhshme meqen\u00ebse e gjith\u00eb politika e tij ka qen\u00eb premtimet t\u00eb cilat nuk jan\u00eb realizuar, pra rrena t\u00eb nj\u00ebpasnj\u00ebshme. Pothuajse gjith\u00e7ka q\u00eb \u00ebsht\u00eb zotuar p\u00ebr ta luftuar kur erdhi n\u00eb pushtet i b\u00ebri me t\u00eb madhe, dhe tashm\u00eb skandalet jan\u00eb t\u00eb njohura p\u00ebr publikun\u201d, \u00ebsht\u00eb shprehur Bytyqi.<\/p>\n<p>Sipas saj, kryeministri Kurti kalkulon gjith\u00e7ka vet\u00ebm e vet\u00ebm q\u00eb t\u00eb p\u00ebrfitoj\u00eb nga situata.<\/p>\n<p>\u201cPo mendoj q\u00eb Albini e kalkulon gjith\u00e7ka n\u00eb m\u00ebnyr\u00eb q\u00eb t\u00eb p\u00ebrfitoj\u00eb nga situata. \u00c7\u00ebshtja e dinarit ve\u00e7se po e v\u00ebrteton se ai nuk \u00ebsht\u00eb bashk\u00ebpunues e assesi konstruktiv. Si \u00e7do her\u00eb e mendon pushtetin dhe nuk ka r\u00ebnd\u00ebsi p\u00ebr t\u00eb d\u00ebmi q\u00eb ai e shkakton ndaj vendit dhe raportet q\u00eb po i cenon me aleat\u00ebt ton\u00eb\u201d, ka th\u00ebn\u00eb nd\u00ebr t\u00eb tjera deputetja Bytyqi.<\/p>\n<p>Nd\u00ebrsa, kur \u00ebsht\u00eb pyetur se a \u00ebsht\u00eb e gatshme AAK-ja p\u00ebr zgjedhje, Bytyqi ka th\u00ebn\u00eb e jan\u00eb t\u00eb gatsh\u00ebm kurdo q\u00eb ato mbahen.<\/p>\n<p>\u201cNe jemi t\u00eb gatsh\u00ebm kurdo q\u00eb ato mbahen\u201d, \u00ebsht\u00eb shprehur shkurt ajo.<\/p>\n","protected":false},"excerpt":{"rendered":"<p>Zgjedhjet e rregullta parlamentare do t\u00eb duhej t\u00eb mbaheshin n\u00eb shkurt t\u00eb vitit 2025. Por, t\u00eb nj\u00ebjtat kan\u00eb filluar t\u00eb p\u00ebrmenden shum\u00eb m\u00eb her\u00ebt, nj\u00ebjt\u00eb si nga opozita e po ashtu edhe nga pushteti. Madje, koh\u00ebve t\u00eb fundit kabineti qeveritar bashk\u00eb me kryeministrin e vendit Albin Kurti po shihen mjaft\u00eb shpesh n\u00eb terren. Se a [&hellip;]<\/p>\n","protected":false},"author":5,"featured_media":51834,"comment_status":"closed","ping_status":"closed","sticky":false,"template":"","format":"standard","meta":{"_monsterinsights_skip_tracking":false,"_monsterinsights_sitenote_active":false,"_monsterinsights_sitenote_note":"","_monsterinsights_sitenote_category":0,"_uf_show_specific_survey":0,"_uf_disable_surveys":false,"footnotes":""},"categories":[2645],"tags":[],"yoast_head":"<!-- This site is optimized with the Yoast SEO plugin v21.5 - https:\/\/yoast.com\/wordpress\/plugins\/seo\/ -->\n<title>Deputetja Bytyqi: AAK e gatshme p\u00ebr zgjedhje, Kurtin e ka kapur panika<\/title>\n<meta name=\"robots\" content=\"index, follow, max-snippet:-1, max-image-preview:large, max-video-preview:-1\" \/>\n<link rel=\"canonical\" href=\"https:\/\/permbledhja.com\/sq\/deputetja-bytyqi-aak-e-gatshme-per-zgjedhje-kurtin-e-ka-kapur-panika\/\" \/>\n<meta property=\"og:locale\" content=\"sq_AL\" \/>\n<meta property=\"og:type\" content=\"article\" \/>\n<meta property=\"og:title\" content=\"Deputetja Bytyqi: AAK e gatshme p\u00ebr zgjedhje, Kurtin e ka kapur panika\" \/>\n<meta property=\"og:description\" content=\"Zgjedhjet e rregullta parlamentare do t\u00eb duhej t\u00eb mbaheshin n\u00eb shkurt t\u00eb vitit 2025. Por, t\u00eb nj\u00ebjtat kan\u00eb filluar t\u00eb p\u00ebrmenden shum\u00eb m\u00eb her\u00ebt, nj\u00ebjt\u00eb si nga opozita e po ashtu edhe nga pushteti. Madje, koh\u00ebve t\u00eb fundit kabineti qeveritar bashk\u00eb me kryeministrin e vendit Albin Kurti po shihen mjaft\u00eb shpesh n\u00eb terren. Se a [&hellip;]\" \/>\n<meta property=\"og:url\" content=\"https:\/\/permbledhja.com\/sq\/deputetja-bytyqi-aak-e-gatshme-per-zgjedhje-kurtin-e-ka-kapur-panika\/\" \/>\n<meta property=\"og:site_name\" content=\"Ve\u00e7 artikuj p\u00ebrmbledh\u00ebs\" \/>\n<meta property=\"article:publisher\" content=\"https:\/\/www.facebook.com\/press07\/\" \/>\n<meta property=\"article:published_time\" content=\"2024-03-10T11:42:19+00:00\" \/>\n<meta property=\"og:image\" content=\"https:\/\/permbledhja.com\/wp-content\/uploads\/2024\/03\/dp-e1710070930147.jpg\" \/>\n\t<meta property=\"og:image:width\" content=\"849\" \/>\n\t<meta property=\"og:image:height\" content=\"498\" \/>\n\t<meta property=\"og:image:type\" content=\"image\/jpeg\" \/>\n<meta name=\"author\" content=\"DL\" \/>\n<meta name=\"twitter:card\" content=\"summary_large_image\" \/>\n<meta name=\"twitter:label1\" content=\"Written by\" \/>\n\t<meta name=\"twitter:data1\" content=\"DL\" \/>\n\t<meta name=\"twitter:label2\" content=\"Est. reading time\" \/>\n\t<meta name=\"twitter:data2\" content=\"2 minuta\" \/>\n<script type=\"application\/ld+json\" class=\"yoast-schema-graph\">{\"@context\":\"https:\/\/schema.org\",\"@graph\":[{\"@type\":\"Article\",\"@id\":\"https:\/\/permbledhja.com\/deputetja-bytyqi-aak-e-gatshme-per-zgjedhje-kurtin-e-ka-kapur-panika\/#article\",\"isPartOf\":{\"@id\":\"https:\/\/permbledhja.com\/deputetja-bytyqi-aak-e-gatshme-per-zgjedhje-kurtin-e-ka-kapur-panika\/\"},\"author\":{\"name\":\"DL\",\"@id\":\"https:\/\/permbledhja.com\/#\/schema\/person\/9c54260cbc4c6f792cb100550491638c\"},\"headline\":\"Deputetja Bytyqi: AAK e gatshme p\u00ebr zgjedhje, Kurtin e ka kapur panika\",\"datePublished\":\"2024-03-10T11:42:19+00:00\",\"dateModified\":\"2024-03-10T11:42:19+00:00\",\"mainEntityOfPage\":{\"@id\":\"https:\/\/permbledhja.com\/deputetja-bytyqi-aak-e-gatshme-per-zgjedhje-kurtin-e-ka-kapur-panika\/\"},\"wordCount\":351,\"publisher\":{\"@id\":\"https:\/\/permbledhja.com\/#organization\"},\"articleSection\":[\"T\u00eb r\u00ebnd\u00ebsishme\"],\"inLanguage\":\"sq\"},{\"@type\":\"WebPage\",\"@id\":\"https:\/\/permbledhja.com\/deputetja-bytyqi-aak-e-gatshme-per-zgjedhje-kurtin-e-ka-kapur-panika\/\",\"url\":\"https:\/\/permbledhja.com\/deputetja-bytyqi-aak-e-gatshme-per-zgjedhje-kurtin-e-ka-kapur-panika\/\",\"name\":\"Deputetja Bytyqi: AAK e gatshme p\u00ebr zgjedhje, Kurtin e ka kapur panika\",\"isPartOf\":{\"@id\":\"https:\/\/permbledhja.com\/#website\"},\"datePublished\":\"2024-03-10T11:42:19+00:00\",\"dateModified\":\"2024-03-10T11:42:19+00:00\",\"breadcrumb\":{\"@id\":\"https:\/\/permbledhja.com\/deputetja-bytyqi-aak-e-gatshme-per-zgjedhje-kurtin-e-ka-kapur-panika\/#breadcrumb\"},\"inLanguage\":\"sq\",\"potentialAction\":[{\"@type\":\"ReadAction\",\"target\":[\"https:\/\/permbledhja.com\/deputetja-bytyqi-aak-e-gatshme-per-zgjedhje-kurtin-e-ka-kapur-panika\/\"]}]},{\"@type\":\"BreadcrumbList\",\"@id\":\"https:\/\/permbledhja.com\/deputetja-bytyqi-aak-e-gatshme-per-zgjedhje-kurtin-e-ka-kapur-panika\/#breadcrumb\",\"itemListElement\":[{\"@type\":\"ListItem\",\"position\":1,\"name\":\"Ballina\",\"item\":\"https:\/\/permbledhja.com\/sq\/\"},{\"@type\":\"ListItem\",\"position\":2,\"name\":\"Deputetja Bytyqi: AAK e gatshme p\u00ebr zgjedhje, Kurtin e ka kapur panika\"}]},{\"@type\":\"WebSite\",\"@id\":\"https:\/\/permbledhja.com\/#website\",\"url\":\"https:\/\/permbledhja.com\/\",\"name\":\"Ve\u00e7 artikuj p\u00ebrmbledh\u00ebs\",\"description\":\"\",\"publisher\":{\"@id\":\"https:\/\/permbledhja.com\/#organization\"},\"potentialAction\":[{\"@type\":\"SearchAction\",\"target\":{\"@type\":\"EntryPoint\",\"urlTemplate\":\"https:\/\/permbledhja.com\/?s={search_term_string}\"},\"query-input\":\"required name=search_term_string\"}],\"inLanguage\":\"sq\"},{\"@type\":\"Organization\",\"@id\":\"https:\/\/permbledhja.com\/#organization\",\"name\":\"MK Media & Pr\",\"url\":\"https:\/\/permbledhja.com\/\",\"logo\":{\"@type\":\"ImageObject\",\"inLanguage\":\"sq\",\"@id\":\"https:\/\/permbledhja.com\/#\/schema\/logo\/image\/\",\"url\":\"https:\/\/permbledhja.com\/wp-content\/uploads\/2021\/12\/07-Press-Logo.jpg\",\"contentUrl\":\"https:\/\/permbledhja.com\/wp-content\/uploads\/2021\/12\/07-Press-Logo.jpg\",\"width\":512,\"height\":512,\"caption\":\"MK Media & Pr\"},\"image\":{\"@id\":\"https:\/\/permbledhja.com\/#\/schema\/logo\/image\/\"},\"sameAs\":[\"https:\/\/www.facebook.com\/press07\/\"]},{\"@type\":\"Person\",\"@id\":\"https:\/\/permbledhja.com\/#\/schema\/person\/9c54260cbc4c6f792cb100550491638c\",\"name\":\"DL\",\"image\":{\"@type\":\"ImageObject\",\"inLanguage\":\"sq\",\"@id\":\"https:\/\/permbledhja.com\/#\/schema\/person\/image\/\",\"url\":\"https:\/\/secure.gravatar.com\/avatar\/94503eb28d4c4b2005a5c8753e35fc80?s=96&d=mm&r=g\",\"contentUrl\":\"https:\/\/secure.gravatar.com\/avatar\/94503eb28d4c4b2005a5c8753e35fc80?s=96&d=mm&r=g\",\"caption\":\"DL\"},\"url\":\"https:\/\/permbledhja.com\/sq\/author\/dl\/\"}]}<\/script>\n<!-- \/ Yoast SEO plugin. -->","yoast_head_json":{"title":"Deputetja Bytyqi: AAK e gatshme p\u00ebr zgjedhje, Kurtin e ka kapur panika","robots":{"index":"index","follow":"follow","max-snippet":"max-snippet:-1","max-image-preview":"max-image-preview:large","max-video-preview":"max-video-preview:-1"},"canonical":"https:\/\/permbledhja.com\/sq\/deputetja-bytyqi-aak-e-gatshme-per-zgjedhje-kurtin-e-ka-kapur-panika\/","og_locale":"sq_AL","og_type":"article","og_title":"Deputetja Bytyqi: AAK e gatshme p\u00ebr zgjedhje, Kurtin e ka kapur panika","og_description":"Zgjedhjet e rregullta parlamentare do t\u00eb duhej t\u00eb mbaheshin n\u00eb shkurt t\u00eb vitit 2025. Por, t\u00eb nj\u00ebjtat kan\u00eb filluar t\u00eb p\u00ebrmenden shum\u00eb m\u00eb her\u00ebt, nj\u00ebjt\u00eb si nga opozita e po ashtu edhe nga pushteti. Madje, koh\u00ebve t\u00eb fundit kabineti qeveritar bashk\u00eb me kryeministrin e vendit Albin Kurti po shihen mjaft\u00eb shpesh n\u00eb terren. Se a [&hellip;]","og_url":"https:\/\/permbledhja.com\/sq\/deputetja-bytyqi-aak-e-gatshme-per-zgjedhje-kurtin-e-ka-kapur-panika\/","og_site_name":"Ve\u00e7 artikuj p\u00ebrmbledh\u00ebs","article_publisher":"https:\/\/www.facebook.com\/press07\/","article_published_time":"2024-03-10T11:42:19+00:00","og_image":[{"width":849,"height":498,"url":"https:\/\/permbledhja.com\/wp-content\/uploads\/2024\/03\/dp-e1710070930147.jpg","type":"image\/jpeg"}],"author":"DL","twitter_card":"summary_large_image","twitter_misc":{"Written by":"DL","Est. reading time":"2 minuta"},"schema":{"@context":"https:\/\/schema.org","@graph":[{"@type":"Article","@id":"https:\/\/permbledhja.com\/deputetja-bytyqi-aak-e-gatshme-per-zgjedhje-kurtin-e-ka-kapur-panika\/#article","isPartOf":{"@id":"https:\/\/permbledhja.com\/deputetja-bytyqi-aak-e-gatshme-per-zgjedhje-kurtin-e-ka-kapur-panika\/"},"author":{"name":"DL","@id":"https:\/\/permbledhja.com\/#\/schema\/person\/9c54260cbc4c6f792cb100550491638c"},"headline":"Deputetja Bytyqi: AAK e gatshme p\u00ebr zgjedhje, Kurtin e ka kapur panika","datePublished":"2024-03-10T11:42:19+00:00","dateModified":"2024-03-10T11:42:19+00:00","mainEntityOfPage":{"@id":"https:\/\/permbledhja.com\/deputetja-bytyqi-aak-e-gatshme-per-zgjedhje-kurtin-e-ka-kapur-panika\/"},"wordCount":351,"publisher":{"@id":"https:\/\/permbledhja.com\/#organization"},"articleSection":["T\u00eb r\u00ebnd\u00ebsishme"],"inLanguage":"sq"},{"@type":"WebPage","@id":"https:\/\/permbledhja.com\/deputetja-bytyqi-aak-e-gatshme-per-zgjedhje-kurtin-e-ka-kapur-panika\/","url":"https:\/\/permbledhja.com\/deputetja-bytyqi-aak-e-gatshme-per-zgjedhje-kurtin-e-ka-kapur-panika\/","name":"Deputetja Bytyqi: AAK e gatshme p\u00ebr zgjedhje, Kurtin e ka kapur panika","isPartOf":{"@id":"https:\/\/permbledhja.com\/#website"},"datePublished":"2024-03-10T11:42:19+00:00","dateModified":"2024-03-10T11:42:19+00:00","breadcrumb":{"@id":"https:\/\/permbledhja.com\/deputetja-bytyqi-aak-e-gatshme-per-zgjedhje-kurtin-e-ka-kapur-panika\/#breadcrumb"},"inLanguage":"sq","potentialAction":[{"@type":"ReadAction","target":["https:\/\/permbledhja.com\/deputetja-bytyqi-aak-e-gatshme-per-zgjedhje-kurtin-e-ka-kapur-panika\/"]}]},{"@type":"BreadcrumbList","@id":"https:\/\/permbledhja.com\/deputetja-bytyqi-aak-e-gatshme-per-zgjedhje-kurtin-e-ka-kapur-panika\/#breadcrumb","itemListElement":[{"@type":"ListItem","position":1,"name":"Ballina","item":"https:\/\/permbledhja.com\/sq\/"},{"@type":"ListItem","position":2,"name":"Deputetja Bytyqi: AAK e gatshme p\u00ebr zgjedhje, Kurtin e ka kapur panika"}]},{"@type":"WebSite","@id":"https:\/\/permbledhja.com\/#website","url":"https:\/\/permbledhja.com\/","name":"Ve\u00e7 artikuj p\u00ebrmbledh\u00ebs","description":"","publisher":{"@id":"https:\/\/permbledhja.com\/#organization"},"potentialAction":[{"@type":"SearchAction","target":{"@type":"EntryPoint","urlTemplate":"https:\/\/permbledhja.com\/?s={search_term_string}"},"query-input":"required name=search_term_string"}],"inLanguage":"sq"},{"@type":"Organization","@id":"https:\/\/permbledhja.com\/#organization","name":"MK Media & Pr","url":"https:\/\/permbledhja.com\/","logo":{"@type":"ImageObject","inLanguage":"sq","@id":"https:\/\/permbledhja.com\/#\/schema\/logo\/image\/","url":"https:\/\/permbledhja.com\/wp-content\/uploads\/2021\/12\/07-Press-Logo.jpg","contentUrl":"https:\/\/permbledhja.com\/wp-content\/uploads\/2021\/12\/07-Press-Logo.jpg","width":512,"height":512,"caption":"MK Media & Pr"},"image":{"@id":"https:\/\/permbledhja.com\/#\/schema\/logo\/image\/"},"sameAs":["https:\/\/www.facebook.com\/press07\/"]},{"@type":"Person","@id":"https:\/\/permbledhja.com\/#\/schema\/person\/9c54260cbc4c6f792cb100550491638c","name":"DL","image":{"@type":"ImageObject","inLanguage":"sq","@id":"https:\/\/permbledhja.com\/#\/schema\/person\/image\/","url":"https:\/\/secure.gravatar.com\/avatar\/94503eb28d4c4b2005a5c8753e35fc80?s=96&d=mm&r=g","contentUrl":"https:\/\/secure.gravatar.com\/avatar\/94503eb28d4c4b2005a5c8753e35fc80?s=96&d=mm&r=g","caption":"DL"},"url":"https:\/\/permbledhja.com\/sq\/author\/dl\/"}]}},"_links":{"self":[{"href":"https:\/\/permbledhja.com\/sq\/wp-json\/wp\/v2\/posts\/51833"}],"collection":[{"href":"https:\/\/permbledhja.com\/sq\/wp-json\/wp\/v2\/posts"}],"about":[{"href":"https:\/\/permbledhja.com\/sq\/wp-json\/wp\/v2\/types\/post"}],"author":[{"embeddable":true,"href":"https:\/\/permbledhja.com\/sq\/wp-json\/wp\/v2\/users\/5"}],"replies":[{"embeddable":true,"href":"https:\/\/permbledhja.com\/sq\/wp-json\/wp\/v2\/comments?post=51833"}],"version-history":[{"count":1,"href":"https:\/\/permbledhja.com\/sq\/wp-json\/wp\/v2\/posts\/51833\/revisions"}],"predecessor-version":[{"id":51835,"href":"https:\/\/permbledhja.com\/sq\/wp-json\/wp\/v2\/posts\/51833\/revisions\/51835"}],"wp:featuredmedia":[{"embeddable":true,"href":"https:\/\/permbledhja.com\/sq\/wp-json\/wp\/v2\/media\/51834"}],"wp:attachment":[{"href":"https:\/\/permbledhja.com\/sq\/wp-json\/wp\/v2\/media?parent=51833"}],"wp:term":[{"taxonomy":"category","embeddable":true,"href":"https:\/\/permbledhja.com\/sq\/wp-json\/wp\/v2\/categories?post=51833"},{"taxonomy":"post_tag","embeddable":true,"href":"https:\/\/permbledhja.com\/sq\/wp-json\/wp\/v2\/tags?post=51833"}],"curies":[{"name":"wp","href":"https:\/\/api.w.org\/{rel}","templated":true}]}}