{"id":51797,"date":"2024-03-10T07:49:47","date_gmt":"2024-03-10T07:49:47","guid":{"rendered":"https:\/\/permbledhja.com\/?p=51797"},"modified":"2024-03-10T07:49:47","modified_gmt":"2024-03-10T07:49:47","slug":"muaji-i-ramazanit-ternava-sot-i-drejtohet-opinionit-publik","status":"publish","type":"post","link":"https:\/\/permbledhja.com\/sq\/muaji-i-ramazanit-ternava-sot-i-drejtohet-opinionit-publik\/","title":{"rendered":"Muaji i Ramazanit, T\u00ebrnava sot i drejtohet opinionit publik"},"content":{"rendered":"<h3 style=\"box-sizing: border-box; margin-bottom: 15px; font-size: 15px; line-height: 26px; letter-spacing: -0.2px; font-family: Raleway-Regular, sans-serif; color: #212529;\">Besimtar\u00ebt mysliman\u00eb n\u00eb bot\u00eb, p\u00ebrfshir\u00eb ata n\u00eb Kosov\u00eb nisin muajin e shenjt\u00eb t\u00eb Ramazanit. Dita e par\u00eb e agj\u00ebrimit \u00ebsht\u00eb t\u00eb h\u00ebn\u00ebn.<\/h3>\n<p style=\"box-sizing: border-box; margin-bottom: 15px; font-size: 15px; line-height: 26px; letter-spacing: -0.2px; font-family: Raleway-Regular, sans-serif; color: #212529;\">P\u00ebr k\u00ebt\u00eb, myftiu i Bashk\u00ebsis\u00eb Islame t\u00eb Kosov\u00ebs (BIK), t\u00eb diel\u00ebn n\u00eb ora 11:00 do t\u2019i drejtohet opinionit publik me nj\u00eb mesazh.<\/p>\n<p><span style=\"color: #212529; font-family: Raleway-Regular, sans-serif; font-size: 15px; letter-spacing: -0.2px;\">Gjat\u00eb k\u00ebtij muaji institucionet e shtetit, shtrojn\u00eb iftare p\u00ebr krer\u00ebt e BIK\u2019ut, por edhe organizatat joinstitucionale organizohen n\u00eb k\u00ebt\u00eb muaj p\u00ebr ata q\u00eb agj\u00ebrojn\u00eb \/Gazeta Express<\/span><\/p>\n","protected":false},"excerpt":{"rendered":"<p>Besimtar\u00ebt mysliman\u00eb n\u00eb bot\u00eb, p\u00ebrfshir\u00eb ata n\u00eb Kosov\u00eb nisin muajin e shenjt\u00eb t\u00eb Ramazanit. Dita e par\u00eb e agj\u00ebrimit \u00ebsht\u00eb t\u00eb h\u00ebn\u00ebn. P\u00ebr k\u00ebt\u00eb, myftiu i Bashk\u00ebsis\u00eb Islame t\u00eb Kosov\u00ebs (BIK), t\u00eb diel\u00ebn n\u00eb ora 11:00 do t\u2019i drejtohet opinionit publik me nj\u00eb mesazh. Gjat\u00eb k\u00ebtij muaji institucionet e shtetit, shtrojn\u00eb iftare p\u00ebr krer\u00ebt e [&hellip;]<\/p>\n","protected":false},"author":5,"featured_media":51798,"comment_status":"closed","ping_status":"closed","sticky":false,"template":"","format":"standard","meta":{"_monsterinsights_skip_tracking":false,"_monsterinsights_sitenote_active":false,"_monsterinsights_sitenote_note":"","_monsterinsights_sitenote_category":0,"_uf_show_specific_survey":0,"_uf_disable_surveys":false,"footnotes":""},"categories":[2645],"tags":[],"yoast_head":"<!-- This site is optimized with the Yoast SEO plugin v21.5 - https:\/\/yoast.com\/wordpress\/plugins\/seo\/ -->\n<title>Muaji i Ramazanit, T\u00ebrnava sot i drejtohet opinionit publik<\/title>\n<meta name=\"robots\" content=\"index, follow, max-snippet:-1, max-image-preview:large, max-video-preview:-1\" \/>\n<link rel=\"canonical\" href=\"https:\/\/permbledhja.com\/sq\/muaji-i-ramazanit-ternava-sot-i-drejtohet-opinionit-publik\/\" \/>\n<meta property=\"og:locale\" content=\"sq_AL\" \/>\n<meta property=\"og:type\" content=\"article\" \/>\n<meta property=\"og:title\" content=\"Muaji i Ramazanit, T\u00ebrnava sot i drejtohet opinionit publik\" \/>\n<meta property=\"og:description\" content=\"Besimtar\u00ebt mysliman\u00eb n\u00eb bot\u00eb, p\u00ebrfshir\u00eb ata n\u00eb Kosov\u00eb nisin muajin e shenjt\u00eb t\u00eb Ramazanit. Dita e par\u00eb e agj\u00ebrimit \u00ebsht\u00eb t\u00eb h\u00ebn\u00ebn. P\u00ebr k\u00ebt\u00eb, myftiu i Bashk\u00ebsis\u00eb Islame t\u00eb Kosov\u00ebs (BIK), t\u00eb diel\u00ebn n\u00eb ora 11:00 do t\u2019i drejtohet opinionit publik me nj\u00eb mesazh. Gjat\u00eb k\u00ebtij muaji institucionet e shtetit, shtrojn\u00eb iftare p\u00ebr krer\u00ebt e [&hellip;]\" \/>\n<meta property=\"og:url\" content=\"https:\/\/permbledhja.com\/sq\/muaji-i-ramazanit-ternava-sot-i-drejtohet-opinionit-publik\/\" \/>\n<meta property=\"og:site_name\" content=\"Ve\u00e7 artikuj p\u00ebrmbledh\u00ebs\" \/>\n<meta property=\"article:publisher\" content=\"https:\/\/www.facebook.com\/press07\/\" \/>\n<meta property=\"article:published_time\" content=\"2024-03-10T07:49:47+00:00\" \/>\n<meta property=\"og:image\" content=\"https:\/\/permbledhja.com\/wp-content\/uploads\/2024\/03\/Screenshot_20240310-084727_Facebook.jpg\" \/>\n\t<meta property=\"og:image:width\" content=\"947\" \/>\n\t<meta property=\"og:image:height\" content=\"530\" \/>\n\t<meta property=\"og:image:type\" content=\"image\/jpeg\" \/>\n<meta name=\"author\" content=\"DL\" \/>\n<meta name=\"twitter:card\" content=\"summary_large_image\" \/>\n<meta name=\"twitter:label1\" content=\"Written by\" \/>\n\t<meta name=\"twitter:data1\" content=\"DL\" \/>\n\t<meta name=\"twitter:label2\" content=\"Est. reading time\" \/>\n\t<meta name=\"twitter:data2\" content=\"1 minut\u00eb\" \/>\n<script type=\"application\/ld+json\" class=\"yoast-schema-graph\">{\"@context\":\"https:\/\/schema.org\",\"@graph\":[{\"@type\":\"Article\",\"@id\":\"https:\/\/permbledhja.com\/muaji-i-ramazanit-ternava-sot-i-drejtohet-opinionit-publik\/#article\",\"isPartOf\":{\"@id\":\"https:\/\/permbledhja.com\/muaji-i-ramazanit-ternava-sot-i-drejtohet-opinionit-publik\/\"},\"author\":{\"name\":\"DL\",\"@id\":\"https:\/\/permbledhja.com\/#\/schema\/person\/9c54260cbc4c6f792cb100550491638c\"},\"headline\":\"Muaji i Ramazanit, T\u00ebrnava sot i drejtohet opinionit publik\",\"datePublished\":\"2024-03-10T07:49:47+00:00\",\"dateModified\":\"2024-03-10T07:49:47+00:00\",\"mainEntityOfPage\":{\"@id\":\"https:\/\/permbledhja.com\/muaji-i-ramazanit-ternava-sot-i-drejtohet-opinionit-publik\/\"},\"wordCount\":97,\"publisher\":{\"@id\":\"https:\/\/permbledhja.com\/#organization\"},\"articleSection\":[\"T\u00eb r\u00ebnd\u00ebsishme\"],\"inLanguage\":\"sq\"},{\"@type\":\"WebPage\",\"@id\":\"https:\/\/permbledhja.com\/muaji-i-ramazanit-ternava-sot-i-drejtohet-opinionit-publik\/\",\"url\":\"https:\/\/permbledhja.com\/muaji-i-ramazanit-ternava-sot-i-drejtohet-opinionit-publik\/\",\"name\":\"Muaji i Ramazanit, T\u00ebrnava sot i drejtohet opinionit publik\",\"isPartOf\":{\"@id\":\"https:\/\/permbledhja.com\/#website\"},\"datePublished\":\"2024-03-10T07:49:47+00:00\",\"dateModified\":\"2024-03-10T07:49:47+00:00\",\"breadcrumb\":{\"@id\":\"https:\/\/permbledhja.com\/muaji-i-ramazanit-ternava-sot-i-drejtohet-opinionit-publik\/#breadcrumb\"},\"inLanguage\":\"sq\",\"potentialAction\":[{\"@type\":\"ReadAction\",\"target\":[\"https:\/\/permbledhja.com\/muaji-i-ramazanit-ternava-sot-i-drejtohet-opinionit-publik\/\"]}]},{\"@type\":\"BreadcrumbList\",\"@id\":\"https:\/\/permbledhja.com\/muaji-i-ramazanit-ternava-sot-i-drejtohet-opinionit-publik\/#breadcrumb\",\"itemListElement\":[{\"@type\":\"ListItem\",\"position\":1,\"name\":\"Ballina\",\"item\":\"https:\/\/permbledhja.com\/sq\/\"},{\"@type\":\"ListItem\",\"position\":2,\"name\":\"Muaji i Ramazanit, T\u00ebrnava sot i drejtohet opinionit publik\"}]},{\"@type\":\"WebSite\",\"@id\":\"https:\/\/permbledhja.com\/#website\",\"url\":\"https:\/\/permbledhja.com\/\",\"name\":\"Ve\u00e7 artikuj p\u00ebrmbledh\u00ebs\",\"description\":\"\",\"publisher\":{\"@id\":\"https:\/\/permbledhja.com\/#organization\"},\"potentialAction\":[{\"@type\":\"SearchAction\",\"target\":{\"@type\":\"EntryPoint\",\"urlTemplate\":\"https:\/\/permbledhja.com\/?s={search_term_string}\"},\"query-input\":\"required name=search_term_string\"}],\"inLanguage\":\"sq\"},{\"@type\":\"Organization\",\"@id\":\"https:\/\/permbledhja.com\/#organization\",\"name\":\"MK Media & Pr\",\"url\":\"https:\/\/permbledhja.com\/\",\"logo\":{\"@type\":\"ImageObject\",\"inLanguage\":\"sq\",\"@id\":\"https:\/\/permbledhja.com\/#\/schema\/logo\/image\/\",\"url\":\"https:\/\/permbledhja.com\/wp-content\/uploads\/2021\/12\/07-Press-Logo.jpg\",\"contentUrl\":\"https:\/\/permbledhja.com\/wp-content\/uploads\/2021\/12\/07-Press-Logo.jpg\",\"width\":512,\"height\":512,\"caption\":\"MK Media & Pr\"},\"image\":{\"@id\":\"https:\/\/permbledhja.com\/#\/schema\/logo\/image\/\"},\"sameAs\":[\"https:\/\/www.facebook.com\/press07\/\"]},{\"@type\":\"Person\",\"@id\":\"https:\/\/permbledhja.com\/#\/schema\/person\/9c54260cbc4c6f792cb100550491638c\",\"name\":\"DL\",\"image\":{\"@type\":\"ImageObject\",\"inLanguage\":\"sq\",\"@id\":\"https:\/\/permbledhja.com\/#\/schema\/person\/image\/\",\"url\":\"https:\/\/secure.gravatar.com\/avatar\/94503eb28d4c4b2005a5c8753e35fc80?s=96&d=mm&r=g\",\"contentUrl\":\"https:\/\/secure.gravatar.com\/avatar\/94503eb28d4c4b2005a5c8753e35fc80?s=96&d=mm&r=g\",\"caption\":\"DL\"},\"url\":\"https:\/\/permbledhja.com\/sq\/author\/dl\/\"}]}<\/script>\n<!-- \/ Yoast SEO plugin. -->","yoast_head_json":{"title":"Muaji i Ramazanit, T\u00ebrnava sot i drejtohet opinionit publik","robots":{"index":"index","follow":"follow","max-snippet":"max-snippet:-1","max-image-preview":"max-image-preview:large","max-video-preview":"max-video-preview:-1"},"canonical":"https:\/\/permbledhja.com\/sq\/muaji-i-ramazanit-ternava-sot-i-drejtohet-opinionit-publik\/","og_locale":"sq_AL","og_type":"article","og_title":"Muaji i Ramazanit, T\u00ebrnava sot i drejtohet opinionit publik","og_description":"Besimtar\u00ebt mysliman\u00eb n\u00eb bot\u00eb, p\u00ebrfshir\u00eb ata n\u00eb Kosov\u00eb nisin muajin e shenjt\u00eb t\u00eb Ramazanit. Dita e par\u00eb e agj\u00ebrimit \u00ebsht\u00eb t\u00eb h\u00ebn\u00ebn. P\u00ebr k\u00ebt\u00eb, myftiu i Bashk\u00ebsis\u00eb Islame t\u00eb Kosov\u00ebs (BIK), t\u00eb diel\u00ebn n\u00eb ora 11:00 do t\u2019i drejtohet opinionit publik me nj\u00eb mesazh. Gjat\u00eb k\u00ebtij muaji institucionet e shtetit, shtrojn\u00eb iftare p\u00ebr krer\u00ebt e [&hellip;]","og_url":"https:\/\/permbledhja.com\/sq\/muaji-i-ramazanit-ternava-sot-i-drejtohet-opinionit-publik\/","og_site_name":"Ve\u00e7 artikuj p\u00ebrmbledh\u00ebs","article_publisher":"https:\/\/www.facebook.com\/press07\/","article_published_time":"2024-03-10T07:49:47+00:00","og_image":[{"width":947,"height":530,"url":"https:\/\/permbledhja.com\/wp-content\/uploads\/2024\/03\/Screenshot_20240310-084727_Facebook.jpg","type":"image\/jpeg"}],"author":"DL","twitter_card":"summary_large_image","twitter_misc":{"Written by":"DL","Est. reading time":"1 minut\u00eb"},"schema":{"@context":"https:\/\/schema.org","@graph":[{"@type":"Article","@id":"https:\/\/permbledhja.com\/muaji-i-ramazanit-ternava-sot-i-drejtohet-opinionit-publik\/#article","isPartOf":{"@id":"https:\/\/permbledhja.com\/muaji-i-ramazanit-ternava-sot-i-drejtohet-opinionit-publik\/"},"author":{"name":"DL","@id":"https:\/\/permbledhja.com\/#\/schema\/person\/9c54260cbc4c6f792cb100550491638c"},"headline":"Muaji i Ramazanit, T\u00ebrnava sot i drejtohet opinionit publik","datePublished":"2024-03-10T07:49:47+00:00","dateModified":"2024-03-10T07:49:47+00:00","mainEntityOfPage":{"@id":"https:\/\/permbledhja.com\/muaji-i-ramazanit-ternava-sot-i-drejtohet-opinionit-publik\/"},"wordCount":97,"publisher":{"@id":"https:\/\/permbledhja.com\/#organization"},"articleSection":["T\u00eb r\u00ebnd\u00ebsishme"],"inLanguage":"sq"},{"@type":"WebPage","@id":"https:\/\/permbledhja.com\/muaji-i-ramazanit-ternava-sot-i-drejtohet-opinionit-publik\/","url":"https:\/\/permbledhja.com\/muaji-i-ramazanit-ternava-sot-i-drejtohet-opinionit-publik\/","name":"Muaji i Ramazanit, T\u00ebrnava sot i drejtohet opinionit publik","isPartOf":{"@id":"https:\/\/permbledhja.com\/#website"},"datePublished":"2024-03-10T07:49:47+00:00","dateModified":"2024-03-10T07:49:47+00:00","breadcrumb":{"@id":"https:\/\/permbledhja.com\/muaji-i-ramazanit-ternava-sot-i-drejtohet-opinionit-publik\/#breadcrumb"},"inLanguage":"sq","potentialAction":[{"@type":"ReadAction","target":["https:\/\/permbledhja.com\/muaji-i-ramazanit-ternava-sot-i-drejtohet-opinionit-publik\/"]}]},{"@type":"BreadcrumbList","@id":"https:\/\/permbledhja.com\/muaji-i-ramazanit-ternava-sot-i-drejtohet-opinionit-publik\/#breadcrumb","itemListElement":[{"@type":"ListItem","position":1,"name":"Ballina","item":"https:\/\/permbledhja.com\/sq\/"},{"@type":"ListItem","position":2,"name":"Muaji i Ramazanit, T\u00ebrnava sot i drejtohet opinionit publik"}]},{"@type":"WebSite","@id":"https:\/\/permbledhja.com\/#website","url":"https:\/\/permbledhja.com\/","name":"Ve\u00e7 artikuj p\u00ebrmbledh\u00ebs","description":"","publisher":{"@id":"https:\/\/permbledhja.com\/#organization"},"potentialAction":[{"@type":"SearchAction","target":{"@type":"EntryPoint","urlTemplate":"https:\/\/permbledhja.com\/?s={search_term_string}"},"query-input":"required name=search_term_string"}],"inLanguage":"sq"},{"@type":"Organization","@id":"https:\/\/permbledhja.com\/#organization","name":"MK Media & Pr","url":"https:\/\/permbledhja.com\/","logo":{"@type":"ImageObject","inLanguage":"sq","@id":"https:\/\/permbledhja.com\/#\/schema\/logo\/image\/","url":"https:\/\/permbledhja.com\/wp-content\/uploads\/2021\/12\/07-Press-Logo.jpg","contentUrl":"https:\/\/permbledhja.com\/wp-content\/uploads\/2021\/12\/07-Press-Logo.jpg","width":512,"height":512,"caption":"MK Media & Pr"},"image":{"@id":"https:\/\/permbledhja.com\/#\/schema\/logo\/image\/"},"sameAs":["https:\/\/www.facebook.com\/press07\/"]},{"@type":"Person","@id":"https:\/\/permbledhja.com\/#\/schema\/person\/9c54260cbc4c6f792cb100550491638c","name":"DL","image":{"@type":"ImageObject","inLanguage":"sq","@id":"https:\/\/permbledhja.com\/#\/schema\/person\/image\/","url":"https:\/\/secure.gravatar.com\/avatar\/94503eb28d4c4b2005a5c8753e35fc80?s=96&d=mm&r=g","contentUrl":"https:\/\/secure.gravatar.com\/avatar\/94503eb28d4c4b2005a5c8753e35fc80?s=96&d=mm&r=g","caption":"DL"},"url":"https:\/\/permbledhja.com\/sq\/author\/dl\/"}]}},"_links":{"self":[{"href":"https:\/\/permbledhja.com\/sq\/wp-json\/wp\/v2\/posts\/51797"}],"collection":[{"href":"https:\/\/permbledhja.com\/sq\/wp-json\/wp\/v2\/posts"}],"about":[{"href":"https:\/\/permbledhja.com\/sq\/wp-json\/wp\/v2\/types\/post"}],"author":[{"embeddable":true,"href":"https:\/\/permbledhja.com\/sq\/wp-json\/wp\/v2\/users\/5"}],"replies":[{"embeddable":true,"href":"https:\/\/permbledhja.com\/sq\/wp-json\/wp\/v2\/comments?post=51797"}],"version-history":[{"count":1,"href":"https:\/\/permbledhja.com\/sq\/wp-json\/wp\/v2\/posts\/51797\/revisions"}],"predecessor-version":[{"id":51799,"href":"https:\/\/permbledhja.com\/sq\/wp-json\/wp\/v2\/posts\/51797\/revisions\/51799"}],"wp:featuredmedia":[{"embeddable":true,"href":"https:\/\/permbledhja.com\/sq\/wp-json\/wp\/v2\/media\/51798"}],"wp:attachment":[{"href":"https:\/\/permbledhja.com\/sq\/wp-json\/wp\/v2\/media?parent=51797"}],"wp:term":[{"taxonomy":"category","embeddable":true,"href":"https:\/\/permbledhja.com\/sq\/wp-json\/wp\/v2\/categories?post=51797"},{"taxonomy":"post_tag","embeddable":true,"href":"https:\/\/permbledhja.com\/sq\/wp-json\/wp\/v2\/tags?post=51797"}],"curies":[{"name":"wp","href":"https:\/\/api.w.org\/{rel}","templated":true}]}}